{"id":143576,"date":"2020-04-30T12:56:11","date_gmt":"2020-04-30T19:56:11","guid":{"rendered":"https:\/\/www.cetys.mx\/noticias\/?p=143576"},"modified":"2020-05-29T13:00:40","modified_gmt":"2020-05-29T20:00:40","slug":"lanzan-fondo-para-apoyar-a-estudiantes-vulnerables-por-medio-de-cetys-solidario-y-givingtuesdaynow","status":"publish","type":"post","link":"https:\/\/www.cetys.mx\/noticias\/lanzan-fondo-para-apoyar-a-estudiantes-vulnerables-por-medio-de-cetys-solidario-y-givingtuesdaynow\/","title":{"rendered":"CETYS Solidario: apoyo a estudiantes vulnerables ante COVID-19"},"content":{"rendered":"<p style=\"text-align: justify;\"><span style=\"font-weight: 400;\">En apoyo a todos nuestros estudiantes que han sido afectados econ\u00f3micamente por la crisis del COVID-19, el pr\u00f3ximo martes 5 de mayo, en el marco de la iniciativa global <\/span><span style=\"font-weight: 400;\">\u201cGiving Tuesday Now\u201c iniciaremos en CETYS Universidad un esfuerzo de ayuda filantr\u00f3pica a trav\u00e9s de la iniciativa <\/span><a href=\"https:\/\/www.cetys.mx\/noticias\/cetys-solidario-responsabilidad-social-en-apoyo-de-la-comunidad\/\"><span style=\"font-weight: 400;\">CETYS Solidario<\/span><\/a><span style=\"font-weight: 400;\">, donde docentes, colaboradores, alumnos, egresados y padres de familia de la comunidad CETYS podr\u00e1n gestionar estos apoyos en el micrositio <a href=\"https:\/\/www.cetys.mx\/solidario\">www.cetys.mx\/solidario<\/a>\u00a0.<\/span><\/p>\n<p style=\"text-align: justify;\"><span style=\"font-weight: 400;\">Con esta iniciativa buscamos sumar 1 mill\u00f3n de pesos en 30 d\u00edas, para un fondo especial dedicado a los estudiantes m\u00e1s vulnerables, as\u00ed como incentivar la participaci\u00f3n de directivos, acad\u00e9micos, estudiantes, egresados y colaboradores de la Familia CETYS con\u00a0 acciones solidarias en apoyo a la comunidad.\u00a0<\/span><\/p>\n<p style=\"text-align: justify;\"><span style=\"font-weight: 400;\">La asignaci\u00f3n de los fondos ser\u00e1 analizada y revisada por un comit\u00e9 apegado a los principios de justicia y equidad, coment\u00f3 el Dr. Fernando Le\u00f3n, Rector del Sistema CETYS Universidad. Asimismo, mencion\u00f3 que <\/span><b>se ha iniciado este fondo con donativos internos, destacando la aportaci\u00f3n semilla por parte de los directivos de la instituci\u00f3n, cuyo monto asciende a un cuarto de mill\u00f3n de pesos<\/b><span style=\"font-weight: 400;\">.<\/span><\/p>\n<p style=\"text-align: justify;\"><span style=\"font-weight: 400;\">La ayuda de todos es importante, y es en situaciones como la actual contingencia de salud lo que nos permiten demostrar nuestro apoyo para salir <\/span><a href=\"https:\/\/www.cetys.mx\/juntosadelante\/\"><span style=\"font-weight: 400;\">Juntos Adelante<\/span><\/a><span style=\"font-weight: 400;\">, en apoyo al\u00a0 joven talento y su formaci\u00f3n profesional.<\/span><\/p>\n<p style=\"text-align: justify;\"><b>\u00bfPerteneces a la comunidad CETYS y te interesa participar, as\u00ed como donar para la creaci\u00f3n del fondo especial en apoyo del estudiantado?<\/b><\/p>\n<p style=\"text-align: justify;\">Entra al sitio\u00a0 <a href=\"https:\/\/www.cetys.mx\/solidario\">www.cetys.mx\/solidario<\/a>\u00a0y apoya esta causa en apoyo al joven talento de la regi\u00f3n.<\/p>\n","protected":false},"excerpt":{"rendered":"<p>En apoyo a todos nuestros estudiantes que han sido afectados econ\u00f3micamente por la crisis del COVID-19, el pr\u00f3ximo martes 5 de mayo,&#8230;<\/p>\n","protected":false},"author":26,"featured_media":143577,"comment_status":"open","ping_status":"closed","sticky":false,"template":"","format":"standard","meta":{"footnotes":""},"categories":[322,133,112,209,125,313],"tags":[4381,168,4308,559,4438,4504],"class_list":["post-143576","post","type-post","status-publish","format-standard","has-post-thumbnail","hentry","category-avance-institucional","category-campus-mexicali","category-filantropia","category-institucional","category-portada","category-vocetys-2","tag-cetys-solidario","tag-cetys-universidad","tag-covid-19","tag-filantropia","tag-vocetys-2020-05-05","tag-vocetys-2020-05-29"],"yoast_head":"<!-- This site is optimized with the Yoast SEO plugin v27.4 - https:\/\/yoast.com\/product\/yoast-seo-wordpress\/ -->\n<title>CETYS Solidario: apoyo a estudiantes vulnerables ante COVID-19 - CETYS<\/title>\n<meta name=\"description\" content=\"Articulo sobre CETYS Solidario: apoyo a estudiantes vulnerables ante COVID-19\" \/>\n<meta name=\"robots\" content=\"index, follow, max-snippet:-1, max-image-preview:large, max-video-preview:-1\" \/>\n<link rel=\"canonical\" href=\"https:\/\/www.cetys.mx\/noticias\/lanzan-fondo-para-apoyar-a-estudiantes-vulnerables-por-medio-de-cetys-solidario-y-givingtuesdaynow\/\" \/>\n<meta property=\"og:locale\" content=\"es_MX\" \/>\n<meta property=\"og:type\" content=\"article\" \/>\n<meta property=\"og:title\" content=\"CETYS Solidario: apoyo a estudiantes vulnerables ante COVID-19 - CETYS\" \/>\n<meta property=\"og:description\" content=\"Articulo sobre CETYS Solidario: apoyo a estudiantes vulnerables ante COVID-19\" \/>\n<meta property=\"og:url\" content=\"https:\/\/www.cetys.mx\/noticias\/lanzan-fondo-para-apoyar-a-estudiantes-vulnerables-por-medio-de-cetys-solidario-y-givingtuesdaynow\/\" \/>\n<meta property=\"og:site_name\" content=\"CETYS\" \/>\n<meta property=\"article:publisher\" content=\"https:\/\/www.facebook.com\/cetysuniversidadmxl\/\" \/>\n<meta property=\"article:published_time\" content=\"2020-04-30T19:56:11+00:00\" \/>\n<meta property=\"article:modified_time\" content=\"2020-05-29T20:00:40+00:00\" \/>\n<meta property=\"og:image\" content=\"https:\/\/www.cetys.mx\/noticias\/wp-content\/uploads\/2020\/04\/NOTA-1.png\" \/>\n\t<meta property=\"og:image:width\" content=\"958\" \/>\n\t<meta property=\"og:image:height\" content=\"637\" \/>\n\t<meta property=\"og:image:type\" content=\"image\/png\" \/>\n<meta name=\"author\" content=\"CETYS Institucional\" \/>\n<meta name=\"twitter:card\" content=\"summary_large_image\" \/>\n<meta name=\"twitter:creator\" content=\"@cetysuni\" \/>\n<meta name=\"twitter:site\" content=\"@cetysuni\" \/>\n<meta name=\"twitter:label1\" content=\"Escrito por\" \/>\n\t<meta name=\"twitter:data1\" content=\"CETYS Institucional\" \/>\n\t<meta name=\"twitter:label2\" content=\"Tiempo de lectura\" \/>\n\t<meta name=\"twitter:data2\" content=\"1 minuto\" \/>\n<script type=\"application\/ld+json\" class=\"yoast-schema-graph\">{\"@context\":\"https:\\\/\\\/schema.org\",\"@graph\":[{\"@type\":\"Article\",\"@id\":\"https:\\\/\\\/www.cetys.mx\\\/noticias\\\/lanzan-fondo-para-apoyar-a-estudiantes-vulnerables-por-medio-de-cetys-solidario-y-givingtuesdaynow\\\/#article\",\"isPartOf\":{\"@id\":\"https:\\\/\\\/www.cetys.mx\\\/noticias\\\/lanzan-fondo-para-apoyar-a-estudiantes-vulnerables-por-medio-de-cetys-solidario-y-givingtuesdaynow\\\/\"},\"author\":{\"name\":\"CETYS Institucional\",\"@id\":\"https:\\\/\\\/www.cetys.mx\\\/noticias\\\/#\\\/schema\\\/person\\\/e9d2b35265b64aa454df57a2828eb2ac\"},\"headline\":\"CETYS Solidario: apoyo a estudiantes vulnerables ante COVID-19\",\"datePublished\":\"2020-04-30T19:56:11+00:00\",\"dateModified\":\"2020-05-29T20:00:40+00:00\",\"mainEntityOfPage\":{\"@id\":\"https:\\\/\\\/www.cetys.mx\\\/noticias\\\/lanzan-fondo-para-apoyar-a-estudiantes-vulnerables-por-medio-de-cetys-solidario-y-givingtuesdaynow\\\/\"},\"wordCount\":281,\"commentCount\":1,\"image\":{\"@id\":\"https:\\\/\\\/www.cetys.mx\\\/noticias\\\/lanzan-fondo-para-apoyar-a-estudiantes-vulnerables-por-medio-de-cetys-solidario-y-givingtuesdaynow\\\/#primaryimage\"},\"thumbnailUrl\":\"https:\\\/\\\/www.cetys.mx\\\/noticias\\\/wp-content\\\/uploads\\\/2020\\\/04\\\/NOTA-1.png\",\"keywords\":[\"CETYS Solidario\",\"CETYS Universidad\",\"COVID-19\",\"filantropia\",\"vocetys-2020-05-05\",\"vocetys-2020-05-29\"],\"articleSection\":[\"Avance Institucional\",\"Campus Mexicali\",\"Filantrop\u00eda\",\"Institucional\",\"Portada\",\"VoCETYS\"],\"inLanguage\":\"es\",\"potentialAction\":[{\"@type\":\"CommentAction\",\"name\":\"Comment\",\"target\":[\"https:\\\/\\\/www.cetys.mx\\\/noticias\\\/lanzan-fondo-para-apoyar-a-estudiantes-vulnerables-por-medio-de-cetys-solidario-y-givingtuesdaynow\\\/#respond\"]}]},{\"@type\":\"WebPage\",\"@id\":\"https:\\\/\\\/www.cetys.mx\\\/noticias\\\/lanzan-fondo-para-apoyar-a-estudiantes-vulnerables-por-medio-de-cetys-solidario-y-givingtuesdaynow\\\/\",\"url\":\"https:\\\/\\\/www.cetys.mx\\\/noticias\\\/lanzan-fondo-para-apoyar-a-estudiantes-vulnerables-por-medio-de-cetys-solidario-y-givingtuesdaynow\\\/\",\"name\":\"CETYS Solidario: apoyo a estudiantes vulnerables ante COVID-19 - CETYS\",\"isPartOf\":{\"@id\":\"https:\\\/\\\/www.cetys.mx\\\/noticias\\\/#website\"},\"primaryImageOfPage\":{\"@id\":\"https:\\\/\\\/www.cetys.mx\\\/noticias\\\/lanzan-fondo-para-apoyar-a-estudiantes-vulnerables-por-medio-de-cetys-solidario-y-givingtuesdaynow\\\/#primaryimage\"},\"image\":{\"@id\":\"https:\\\/\\\/www.cetys.mx\\\/noticias\\\/lanzan-fondo-para-apoyar-a-estudiantes-vulnerables-por-medio-de-cetys-solidario-y-givingtuesdaynow\\\/#primaryimage\"},\"thumbnailUrl\":\"https:\\\/\\\/www.cetys.mx\\\/noticias\\\/wp-content\\\/uploads\\\/2020\\\/04\\\/NOTA-1.png\",\"datePublished\":\"2020-04-30T19:56:11+00:00\",\"dateModified\":\"2020-05-29T20:00:40+00:00\",\"author\":{\"@id\":\"https:\\\/\\\/www.cetys.mx\\\/noticias\\\/#\\\/schema\\\/person\\\/e9d2b35265b64aa454df57a2828eb2ac\"},\"description\":\"Articulo sobre CETYS Solidario: apoyo a estudiantes vulnerables ante COVID-19\",\"breadcrumb\":{\"@id\":\"https:\\\/\\\/www.cetys.mx\\\/noticias\\\/lanzan-fondo-para-apoyar-a-estudiantes-vulnerables-por-medio-de-cetys-solidario-y-givingtuesdaynow\\\/#breadcrumb\"},\"inLanguage\":\"es\",\"potentialAction\":[{\"@type\":\"ReadAction\",\"target\":[\"https:\\\/\\\/www.cetys.mx\\\/noticias\\\/lanzan-fondo-para-apoyar-a-estudiantes-vulnerables-por-medio-de-cetys-solidario-y-givingtuesdaynow\\\/\"]}]},{\"@type\":\"ImageObject\",\"inLanguage\":\"es\",\"@id\":\"https:\\\/\\\/www.cetys.mx\\\/noticias\\\/lanzan-fondo-para-apoyar-a-estudiantes-vulnerables-por-medio-de-cetys-solidario-y-givingtuesdaynow\\\/#primaryimage\",\"url\":\"https:\\\/\\\/www.cetys.mx\\\/noticias\\\/wp-content\\\/uploads\\\/2020\\\/04\\\/NOTA-1.png\",\"contentUrl\":\"https:\\\/\\\/www.cetys.mx\\\/noticias\\\/wp-content\\\/uploads\\\/2020\\\/04\\\/NOTA-1.png\",\"width\":958,\"height\":637},{\"@type\":\"BreadcrumbList\",\"@id\":\"https:\\\/\\\/www.cetys.mx\\\/noticias\\\/lanzan-fondo-para-apoyar-a-estudiantes-vulnerables-por-medio-de-cetys-solidario-y-givingtuesdaynow\\\/#breadcrumb\",\"itemListElement\":[{\"@type\":\"ListItem\",\"position\":1,\"name\":\"Inicio\",\"item\":\"https:\\\/\\\/www.cetys.mx\\\/noticias\\\/\"},{\"@type\":\"ListItem\",\"position\":2,\"name\":\"CETYS Solidario: apoyo a estudiantes vulnerables ante COVID-19\"}]},{\"@type\":\"WebSite\",\"@id\":\"https:\\\/\\\/www.cetys.mx\\\/noticias\\\/#website\",\"url\":\"https:\\\/\\\/www.cetys.mx\\\/noticias\\\/\",\"name\":\"CETYS\",\"description\":\"\",\"potentialAction\":[{\"@type\":\"SearchAction\",\"target\":{\"@type\":\"EntryPoint\",\"urlTemplate\":\"https:\\\/\\\/www.cetys.mx\\\/noticias\\\/?s={search_term_string}\"},\"query-input\":{\"@type\":\"PropertyValueSpecification\",\"valueRequired\":true,\"valueName\":\"search_term_string\"}}],\"inLanguage\":\"es\"},{\"@type\":\"Person\",\"@id\":\"https:\\\/\\\/www.cetys.mx\\\/noticias\\\/#\\\/schema\\\/person\\\/e9d2b35265b64aa454df57a2828eb2ac\",\"name\":\"CETYS Institucional\",\"url\":\"https:\\\/\\\/www.cetys.mx\\\/noticias\\\/author\\\/cetysinstitucional\\\/\"}]}<\/script>\n<!-- \/ Yoast SEO plugin. -->","yoast_head_json":{"title":"CETYS Solidario: apoyo a estudiantes vulnerables ante COVID-19 - CETYS","description":"Articulo sobre CETYS Solidario: apoyo a estudiantes vulnerables ante COVID-19","robots":{"index":"index","follow":"follow","max-snippet":"max-snippet:-1","max-image-preview":"max-image-preview:large","max-video-preview":"max-video-preview:-1"},"canonical":"https:\/\/www.cetys.mx\/noticias\/lanzan-fondo-para-apoyar-a-estudiantes-vulnerables-por-medio-de-cetys-solidario-y-givingtuesdaynow\/","og_locale":"es_MX","og_type":"article","og_title":"CETYS Solidario: apoyo a estudiantes vulnerables ante COVID-19 - CETYS","og_description":"Articulo sobre CETYS Solidario: apoyo a estudiantes vulnerables ante COVID-19","og_url":"https:\/\/www.cetys.mx\/noticias\/lanzan-fondo-para-apoyar-a-estudiantes-vulnerables-por-medio-de-cetys-solidario-y-givingtuesdaynow\/","og_site_name":"CETYS","article_publisher":"https:\/\/www.facebook.com\/cetysuniversidadmxl\/","article_published_time":"2020-04-30T19:56:11+00:00","article_modified_time":"2020-05-29T20:00:40+00:00","og_image":[{"width":958,"height":637,"url":"https:\/\/www.cetys.mx\/noticias\/wp-content\/uploads\/2020\/04\/NOTA-1.png","type":"image\/png"}],"author":"CETYS Institucional","twitter_card":"summary_large_image","twitter_creator":"@cetysuni","twitter_site":"@cetysuni","twitter_misc":{"Escrito por":"CETYS Institucional","Tiempo de lectura":"1 minuto"},"schema":{"@context":"https:\/\/schema.org","@graph":[{"@type":"Article","@id":"https:\/\/www.cetys.mx\/noticias\/lanzan-fondo-para-apoyar-a-estudiantes-vulnerables-por-medio-de-cetys-solidario-y-givingtuesdaynow\/#article","isPartOf":{"@id":"https:\/\/www.cetys.mx\/noticias\/lanzan-fondo-para-apoyar-a-estudiantes-vulnerables-por-medio-de-cetys-solidario-y-givingtuesdaynow\/"},"author":{"name":"CETYS Institucional","@id":"https:\/\/www.cetys.mx\/noticias\/#\/schema\/person\/e9d2b35265b64aa454df57a2828eb2ac"},"headline":"CETYS Solidario: apoyo a estudiantes vulnerables ante COVID-19","datePublished":"2020-04-30T19:56:11+00:00","dateModified":"2020-05-29T20:00:40+00:00","mainEntityOfPage":{"@id":"https:\/\/www.cetys.mx\/noticias\/lanzan-fondo-para-apoyar-a-estudiantes-vulnerables-por-medio-de-cetys-solidario-y-givingtuesdaynow\/"},"wordCount":281,"commentCount":1,"image":{"@id":"https:\/\/www.cetys.mx\/noticias\/lanzan-fondo-para-apoyar-a-estudiantes-vulnerables-por-medio-de-cetys-solidario-y-givingtuesdaynow\/#primaryimage"},"thumbnailUrl":"https:\/\/www.cetys.mx\/noticias\/wp-content\/uploads\/2020\/04\/NOTA-1.png","keywords":["CETYS Solidario","CETYS Universidad","COVID-19","filantropia","vocetys-2020-05-05","vocetys-2020-05-29"],"articleSection":["Avance Institucional","Campus Mexicali","Filantrop\u00eda","Institucional","Portada","VoCETYS"],"inLanguage":"es","potentialAction":[{"@type":"CommentAction","name":"Comment","target":["https:\/\/www.cetys.mx\/noticias\/lanzan-fondo-para-apoyar-a-estudiantes-vulnerables-por-medio-de-cetys-solidario-y-givingtuesdaynow\/#respond"]}]},{"@type":"WebPage","@id":"https:\/\/www.cetys.mx\/noticias\/lanzan-fondo-para-apoyar-a-estudiantes-vulnerables-por-medio-de-cetys-solidario-y-givingtuesdaynow\/","url":"https:\/\/www.cetys.mx\/noticias\/lanzan-fondo-para-apoyar-a-estudiantes-vulnerables-por-medio-de-cetys-solidario-y-givingtuesdaynow\/","name":"CETYS Solidario: apoyo a estudiantes vulnerables ante COVID-19 - CETYS","isPartOf":{"@id":"https:\/\/www.cetys.mx\/noticias\/#website"},"primaryImageOfPage":{"@id":"https:\/\/www.cetys.mx\/noticias\/lanzan-fondo-para-apoyar-a-estudiantes-vulnerables-por-medio-de-cetys-solidario-y-givingtuesdaynow\/#primaryimage"},"image":{"@id":"https:\/\/www.cetys.mx\/noticias\/lanzan-fondo-para-apoyar-a-estudiantes-vulnerables-por-medio-de-cetys-solidario-y-givingtuesdaynow\/#primaryimage"},"thumbnailUrl":"https:\/\/www.cetys.mx\/noticias\/wp-content\/uploads\/2020\/04\/NOTA-1.png","datePublished":"2020-04-30T19:56:11+00:00","dateModified":"2020-05-29T20:00:40+00:00","author":{"@id":"https:\/\/www.cetys.mx\/noticias\/#\/schema\/person\/e9d2b35265b64aa454df57a2828eb2ac"},"description":"Articulo sobre CETYS Solidario: apoyo a estudiantes vulnerables ante COVID-19","breadcrumb":{"@id":"https:\/\/www.cetys.mx\/noticias\/lanzan-fondo-para-apoyar-a-estudiantes-vulnerables-por-medio-de-cetys-solidario-y-givingtuesdaynow\/#breadcrumb"},"inLanguage":"es","potentialAction":[{"@type":"ReadAction","target":["https:\/\/www.cetys.mx\/noticias\/lanzan-fondo-para-apoyar-a-estudiantes-vulnerables-por-medio-de-cetys-solidario-y-givingtuesdaynow\/"]}]},{"@type":"ImageObject","inLanguage":"es","@id":"https:\/\/www.cetys.mx\/noticias\/lanzan-fondo-para-apoyar-a-estudiantes-vulnerables-por-medio-de-cetys-solidario-y-givingtuesdaynow\/#primaryimage","url":"https:\/\/www.cetys.mx\/noticias\/wp-content\/uploads\/2020\/04\/NOTA-1.png","contentUrl":"https:\/\/www.cetys.mx\/noticias\/wp-content\/uploads\/2020\/04\/NOTA-1.png","width":958,"height":637},{"@type":"BreadcrumbList","@id":"https:\/\/www.cetys.mx\/noticias\/lanzan-fondo-para-apoyar-a-estudiantes-vulnerables-por-medio-de-cetys-solidario-y-givingtuesdaynow\/#breadcrumb","itemListElement":[{"@type":"ListItem","position":1,"name":"Inicio","item":"https:\/\/www.cetys.mx\/noticias\/"},{"@type":"ListItem","position":2,"name":"CETYS Solidario: apoyo a estudiantes vulnerables ante COVID-19"}]},{"@type":"WebSite","@id":"https:\/\/www.cetys.mx\/noticias\/#website","url":"https:\/\/www.cetys.mx\/noticias\/","name":"CETYS","description":"","potentialAction":[{"@type":"SearchAction","target":{"@type":"EntryPoint","urlTemplate":"https:\/\/www.cetys.mx\/noticias\/?s={search_term_string}"},"query-input":{"@type":"PropertyValueSpecification","valueRequired":true,"valueName":"search_term_string"}}],"inLanguage":"es"},{"@type":"Person","@id":"https:\/\/www.cetys.mx\/noticias\/#\/schema\/person\/e9d2b35265b64aa454df57a2828eb2ac","name":"CETYS Institucional","url":"https:\/\/www.cetys.mx\/noticias\/author\/cetysinstitucional\/"}]}},"_links":{"self":[{"href":"https:\/\/www.cetys.mx\/noticias\/wp-json\/wp\/v2\/posts\/143576","targetHints":{"allow":["GET"]}}],"collection":[{"href":"https:\/\/www.cetys.mx\/noticias\/wp-json\/wp\/v2\/posts"}],"about":[{"href":"https:\/\/www.cetys.mx\/noticias\/wp-json\/wp\/v2\/types\/post"}],"author":[{"embeddable":true,"href":"https:\/\/www.cetys.mx\/noticias\/wp-json\/wp\/v2\/users\/26"}],"replies":[{"embeddable":true,"href":"https:\/\/www.cetys.mx\/noticias\/wp-json\/wp\/v2\/comments?post=143576"}],"version-history":[{"count":9,"href":"https:\/\/www.cetys.mx\/noticias\/wp-json\/wp\/v2\/posts\/143576\/revisions"}],"predecessor-version":[{"id":144743,"href":"https:\/\/www.cetys.mx\/noticias\/wp-json\/wp\/v2\/posts\/143576\/revisions\/144743"}],"wp:featuredmedia":[{"embeddable":true,"href":"https:\/\/www.cetys.mx\/noticias\/wp-json\/wp\/v2\/media\/143577"}],"wp:attachment":[{"href":"https:\/\/www.cetys.mx\/noticias\/wp-json\/wp\/v2\/media?parent=143576"}],"wp:term":[{"taxonomy":"category","embeddable":true,"href":"https:\/\/www.cetys.mx\/noticias\/wp-json\/wp\/v2\/categories?post=143576"},{"taxonomy":"post_tag","embeddable":true,"href":"https:\/\/www.cetys.mx\/noticias\/wp-json\/wp\/v2\/tags?post=143576"}],"curies":[{"name":"wp","href":"https:\/\/api.w.org\/{rel}","templated":true}]}}