{"id":143174,"date":"2020-04-23T13:07:53","date_gmt":"2020-04-23T20:07:53","guid":{"rendered":"https:\/\/www.cetys.mx\/noticias\/?p=143174"},"modified":"2020-04-27T13:03:35","modified_gmt":"2020-04-27T20:03:35","slug":"abre-la-pandemia-posibilidades-de-evolucion-y-avance-para-la-logistica-internacional","status":"publish","type":"post","link":"https:\/\/www.cetys.mx\/noticias\/abre-la-pandemia-posibilidades-de-evolucion-y-avance-para-la-logistica-internacional\/","title":{"rendered":"Abre la pandemia posibilidades de evoluci\u00f3n y avance para la log\u00edstica internacional"},"content":{"rendered":"<p align=\"center\"><b><i>En todo el mundo, las cadenas de suministros se han visto afectas por la pandemia del COVID-19. El reto de la log\u00edstica ha sido mantener el suministro de materias o bienes que enfrentan retrasos importantes en las entregas. Se ha puesto a prueba la resistencia y adaptaci\u00f3n de los procesos actuales, convirti\u00e9ndose en una oportunidad para la log\u00edstica el c\u00f3mo mitigar estos efectos y dise\u00f1ar un nuevo contexto para las cadenas de suministros, explica acad\u00e9mica de CETYS<\/i><\/b><\/p>\n<p align=\"center\"><b><i>\u00a0<\/i><\/b><\/p>\n<p>El escenario mundial para el traslado de bienes, insumos y productos ha cambiado de manera acelerada luego de presentarse la emergencia sanitaria derivada de la pandemia de COVID-19. Esta aceleraci\u00f3n vino a representar un reto y abrir una oportunidad para la log\u00edstica internacional, en los diversos sectores productivos y comerciales.<\/p>\n<p>Aspectos como los modelos de negocio con oferta en l\u00ednea, los puntos de venta como centros de distribuci\u00f3n, el acercamiento directo del proveedor al cliente, las ventas a trav\u00e9s de aplicaciones como WhatsApp, as\u00ed como la migraci\u00f3n de la modalidad offline a online de un n\u00famero creciente de empresas, nos llevan a reconfigurar los modelos de log\u00edstica tanto de peque\u00f1as como grandes empresas. Tal es el caso de la empresa Coca-Cola en M\u00e9xico, quien con su campa\u00f1a \u201cCoca-Cola en tu hogar\u201d entrega sus productos directamente a la casa de los consumidores en cumplimiento con la contingencia declarada por el Gobierno, explic\u00f3 la Dra. Bertha Mart\u00ednez Cisneros, Coordinadora de la Licenciatura en Log\u00edstica Internacional de CETYS Universidad, Campus Mexicali.<\/p>\n<p>&nbsp;<\/p>\n<p>Se\u00f1ala que las peque\u00f1as empresas han buscado adaptarse a las necesidades de sus clientes, modificando sus puntos de ventas tradicionales para ofrecer alternativas que permitan cumplir con el quedarnos en casa. La industria restaurantera ha respondido m\u00e1s r\u00e1pido a este cambio que ya se ven\u00eda dando a trav\u00e9s de plataformas como Uber Eats y Rappi, entre otras.\u00a0 Esta contingencia sanitaria nos puso en el futuro, vino a adelantar lo que se hab\u00eda proyectado pasar\u00eda en cinco a\u00f1os o menos y que hoy ya est\u00e1n en pr\u00e1ctica, comento la Dra. Mart\u00ednez.<\/p>\n<p>&nbsp;<\/p>\n<p>La acad\u00e9mica refiri\u00f3 que la pandemia puso a prueba los planes de acci\u00f3n de la mayor\u00eda de las empresas, enfrent\u00e1ndolas al desaf\u00edo de responder adecuadamente a la contingencia, y a la necesidad de replantear los roles de sus colaboradores y la administraci\u00f3n de sus inventarios.<\/p>\n<p>Coment\u00f3 que las compras de p\u00e1nico realizadas por los consumidores al inicio de esta pandemia, mostraron qu\u00e9 empresas cuentan con estrategias log\u00edsticas capaces de responder al reabastecimiento de sus puntos de venta en el menor tiempo posible y mantener la operaci\u00f3n de sus cadenas de suministros, haciendo sobresalir a las empresas que dise\u00f1aron o que ya contaban con un s\u00f3lido plan de ataque para emergencias y con la capacidad de adaptabilidad. \u201cPor ejemplo, pese a la alta demanda de papel higi\u00e9nico, en M\u00e9xico nunca existi\u00f3 un desabasto del producto como tal, sin embargo, no fue as\u00ed con art\u00edculos de limpieza o como el gel antibacterial\u201d, expuso.<\/p>\n<p>&nbsp;<\/p>\n<p><b>El COVID-19 marcar\u00e1 nuevas pautas para la Log\u00edstica<\/b><\/p>\n<p>&nbsp;<\/p>\n<p>El momento que se vive actualmente, reflexion\u00f3 la acad\u00e9mica, es in\u00e9dito y adecuado para replantear la log\u00edstica internacional. La contingencia pasar\u00e1, pero los cambios en las cadenas de suministro seguramente se quedar\u00e1n para poder cubrir satisfactoriamente las demandas de los consumidores ante futuras crisis o pandemias.<\/p>\n<p>Algunas acciones a implementar son:<\/p>\n<p><b>1.\u00a0\u00a0\u00a0\u00a0<\/b><b>Aumento de los niveles de inventario<\/b>. Por dise\u00f1o, las cadenas de suministro minimizan inventarios para distribuir bienes a bajo costo. No toleran la volatilidad, pues conduce a la p\u00e9rdida de ventas e ingresos. En el pasado, eventos como los\u00a0desastres naturales y paros laborales en puertos log\u00edsticos han llevado a cambios escalonados en las pr\u00e1cticas de inventario. La pandemia del COVID-19 ha hecho que se considere ampliar de manera permanente los espacios de reserva, para estar preparados en caso de una nueva contingencia.<\/p>\n<p><b>2.\u00a0\u00a0\u00a0\u00a0<\/b><b>Adopci\u00f3n del comercio electr\u00f3nico<\/b>. La pr\u00e1ctica del distanciamiento social, necesaria para salvaguardar la salud, ha hecho que el consumidor deje de asistir a los establecimientos y realice sus compras en l\u00ednea. Esto hace que las compras a trav\u00e9s de plataformas digitales dejen de ser un tema generacional y est\u00e9n cada vez m\u00e1s al alcance de los usuarios con acceso a internet en general. Aumentando la demanda de procesos de log\u00edstica en la \u00faltima milla, la entrega del producto al cliente final.<\/p>\n<p class=\"m_-1935125871123794464MsoListParagraph\"><b>\u00a0<\/b><\/p>\n<p><b>3.\u00a0\u00a0\u00a0\u00a0<\/b><b>Diversificaci\u00f3n de los proveedores<\/b>. El COVID-19 podr\u00eda acelerar la tendencia estructural de mover la fabricaci\u00f3n a nuevas ubicaciones. Una ampliaci\u00f3n de ubicaciones de fabricantes crear\u00eda una demanda de segundo orden a trav\u00e9s de proveedores y redes para servir a los mercados de consumo y permitir\u00eda optar por proveedores locales antes que por los internacionales.<\/p>\n<p>&nbsp;<\/p>\n<blockquote><p>\u201cEn estos tiempos, la log\u00edstica en las empresas se vuelve trascendental, sin importar su giro o tama\u00f1o, haciendo necesaria la formaci\u00f3n de capital humano cada vez m\u00e1s y mejor capacitado para enfrentar los nuevos retos que el mercado demanda\u201d, concluy\u00f3 la Dra. Bertha Mart\u00ednez.<\/p><\/blockquote>\n<p dir=\"ltr\"><img loading=\"lazy\" decoding=\"async\" class=\"alignnone size-full wp-image-140327\" src=\"https:\/\/www.cetys.mx\/noticias\/wp-content\/uploads\/2020\/02\/Dra.-Bertha-Martinez.jpg\" alt=\"\" width=\"1200\" height=\"900\" srcset=\"https:\/\/www.cetys.mx\/noticias\/wp-content\/uploads\/2020\/02\/Dra.-Bertha-Martinez.jpg 1200w, https:\/\/www.cetys.mx\/noticias\/wp-content\/uploads\/2020\/02\/Dra.-Bertha-Martinez-768x576.jpg 768w\" sizes=\"auto, (max-width: 1200px) 100vw, 1200px\" \/><\/p>\n<blockquote>\n<p dir=\"ltr\">\n<\/blockquote>\n","protected":false},"excerpt":{"rendered":"<p>En todo el mundo, las cadenas de suministros se han visto afectas por la pandemia del COVID-19. El reto de la log\u00edstica&#8230;<\/p>\n","protected":false},"author":20,"featured_media":143175,"comment_status":"open","ping_status":"closed","sticky":false,"template":"","format":"standard","meta":{"footnotes":""},"categories":[133,125,313],"tags":[4411,138,4338,4261,4373,4419],"class_list":["post-143174","post","type-post","status-publish","format-standard","has-post-thumbnail","hentry","category-campus-mexicali","category-portada","category-vocetys-2","tag-bertha-martinez","tag-cetys","tag-covid19","tag-logistica-internacional","tag-opinion-academica","tag-vocetys-2020-04-28"],"yoast_head":"<!-- This site is optimized with the Yoast SEO plugin v27.4 - https:\/\/yoast.com\/product\/yoast-seo-wordpress\/ -->\n<title>Abre la pandemia posibilidades de evoluci\u00f3n y avance para la log\u00edstica internacional - CETYS<\/title>\n<meta name=\"description\" content=\"Articulo sobre Abre la pandemia posibilidades de evoluci\u00f3n y avance para la log\u00edstica internacional\" \/>\n<meta name=\"robots\" content=\"index, follow, max-snippet:-1, max-image-preview:large, max-video-preview:-1\" \/>\n<link rel=\"canonical\" href=\"https:\/\/www.cetys.mx\/noticias\/abre-la-pandemia-posibilidades-de-evolucion-y-avance-para-la-logistica-internacional\/\" \/>\n<meta property=\"og:locale\" content=\"es_MX\" \/>\n<meta property=\"og:type\" content=\"article\" \/>\n<meta property=\"og:title\" content=\"Abre la pandemia posibilidades de evoluci\u00f3n y avance para la log\u00edstica internacional - CETYS\" \/>\n<meta property=\"og:description\" content=\"Articulo sobre Abre la pandemia posibilidades de evoluci\u00f3n y avance para la log\u00edstica internacional\" \/>\n<meta property=\"og:url\" content=\"https:\/\/www.cetys.mx\/noticias\/abre-la-pandemia-posibilidades-de-evolucion-y-avance-para-la-logistica-internacional\/\" \/>\n<meta property=\"og:site_name\" content=\"CETYS\" \/>\n<meta property=\"article:publisher\" content=\"https:\/\/www.facebook.com\/cetysuniversidadmxl\/\" \/>\n<meta property=\"article:published_time\" content=\"2020-04-23T20:07:53+00:00\" \/>\n<meta property=\"article:modified_time\" content=\"2020-04-27T20:03:35+00:00\" \/>\n<meta property=\"og:image\" content=\"https:\/\/www.cetys.mx\/noticias\/wp-content\/uploads\/2020\/04\/logistica1.jpg\" \/>\n\t<meta property=\"og:image:width\" content=\"958\" \/>\n\t<meta property=\"og:image:height\" content=\"637\" \/>\n\t<meta property=\"og:image:type\" content=\"image\/jpeg\" \/>\n<meta name=\"author\" content=\"Campus Mexicali\" \/>\n<meta name=\"twitter:card\" content=\"summary_large_image\" \/>\n<meta name=\"twitter:creator\" content=\"@cetysuni\" \/>\n<meta name=\"twitter:site\" content=\"@cetysuni\" \/>\n<meta name=\"twitter:label1\" content=\"Escrito por\" \/>\n\t<meta name=\"twitter:data1\" content=\"Campus Mexicali\" \/>\n\t<meta name=\"twitter:label2\" content=\"Tiempo de lectura\" \/>\n\t<meta name=\"twitter:data2\" content=\"4 minutos\" \/>\n<script type=\"application\/ld+json\" class=\"yoast-schema-graph\">{\"@context\":\"https:\\\/\\\/schema.org\",\"@graph\":[{\"@type\":\"Article\",\"@id\":\"https:\\\/\\\/www.cetys.mx\\\/noticias\\\/abre-la-pandemia-posibilidades-de-evolucion-y-avance-para-la-logistica-internacional\\\/#article\",\"isPartOf\":{\"@id\":\"https:\\\/\\\/www.cetys.mx\\\/noticias\\\/abre-la-pandemia-posibilidades-de-evolucion-y-avance-para-la-logistica-internacional\\\/\"},\"author\":{\"name\":\"Campus Mexicali\",\"@id\":\"https:\\\/\\\/www.cetys.mx\\\/noticias\\\/#\\\/schema\\\/person\\\/79a95c4ac185f3705cf1b9c9340a5f70\"},\"headline\":\"Abre la pandemia posibilidades de evoluci\u00f3n y avance para la log\u00edstica internacional\",\"datePublished\":\"2020-04-23T20:07:53+00:00\",\"dateModified\":\"2020-04-27T20:03:35+00:00\",\"mainEntityOfPage\":{\"@id\":\"https:\\\/\\\/www.cetys.mx\\\/noticias\\\/abre-la-pandemia-posibilidades-de-evolucion-y-avance-para-la-logistica-internacional\\\/\"},\"wordCount\":901,\"commentCount\":0,\"image\":{\"@id\":\"https:\\\/\\\/www.cetys.mx\\\/noticias\\\/abre-la-pandemia-posibilidades-de-evolucion-y-avance-para-la-logistica-internacional\\\/#primaryimage\"},\"thumbnailUrl\":\"https:\\\/\\\/www.cetys.mx\\\/noticias\\\/wp-content\\\/uploads\\\/2020\\\/04\\\/logistica1.jpg\",\"keywords\":[\"Bertha Martinez\",\"Cetys\",\"COVID19\",\"Log\u00edstica Internacional\",\"opini\u00f3n acad\u00e9mica\",\"vocetys-2020-04-28\"],\"articleSection\":[\"Campus Mexicali\",\"Portada\",\"VoCETYS\"],\"inLanguage\":\"es\",\"potentialAction\":[{\"@type\":\"CommentAction\",\"name\":\"Comment\",\"target\":[\"https:\\\/\\\/www.cetys.mx\\\/noticias\\\/abre-la-pandemia-posibilidades-de-evolucion-y-avance-para-la-logistica-internacional\\\/#respond\"]}]},{\"@type\":\"WebPage\",\"@id\":\"https:\\\/\\\/www.cetys.mx\\\/noticias\\\/abre-la-pandemia-posibilidades-de-evolucion-y-avance-para-la-logistica-internacional\\\/\",\"url\":\"https:\\\/\\\/www.cetys.mx\\\/noticias\\\/abre-la-pandemia-posibilidades-de-evolucion-y-avance-para-la-logistica-internacional\\\/\",\"name\":\"Abre la pandemia posibilidades de evoluci\u00f3n y avance para la log\u00edstica internacional - CETYS\",\"isPartOf\":{\"@id\":\"https:\\\/\\\/www.cetys.mx\\\/noticias\\\/#website\"},\"primaryImageOfPage\":{\"@id\":\"https:\\\/\\\/www.cetys.mx\\\/noticias\\\/abre-la-pandemia-posibilidades-de-evolucion-y-avance-para-la-logistica-internacional\\\/#primaryimage\"},\"image\":{\"@id\":\"https:\\\/\\\/www.cetys.mx\\\/noticias\\\/abre-la-pandemia-posibilidades-de-evolucion-y-avance-para-la-logistica-internacional\\\/#primaryimage\"},\"thumbnailUrl\":\"https:\\\/\\\/www.cetys.mx\\\/noticias\\\/wp-content\\\/uploads\\\/2020\\\/04\\\/logistica1.jpg\",\"datePublished\":\"2020-04-23T20:07:53+00:00\",\"dateModified\":\"2020-04-27T20:03:35+00:00\",\"author\":{\"@id\":\"https:\\\/\\\/www.cetys.mx\\\/noticias\\\/#\\\/schema\\\/person\\\/79a95c4ac185f3705cf1b9c9340a5f70\"},\"description\":\"Articulo sobre Abre la pandemia posibilidades de evoluci\u00f3n y avance para la log\u00edstica internacional\",\"breadcrumb\":{\"@id\":\"https:\\\/\\\/www.cetys.mx\\\/noticias\\\/abre-la-pandemia-posibilidades-de-evolucion-y-avance-para-la-logistica-internacional\\\/#breadcrumb\"},\"inLanguage\":\"es\",\"potentialAction\":[{\"@type\":\"ReadAction\",\"target\":[\"https:\\\/\\\/www.cetys.mx\\\/noticias\\\/abre-la-pandemia-posibilidades-de-evolucion-y-avance-para-la-logistica-internacional\\\/\"]}]},{\"@type\":\"ImageObject\",\"inLanguage\":\"es\",\"@id\":\"https:\\\/\\\/www.cetys.mx\\\/noticias\\\/abre-la-pandemia-posibilidades-de-evolucion-y-avance-para-la-logistica-internacional\\\/#primaryimage\",\"url\":\"https:\\\/\\\/www.cetys.mx\\\/noticias\\\/wp-content\\\/uploads\\\/2020\\\/04\\\/logistica1.jpg\",\"contentUrl\":\"https:\\\/\\\/www.cetys.mx\\\/noticias\\\/wp-content\\\/uploads\\\/2020\\\/04\\\/logistica1.jpg\",\"width\":958,\"height\":637},{\"@type\":\"BreadcrumbList\",\"@id\":\"https:\\\/\\\/www.cetys.mx\\\/noticias\\\/abre-la-pandemia-posibilidades-de-evolucion-y-avance-para-la-logistica-internacional\\\/#breadcrumb\",\"itemListElement\":[{\"@type\":\"ListItem\",\"position\":1,\"name\":\"Inicio\",\"item\":\"https:\\\/\\\/www.cetys.mx\\\/noticias\\\/\"},{\"@type\":\"ListItem\",\"position\":2,\"name\":\"Abre la pandemia posibilidades de evoluci\u00f3n y avance para la log\u00edstica internacional\"}]},{\"@type\":\"WebSite\",\"@id\":\"https:\\\/\\\/www.cetys.mx\\\/noticias\\\/#website\",\"url\":\"https:\\\/\\\/www.cetys.mx\\\/noticias\\\/\",\"name\":\"CETYS\",\"description\":\"\",\"potentialAction\":[{\"@type\":\"SearchAction\",\"target\":{\"@type\":\"EntryPoint\",\"urlTemplate\":\"https:\\\/\\\/www.cetys.mx\\\/noticias\\\/?s={search_term_string}\"},\"query-input\":{\"@type\":\"PropertyValueSpecification\",\"valueRequired\":true,\"valueName\":\"search_term_string\"}}],\"inLanguage\":\"es\"},{\"@type\":\"Person\",\"@id\":\"https:\\\/\\\/www.cetys.mx\\\/noticias\\\/#\\\/schema\\\/person\\\/79a95c4ac185f3705cf1b9c9340a5f70\",\"name\":\"Campus Mexicali\",\"url\":\"https:\\\/\\\/www.cetys.mx\\\/noticias\\\/author\\\/campusmexicali\\\/\"}]}<\/script>\n<!-- \/ Yoast SEO plugin. -->","yoast_head_json":{"title":"Abre la pandemia posibilidades de evoluci\u00f3n y avance para la log\u00edstica internacional - CETYS","description":"Articulo sobre Abre la pandemia posibilidades de evoluci\u00f3n y avance para la log\u00edstica internacional","robots":{"index":"index","follow":"follow","max-snippet":"max-snippet:-1","max-image-preview":"max-image-preview:large","max-video-preview":"max-video-preview:-1"},"canonical":"https:\/\/www.cetys.mx\/noticias\/abre-la-pandemia-posibilidades-de-evolucion-y-avance-para-la-logistica-internacional\/","og_locale":"es_MX","og_type":"article","og_title":"Abre la pandemia posibilidades de evoluci\u00f3n y avance para la log\u00edstica internacional - CETYS","og_description":"Articulo sobre Abre la pandemia posibilidades de evoluci\u00f3n y avance para la log\u00edstica internacional","og_url":"https:\/\/www.cetys.mx\/noticias\/abre-la-pandemia-posibilidades-de-evolucion-y-avance-para-la-logistica-internacional\/","og_site_name":"CETYS","article_publisher":"https:\/\/www.facebook.com\/cetysuniversidadmxl\/","article_published_time":"2020-04-23T20:07:53+00:00","article_modified_time":"2020-04-27T20:03:35+00:00","og_image":[{"width":958,"height":637,"url":"https:\/\/www.cetys.mx\/noticias\/wp-content\/uploads\/2020\/04\/logistica1.jpg","type":"image\/jpeg"}],"author":"Campus Mexicali","twitter_card":"summary_large_image","twitter_creator":"@cetysuni","twitter_site":"@cetysuni","twitter_misc":{"Escrito por":"Campus Mexicali","Tiempo de lectura":"4 minutos"},"schema":{"@context":"https:\/\/schema.org","@graph":[{"@type":"Article","@id":"https:\/\/www.cetys.mx\/noticias\/abre-la-pandemia-posibilidades-de-evolucion-y-avance-para-la-logistica-internacional\/#article","isPartOf":{"@id":"https:\/\/www.cetys.mx\/noticias\/abre-la-pandemia-posibilidades-de-evolucion-y-avance-para-la-logistica-internacional\/"},"author":{"name":"Campus Mexicali","@id":"https:\/\/www.cetys.mx\/noticias\/#\/schema\/person\/79a95c4ac185f3705cf1b9c9340a5f70"},"headline":"Abre la pandemia posibilidades de evoluci\u00f3n y avance para la log\u00edstica internacional","datePublished":"2020-04-23T20:07:53+00:00","dateModified":"2020-04-27T20:03:35+00:00","mainEntityOfPage":{"@id":"https:\/\/www.cetys.mx\/noticias\/abre-la-pandemia-posibilidades-de-evolucion-y-avance-para-la-logistica-internacional\/"},"wordCount":901,"commentCount":0,"image":{"@id":"https:\/\/www.cetys.mx\/noticias\/abre-la-pandemia-posibilidades-de-evolucion-y-avance-para-la-logistica-internacional\/#primaryimage"},"thumbnailUrl":"https:\/\/www.cetys.mx\/noticias\/wp-content\/uploads\/2020\/04\/logistica1.jpg","keywords":["Bertha Martinez","Cetys","COVID19","Log\u00edstica Internacional","opini\u00f3n acad\u00e9mica","vocetys-2020-04-28"],"articleSection":["Campus Mexicali","Portada","VoCETYS"],"inLanguage":"es","potentialAction":[{"@type":"CommentAction","name":"Comment","target":["https:\/\/www.cetys.mx\/noticias\/abre-la-pandemia-posibilidades-de-evolucion-y-avance-para-la-logistica-internacional\/#respond"]}]},{"@type":"WebPage","@id":"https:\/\/www.cetys.mx\/noticias\/abre-la-pandemia-posibilidades-de-evolucion-y-avance-para-la-logistica-internacional\/","url":"https:\/\/www.cetys.mx\/noticias\/abre-la-pandemia-posibilidades-de-evolucion-y-avance-para-la-logistica-internacional\/","name":"Abre la pandemia posibilidades de evoluci\u00f3n y avance para la log\u00edstica internacional - CETYS","isPartOf":{"@id":"https:\/\/www.cetys.mx\/noticias\/#website"},"primaryImageOfPage":{"@id":"https:\/\/www.cetys.mx\/noticias\/abre-la-pandemia-posibilidades-de-evolucion-y-avance-para-la-logistica-internacional\/#primaryimage"},"image":{"@id":"https:\/\/www.cetys.mx\/noticias\/abre-la-pandemia-posibilidades-de-evolucion-y-avance-para-la-logistica-internacional\/#primaryimage"},"thumbnailUrl":"https:\/\/www.cetys.mx\/noticias\/wp-content\/uploads\/2020\/04\/logistica1.jpg","datePublished":"2020-04-23T20:07:53+00:00","dateModified":"2020-04-27T20:03:35+00:00","author":{"@id":"https:\/\/www.cetys.mx\/noticias\/#\/schema\/person\/79a95c4ac185f3705cf1b9c9340a5f70"},"description":"Articulo sobre Abre la pandemia posibilidades de evoluci\u00f3n y avance para la log\u00edstica internacional","breadcrumb":{"@id":"https:\/\/www.cetys.mx\/noticias\/abre-la-pandemia-posibilidades-de-evolucion-y-avance-para-la-logistica-internacional\/#breadcrumb"},"inLanguage":"es","potentialAction":[{"@type":"ReadAction","target":["https:\/\/www.cetys.mx\/noticias\/abre-la-pandemia-posibilidades-de-evolucion-y-avance-para-la-logistica-internacional\/"]}]},{"@type":"ImageObject","inLanguage":"es","@id":"https:\/\/www.cetys.mx\/noticias\/abre-la-pandemia-posibilidades-de-evolucion-y-avance-para-la-logistica-internacional\/#primaryimage","url":"https:\/\/www.cetys.mx\/noticias\/wp-content\/uploads\/2020\/04\/logistica1.jpg","contentUrl":"https:\/\/www.cetys.mx\/noticias\/wp-content\/uploads\/2020\/04\/logistica1.jpg","width":958,"height":637},{"@type":"BreadcrumbList","@id":"https:\/\/www.cetys.mx\/noticias\/abre-la-pandemia-posibilidades-de-evolucion-y-avance-para-la-logistica-internacional\/#breadcrumb","itemListElement":[{"@type":"ListItem","position":1,"name":"Inicio","item":"https:\/\/www.cetys.mx\/noticias\/"},{"@type":"ListItem","position":2,"name":"Abre la pandemia posibilidades de evoluci\u00f3n y avance para la log\u00edstica internacional"}]},{"@type":"WebSite","@id":"https:\/\/www.cetys.mx\/noticias\/#website","url":"https:\/\/www.cetys.mx\/noticias\/","name":"CETYS","description":"","potentialAction":[{"@type":"SearchAction","target":{"@type":"EntryPoint","urlTemplate":"https:\/\/www.cetys.mx\/noticias\/?s={search_term_string}"},"query-input":{"@type":"PropertyValueSpecification","valueRequired":true,"valueName":"search_term_string"}}],"inLanguage":"es"},{"@type":"Person","@id":"https:\/\/www.cetys.mx\/noticias\/#\/schema\/person\/79a95c4ac185f3705cf1b9c9340a5f70","name":"Campus Mexicali","url":"https:\/\/www.cetys.mx\/noticias\/author\/campusmexicali\/"}]}},"_links":{"self":[{"href":"https:\/\/www.cetys.mx\/noticias\/wp-json\/wp\/v2\/posts\/143174","targetHints":{"allow":["GET"]}}],"collection":[{"href":"https:\/\/www.cetys.mx\/noticias\/wp-json\/wp\/v2\/posts"}],"about":[{"href":"https:\/\/www.cetys.mx\/noticias\/wp-json\/wp\/v2\/types\/post"}],"author":[{"embeddable":true,"href":"https:\/\/www.cetys.mx\/noticias\/wp-json\/wp\/v2\/users\/20"}],"replies":[{"embeddable":true,"href":"https:\/\/www.cetys.mx\/noticias\/wp-json\/wp\/v2\/comments?post=143174"}],"version-history":[{"count":3,"href":"https:\/\/www.cetys.mx\/noticias\/wp-json\/wp\/v2\/posts\/143174\/revisions"}],"predecessor-version":[{"id":143187,"href":"https:\/\/www.cetys.mx\/noticias\/wp-json\/wp\/v2\/posts\/143174\/revisions\/143187"}],"wp:featuredmedia":[{"embeddable":true,"href":"https:\/\/www.cetys.mx\/noticias\/wp-json\/wp\/v2\/media\/143175"}],"wp:attachment":[{"href":"https:\/\/www.cetys.mx\/noticias\/wp-json\/wp\/v2\/media?parent=143174"}],"wp:term":[{"taxonomy":"category","embeddable":true,"href":"https:\/\/www.cetys.mx\/noticias\/wp-json\/wp\/v2\/categories?post=143174"},{"taxonomy":"post_tag","embeddable":true,"href":"https:\/\/www.cetys.mx\/noticias\/wp-json\/wp\/v2\/tags?post=143174"}],"curies":[{"name":"wp","href":"https:\/\/api.w.org\/{rel}","templated":true}]}}