{"id":142981,"date":"2020-04-20T15:40:06","date_gmt":"2020-04-20T22:40:06","guid":{"rendered":"https:\/\/www.cetys.mx\/noticias\/?p=142981"},"modified":"2020-04-23T12:08:52","modified_gmt":"2020-04-23T19:08:52","slug":"karla-alumna-de-lni-que-logro-reunir-apoyo-por-ig","status":"publish","type":"post","link":"https:\/\/www.cetys.mx\/noticias\/karla-alumna-de-lni-que-logro-reunir-apoyo-por-ig\/","title":{"rendered":"Karla, alumna de LNI que logr\u00f3 reunir apoyo por IG ante el COVID-19"},"content":{"rendered":"<p><span style=\"font-weight: 400;\">Como una iniciativa personal, <strong>Karla Lizbeth Hern\u00e1ndez Castro<\/strong>, <em>alumna de la Licenciatura de Negocios Internacionales de la Escuela de Administraci\u00f3n y Negocios de CETYS Universidad Tijuana<\/em>, lanz\u00f3 una campa\u00f1a para promover entre sus compa\u00f1eros la donaci\u00f3n en efectivo o en especie en 24 horas, esto para despensas en apoyo al personal de seguridad y mantenimiento de la Instituci\u00f3n, como agradecimiento por el trabajo que realizan en estas condiciones.<\/span><\/p>\n<blockquote><p><span style=\"font-weight: 400;\">\u201cSurgi\u00f3 esta idea platicando con mi familia, \u00bfde qu\u00e9 manera podr\u00edamos contribuir con las personas a nuestro alrededor ante esta contingencia? realmente esta pandemia est\u00e1 afectando a todo y todos. He visto como muchas personas contribuyen y aportan a lo que el Sector Salud o como comunidad pudi\u00e9ramos necesitar, yo voltee a ver a mi Instituci\u00f3n y a todas esas personas que lamentablemente les fueron recortadas las oportunidades, siempre le he tenido un cari\u00f1o muy grande a todas las personas que laboran tanto en jardiner\u00eda, transporte, seguridad y mantenimiento.\u201d<\/span><\/p><\/blockquote>\n<p><span style=\"font-weight: 400;\"><strong>Karla Lizbeth<\/strong> fue <em>Presidente de la Sociedad de Alumnos CETYS (SAC) Profesional<\/em>\u00a0hace aproximadamente 2 a\u00f1os y esto fue lo que contribuy\u00f3 a aportar a estas \u00e1reas que coment\u00f3 siempre han tenido la disposici\u00f3n de apoyarnos o mantenerse al pendiente de las necesidades, es muy admirable todo su trabajo.<\/span><\/p>\n<blockquote><p><span style=\"font-weight: 400;\">\u201cYo no iba a quedarme en mi casa sin preocuparme en aquellas personas que han contribuido a lo largo de mi carrera, de mi vida, personas que realmente no conozco pero s\u00e9 que necesitan apoyo, me d\u00ed a la tarea de subir un video a mi grupo de LNI de CETYS Universidad para externar mi preocupaci\u00f3n con mis compa\u00f1eros y colegas, realmente ten\u00edamos que ver m\u00e1s all\u00e1. Yo extern\u00e9 el prop\u00f3sito y la misi\u00f3n, ellos me ayudaron a llevarla a cabo. Mi coordinadora de carrera me apoy\u00f3 y en conjunto con ella \u201d<\/span><\/p><\/blockquote>\n<p><span style=\"font-weight: 400;\">Lo que hemos aprendido tanto en la carrera, como en la Instituci\u00f3n acerca de los valores y misi\u00f3n se resume en \u201cAlcanzar el \u00e9xito de una manera \u00e9tica\u201d, en este momento voy a buscar \u00fanicamente mi necesidad.<\/span><\/p>\n<p><span style=\"font-weight: 400;\">Estas actividades responden a la iniciativa <em>CETYS Solidario<\/em>, donde diversos actores, como <em>Karla<\/em> se han comprometido a brindar apoyo a la comunidad por medio de acciones sociales guiadas por CETYS para atender necesidades en los temas de salud, alimentaci\u00f3n, entre otras.<\/span><\/p>\n","protected":false},"excerpt":{"rendered":"<p>Como una iniciativa personal, Karla Lizbeth Hern\u00e1ndez Castro, alumna de la Licenciatura de Negocios Internacionales de la Escuela de Administraci\u00f3n y Negocios&#8230;<\/p>\n","protected":false},"author":24,"featured_media":142987,"comment_status":"open","ping_status":"closed","sticky":false,"template":"","format":"video","meta":{"footnotes":""},"categories":[134,313],"tags":[4381,4405],"class_list":["post-142981","post","type-post","status-publish","format-video","has-post-thumbnail","hentry","category-campus-tijuana","category-vocetys-2","tag-cetys-solidario","tag-vocetys-2020-04-22","post_format-post-format-video","univesidades-cetys-campus-tijuana"],"yoast_head":"<!-- This site is optimized with the Yoast SEO plugin v27.4 - https:\/\/yoast.com\/product\/yoast-seo-wordpress\/ -->\n<title>Karla, alumna de LNI que logr\u00f3 reunir apoyo por IG ante el COVID-19 - CETYS<\/title>\n<meta name=\"description\" content=\"Articulo sobre Karla, alumna de LNI que logr\u00f3 reunir apoyo por IG ante el COVID-19\" \/>\n<meta name=\"robots\" content=\"index, follow, max-snippet:-1, max-image-preview:large, max-video-preview:-1\" \/>\n<link rel=\"canonical\" href=\"https:\/\/www.cetys.mx\/noticias\/karla-alumna-de-lni-que-logro-reunir-apoyo-por-ig\/\" \/>\n<meta property=\"og:locale\" content=\"es_MX\" \/>\n<meta property=\"og:type\" content=\"article\" \/>\n<meta property=\"og:title\" content=\"Karla, alumna de LNI que logr\u00f3 reunir apoyo por IG ante el COVID-19 - CETYS\" \/>\n<meta property=\"og:description\" content=\"Articulo sobre Karla, alumna de LNI que logr\u00f3 reunir apoyo por IG ante el COVID-19\" \/>\n<meta property=\"og:url\" content=\"https:\/\/www.cetys.mx\/noticias\/karla-alumna-de-lni-que-logro-reunir-apoyo-por-ig\/\" \/>\n<meta property=\"og:site_name\" content=\"CETYS\" \/>\n<meta property=\"article:publisher\" content=\"https:\/\/www.facebook.com\/cetysuniversidadmxl\/\" \/>\n<meta property=\"article:published_time\" content=\"2020-04-20T22:40:06+00:00\" \/>\n<meta property=\"article:modified_time\" content=\"2020-04-23T19:08:52+00:00\" \/>\n<meta property=\"og:image\" content=\"https:\/\/www.cetys.mx\/noticias\/wp-content\/uploads\/2020\/04\/WhatsApp-Image-2020-04-20-at-3.43.09-PM.jpeg\" \/>\n\t<meta property=\"og:image:width\" content=\"1280\" \/>\n\t<meta property=\"og:image:height\" content=\"960\" \/>\n\t<meta property=\"og:image:type\" content=\"image\/jpeg\" \/>\n<meta name=\"author\" content=\"Campus Tijuana\" \/>\n<meta name=\"twitter:card\" content=\"summary_large_image\" \/>\n<meta name=\"twitter:creator\" content=\"@cetysuni\" \/>\n<meta name=\"twitter:site\" content=\"@cetysuni\" \/>\n<meta name=\"twitter:label1\" content=\"Escrito por\" \/>\n\t<meta name=\"twitter:data1\" content=\"Campus Tijuana\" \/>\n\t<meta name=\"twitter:label2\" content=\"Tiempo de lectura\" \/>\n\t<meta name=\"twitter:data2\" content=\"2 minutos\" \/>\n<script type=\"application\/ld+json\" class=\"yoast-schema-graph\">{\"@context\":\"https:\\\/\\\/schema.org\",\"@graph\":[{\"@type\":\"Article\",\"@id\":\"https:\\\/\\\/www.cetys.mx\\\/noticias\\\/karla-alumna-de-lni-que-logro-reunir-apoyo-por-ig\\\/#article\",\"isPartOf\":{\"@id\":\"https:\\\/\\\/www.cetys.mx\\\/noticias\\\/karla-alumna-de-lni-que-logro-reunir-apoyo-por-ig\\\/\"},\"author\":{\"name\":\"Campus Tijuana\",\"@id\":\"https:\\\/\\\/www.cetys.mx\\\/noticias\\\/#\\\/schema\\\/person\\\/e790051ce60e18ae47cfa87011c8653f\"},\"headline\":\"Karla, alumna de LNI que logr\u00f3 reunir apoyo por IG ante el COVID-19\",\"datePublished\":\"2020-04-20T22:40:06+00:00\",\"dateModified\":\"2020-04-23T19:08:52+00:00\",\"mainEntityOfPage\":{\"@id\":\"https:\\\/\\\/www.cetys.mx\\\/noticias\\\/karla-alumna-de-lni-que-logro-reunir-apoyo-por-ig\\\/\"},\"wordCount\":409,\"commentCount\":0,\"image\":{\"@id\":\"https:\\\/\\\/www.cetys.mx\\\/noticias\\\/karla-alumna-de-lni-que-logro-reunir-apoyo-por-ig\\\/#primaryimage\"},\"thumbnailUrl\":\"https:\\\/\\\/www.cetys.mx\\\/noticias\\\/wp-content\\\/uploads\\\/2020\\\/04\\\/WhatsApp-Image-2020-04-20-at-3.43.09-PM.jpeg\",\"keywords\":[\"CETYS Solidario\",\"VOCETYS-2020-04-22\"],\"articleSection\":[\"Campus Tijuana\",\"VoCETYS\"],\"inLanguage\":\"es\",\"potentialAction\":[{\"@type\":\"CommentAction\",\"name\":\"Comment\",\"target\":[\"https:\\\/\\\/www.cetys.mx\\\/noticias\\\/karla-alumna-de-lni-que-logro-reunir-apoyo-por-ig\\\/#respond\"]}]},{\"@type\":\"WebPage\",\"@id\":\"https:\\\/\\\/www.cetys.mx\\\/noticias\\\/karla-alumna-de-lni-que-logro-reunir-apoyo-por-ig\\\/\",\"url\":\"https:\\\/\\\/www.cetys.mx\\\/noticias\\\/karla-alumna-de-lni-que-logro-reunir-apoyo-por-ig\\\/\",\"name\":\"Karla, alumna de LNI que logr\u00f3 reunir apoyo por IG ante el COVID-19 - CETYS\",\"isPartOf\":{\"@id\":\"https:\\\/\\\/www.cetys.mx\\\/noticias\\\/#website\"},\"primaryImageOfPage\":{\"@id\":\"https:\\\/\\\/www.cetys.mx\\\/noticias\\\/karla-alumna-de-lni-que-logro-reunir-apoyo-por-ig\\\/#primaryimage\"},\"image\":{\"@id\":\"https:\\\/\\\/www.cetys.mx\\\/noticias\\\/karla-alumna-de-lni-que-logro-reunir-apoyo-por-ig\\\/#primaryimage\"},\"thumbnailUrl\":\"https:\\\/\\\/www.cetys.mx\\\/noticias\\\/wp-content\\\/uploads\\\/2020\\\/04\\\/WhatsApp-Image-2020-04-20-at-3.43.09-PM.jpeg\",\"datePublished\":\"2020-04-20T22:40:06+00:00\",\"dateModified\":\"2020-04-23T19:08:52+00:00\",\"author\":{\"@id\":\"https:\\\/\\\/www.cetys.mx\\\/noticias\\\/#\\\/schema\\\/person\\\/e790051ce60e18ae47cfa87011c8653f\"},\"description\":\"Articulo sobre Karla, alumna de LNI que logr\u00f3 reunir apoyo por IG ante el COVID-19\",\"breadcrumb\":{\"@id\":\"https:\\\/\\\/www.cetys.mx\\\/noticias\\\/karla-alumna-de-lni-que-logro-reunir-apoyo-por-ig\\\/#breadcrumb\"},\"inLanguage\":\"es\",\"potentialAction\":[{\"@type\":\"ReadAction\",\"target\":[\"https:\\\/\\\/www.cetys.mx\\\/noticias\\\/karla-alumna-de-lni-que-logro-reunir-apoyo-por-ig\\\/\"]}]},{\"@type\":\"ImageObject\",\"inLanguage\":\"es\",\"@id\":\"https:\\\/\\\/www.cetys.mx\\\/noticias\\\/karla-alumna-de-lni-que-logro-reunir-apoyo-por-ig\\\/#primaryimage\",\"url\":\"https:\\\/\\\/www.cetys.mx\\\/noticias\\\/wp-content\\\/uploads\\\/2020\\\/04\\\/WhatsApp-Image-2020-04-20-at-3.43.09-PM.jpeg\",\"contentUrl\":\"https:\\\/\\\/www.cetys.mx\\\/noticias\\\/wp-content\\\/uploads\\\/2020\\\/04\\\/WhatsApp-Image-2020-04-20-at-3.43.09-PM.jpeg\",\"width\":1280,\"height\":960},{\"@type\":\"BreadcrumbList\",\"@id\":\"https:\\\/\\\/www.cetys.mx\\\/noticias\\\/karla-alumna-de-lni-que-logro-reunir-apoyo-por-ig\\\/#breadcrumb\",\"itemListElement\":[{\"@type\":\"ListItem\",\"position\":1,\"name\":\"Inicio\",\"item\":\"https:\\\/\\\/www.cetys.mx\\\/noticias\\\/\"},{\"@type\":\"ListItem\",\"position\":2,\"name\":\"Karla, alumna de LNI que logr\u00f3 reunir apoyo por IG ante el COVID-19\"}]},{\"@type\":\"WebSite\",\"@id\":\"https:\\\/\\\/www.cetys.mx\\\/noticias\\\/#website\",\"url\":\"https:\\\/\\\/www.cetys.mx\\\/noticias\\\/\",\"name\":\"CETYS\",\"description\":\"\",\"potentialAction\":[{\"@type\":\"SearchAction\",\"target\":{\"@type\":\"EntryPoint\",\"urlTemplate\":\"https:\\\/\\\/www.cetys.mx\\\/noticias\\\/?s={search_term_string}\"},\"query-input\":{\"@type\":\"PropertyValueSpecification\",\"valueRequired\":true,\"valueName\":\"search_term_string\"}}],\"inLanguage\":\"es\"},{\"@type\":\"Person\",\"@id\":\"https:\\\/\\\/www.cetys.mx\\\/noticias\\\/#\\\/schema\\\/person\\\/e790051ce60e18ae47cfa87011c8653f\",\"name\":\"Campus Tijuana\",\"url\":\"https:\\\/\\\/www.cetys.mx\\\/noticias\\\/author\\\/campustijuana\\\/\"}]}<\/script>\n<!-- \/ Yoast SEO plugin. -->","yoast_head_json":{"title":"Karla, alumna de LNI que logr\u00f3 reunir apoyo por IG ante el COVID-19 - CETYS","description":"Articulo sobre Karla, alumna de LNI que logr\u00f3 reunir apoyo por IG ante el COVID-19","robots":{"index":"index","follow":"follow","max-snippet":"max-snippet:-1","max-image-preview":"max-image-preview:large","max-video-preview":"max-video-preview:-1"},"canonical":"https:\/\/www.cetys.mx\/noticias\/karla-alumna-de-lni-que-logro-reunir-apoyo-por-ig\/","og_locale":"es_MX","og_type":"article","og_title":"Karla, alumna de LNI que logr\u00f3 reunir apoyo por IG ante el COVID-19 - CETYS","og_description":"Articulo sobre Karla, alumna de LNI que logr\u00f3 reunir apoyo por IG ante el COVID-19","og_url":"https:\/\/www.cetys.mx\/noticias\/karla-alumna-de-lni-que-logro-reunir-apoyo-por-ig\/","og_site_name":"CETYS","article_publisher":"https:\/\/www.facebook.com\/cetysuniversidadmxl\/","article_published_time":"2020-04-20T22:40:06+00:00","article_modified_time":"2020-04-23T19:08:52+00:00","og_image":[{"width":1280,"height":960,"url":"https:\/\/www.cetys.mx\/noticias\/wp-content\/uploads\/2020\/04\/WhatsApp-Image-2020-04-20-at-3.43.09-PM.jpeg","type":"image\/jpeg"}],"author":"Campus Tijuana","twitter_card":"summary_large_image","twitter_creator":"@cetysuni","twitter_site":"@cetysuni","twitter_misc":{"Escrito por":"Campus Tijuana","Tiempo de lectura":"2 minutos"},"schema":{"@context":"https:\/\/schema.org","@graph":[{"@type":"Article","@id":"https:\/\/www.cetys.mx\/noticias\/karla-alumna-de-lni-que-logro-reunir-apoyo-por-ig\/#article","isPartOf":{"@id":"https:\/\/www.cetys.mx\/noticias\/karla-alumna-de-lni-que-logro-reunir-apoyo-por-ig\/"},"author":{"name":"Campus Tijuana","@id":"https:\/\/www.cetys.mx\/noticias\/#\/schema\/person\/e790051ce60e18ae47cfa87011c8653f"},"headline":"Karla, alumna de LNI que logr\u00f3 reunir apoyo por IG ante el COVID-19","datePublished":"2020-04-20T22:40:06+00:00","dateModified":"2020-04-23T19:08:52+00:00","mainEntityOfPage":{"@id":"https:\/\/www.cetys.mx\/noticias\/karla-alumna-de-lni-que-logro-reunir-apoyo-por-ig\/"},"wordCount":409,"commentCount":0,"image":{"@id":"https:\/\/www.cetys.mx\/noticias\/karla-alumna-de-lni-que-logro-reunir-apoyo-por-ig\/#primaryimage"},"thumbnailUrl":"https:\/\/www.cetys.mx\/noticias\/wp-content\/uploads\/2020\/04\/WhatsApp-Image-2020-04-20-at-3.43.09-PM.jpeg","keywords":["CETYS Solidario","VOCETYS-2020-04-22"],"articleSection":["Campus Tijuana","VoCETYS"],"inLanguage":"es","potentialAction":[{"@type":"CommentAction","name":"Comment","target":["https:\/\/www.cetys.mx\/noticias\/karla-alumna-de-lni-que-logro-reunir-apoyo-por-ig\/#respond"]}]},{"@type":"WebPage","@id":"https:\/\/www.cetys.mx\/noticias\/karla-alumna-de-lni-que-logro-reunir-apoyo-por-ig\/","url":"https:\/\/www.cetys.mx\/noticias\/karla-alumna-de-lni-que-logro-reunir-apoyo-por-ig\/","name":"Karla, alumna de LNI que logr\u00f3 reunir apoyo por IG ante el COVID-19 - CETYS","isPartOf":{"@id":"https:\/\/www.cetys.mx\/noticias\/#website"},"primaryImageOfPage":{"@id":"https:\/\/www.cetys.mx\/noticias\/karla-alumna-de-lni-que-logro-reunir-apoyo-por-ig\/#primaryimage"},"image":{"@id":"https:\/\/www.cetys.mx\/noticias\/karla-alumna-de-lni-que-logro-reunir-apoyo-por-ig\/#primaryimage"},"thumbnailUrl":"https:\/\/www.cetys.mx\/noticias\/wp-content\/uploads\/2020\/04\/WhatsApp-Image-2020-04-20-at-3.43.09-PM.jpeg","datePublished":"2020-04-20T22:40:06+00:00","dateModified":"2020-04-23T19:08:52+00:00","author":{"@id":"https:\/\/www.cetys.mx\/noticias\/#\/schema\/person\/e790051ce60e18ae47cfa87011c8653f"},"description":"Articulo sobre Karla, alumna de LNI que logr\u00f3 reunir apoyo por IG ante el COVID-19","breadcrumb":{"@id":"https:\/\/www.cetys.mx\/noticias\/karla-alumna-de-lni-que-logro-reunir-apoyo-por-ig\/#breadcrumb"},"inLanguage":"es","potentialAction":[{"@type":"ReadAction","target":["https:\/\/www.cetys.mx\/noticias\/karla-alumna-de-lni-que-logro-reunir-apoyo-por-ig\/"]}]},{"@type":"ImageObject","inLanguage":"es","@id":"https:\/\/www.cetys.mx\/noticias\/karla-alumna-de-lni-que-logro-reunir-apoyo-por-ig\/#primaryimage","url":"https:\/\/www.cetys.mx\/noticias\/wp-content\/uploads\/2020\/04\/WhatsApp-Image-2020-04-20-at-3.43.09-PM.jpeg","contentUrl":"https:\/\/www.cetys.mx\/noticias\/wp-content\/uploads\/2020\/04\/WhatsApp-Image-2020-04-20-at-3.43.09-PM.jpeg","width":1280,"height":960},{"@type":"BreadcrumbList","@id":"https:\/\/www.cetys.mx\/noticias\/karla-alumna-de-lni-que-logro-reunir-apoyo-por-ig\/#breadcrumb","itemListElement":[{"@type":"ListItem","position":1,"name":"Inicio","item":"https:\/\/www.cetys.mx\/noticias\/"},{"@type":"ListItem","position":2,"name":"Karla, alumna de LNI que logr\u00f3 reunir apoyo por IG ante el COVID-19"}]},{"@type":"WebSite","@id":"https:\/\/www.cetys.mx\/noticias\/#website","url":"https:\/\/www.cetys.mx\/noticias\/","name":"CETYS","description":"","potentialAction":[{"@type":"SearchAction","target":{"@type":"EntryPoint","urlTemplate":"https:\/\/www.cetys.mx\/noticias\/?s={search_term_string}"},"query-input":{"@type":"PropertyValueSpecification","valueRequired":true,"valueName":"search_term_string"}}],"inLanguage":"es"},{"@type":"Person","@id":"https:\/\/www.cetys.mx\/noticias\/#\/schema\/person\/e790051ce60e18ae47cfa87011c8653f","name":"Campus Tijuana","url":"https:\/\/www.cetys.mx\/noticias\/author\/campustijuana\/"}]}},"_links":{"self":[{"href":"https:\/\/www.cetys.mx\/noticias\/wp-json\/wp\/v2\/posts\/142981","targetHints":{"allow":["GET"]}}],"collection":[{"href":"https:\/\/www.cetys.mx\/noticias\/wp-json\/wp\/v2\/posts"}],"about":[{"href":"https:\/\/www.cetys.mx\/noticias\/wp-json\/wp\/v2\/types\/post"}],"author":[{"embeddable":true,"href":"https:\/\/www.cetys.mx\/noticias\/wp-json\/wp\/v2\/users\/24"}],"replies":[{"embeddable":true,"href":"https:\/\/www.cetys.mx\/noticias\/wp-json\/wp\/v2\/comments?post=142981"}],"version-history":[{"count":4,"href":"https:\/\/www.cetys.mx\/noticias\/wp-json\/wp\/v2\/posts\/142981\/revisions"}],"predecessor-version":[{"id":143172,"href":"https:\/\/www.cetys.mx\/noticias\/wp-json\/wp\/v2\/posts\/142981\/revisions\/143172"}],"wp:featuredmedia":[{"embeddable":true,"href":"https:\/\/www.cetys.mx\/noticias\/wp-json\/wp\/v2\/media\/142987"}],"wp:attachment":[{"href":"https:\/\/www.cetys.mx\/noticias\/wp-json\/wp\/v2\/media?parent=142981"}],"wp:term":[{"taxonomy":"category","embeddable":true,"href":"https:\/\/www.cetys.mx\/noticias\/wp-json\/wp\/v2\/categories?post=142981"},{"taxonomy":"post_tag","embeddable":true,"href":"https:\/\/www.cetys.mx\/noticias\/wp-json\/wp\/v2\/tags?post=142981"}],"curies":[{"name":"wp","href":"https:\/\/api.w.org\/{rel}","templated":true}]}}