{"id":141337,"date":"2020-03-05T10:20:43","date_gmt":"2020-03-05T18:20:43","guid":{"rendered":"https:\/\/www.cetys.mx\/noticias\/?p=141337"},"modified":"2020-03-10T15:04:22","modified_gmt":"2020-03-10T22:04:22","slug":"el-9-ninguna-se-mueve-y-despues","status":"publish","type":"post","link":"https:\/\/www.cetys.mx\/noticias\/el-9-ninguna-se-mueve-y-despues\/","title":{"rendered":"El 9 ninguna se mueve&#8230; \u00bfY despu\u00e9s?"},"content":{"rendered":"<div align=\"justify\">En el marco del 8 de marzo, D\u00eda Internacional de la Mujer, a nivel internacional miles de grupos organizados y mujeres miembros de la sociedad civil se han sumado a El 9 Ninguna se Mueve, manifestaci\u00f3n trasladada al d\u00eda 9 del mismo mes, por ser un d\u00eda h\u00e1bil, para mostrar la importancia de su g\u00e9nero en la realizaci\u00f3n de tareas que forman parte de la vida cotidiana y que no suelen ser reconocidas, pero que son imprescindibles para que su entorno funcione.<\/div>\n<div align=\"justify\"><\/div>\n<div align=\"justify\"><\/div>\n<div align=\"justify\"><img loading=\"lazy\" decoding=\"async\" class=\" wp-image-141350 alignleft\" src=\"https:\/\/www.cetys.mx\/noticias\/wp-content\/uploads\/2020\/03\/Paro9M.jpg\" alt=\"\" width=\"328\" height=\"205\" \/>La iniciativa consiste en llevar a cabo un paro nacional de mujeres, dejando de asistir a clases, actividades laborales, as\u00ed como evitando consumir productos o servicios de ninguna \u00edndole, como forma de protesta y demanda de justicia, ante la violencia de la que son v\u00edctima.<\/div>\n<div align=\"justify\"><\/div>\n<div align=\"justify\">En M\u00e9xico, la fecha que a\u00f1os atr\u00e1s representaba ocasi\u00f3n para demandar la igualdad de derechos laborales y sociales, este a\u00f1o se ver\u00e1 transformada en una plataforma para exigir que los casos de maltrato, acoso y feminicidios se frenen y sean castigados.<\/div>\n<div align=\"justify\"><\/div>\n<div align=\"justify\">Durante diciembre del a\u00f1o pasado el diario\u00a0<a href=\"https:\/\/r20.rs6.net\/tn.jsp?f=001lWPUZ-Qym0FTq6XI72VmUfGBX6Htbj-Bxs5Afn1713XAjNYysXfL0d9iK7kxiGQ7JTIWQUDiWtUamsvXivBrMzFllZpcJweg13sbXDZYzk3IVkOkX3F5GQP2kDHrbbtkW_ZLOFTxMJdks1XxtiCfCcfxAHV2i9WZrc8xlM4KCEXguUX-wdY2zkgUyTmrcUmUOkOu6N1G9uta1wx4J1tuX2Gmz1joYbhYphUCDg4Ejm4=&amp;c=z0JZayqyJIGPBgvDHfNxzygovJXfpWtYB8DH83JrWhQ_8TbrgFVmWA==&amp;ch=332hLPshdVH5z6JwS4ywxqeEBq_LkNX90OMkdRy5XYZJvbHyRaW0sA==\" target=\"_blank\" rel=\"noopener\" data-saferedirecturl=\"https:\/\/www.google.com\/url?q=https:\/\/r20.rs6.net\/tn.jsp?f%3D001lWPUZ-Qym0FTq6XI72VmUfGBX6Htbj-Bxs5Afn1713XAjNYysXfL0d9iK7kxiGQ7JTIWQUDiWtUamsvXivBrMzFllZpcJweg13sbXDZYzk3IVkOkX3F5GQP2kDHrbbtkW_ZLOFTxMJdks1XxtiCfCcfxAHV2i9WZrc8xlM4KCEXguUX-wdY2zkgUyTmrcUmUOkOu6N1G9uta1wx4J1tuX2Gmz1joYbhYphUCDg4Ejm4%3D%26c%3Dz0JZayqyJIGPBgvDHfNxzygovJXfpWtYB8DH83JrWhQ_8TbrgFVmWA%3D%3D%26ch%3D332hLPshdVH5z6JwS4ywxqeEBq_LkNX90OMkdRy5XYZJvbHyRaW0sA%3D%3D&amp;source=gmail&amp;ust=1583516117722000&amp;usg=AFQjCNFZdnc2-F1a9vVyli95dCjqrZ_M6g\">El Financiero<\/a>\u00a0report\u00f3 que del 2015 al 2019, los feminicidios crecieron en un 111% a nivel nacional, mientras que la Organizaci\u00f3n de las Naciones Unidas (ONU) estim\u00f3 que seis de cada 10 mexicanas han enfrentado alg\u00fan incidente violento durante su vida, y refiere que el feminicidio es la representaci\u00f3n m\u00e1s extrema de esa violencia.<\/div>\n<div align=\"justify\"><\/div>\n<div align=\"justify\">Respecto a los efectos de esta manifestaci\u00f3n y de acuerdo con informes del medio de comunicaci\u00f3n\u00a0<a href=\"https:\/\/r20.rs6.net\/tn.jsp?f=001lWPUZ-Qym0FTq6XI72VmUfGBX6Htbj-Bxs5Afn1713XAjNYysXfL0d9iK7kxiGQ7djS07wrTQJuTM7yaEb3mnWugduIyoWxZ2vwGm3NdNV40inrsD7qiJwwaq4WMb-HOscKrlGiYIaWWIpymrX_G9ttOLx2aoqePgsZC-MdCSXZhGJ69ulHLpjyn7SAF8Iv8Hy1AnBHIu7jiqyK9aQrkHGeW88TT6TfdFX-e8JFTGoEjPuv-d2hxLUMXocs1TMcMUzjYjx6imHa0Z4neCinhxMqL9id0ERSp8aabIni9B9Q=&amp;c=z0JZayqyJIGPBgvDHfNxzygovJXfpWtYB8DH83JrWhQ_8TbrgFVmWA==&amp;ch=332hLPshdVH5z6JwS4ywxqeEBq_LkNX90OMkdRy5XYZJvbHyRaW0sA==\" target=\"_blank\" rel=\"noopener\" data-saferedirecturl=\"https:\/\/www.google.com\/url?q=https:\/\/r20.rs6.net\/tn.jsp?f%3D001lWPUZ-Qym0FTq6XI72VmUfGBX6Htbj-Bxs5Afn1713XAjNYysXfL0d9iK7kxiGQ7djS07wrTQJuTM7yaEb3mnWugduIyoWxZ2vwGm3NdNV40inrsD7qiJwwaq4WMb-HOscKrlGiYIaWWIpymrX_G9ttOLx2aoqePgsZC-MdCSXZhGJ69ulHLpjyn7SAF8Iv8Hy1AnBHIu7jiqyK9aQrkHGeW88TT6TfdFX-e8JFTGoEjPuv-d2hxLUMXocs1TMcMUzjYjx6imHa0Z4neCinhxMqL9id0ERSp8aabIni9B9Q%3D%26c%3Dz0JZayqyJIGPBgvDHfNxzygovJXfpWtYB8DH83JrWhQ_8TbrgFVmWA%3D%3D%26ch%3D332hLPshdVH5z6JwS4ywxqeEBq_LkNX90OMkdRy5XYZJvbHyRaW0sA%3D%3D&amp;source=gmail&amp;ust=1583516117722000&amp;usg=AFQjCNENlIpxZ-1qKrM0PrWUgtCEuUbmSA\">El Economista<\/a>, un d\u00eda sin mujeres puede implicar la paralizaci\u00f3n del 40% de la fuerza laboral mexicana y un valor promedio de 25mil 744 millones de pesos. Si a esto se le suma el trabajo no remunerado, como el que realizan las mujeres en casa sin recibir un salario, la cifra superar\u00eda los 37mil millones de pesos.<\/div>\n<div align=\"justify\"><\/div>\n<div align=\"justify\">Sin embargo, es poco probable que el 100 por ciento de las mujeres mexicanas pausen sus quehaceres para unirse a esta manifestaci\u00f3n pac\u00edfica, haciendo muy dif\u00edcil que este movimiento logre el alcance y notoriedad que se desea.<\/div>\n<div align=\"justify\"><\/div>\n<div align=\"justify\">Para lograr un impacto positivo, es necesario generar espacios de reflexi\u00f3n en los que intervengan familias, instituciones educativas y entidades gubernamentales, destacando las encargadas de brindar seguridad y bienestar social, consider\u00f3 la Doctora Mar\u00eda del Carmen Echeverr\u00eda del Valle, Directora Acad\u00e9mica de CETYS Universidad Campus Mexicali.<\/div>\n<div align=\"justify\"><\/div>\n<div align=\"justify\">Estrechar estos lazos es una opci\u00f3n que se ha planteado reiteradamente y que se viene intentando desde hace tiempo; sin embargo, hay que llevarla a cabo hasta que salga bien, pues sin un cambio de ra\u00edz es imposible subsanar las condiciones de inseguridad, desigualdad y machismo en las que actualmente se desenvuelven las mujeres, indic\u00f3.<\/div>\n<div align=\"justify\"><\/div>\n<blockquote>\n<div align=\"justify\">\u201cEste es un asunto de sociedad, todo un contexto cultural, social, familiar, profesional; es muy complejo. Falta analizarlo, y no caer en la posibilidad de que el paro nacional se convierta en un \u201cpermiso\u201d para ir a casa a ver tv, sin entender de qu\u00e9 se trata, sin reflexionarlo\u201d.<\/div>\n<\/blockquote>\n<div align=\"justify\"><\/div>\n<div align=\"justify\">Por otra parte, imaginando que la mayor\u00eda de las mujeres cumplieran con el llamado de no salir de casa, ni hacer ning\u00fan tipo de compras, aunque marcar\u00edan la historia contempor\u00e1nea del pa\u00eds, ser\u00eda importante plantearse \u00bfqu\u00e9 suceder\u00e1 despu\u00e9s?, consider\u00f3 la acad\u00e9mica.<\/div>\n<div align=\"justify\"><\/div>\n<blockquote>\n<div align=\"justify\">\u201cHay que pensar que, si como mujer decides participar y no haces la compra el lunes, seguramente la hiciste el domingo o la har\u00e1s el martes. La vida no se puede detener, necesitas v\u00edveres en casa. Entonces hay que ir mucho m\u00e1s all\u00e1 de eso, y no dejar que esto se vuelva una cuesti\u00f3n pol\u00edtica o de consecuencias puramente econ\u00f3micas, pues sin que estas dejen de ser importantes, esto va mucho m\u00e1s all\u00e1, tiene que ver con el reconocimiento de la dignidad de la persona, sea hombre o mujer. Escuchamos muchas opiniones, pero no est\u00e1 habiendo una reflexi\u00f3n sobre las causas y efectos de esta problem\u00e1tica\u201d.<\/div>\n<\/blockquote>\n<div align=\"justify\"><\/div>\n<div align=\"justify\">La profesora se\u00f1al\u00f3 que se trata de una conversaci\u00f3n amplia y profunda que debe hacerse en el hogar y reforzarse en escuelas y centros de trabajo.<\/div>\n<div align=\"justify\"><\/div>\n<blockquote>\n<div align=\"justify\">\u201cTenemos que trabajar en la familia. En casa se ense\u00f1a c\u00f3mo ser respetuoso, tolerante, compasivo, misericordioso y caritativo con el otro y eso nada tiene que ver con el g\u00e9nero\u201d, concluy\u00f3.<\/div>\n<\/blockquote>\n<div align=\"justify\"><\/div>\n","protected":false},"excerpt":{"rendered":"<p>En el marco del 8 de marzo, D\u00eda Internacional de la Mujer, a nivel internacional miles de grupos organizados y mujeres miembros&#8230;<\/p>\n","protected":false},"author":20,"featured_media":141349,"comment_status":"open","ping_status":"closed","sticky":false,"template":"","format":"standard","meta":{"footnotes":""},"categories":[133,313],"tags":[4256,138,4258,4257,4282],"class_list":["post-141337","post","type-post","status-publish","format-standard","has-post-thumbnail","hentry","category-campus-mexicali","category-vocetys-2","tag-9m","tag-cetys","tag-dia-internacional-de-la-mujer","tag-paro-nacional","tag-vocetys-2020-03-10"],"yoast_head":"<!-- This site is optimized with the Yoast SEO plugin v27.4 - https:\/\/yoast.com\/product\/yoast-seo-wordpress\/ -->\n<title>El 9 ninguna se mueve... \u00bfY despu\u00e9s? - CETYS<\/title>\n<meta name=\"description\" content=\"Articulo sobre El 9 ninguna se mueve... \u00bfY despu\u00e9s?\" \/>\n<meta name=\"robots\" content=\"index, follow, max-snippet:-1, max-image-preview:large, max-video-preview:-1\" \/>\n<link rel=\"canonical\" href=\"https:\/\/www.cetys.mx\/noticias\/el-9-ninguna-se-mueve-y-despues\/\" \/>\n<meta property=\"og:locale\" content=\"es_MX\" \/>\n<meta property=\"og:type\" content=\"article\" \/>\n<meta property=\"og:title\" content=\"El 9 ninguna se mueve... \u00bfY despu\u00e9s? - CETYS\" \/>\n<meta property=\"og:description\" content=\"Articulo sobre El 9 ninguna se mueve... \u00bfY despu\u00e9s?\" \/>\n<meta property=\"og:url\" content=\"https:\/\/www.cetys.mx\/noticias\/el-9-ninguna-se-mueve-y-despues\/\" \/>\n<meta property=\"og:site_name\" content=\"CETYS\" \/>\n<meta property=\"article:publisher\" content=\"https:\/\/www.facebook.com\/cetysuniversidadmxl\/\" \/>\n<meta property=\"article:published_time\" content=\"2020-03-05T18:20:43+00:00\" \/>\n<meta property=\"article:modified_time\" content=\"2020-03-10T22:04:22+00:00\" \/>\n<meta property=\"og:image\" content=\"https:\/\/www.cetys.mx\/noticias\/wp-content\/uploads\/2020\/03\/Dra.-Cusy1.jpg\" \/>\n\t<meta property=\"og:image:width\" content=\"958\" \/>\n\t<meta property=\"og:image:height\" content=\"637\" \/>\n\t<meta property=\"og:image:type\" content=\"image\/jpeg\" \/>\n<meta name=\"author\" content=\"Campus Mexicali\" \/>\n<meta name=\"twitter:card\" content=\"summary_large_image\" \/>\n<meta name=\"twitter:creator\" content=\"@cetysuni\" \/>\n<meta name=\"twitter:site\" content=\"@cetysuni\" \/>\n<meta name=\"twitter:label1\" content=\"Escrito por\" \/>\n\t<meta name=\"twitter:data1\" content=\"Campus Mexicali\" \/>\n\t<meta name=\"twitter:label2\" content=\"Tiempo de lectura\" \/>\n\t<meta name=\"twitter:data2\" content=\"4 minutos\" \/>\n<script type=\"application\/ld+json\" class=\"yoast-schema-graph\">{\"@context\":\"https:\\\/\\\/schema.org\",\"@graph\":[{\"@type\":\"Article\",\"@id\":\"https:\\\/\\\/www.cetys.mx\\\/noticias\\\/el-9-ninguna-se-mueve-y-despues\\\/#article\",\"isPartOf\":{\"@id\":\"https:\\\/\\\/www.cetys.mx\\\/noticias\\\/el-9-ninguna-se-mueve-y-despues\\\/\"},\"author\":{\"name\":\"Campus Mexicali\",\"@id\":\"https:\\\/\\\/www.cetys.mx\\\/noticias\\\/#\\\/schema\\\/person\\\/79a95c4ac185f3705cf1b9c9340a5f70\"},\"headline\":\"El 9 ninguna se mueve&#8230; \u00bfY despu\u00e9s?\",\"datePublished\":\"2020-03-05T18:20:43+00:00\",\"dateModified\":\"2020-03-10T22:04:22+00:00\",\"mainEntityOfPage\":{\"@id\":\"https:\\\/\\\/www.cetys.mx\\\/noticias\\\/el-9-ninguna-se-mueve-y-despues\\\/\"},\"wordCount\":744,\"commentCount\":0,\"image\":{\"@id\":\"https:\\\/\\\/www.cetys.mx\\\/noticias\\\/el-9-ninguna-se-mueve-y-despues\\\/#primaryimage\"},\"thumbnailUrl\":\"https:\\\/\\\/www.cetys.mx\\\/noticias\\\/wp-content\\\/uploads\\\/2020\\\/03\\\/Dra.-Cusy1.jpg\",\"keywords\":[\"9M\",\"Cetys\",\"D\u00eda Internacional de la Mujer\",\"Paro Nacional\",\"vocetys-2020-03-10\"],\"articleSection\":[\"Campus Mexicali\",\"VoCETYS\"],\"inLanguage\":\"es\",\"potentialAction\":[{\"@type\":\"CommentAction\",\"name\":\"Comment\",\"target\":[\"https:\\\/\\\/www.cetys.mx\\\/noticias\\\/el-9-ninguna-se-mueve-y-despues\\\/#respond\"]}]},{\"@type\":\"WebPage\",\"@id\":\"https:\\\/\\\/www.cetys.mx\\\/noticias\\\/el-9-ninguna-se-mueve-y-despues\\\/\",\"url\":\"https:\\\/\\\/www.cetys.mx\\\/noticias\\\/el-9-ninguna-se-mueve-y-despues\\\/\",\"name\":\"El 9 ninguna se mueve... \u00bfY despu\u00e9s? - CETYS\",\"isPartOf\":{\"@id\":\"https:\\\/\\\/www.cetys.mx\\\/noticias\\\/#website\"},\"primaryImageOfPage\":{\"@id\":\"https:\\\/\\\/www.cetys.mx\\\/noticias\\\/el-9-ninguna-se-mueve-y-despues\\\/#primaryimage\"},\"image\":{\"@id\":\"https:\\\/\\\/www.cetys.mx\\\/noticias\\\/el-9-ninguna-se-mueve-y-despues\\\/#primaryimage\"},\"thumbnailUrl\":\"https:\\\/\\\/www.cetys.mx\\\/noticias\\\/wp-content\\\/uploads\\\/2020\\\/03\\\/Dra.-Cusy1.jpg\",\"datePublished\":\"2020-03-05T18:20:43+00:00\",\"dateModified\":\"2020-03-10T22:04:22+00:00\",\"author\":{\"@id\":\"https:\\\/\\\/www.cetys.mx\\\/noticias\\\/#\\\/schema\\\/person\\\/79a95c4ac185f3705cf1b9c9340a5f70\"},\"description\":\"Articulo sobre El 9 ninguna se mueve... \u00bfY despu\u00e9s?\",\"breadcrumb\":{\"@id\":\"https:\\\/\\\/www.cetys.mx\\\/noticias\\\/el-9-ninguna-se-mueve-y-despues\\\/#breadcrumb\"},\"inLanguage\":\"es\",\"potentialAction\":[{\"@type\":\"ReadAction\",\"target\":[\"https:\\\/\\\/www.cetys.mx\\\/noticias\\\/el-9-ninguna-se-mueve-y-despues\\\/\"]}]},{\"@type\":\"ImageObject\",\"inLanguage\":\"es\",\"@id\":\"https:\\\/\\\/www.cetys.mx\\\/noticias\\\/el-9-ninguna-se-mueve-y-despues\\\/#primaryimage\",\"url\":\"https:\\\/\\\/www.cetys.mx\\\/noticias\\\/wp-content\\\/uploads\\\/2020\\\/03\\\/Dra.-Cusy1.jpg\",\"contentUrl\":\"https:\\\/\\\/www.cetys.mx\\\/noticias\\\/wp-content\\\/uploads\\\/2020\\\/03\\\/Dra.-Cusy1.jpg\",\"width\":958,\"height\":637,\"caption\":\"????????????????????????????????????\"},{\"@type\":\"BreadcrumbList\",\"@id\":\"https:\\\/\\\/www.cetys.mx\\\/noticias\\\/el-9-ninguna-se-mueve-y-despues\\\/#breadcrumb\",\"itemListElement\":[{\"@type\":\"ListItem\",\"position\":1,\"name\":\"Inicio\",\"item\":\"https:\\\/\\\/www.cetys.mx\\\/noticias\\\/\"},{\"@type\":\"ListItem\",\"position\":2,\"name\":\"El 9 ninguna se mueve&#8230; \u00bfY despu\u00e9s?\"}]},{\"@type\":\"WebSite\",\"@id\":\"https:\\\/\\\/www.cetys.mx\\\/noticias\\\/#website\",\"url\":\"https:\\\/\\\/www.cetys.mx\\\/noticias\\\/\",\"name\":\"CETYS\",\"description\":\"\",\"potentialAction\":[{\"@type\":\"SearchAction\",\"target\":{\"@type\":\"EntryPoint\",\"urlTemplate\":\"https:\\\/\\\/www.cetys.mx\\\/noticias\\\/?s={search_term_string}\"},\"query-input\":{\"@type\":\"PropertyValueSpecification\",\"valueRequired\":true,\"valueName\":\"search_term_string\"}}],\"inLanguage\":\"es\"},{\"@type\":\"Person\",\"@id\":\"https:\\\/\\\/www.cetys.mx\\\/noticias\\\/#\\\/schema\\\/person\\\/79a95c4ac185f3705cf1b9c9340a5f70\",\"name\":\"Campus Mexicali\",\"url\":\"https:\\\/\\\/www.cetys.mx\\\/noticias\\\/author\\\/campusmexicali\\\/\"}]}<\/script>\n<!-- \/ Yoast SEO plugin. -->","yoast_head_json":{"title":"El 9 ninguna se mueve... \u00bfY despu\u00e9s? - CETYS","description":"Articulo sobre El 9 ninguna se mueve... \u00bfY despu\u00e9s?","robots":{"index":"index","follow":"follow","max-snippet":"max-snippet:-1","max-image-preview":"max-image-preview:large","max-video-preview":"max-video-preview:-1"},"canonical":"https:\/\/www.cetys.mx\/noticias\/el-9-ninguna-se-mueve-y-despues\/","og_locale":"es_MX","og_type":"article","og_title":"El 9 ninguna se mueve... \u00bfY despu\u00e9s? - CETYS","og_description":"Articulo sobre El 9 ninguna se mueve... \u00bfY despu\u00e9s?","og_url":"https:\/\/www.cetys.mx\/noticias\/el-9-ninguna-se-mueve-y-despues\/","og_site_name":"CETYS","article_publisher":"https:\/\/www.facebook.com\/cetysuniversidadmxl\/","article_published_time":"2020-03-05T18:20:43+00:00","article_modified_time":"2020-03-10T22:04:22+00:00","og_image":[{"width":958,"height":637,"url":"https:\/\/www.cetys.mx\/noticias\/wp-content\/uploads\/2020\/03\/Dra.-Cusy1.jpg","type":"image\/jpeg"}],"author":"Campus Mexicali","twitter_card":"summary_large_image","twitter_creator":"@cetysuni","twitter_site":"@cetysuni","twitter_misc":{"Escrito por":"Campus Mexicali","Tiempo de lectura":"4 minutos"},"schema":{"@context":"https:\/\/schema.org","@graph":[{"@type":"Article","@id":"https:\/\/www.cetys.mx\/noticias\/el-9-ninguna-se-mueve-y-despues\/#article","isPartOf":{"@id":"https:\/\/www.cetys.mx\/noticias\/el-9-ninguna-se-mueve-y-despues\/"},"author":{"name":"Campus Mexicali","@id":"https:\/\/www.cetys.mx\/noticias\/#\/schema\/person\/79a95c4ac185f3705cf1b9c9340a5f70"},"headline":"El 9 ninguna se mueve&#8230; \u00bfY despu\u00e9s?","datePublished":"2020-03-05T18:20:43+00:00","dateModified":"2020-03-10T22:04:22+00:00","mainEntityOfPage":{"@id":"https:\/\/www.cetys.mx\/noticias\/el-9-ninguna-se-mueve-y-despues\/"},"wordCount":744,"commentCount":0,"image":{"@id":"https:\/\/www.cetys.mx\/noticias\/el-9-ninguna-se-mueve-y-despues\/#primaryimage"},"thumbnailUrl":"https:\/\/www.cetys.mx\/noticias\/wp-content\/uploads\/2020\/03\/Dra.-Cusy1.jpg","keywords":["9M","Cetys","D\u00eda Internacional de la Mujer","Paro Nacional","vocetys-2020-03-10"],"articleSection":["Campus Mexicali","VoCETYS"],"inLanguage":"es","potentialAction":[{"@type":"CommentAction","name":"Comment","target":["https:\/\/www.cetys.mx\/noticias\/el-9-ninguna-se-mueve-y-despues\/#respond"]}]},{"@type":"WebPage","@id":"https:\/\/www.cetys.mx\/noticias\/el-9-ninguna-se-mueve-y-despues\/","url":"https:\/\/www.cetys.mx\/noticias\/el-9-ninguna-se-mueve-y-despues\/","name":"El 9 ninguna se mueve... \u00bfY despu\u00e9s? - CETYS","isPartOf":{"@id":"https:\/\/www.cetys.mx\/noticias\/#website"},"primaryImageOfPage":{"@id":"https:\/\/www.cetys.mx\/noticias\/el-9-ninguna-se-mueve-y-despues\/#primaryimage"},"image":{"@id":"https:\/\/www.cetys.mx\/noticias\/el-9-ninguna-se-mueve-y-despues\/#primaryimage"},"thumbnailUrl":"https:\/\/www.cetys.mx\/noticias\/wp-content\/uploads\/2020\/03\/Dra.-Cusy1.jpg","datePublished":"2020-03-05T18:20:43+00:00","dateModified":"2020-03-10T22:04:22+00:00","author":{"@id":"https:\/\/www.cetys.mx\/noticias\/#\/schema\/person\/79a95c4ac185f3705cf1b9c9340a5f70"},"description":"Articulo sobre El 9 ninguna se mueve... \u00bfY despu\u00e9s?","breadcrumb":{"@id":"https:\/\/www.cetys.mx\/noticias\/el-9-ninguna-se-mueve-y-despues\/#breadcrumb"},"inLanguage":"es","potentialAction":[{"@type":"ReadAction","target":["https:\/\/www.cetys.mx\/noticias\/el-9-ninguna-se-mueve-y-despues\/"]}]},{"@type":"ImageObject","inLanguage":"es","@id":"https:\/\/www.cetys.mx\/noticias\/el-9-ninguna-se-mueve-y-despues\/#primaryimage","url":"https:\/\/www.cetys.mx\/noticias\/wp-content\/uploads\/2020\/03\/Dra.-Cusy1.jpg","contentUrl":"https:\/\/www.cetys.mx\/noticias\/wp-content\/uploads\/2020\/03\/Dra.-Cusy1.jpg","width":958,"height":637,"caption":"????????????????????????????????????"},{"@type":"BreadcrumbList","@id":"https:\/\/www.cetys.mx\/noticias\/el-9-ninguna-se-mueve-y-despues\/#breadcrumb","itemListElement":[{"@type":"ListItem","position":1,"name":"Inicio","item":"https:\/\/www.cetys.mx\/noticias\/"},{"@type":"ListItem","position":2,"name":"El 9 ninguna se mueve&#8230; \u00bfY despu\u00e9s?"}]},{"@type":"WebSite","@id":"https:\/\/www.cetys.mx\/noticias\/#website","url":"https:\/\/www.cetys.mx\/noticias\/","name":"CETYS","description":"","potentialAction":[{"@type":"SearchAction","target":{"@type":"EntryPoint","urlTemplate":"https:\/\/www.cetys.mx\/noticias\/?s={search_term_string}"},"query-input":{"@type":"PropertyValueSpecification","valueRequired":true,"valueName":"search_term_string"}}],"inLanguage":"es"},{"@type":"Person","@id":"https:\/\/www.cetys.mx\/noticias\/#\/schema\/person\/79a95c4ac185f3705cf1b9c9340a5f70","name":"Campus Mexicali","url":"https:\/\/www.cetys.mx\/noticias\/author\/campusmexicali\/"}]}},"_links":{"self":[{"href":"https:\/\/www.cetys.mx\/noticias\/wp-json\/wp\/v2\/posts\/141337","targetHints":{"allow":["GET"]}}],"collection":[{"href":"https:\/\/www.cetys.mx\/noticias\/wp-json\/wp\/v2\/posts"}],"about":[{"href":"https:\/\/www.cetys.mx\/noticias\/wp-json\/wp\/v2\/types\/post"}],"author":[{"embeddable":true,"href":"https:\/\/www.cetys.mx\/noticias\/wp-json\/wp\/v2\/users\/20"}],"replies":[{"embeddable":true,"href":"https:\/\/www.cetys.mx\/noticias\/wp-json\/wp\/v2\/comments?post=141337"}],"version-history":[{"count":0,"href":"https:\/\/www.cetys.mx\/noticias\/wp-json\/wp\/v2\/posts\/141337\/revisions"}],"wp:featuredmedia":[{"embeddable":true,"href":"https:\/\/www.cetys.mx\/noticias\/wp-json\/wp\/v2\/media\/141349"}],"wp:attachment":[{"href":"https:\/\/www.cetys.mx\/noticias\/wp-json\/wp\/v2\/media?parent=141337"}],"wp:term":[{"taxonomy":"category","embeddable":true,"href":"https:\/\/www.cetys.mx\/noticias\/wp-json\/wp\/v2\/categories?post=141337"},{"taxonomy":"post_tag","embeddable":true,"href":"https:\/\/www.cetys.mx\/noticias\/wp-json\/wp\/v2\/tags?post=141337"}],"curies":[{"name":"wp","href":"https:\/\/api.w.org\/{rel}","templated":true}]}}