{"id":140965,"date":"2020-02-26T10:58:49","date_gmt":"2020-02-26T18:58:49","guid":{"rendered":"https:\/\/www.cetys.mx\/noticias\/?p=140965"},"modified":"2020-02-26T10:58:49","modified_gmt":"2020-02-26T18:58:49","slug":"zorros-listos-para-estatal-del-condde","status":"publish","type":"post","link":"https:\/\/www.cetys.mx\/noticias\/zorros-listos-para-estatal-del-condde\/","title":{"rendered":"Zorros listos para Estatal del CONDDE"},"content":{"rendered":"<p>Los Zorros de CETYS est\u00e1n listos para encarar el pr\u00f3ximo fin de semana la etapa estatal de la Universiada 2020 con un contingente de 187 deportistas, todos con la firme misi\u00f3n de avanzar a la fase regional del <a href=\"https:\/\/www.condde.org.mx\/web\/\">Consejo Nacional del Deporte de la Educaci\u00f3n<\/a> (CONDDE).<\/p>\n<p>&nbsp;<\/p>\n<p>Ser\u00e1n quince los deportes en que los representantes del Centro de Ense\u00f1anza T\u00e9cnica y Superior compitan, nueve de conjunto y seis individuales.<\/p>\n<p>&nbsp;<\/p>\n<p>CETYS junto con la Universidad Aut\u00f3noma de Baja California tendr\u00e1n tambi\u00e9n la responsabilidad de ser organizadores, los Zorros ser\u00e1n anfitriones del Futbol Asociaci\u00f3n Varonil, Tiro con Arco y Baloncesto Varonil, adem\u00e1s de coordinar el Voleibol de Playa Femenil.<\/p>\n<blockquote><p>&nbsp;<\/p>\n<p>\u201cBuscamos clasificar a todos nuestros deportistas al Regional, los muchachos se han preparado con juegos en Estados Unidos y en copas regionales donde han demostrado un buen desempe\u00f1o\u201d, extern\u00f3 el Maestro Enrique Lechuga N\u00fa\u00f1ez, Director Estatal de Deportes de CETYS Universidad.<\/p><\/blockquote>\n<p>&nbsp;<\/p>\n<p>Por su parte el Coordinador de Deportes en el Campus Mexicali, Profesor Roberto Quintero-M\u00e1rmol Valenzuela, habl\u00f3 sobre lo importante de ser coanfitri\u00f3n de la competencia.<\/p>\n<p>&nbsp;<\/p>\n<blockquote><p>\u201cNos agrada mucho la idea de recibir a instituciones educativas con las que siempre estamos en colaboraci\u00f3n tanto en lo acad\u00e9mico como en lo deportivo, estamos esperando con la mejor propuesta de infraestructura y tambi\u00e9n tenemos cierta ventaja por jugar en casa.\u201d, indic\u00f3.<\/p><\/blockquote>\n<p>&nbsp;<\/p>\n<p>La actividad de los Zorros comenzar\u00e1 el viernes en su estadio cuando busquen el pase a la etapa regional en el Futbol Asociaci\u00f3n, a las 12:00 horas enfrentar\u00e1n a Xochicalco y a las 15:00 horas al Centro Universitario Tijuana.<\/p>\n<p>&nbsp;<\/p>\n<p>El s\u00e1bado entrar\u00e1 en acci\u00f3n la mayor\u00eda del contingente que viste de negro, amarillo y blanco, del total de atletas 88 provienen del campus Tijuana, 79 del campus Mexicali y 20 de Ensenada.<\/p>\n<p>&nbsp;<\/p>\n<p>En su gimnasio, los Zorros del Basquetbol Varonil saldr\u00e1n a ganar sus dos encuentros, a las 13:00 horas ante el Instituto Tecnol\u00f3gico de Mexicali y a las 16:00 horas frente a Xochicalco.<\/p>\n<p>&nbsp;<\/p>\n<p>En el Estadio de los Zorros se efectuar\u00e1 la competencia de tiro con arco, donde por CETYS participar\u00e1n Mario Guevara y Humberto Arellano.<\/p>\n<p><img loading=\"lazy\" decoding=\"async\" class=\"aligncenter size-full wp-image-140966\" src=\"https:\/\/www.cetys.mx\/noticias\/wp-content\/uploads\/2020\/02\/Alfonso-M\u00e1rquez-taekwondo\u00ed-Copy.jpeg\" alt=\"\" width=\"850\" height=\"566\" srcset=\"https:\/\/www.cetys.mx\/noticias\/wp-content\/uploads\/2020\/02\/Alfonso-M\u00e1rquez-taekwondo\u00ed-Copy.jpeg 850w, https:\/\/www.cetys.mx\/noticias\/wp-content\/uploads\/2020\/02\/Alfonso-M\u00e1rquez-taekwondo\u00ed-Copy-768x511.jpeg 768w\" sizes=\"auto, (max-width: 850px) 100vw, 850px\" \/><\/p>\n<p>Tambi\u00e9n el s\u00e1bado, pero en las instalaciones de la UABC los Zorros buscar\u00e1n triunfos en beisbol, atletismo, futbol con bardas y taekwondo, en esta \u00faltima disciplina con Oscar Navarro y el campe\u00f3n nacional universitario Alfonso M\u00e1rquez.<\/p>\n<p>&nbsp;<\/p>\n<p>El domingo en la casa de los Cimarrones la delegaci\u00f3n de CETYS tomar\u00e1 parte de m\u00e1s pruebas del atletismo, adem\u00e1s del voleibol playero con el equipo femenil y el softbol femenil que buscar\u00e1 su segundo regional.<\/p>\n<p><img loading=\"lazy\" decoding=\"async\" class=\"aligncenter size-full wp-image-140967\" src=\"https:\/\/www.cetys.mx\/noticias\/wp-content\/uploads\/2020\/02\/El-softbol-se-jugar\u00e1-el-domingo.jpg\" alt=\"\" width=\"900\" height=\"601\" srcset=\"https:\/\/www.cetys.mx\/noticias\/wp-content\/uploads\/2020\/02\/El-softbol-se-jugar\u00e1-el-domingo.jpg 900w, https:\/\/www.cetys.mx\/noticias\/wp-content\/uploads\/2020\/02\/El-softbol-se-jugar\u00e1-el-domingo-768x513.jpg 768w\" sizes=\"auto, (max-width: 900px) 100vw, 900px\" \/><\/p>\n<p>El s\u00e1bado en Ensenada se jugar\u00e1 el estatal de Voleibol de Sala Femenil en el Gimnasio de la UABC, ah\u00ed estar\u00e1 CETYS, igual que en la Sala Audiovisual del Campus Tijuana de la UABC donde se llevar\u00e1 a cabo el ajedrez.<\/p>\n<p>Los resultados, fotograf\u00edas, videos y transmisiones en vivo de la actividad de los Zorros en este estatal se encontrar\u00e1n en la p\u00e1gina de Facebook de deportes de <a href=\"https:\/\/www.facebook.com\/cetys.sport\/\">campus Mexicali<\/a>, <a href=\"https:\/\/www.facebook.com\/DeportesCETYSTij\/\">campus Tijuana<\/a> y <a href=\"https:\/\/www.facebook.com\/Deportes-CETYS-Ensenada-142457783120048\/\">campus Ensenada<\/a>, as\u00ed como en la cuenta de Instagram <a href=\"https:\/\/www.instagram.com\/zorros_cetys_universidad\/\">Zorros CETYS Universidad<\/a>.<\/p>\n","protected":false},"excerpt":{"rendered":"<p>Los Zorros de CETYS est\u00e1n listos para encarar el pr\u00f3ximo fin de semana la etapa estatal de la Universiada 2020 con un&#8230;<\/p>\n","protected":false},"author":26,"featured_media":140968,"comment_status":"open","ping_status":"closed","sticky":false,"template":"","format":"standard","meta":{"footnotes":""},"categories":[312,125],"tags":[3046,984,168,327,233,202,730,238,1523],"class_list":["post-140965","post","type-post","status-publish","format-standard","has-post-thumbnail","hentry","category-deportes","category-portada","tag-gozorros","tag-orgullocetys","tag-cetys-universidad","tag-condde","tag-deportes","tag-sports","tag-universiada-nacional","tag-zorros","tag-zorros-del-cetys"],"yoast_head":"<!-- This site is optimized with the Yoast SEO plugin v27.4 - https:\/\/yoast.com\/product\/yoast-seo-wordpress\/ -->\n<title>Zorros listos para Estatal del CONDDE - CETYS<\/title>\n<meta name=\"description\" content=\"Articulo sobre Zorros listos para Estatal del CONDDE\" \/>\n<meta name=\"robots\" content=\"index, follow, max-snippet:-1, max-image-preview:large, max-video-preview:-1\" \/>\n<link rel=\"canonical\" href=\"https:\/\/www.cetys.mx\/noticias\/zorros-listos-para-estatal-del-condde\/\" \/>\n<meta property=\"og:locale\" content=\"es_MX\" \/>\n<meta property=\"og:type\" content=\"article\" \/>\n<meta property=\"og:title\" content=\"Zorros listos para Estatal del CONDDE - CETYS\" \/>\n<meta property=\"og:description\" content=\"Articulo sobre Zorros listos para Estatal del CONDDE\" \/>\n<meta property=\"og:url\" content=\"https:\/\/www.cetys.mx\/noticias\/zorros-listos-para-estatal-del-condde\/\" \/>\n<meta property=\"og:site_name\" content=\"CETYS\" \/>\n<meta property=\"article:publisher\" content=\"https:\/\/www.facebook.com\/cetysuniversidadmxl\/\" \/>\n<meta property=\"article:published_time\" content=\"2020-02-26T18:58:49+00:00\" \/>\n<meta property=\"og:image\" content=\"https:\/\/www.cetys.mx\/noticias\/wp-content\/uploads\/2020\/02\/Fuerte-fue-la-preparaci\u00f3n-de-los-Zorros.jpg\" \/>\n\t<meta property=\"og:image:width\" content=\"900\" \/>\n\t<meta property=\"og:image:height\" content=\"600\" \/>\n\t<meta property=\"og:image:type\" content=\"image\/jpeg\" \/>\n<meta name=\"author\" content=\"CETYS Institucional\" \/>\n<meta name=\"twitter:card\" content=\"summary_large_image\" \/>\n<meta name=\"twitter:creator\" content=\"@cetysuni\" \/>\n<meta name=\"twitter:site\" content=\"@cetysuni\" \/>\n<meta name=\"twitter:label1\" content=\"Escrito por\" \/>\n\t<meta name=\"twitter:data1\" content=\"CETYS Institucional\" \/>\n\t<meta name=\"twitter:label2\" content=\"Tiempo de lectura\" \/>\n\t<meta name=\"twitter:data2\" content=\"3 minutos\" \/>\n<script type=\"application\/ld+json\" class=\"yoast-schema-graph\">{\"@context\":\"https:\\\/\\\/schema.org\",\"@graph\":[{\"@type\":\"Article\",\"@id\":\"https:\\\/\\\/www.cetys.mx\\\/noticias\\\/zorros-listos-para-estatal-del-condde\\\/#article\",\"isPartOf\":{\"@id\":\"https:\\\/\\\/www.cetys.mx\\\/noticias\\\/zorros-listos-para-estatal-del-condde\\\/\"},\"author\":{\"name\":\"CETYS Institucional\",\"@id\":\"https:\\\/\\\/www.cetys.mx\\\/noticias\\\/#\\\/schema\\\/person\\\/e9d2b35265b64aa454df57a2828eb2ac\"},\"headline\":\"Zorros listos para Estatal del CONDDE\",\"datePublished\":\"2020-02-26T18:58:49+00:00\",\"mainEntityOfPage\":{\"@id\":\"https:\\\/\\\/www.cetys.mx\\\/noticias\\\/zorros-listos-para-estatal-del-condde\\\/\"},\"wordCount\":546,\"commentCount\":0,\"image\":{\"@id\":\"https:\\\/\\\/www.cetys.mx\\\/noticias\\\/zorros-listos-para-estatal-del-condde\\\/#primaryimage\"},\"thumbnailUrl\":\"https:\\\/\\\/www.cetys.mx\\\/noticias\\\/wp-content\\\/uploads\\\/2020\\\/02\\\/Fuerte-fue-la-preparaci\u00f3n-de-los-Zorros.jpg\",\"keywords\":[\"#GoZorros\",\"#orgulloCETYS\",\"CETYS Universidad\",\"condde\",\"Deportes\",\"sports\",\"Universiada Nacional\",\"zorros\",\"zorros del CETYS\"],\"articleSection\":[\"Deportes\",\"Portada\"],\"inLanguage\":\"es\",\"potentialAction\":[{\"@type\":\"CommentAction\",\"name\":\"Comment\",\"target\":[\"https:\\\/\\\/www.cetys.mx\\\/noticias\\\/zorros-listos-para-estatal-del-condde\\\/#respond\"]}]},{\"@type\":\"WebPage\",\"@id\":\"https:\\\/\\\/www.cetys.mx\\\/noticias\\\/zorros-listos-para-estatal-del-condde\\\/\",\"url\":\"https:\\\/\\\/www.cetys.mx\\\/noticias\\\/zorros-listos-para-estatal-del-condde\\\/\",\"name\":\"Zorros listos para Estatal del CONDDE - CETYS\",\"isPartOf\":{\"@id\":\"https:\\\/\\\/www.cetys.mx\\\/noticias\\\/#website\"},\"primaryImageOfPage\":{\"@id\":\"https:\\\/\\\/www.cetys.mx\\\/noticias\\\/zorros-listos-para-estatal-del-condde\\\/#primaryimage\"},\"image\":{\"@id\":\"https:\\\/\\\/www.cetys.mx\\\/noticias\\\/zorros-listos-para-estatal-del-condde\\\/#primaryimage\"},\"thumbnailUrl\":\"https:\\\/\\\/www.cetys.mx\\\/noticias\\\/wp-content\\\/uploads\\\/2020\\\/02\\\/Fuerte-fue-la-preparaci\u00f3n-de-los-Zorros.jpg\",\"datePublished\":\"2020-02-26T18:58:49+00:00\",\"author\":{\"@id\":\"https:\\\/\\\/www.cetys.mx\\\/noticias\\\/#\\\/schema\\\/person\\\/e9d2b35265b64aa454df57a2828eb2ac\"},\"description\":\"Articulo sobre Zorros listos para Estatal del CONDDE\",\"breadcrumb\":{\"@id\":\"https:\\\/\\\/www.cetys.mx\\\/noticias\\\/zorros-listos-para-estatal-del-condde\\\/#breadcrumb\"},\"inLanguage\":\"es\",\"potentialAction\":[{\"@type\":\"ReadAction\",\"target\":[\"https:\\\/\\\/www.cetys.mx\\\/noticias\\\/zorros-listos-para-estatal-del-condde\\\/\"]}]},{\"@type\":\"ImageObject\",\"inLanguage\":\"es\",\"@id\":\"https:\\\/\\\/www.cetys.mx\\\/noticias\\\/zorros-listos-para-estatal-del-condde\\\/#primaryimage\",\"url\":\"https:\\\/\\\/www.cetys.mx\\\/noticias\\\/wp-content\\\/uploads\\\/2020\\\/02\\\/Fuerte-fue-la-preparaci\u00f3n-de-los-Zorros.jpg\",\"contentUrl\":\"https:\\\/\\\/www.cetys.mx\\\/noticias\\\/wp-content\\\/uploads\\\/2020\\\/02\\\/Fuerte-fue-la-preparaci\u00f3n-de-los-Zorros.jpg\",\"width\":900,\"height\":600,\"caption\":\"Los Zorros listos para el Estatal CONDDE\"},{\"@type\":\"BreadcrumbList\",\"@id\":\"https:\\\/\\\/www.cetys.mx\\\/noticias\\\/zorros-listos-para-estatal-del-condde\\\/#breadcrumb\",\"itemListElement\":[{\"@type\":\"ListItem\",\"position\":1,\"name\":\"Inicio\",\"item\":\"https:\\\/\\\/www.cetys.mx\\\/noticias\\\/\"},{\"@type\":\"ListItem\",\"position\":2,\"name\":\"Zorros listos para Estatal del CONDDE\"}]},{\"@type\":\"WebSite\",\"@id\":\"https:\\\/\\\/www.cetys.mx\\\/noticias\\\/#website\",\"url\":\"https:\\\/\\\/www.cetys.mx\\\/noticias\\\/\",\"name\":\"CETYS\",\"description\":\"\",\"potentialAction\":[{\"@type\":\"SearchAction\",\"target\":{\"@type\":\"EntryPoint\",\"urlTemplate\":\"https:\\\/\\\/www.cetys.mx\\\/noticias\\\/?s={search_term_string}\"},\"query-input\":{\"@type\":\"PropertyValueSpecification\",\"valueRequired\":true,\"valueName\":\"search_term_string\"}}],\"inLanguage\":\"es\"},{\"@type\":\"Person\",\"@id\":\"https:\\\/\\\/www.cetys.mx\\\/noticias\\\/#\\\/schema\\\/person\\\/e9d2b35265b64aa454df57a2828eb2ac\",\"name\":\"CETYS Institucional\",\"url\":\"https:\\\/\\\/www.cetys.mx\\\/noticias\\\/author\\\/cetysinstitucional\\\/\"}]}<\/script>\n<!-- \/ Yoast SEO plugin. -->","yoast_head_json":{"title":"Zorros listos para Estatal del CONDDE - CETYS","description":"Articulo sobre Zorros listos para Estatal del CONDDE","robots":{"index":"index","follow":"follow","max-snippet":"max-snippet:-1","max-image-preview":"max-image-preview:large","max-video-preview":"max-video-preview:-1"},"canonical":"https:\/\/www.cetys.mx\/noticias\/zorros-listos-para-estatal-del-condde\/","og_locale":"es_MX","og_type":"article","og_title":"Zorros listos para Estatal del CONDDE - CETYS","og_description":"Articulo sobre Zorros listos para Estatal del CONDDE","og_url":"https:\/\/www.cetys.mx\/noticias\/zorros-listos-para-estatal-del-condde\/","og_site_name":"CETYS","article_publisher":"https:\/\/www.facebook.com\/cetysuniversidadmxl\/","article_published_time":"2020-02-26T18:58:49+00:00","og_image":[{"width":900,"height":600,"url":"https:\/\/www.cetys.mx\/noticias\/wp-content\/uploads\/2020\/02\/Fuerte-fue-la-preparaci\u00f3n-de-los-Zorros.jpg","type":"image\/jpeg"}],"author":"CETYS Institucional","twitter_card":"summary_large_image","twitter_creator":"@cetysuni","twitter_site":"@cetysuni","twitter_misc":{"Escrito por":"CETYS Institucional","Tiempo de lectura":"3 minutos"},"schema":{"@context":"https:\/\/schema.org","@graph":[{"@type":"Article","@id":"https:\/\/www.cetys.mx\/noticias\/zorros-listos-para-estatal-del-condde\/#article","isPartOf":{"@id":"https:\/\/www.cetys.mx\/noticias\/zorros-listos-para-estatal-del-condde\/"},"author":{"name":"CETYS Institucional","@id":"https:\/\/www.cetys.mx\/noticias\/#\/schema\/person\/e9d2b35265b64aa454df57a2828eb2ac"},"headline":"Zorros listos para Estatal del CONDDE","datePublished":"2020-02-26T18:58:49+00:00","mainEntityOfPage":{"@id":"https:\/\/www.cetys.mx\/noticias\/zorros-listos-para-estatal-del-condde\/"},"wordCount":546,"commentCount":0,"image":{"@id":"https:\/\/www.cetys.mx\/noticias\/zorros-listos-para-estatal-del-condde\/#primaryimage"},"thumbnailUrl":"https:\/\/www.cetys.mx\/noticias\/wp-content\/uploads\/2020\/02\/Fuerte-fue-la-preparaci\u00f3n-de-los-Zorros.jpg","keywords":["#GoZorros","#orgulloCETYS","CETYS Universidad","condde","Deportes","sports","Universiada Nacional","zorros","zorros del CETYS"],"articleSection":["Deportes","Portada"],"inLanguage":"es","potentialAction":[{"@type":"CommentAction","name":"Comment","target":["https:\/\/www.cetys.mx\/noticias\/zorros-listos-para-estatal-del-condde\/#respond"]}]},{"@type":"WebPage","@id":"https:\/\/www.cetys.mx\/noticias\/zorros-listos-para-estatal-del-condde\/","url":"https:\/\/www.cetys.mx\/noticias\/zorros-listos-para-estatal-del-condde\/","name":"Zorros listos para Estatal del CONDDE - CETYS","isPartOf":{"@id":"https:\/\/www.cetys.mx\/noticias\/#website"},"primaryImageOfPage":{"@id":"https:\/\/www.cetys.mx\/noticias\/zorros-listos-para-estatal-del-condde\/#primaryimage"},"image":{"@id":"https:\/\/www.cetys.mx\/noticias\/zorros-listos-para-estatal-del-condde\/#primaryimage"},"thumbnailUrl":"https:\/\/www.cetys.mx\/noticias\/wp-content\/uploads\/2020\/02\/Fuerte-fue-la-preparaci\u00f3n-de-los-Zorros.jpg","datePublished":"2020-02-26T18:58:49+00:00","author":{"@id":"https:\/\/www.cetys.mx\/noticias\/#\/schema\/person\/e9d2b35265b64aa454df57a2828eb2ac"},"description":"Articulo sobre Zorros listos para Estatal del CONDDE","breadcrumb":{"@id":"https:\/\/www.cetys.mx\/noticias\/zorros-listos-para-estatal-del-condde\/#breadcrumb"},"inLanguage":"es","potentialAction":[{"@type":"ReadAction","target":["https:\/\/www.cetys.mx\/noticias\/zorros-listos-para-estatal-del-condde\/"]}]},{"@type":"ImageObject","inLanguage":"es","@id":"https:\/\/www.cetys.mx\/noticias\/zorros-listos-para-estatal-del-condde\/#primaryimage","url":"https:\/\/www.cetys.mx\/noticias\/wp-content\/uploads\/2020\/02\/Fuerte-fue-la-preparaci\u00f3n-de-los-Zorros.jpg","contentUrl":"https:\/\/www.cetys.mx\/noticias\/wp-content\/uploads\/2020\/02\/Fuerte-fue-la-preparaci\u00f3n-de-los-Zorros.jpg","width":900,"height":600,"caption":"Los Zorros listos para el Estatal CONDDE"},{"@type":"BreadcrumbList","@id":"https:\/\/www.cetys.mx\/noticias\/zorros-listos-para-estatal-del-condde\/#breadcrumb","itemListElement":[{"@type":"ListItem","position":1,"name":"Inicio","item":"https:\/\/www.cetys.mx\/noticias\/"},{"@type":"ListItem","position":2,"name":"Zorros listos para Estatal del CONDDE"}]},{"@type":"WebSite","@id":"https:\/\/www.cetys.mx\/noticias\/#website","url":"https:\/\/www.cetys.mx\/noticias\/","name":"CETYS","description":"","potentialAction":[{"@type":"SearchAction","target":{"@type":"EntryPoint","urlTemplate":"https:\/\/www.cetys.mx\/noticias\/?s={search_term_string}"},"query-input":{"@type":"PropertyValueSpecification","valueRequired":true,"valueName":"search_term_string"}}],"inLanguage":"es"},{"@type":"Person","@id":"https:\/\/www.cetys.mx\/noticias\/#\/schema\/person\/e9d2b35265b64aa454df57a2828eb2ac","name":"CETYS Institucional","url":"https:\/\/www.cetys.mx\/noticias\/author\/cetysinstitucional\/"}]}},"_links":{"self":[{"href":"https:\/\/www.cetys.mx\/noticias\/wp-json\/wp\/v2\/posts\/140965","targetHints":{"allow":["GET"]}}],"collection":[{"href":"https:\/\/www.cetys.mx\/noticias\/wp-json\/wp\/v2\/posts"}],"about":[{"href":"https:\/\/www.cetys.mx\/noticias\/wp-json\/wp\/v2\/types\/post"}],"author":[{"embeddable":true,"href":"https:\/\/www.cetys.mx\/noticias\/wp-json\/wp\/v2\/users\/26"}],"replies":[{"embeddable":true,"href":"https:\/\/www.cetys.mx\/noticias\/wp-json\/wp\/v2\/comments?post=140965"}],"version-history":[{"count":0,"href":"https:\/\/www.cetys.mx\/noticias\/wp-json\/wp\/v2\/posts\/140965\/revisions"}],"wp:featuredmedia":[{"embeddable":true,"href":"https:\/\/www.cetys.mx\/noticias\/wp-json\/wp\/v2\/media\/140968"}],"wp:attachment":[{"href":"https:\/\/www.cetys.mx\/noticias\/wp-json\/wp\/v2\/media?parent=140965"}],"wp:term":[{"taxonomy":"category","embeddable":true,"href":"https:\/\/www.cetys.mx\/noticias\/wp-json\/wp\/v2\/categories?post=140965"},{"taxonomy":"post_tag","embeddable":true,"href":"https:\/\/www.cetys.mx\/noticias\/wp-json\/wp\/v2\/tags?post=140965"}],"curies":[{"name":"wp","href":"https:\/\/api.w.org\/{rel}","templated":true}]}}