{"id":140387,"date":"2020-02-13T12:21:22","date_gmt":"2020-02-13T20:21:22","guid":{"rendered":"https:\/\/www.cetys.mx\/noticias\/?p=140387"},"modified":"2020-02-13T12:21:22","modified_gmt":"2020-02-13T20:21:22","slug":"exitosa-concentracion-de-soccer-en-mexicali","status":"publish","type":"post","link":"https:\/\/www.cetys.mx\/noticias\/exitosa-concentracion-de-soccer-en-mexicali\/","title":{"rendered":"Exitosa concentraci\u00f3n de soccer en Mexicali"},"content":{"rendered":"<div align=\"justify\">Con el objetivo de integrar al representativo que jugar\u00e1 en la etapa estatal de la Universiada CONDDE (Consejo Nacional del Deporte de la Educaci\u00f3n A.C.), en d\u00edas pasados se realiz\u00f3 la concentraci\u00f3n de los equipos de futbol soccer universitario de CETYS en Campus Mexicali.<\/div>\n<div align=\"justify\"><\/div>\n<div align=\"justify\">De acuerdo a los resultados de los encuentros realizados y la observaci\u00f3n directa de los coaches F\u00e9lix Alvarado (Ensenada), Mario Ayala (Mexicali) e Israel Hern\u00e1ndez (Tijuana), se convocar\u00e1n a 25 jugadores y estudiantes de CETYS Universidad.<\/div>\n<div align=\"justify\"><\/div>\n<div align=\"justify\">\n<div id=\"attachment_140388\" style=\"width: 910px\" class=\"wp-caption alignnone\"><img loading=\"lazy\" decoding=\"async\" aria-describedby=\"caption-attachment-140388\" class=\"size-full wp-image-140388\" src=\"https:\/\/www.cetys.mx\/noticias\/wp-content\/uploads\/2020\/02\/soccer1.jpg\" alt=\"\" width=\"900\" height=\"1350\" srcset=\"https:\/\/www.cetys.mx\/noticias\/wp-content\/uploads\/2020\/02\/soccer1.jpg 900w, https:\/\/www.cetys.mx\/noticias\/wp-content\/uploads\/2020\/02\/soccer1-768x1152.jpg 768w\" sizes=\"auto, (max-width: 900px) 100vw, 900px\" \/><p id=\"caption-attachment-140388\" class=\"wp-caption-text\">Los jugadores tuvieron intensos juegos entre los Campus.<\/p><\/div>\n<\/div>\n<div align=\"justify\"><\/div>\n<div align=\"justify\">El equipo de Campus Ensenada gan\u00f3 en la competencia inter-CETYS por lo que ser\u00e1 la base del representativo para los juegos de CONDDE cuya fase estatal se realizar\u00e1 del 28 de febrero al 1 de marzo en Mexicali.<\/div>\n<div align=\"justify\"><\/div>\n<div align=\"justify\">El coach F\u00e9lix Alvarado coment\u00f3 que la concentraci\u00f3n con sistema de competencia entre campus, se realiz\u00f3 de esta manera para que los j\u00f3venes mostraran su nivel emocional, de presi\u00f3n, estr\u00e9s y ansiedad y as\u00ed poder concretar el selectivo que represente a CETYS en la Universiada de CONDDE.<\/div>\n<div align=\"justify\"><\/div>\n<div align=\"justify\">\n<div id=\"attachment_140391\" style=\"width: 910px\" class=\"wp-caption alignnone\"><img loading=\"lazy\" decoding=\"async\" aria-describedby=\"caption-attachment-140391\" class=\"size-full wp-image-140391\" src=\"https:\/\/www.cetys.mx\/noticias\/wp-content\/uploads\/2020\/02\/Soccer4.jpg\" alt=\"\" width=\"900\" height=\"600\" srcset=\"https:\/\/www.cetys.mx\/noticias\/wp-content\/uploads\/2020\/02\/Soccer4.jpg 900w, https:\/\/www.cetys.mx\/noticias\/wp-content\/uploads\/2020\/02\/Soccer4-768x512.jpg 768w\" sizes=\"auto, (max-width: 900px) 100vw, 900px\" \/><p id=\"caption-attachment-140391\" class=\"wp-caption-text\">Ensenada ser\u00e1 la base del equipo Sistema.<\/p><\/div>\n<\/div>\n<div align=\"justify\"><\/div>\n<div align=\"justify\">\u201cLos j\u00f3venes est\u00e1n emocionados, hemos estado prepar\u00e1ndonos de hace tiempo, est\u00e1n conscientes de que vamos a competir por un lugar primeramente entre ellos y buscar una oportunidad para pertenecer al selectivo final\u201d, coment\u00f3 el coach.<\/div>\n<div align=\"justify\"><\/div>\n<div align=\"justify\">Finaliz\u00f3 agradeciendo a la instituci\u00f3n por el apoyo para realizar este tipo de eventos que impactan positivamente en los j\u00f3venes y hacen crecer en lo colectivo, resultando en un equipo fuerte y m\u00e1s competitivo.<\/div>\n<div align=\"justify\"><\/div>\n<div align=\"justify\">\n<div id=\"attachment_140389\" style=\"width: 910px\" class=\"wp-caption alignnone\"><img loading=\"lazy\" decoding=\"async\" aria-describedby=\"caption-attachment-140389\" class=\"size-full wp-image-140389\" src=\"https:\/\/www.cetys.mx\/noticias\/wp-content\/uploads\/2020\/02\/soccer2.jpg\" alt=\"\" width=\"900\" height=\"600\" srcset=\"https:\/\/www.cetys.mx\/noticias\/wp-content\/uploads\/2020\/02\/soccer2.jpg 900w, https:\/\/www.cetys.mx\/noticias\/wp-content\/uploads\/2020\/02\/soccer2-768x512.jpg 768w\" sizes=\"auto, (max-width: 900px) 100vw, 900px\" \/><p id=\"caption-attachment-140389\" class=\"wp-caption-text\">Los coaches esperan buenos resultados en la Universiada CONDDE 2020.<\/p><\/div>\n<\/div>\n<div align=\"justify\"><\/div>\n<div align=\"justify\">Por su parte, Mario Ayala entrenador del equipo de Campus Mexicali, coment\u00f3 que ve a sus muchachos motivados y f\u00edsicamente muy bien, siendo la concentraci\u00f3n una buena herramienta para poder detectar los mejores talentos de cada Campus y estar preparados para las justas nacionales.<\/div>\n<div align=\"justify\"><\/div>\n<div align=\"justify\">Finalmente, Israel Hern\u00e1ndez, coach de Tijuana, coment\u00f3 que esta concentraci\u00f3n tambi\u00e9n servir\u00e1 para un mejor rendimiento de los equipos, adem\u00e1s de que este tipo de eventos ayuda a fomentar el futbol<\/div>\n","protected":false},"excerpt":{"rendered":"<p>Con el objetivo de integrar al representativo que jugar\u00e1 en la etapa estatal de la Universiada CONDDE (Consejo Nacional del Deporte de&#8230;<\/p>\n","protected":false},"author":26,"featured_media":140390,"comment_status":"open","ping_status":"closed","sticky":false,"template":"","format":"standard","meta":{"footnotes":""},"categories":[312,209,125,105],"tags":[4206,327,455,4117],"class_list":["post-140387","post","type-post","status-publish","format-standard","has-post-thumbnail","hentry","category-deportes","category-institucional","category-portada","category-vida-estudiantil","tag-concentracion","tag-condde","tag-soccer","tag-temporada-2020"],"yoast_head":"<!-- This site is optimized with the Yoast SEO plugin v27.4 - https:\/\/yoast.com\/product\/yoast-seo-wordpress\/ -->\n<title>Exitosa concentraci\u00f3n de soccer en Mexicali - CETYS<\/title>\n<meta name=\"description\" content=\"Articulo sobre Exitosa concentraci\u00f3n de soccer en Mexicali\" \/>\n<meta name=\"robots\" content=\"index, follow, max-snippet:-1, max-image-preview:large, max-video-preview:-1\" \/>\n<link rel=\"canonical\" href=\"https:\/\/www.cetys.mx\/noticias\/exitosa-concentracion-de-soccer-en-mexicali\/\" \/>\n<meta property=\"og:locale\" content=\"es_MX\" \/>\n<meta property=\"og:type\" content=\"article\" \/>\n<meta property=\"og:title\" content=\"Exitosa concentraci\u00f3n de soccer en Mexicali - CETYS\" \/>\n<meta property=\"og:description\" content=\"Articulo sobre Exitosa concentraci\u00f3n de soccer en Mexicali\" \/>\n<meta property=\"og:url\" content=\"https:\/\/www.cetys.mx\/noticias\/exitosa-concentracion-de-soccer-en-mexicali\/\" \/>\n<meta property=\"og:site_name\" content=\"CETYS\" \/>\n<meta property=\"article:publisher\" content=\"https:\/\/www.facebook.com\/cetysuniversidadmxl\/\" \/>\n<meta property=\"article:published_time\" content=\"2020-02-13T20:21:22+00:00\" \/>\n<meta property=\"og:image\" content=\"https:\/\/www.cetys.mx\/noticias\/wp-content\/uploads\/2020\/02\/soccer3.jpg\" \/>\n\t<meta property=\"og:image:width\" content=\"900\" \/>\n\t<meta property=\"og:image:height\" content=\"600\" \/>\n\t<meta property=\"og:image:type\" content=\"image\/jpeg\" \/>\n<meta name=\"author\" content=\"CETYS Institucional\" \/>\n<meta name=\"twitter:card\" content=\"summary_large_image\" \/>\n<meta name=\"twitter:creator\" content=\"@cetysuni\" \/>\n<meta name=\"twitter:site\" content=\"@cetysuni\" \/>\n<meta name=\"twitter:label1\" content=\"Escrito por\" \/>\n\t<meta name=\"twitter:data1\" content=\"CETYS Institucional\" \/>\n\t<meta name=\"twitter:label2\" content=\"Tiempo de lectura\" \/>\n\t<meta name=\"twitter:data2\" content=\"2 minutos\" \/>\n<script type=\"application\/ld+json\" class=\"yoast-schema-graph\">{\"@context\":\"https:\\\/\\\/schema.org\",\"@graph\":[{\"@type\":\"Article\",\"@id\":\"https:\\\/\\\/www.cetys.mx\\\/noticias\\\/exitosa-concentracion-de-soccer-en-mexicali\\\/#article\",\"isPartOf\":{\"@id\":\"https:\\\/\\\/www.cetys.mx\\\/noticias\\\/exitosa-concentracion-de-soccer-en-mexicali\\\/\"},\"author\":{\"name\":\"CETYS Institucional\",\"@id\":\"https:\\\/\\\/www.cetys.mx\\\/noticias\\\/#\\\/schema\\\/person\\\/e9d2b35265b64aa454df57a2828eb2ac\"},\"headline\":\"Exitosa concentraci\u00f3n de soccer en Mexicali\",\"datePublished\":\"2020-02-13T20:21:22+00:00\",\"mainEntityOfPage\":{\"@id\":\"https:\\\/\\\/www.cetys.mx\\\/noticias\\\/exitosa-concentracion-de-soccer-en-mexicali\\\/\"},\"wordCount\":384,\"commentCount\":0,\"image\":{\"@id\":\"https:\\\/\\\/www.cetys.mx\\\/noticias\\\/exitosa-concentracion-de-soccer-en-mexicali\\\/#primaryimage\"},\"thumbnailUrl\":\"https:\\\/\\\/www.cetys.mx\\\/noticias\\\/wp-content\\\/uploads\\\/2020\\\/02\\\/soccer3.jpg\",\"keywords\":[\"Concentraci\u00f3n\",\"condde\",\"Soccer\",\"Temporada 2020\"],\"articleSection\":[\"Deportes\",\"Institucional\",\"Portada\",\"Vida Estudiantil\"],\"inLanguage\":\"es\",\"potentialAction\":[{\"@type\":\"CommentAction\",\"name\":\"Comment\",\"target\":[\"https:\\\/\\\/www.cetys.mx\\\/noticias\\\/exitosa-concentracion-de-soccer-en-mexicali\\\/#respond\"]}]},{\"@type\":\"WebPage\",\"@id\":\"https:\\\/\\\/www.cetys.mx\\\/noticias\\\/exitosa-concentracion-de-soccer-en-mexicali\\\/\",\"url\":\"https:\\\/\\\/www.cetys.mx\\\/noticias\\\/exitosa-concentracion-de-soccer-en-mexicali\\\/\",\"name\":\"Exitosa concentraci\u00f3n de soccer en Mexicali - CETYS\",\"isPartOf\":{\"@id\":\"https:\\\/\\\/www.cetys.mx\\\/noticias\\\/#website\"},\"primaryImageOfPage\":{\"@id\":\"https:\\\/\\\/www.cetys.mx\\\/noticias\\\/exitosa-concentracion-de-soccer-en-mexicali\\\/#primaryimage\"},\"image\":{\"@id\":\"https:\\\/\\\/www.cetys.mx\\\/noticias\\\/exitosa-concentracion-de-soccer-en-mexicali\\\/#primaryimage\"},\"thumbnailUrl\":\"https:\\\/\\\/www.cetys.mx\\\/noticias\\\/wp-content\\\/uploads\\\/2020\\\/02\\\/soccer3.jpg\",\"datePublished\":\"2020-02-13T20:21:22+00:00\",\"author\":{\"@id\":\"https:\\\/\\\/www.cetys.mx\\\/noticias\\\/#\\\/schema\\\/person\\\/e9d2b35265b64aa454df57a2828eb2ac\"},\"description\":\"Articulo sobre Exitosa concentraci\u00f3n de soccer en Mexicali\",\"breadcrumb\":{\"@id\":\"https:\\\/\\\/www.cetys.mx\\\/noticias\\\/exitosa-concentracion-de-soccer-en-mexicali\\\/#breadcrumb\"},\"inLanguage\":\"es\",\"potentialAction\":[{\"@type\":\"ReadAction\",\"target\":[\"https:\\\/\\\/www.cetys.mx\\\/noticias\\\/exitosa-concentracion-de-soccer-en-mexicali\\\/\"]}]},{\"@type\":\"ImageObject\",\"inLanguage\":\"es\",\"@id\":\"https:\\\/\\\/www.cetys.mx\\\/noticias\\\/exitosa-concentracion-de-soccer-en-mexicali\\\/#primaryimage\",\"url\":\"https:\\\/\\\/www.cetys.mx\\\/noticias\\\/wp-content\\\/uploads\\\/2020\\\/02\\\/soccer3.jpg\",\"contentUrl\":\"https:\\\/\\\/www.cetys.mx\\\/noticias\\\/wp-content\\\/uploads\\\/2020\\\/02\\\/soccer3.jpg\",\"width\":900,\"height\":600,\"caption\":\"Los equipos de los tres campus se reunieron en Mexicali\"},{\"@type\":\"BreadcrumbList\",\"@id\":\"https:\\\/\\\/www.cetys.mx\\\/noticias\\\/exitosa-concentracion-de-soccer-en-mexicali\\\/#breadcrumb\",\"itemListElement\":[{\"@type\":\"ListItem\",\"position\":1,\"name\":\"Inicio\",\"item\":\"https:\\\/\\\/www.cetys.mx\\\/noticias\\\/\"},{\"@type\":\"ListItem\",\"position\":2,\"name\":\"Exitosa concentraci\u00f3n de soccer en Mexicali\"}]},{\"@type\":\"WebSite\",\"@id\":\"https:\\\/\\\/www.cetys.mx\\\/noticias\\\/#website\",\"url\":\"https:\\\/\\\/www.cetys.mx\\\/noticias\\\/\",\"name\":\"CETYS\",\"description\":\"\",\"potentialAction\":[{\"@type\":\"SearchAction\",\"target\":{\"@type\":\"EntryPoint\",\"urlTemplate\":\"https:\\\/\\\/www.cetys.mx\\\/noticias\\\/?s={search_term_string}\"},\"query-input\":{\"@type\":\"PropertyValueSpecification\",\"valueRequired\":true,\"valueName\":\"search_term_string\"}}],\"inLanguage\":\"es\"},{\"@type\":\"Person\",\"@id\":\"https:\\\/\\\/www.cetys.mx\\\/noticias\\\/#\\\/schema\\\/person\\\/e9d2b35265b64aa454df57a2828eb2ac\",\"name\":\"CETYS Institucional\",\"url\":\"https:\\\/\\\/www.cetys.mx\\\/noticias\\\/author\\\/cetysinstitucional\\\/\"}]}<\/script>\n<!-- \/ Yoast SEO plugin. -->","yoast_head_json":{"title":"Exitosa concentraci\u00f3n de soccer en Mexicali - CETYS","description":"Articulo sobre Exitosa concentraci\u00f3n de soccer en Mexicali","robots":{"index":"index","follow":"follow","max-snippet":"max-snippet:-1","max-image-preview":"max-image-preview:large","max-video-preview":"max-video-preview:-1"},"canonical":"https:\/\/www.cetys.mx\/noticias\/exitosa-concentracion-de-soccer-en-mexicali\/","og_locale":"es_MX","og_type":"article","og_title":"Exitosa concentraci\u00f3n de soccer en Mexicali - CETYS","og_description":"Articulo sobre Exitosa concentraci\u00f3n de soccer en Mexicali","og_url":"https:\/\/www.cetys.mx\/noticias\/exitosa-concentracion-de-soccer-en-mexicali\/","og_site_name":"CETYS","article_publisher":"https:\/\/www.facebook.com\/cetysuniversidadmxl\/","article_published_time":"2020-02-13T20:21:22+00:00","og_image":[{"width":900,"height":600,"url":"https:\/\/www.cetys.mx\/noticias\/wp-content\/uploads\/2020\/02\/soccer3.jpg","type":"image\/jpeg"}],"author":"CETYS Institucional","twitter_card":"summary_large_image","twitter_creator":"@cetysuni","twitter_site":"@cetysuni","twitter_misc":{"Escrito por":"CETYS Institucional","Tiempo de lectura":"2 minutos"},"schema":{"@context":"https:\/\/schema.org","@graph":[{"@type":"Article","@id":"https:\/\/www.cetys.mx\/noticias\/exitosa-concentracion-de-soccer-en-mexicali\/#article","isPartOf":{"@id":"https:\/\/www.cetys.mx\/noticias\/exitosa-concentracion-de-soccer-en-mexicali\/"},"author":{"name":"CETYS Institucional","@id":"https:\/\/www.cetys.mx\/noticias\/#\/schema\/person\/e9d2b35265b64aa454df57a2828eb2ac"},"headline":"Exitosa concentraci\u00f3n de soccer en Mexicali","datePublished":"2020-02-13T20:21:22+00:00","mainEntityOfPage":{"@id":"https:\/\/www.cetys.mx\/noticias\/exitosa-concentracion-de-soccer-en-mexicali\/"},"wordCount":384,"commentCount":0,"image":{"@id":"https:\/\/www.cetys.mx\/noticias\/exitosa-concentracion-de-soccer-en-mexicali\/#primaryimage"},"thumbnailUrl":"https:\/\/www.cetys.mx\/noticias\/wp-content\/uploads\/2020\/02\/soccer3.jpg","keywords":["Concentraci\u00f3n","condde","Soccer","Temporada 2020"],"articleSection":["Deportes","Institucional","Portada","Vida Estudiantil"],"inLanguage":"es","potentialAction":[{"@type":"CommentAction","name":"Comment","target":["https:\/\/www.cetys.mx\/noticias\/exitosa-concentracion-de-soccer-en-mexicali\/#respond"]}]},{"@type":"WebPage","@id":"https:\/\/www.cetys.mx\/noticias\/exitosa-concentracion-de-soccer-en-mexicali\/","url":"https:\/\/www.cetys.mx\/noticias\/exitosa-concentracion-de-soccer-en-mexicali\/","name":"Exitosa concentraci\u00f3n de soccer en Mexicali - CETYS","isPartOf":{"@id":"https:\/\/www.cetys.mx\/noticias\/#website"},"primaryImageOfPage":{"@id":"https:\/\/www.cetys.mx\/noticias\/exitosa-concentracion-de-soccer-en-mexicali\/#primaryimage"},"image":{"@id":"https:\/\/www.cetys.mx\/noticias\/exitosa-concentracion-de-soccer-en-mexicali\/#primaryimage"},"thumbnailUrl":"https:\/\/www.cetys.mx\/noticias\/wp-content\/uploads\/2020\/02\/soccer3.jpg","datePublished":"2020-02-13T20:21:22+00:00","author":{"@id":"https:\/\/www.cetys.mx\/noticias\/#\/schema\/person\/e9d2b35265b64aa454df57a2828eb2ac"},"description":"Articulo sobre Exitosa concentraci\u00f3n de soccer en Mexicali","breadcrumb":{"@id":"https:\/\/www.cetys.mx\/noticias\/exitosa-concentracion-de-soccer-en-mexicali\/#breadcrumb"},"inLanguage":"es","potentialAction":[{"@type":"ReadAction","target":["https:\/\/www.cetys.mx\/noticias\/exitosa-concentracion-de-soccer-en-mexicali\/"]}]},{"@type":"ImageObject","inLanguage":"es","@id":"https:\/\/www.cetys.mx\/noticias\/exitosa-concentracion-de-soccer-en-mexicali\/#primaryimage","url":"https:\/\/www.cetys.mx\/noticias\/wp-content\/uploads\/2020\/02\/soccer3.jpg","contentUrl":"https:\/\/www.cetys.mx\/noticias\/wp-content\/uploads\/2020\/02\/soccer3.jpg","width":900,"height":600,"caption":"Los equipos de los tres campus se reunieron en Mexicali"},{"@type":"BreadcrumbList","@id":"https:\/\/www.cetys.mx\/noticias\/exitosa-concentracion-de-soccer-en-mexicali\/#breadcrumb","itemListElement":[{"@type":"ListItem","position":1,"name":"Inicio","item":"https:\/\/www.cetys.mx\/noticias\/"},{"@type":"ListItem","position":2,"name":"Exitosa concentraci\u00f3n de soccer en Mexicali"}]},{"@type":"WebSite","@id":"https:\/\/www.cetys.mx\/noticias\/#website","url":"https:\/\/www.cetys.mx\/noticias\/","name":"CETYS","description":"","potentialAction":[{"@type":"SearchAction","target":{"@type":"EntryPoint","urlTemplate":"https:\/\/www.cetys.mx\/noticias\/?s={search_term_string}"},"query-input":{"@type":"PropertyValueSpecification","valueRequired":true,"valueName":"search_term_string"}}],"inLanguage":"es"},{"@type":"Person","@id":"https:\/\/www.cetys.mx\/noticias\/#\/schema\/person\/e9d2b35265b64aa454df57a2828eb2ac","name":"CETYS Institucional","url":"https:\/\/www.cetys.mx\/noticias\/author\/cetysinstitucional\/"}]}},"_links":{"self":[{"href":"https:\/\/www.cetys.mx\/noticias\/wp-json\/wp\/v2\/posts\/140387","targetHints":{"allow":["GET"]}}],"collection":[{"href":"https:\/\/www.cetys.mx\/noticias\/wp-json\/wp\/v2\/posts"}],"about":[{"href":"https:\/\/www.cetys.mx\/noticias\/wp-json\/wp\/v2\/types\/post"}],"author":[{"embeddable":true,"href":"https:\/\/www.cetys.mx\/noticias\/wp-json\/wp\/v2\/users\/26"}],"replies":[{"embeddable":true,"href":"https:\/\/www.cetys.mx\/noticias\/wp-json\/wp\/v2\/comments?post=140387"}],"version-history":[{"count":0,"href":"https:\/\/www.cetys.mx\/noticias\/wp-json\/wp\/v2\/posts\/140387\/revisions"}],"wp:featuredmedia":[{"embeddable":true,"href":"https:\/\/www.cetys.mx\/noticias\/wp-json\/wp\/v2\/media\/140390"}],"wp:attachment":[{"href":"https:\/\/www.cetys.mx\/noticias\/wp-json\/wp\/v2\/media?parent=140387"}],"wp:term":[{"taxonomy":"category","embeddable":true,"href":"https:\/\/www.cetys.mx\/noticias\/wp-json\/wp\/v2\/categories?post=140387"},{"taxonomy":"post_tag","embeddable":true,"href":"https:\/\/www.cetys.mx\/noticias\/wp-json\/wp\/v2\/tags?post=140387"}],"curies":[{"name":"wp","href":"https:\/\/api.w.org\/{rel}","templated":true}]}}