{"id":139786,"date":"2020-01-28T17:18:48","date_gmt":"2020-01-29T01:18:48","guid":{"rendered":"https:\/\/www.cetys.mx\/noticias\/?p=139786"},"modified":"2020-01-31T16:01:59","modified_gmt":"2020-02-01T00:01:59","slug":"impacta-cetys-a-traves-de-voluntariado-en-la-comunidad","status":"publish","type":"post","link":"https:\/\/www.cetys.mx\/noticias\/impacta-cetys-a-traves-de-voluntariado-en-la-comunidad\/","title":{"rendered":"Impacta CETYS a trav\u00e9s de voluntariado en la comunidad"},"content":{"rendered":"<p style=\"font-weight: 400; text-align: justify;\">Es responsabilidad compartida de los distintos actores de la sociedad, que el mundo actual sea un mejor lugar para vivir. Las buenas acciones que se realicen hoy, sin duda impactar\u00e1n y se replicar\u00e1n en el futuro, y <a href=\"https:\/\/www.cadenasdeayuda.org\/\">Cadenas de Ayuda, Asociaci\u00f3n Civil<\/a> originada en Mexicali, Baja California, es un gran ejemplo de esto.<\/p>\n<p style=\"font-weight: 400; text-align: justify;\">En ese sentido, el Mtro. Joel Villavicencio, Director de <a href=\"https:\/\/www.cetys.mx\/alumni\/\">CETYS Alumni<\/a> en el Campus Mexicali y egresado de la instituci\u00f3n bajacaliforniana, quien es miembro activo de la Asociaci\u00f3n Civil Cadenas de Ayuda para M\u00e9xico, brind\u00f3 un mensaje en representaci\u00f3n de los voluntarios de dicha asociaci\u00f3n, al recibir\u00a0 el Reconocimiento al Mejor Lugar para hacer Voluntariado, que otorga el <a href=\"https:\/\/www.cemefi.org\/\">Centro Mexicano para la Filantrop\u00eda (Cemefi).<\/a><\/p>\n<p style=\"font-weight: 400; text-align: justify;\">La experiencia de formar parte de Cadenas de Ayuda le ha brindado la posibilidad de abonar a la mejora del entorno en el que se desenvuelve, poniendo en pr\u00e1ctica los conocimientos que, desde su paso por la Preparatoria CETYS, as\u00ed como su preparaci\u00f3n de Licenciatura y Posgrado en Administraci\u00f3n en el campus Mexicali de la misma instituci\u00f3n, dejando un impacto positivo en las personas, indic\u00f3 el Mtro. Villavicencio.<\/p>\n<p style=\"font-weight: 400; text-align: justify;\">A\u00f1adi\u00f3 que detr\u00e1s de este galard\u00f3n hay un arduo trabajo en equipo, encabezado por la Lic. Rosa del Carmen Monta\u00f1o Fimbres y la Ing. Yessenia Monta\u00f1o Hern\u00e1ndez, ambas integrantes de la comunidad CETYS Alumni, y que con su liderazgo han hecho de Cadenas de Ayuda un esfuerzo de voluntariado sobresaliente, efectivo y transparente en sus operaciones.<\/p>\n<p style=\"font-weight: 400; text-align: justify;\"><strong>Cada acci\u00f3n suma<\/strong><\/p>\n<p style=\"font-weight: 400; text-align: justify;\">De acuerdo con el Mtro. Villavicencio, el factor diferenciador de Cadenas de Ayuda est\u00e1 en la organizaci\u00f3n y motivaci\u00f3n que transmiten a los voluntarios que se suman a su causa, adem\u00e1s del planteamiento de metas concretas y alcanzables mediante tareas bien programadas.<\/p>\n<p><img loading=\"lazy\" decoding=\"async\" class=\"alignnone size-full wp-image-139788\" src=\"https:\/\/www.cetys.mx\/noticias\/wp-content\/uploads\/2020\/01\/Joel1.jpg\" alt=\"\" width=\"958\" height=\"637\" srcset=\"https:\/\/www.cetys.mx\/noticias\/wp-content\/uploads\/2020\/01\/Joel1.jpg 958w, https:\/\/www.cetys.mx\/noticias\/wp-content\/uploads\/2020\/01\/Joel1-768x511.jpg 768w\" sizes=\"auto, (max-width: 958px) 100vw, 958px\" \/><\/p>\n<blockquote>\n<p style=\"text-align: justify;\">\u201cMe motiva ser parte del cambio y poder llegar a medir lo que es un impacto a mi comunidad, m\u00e1s all\u00e1 de donar algo en una ocasi\u00f3n, se trata de darle seguimiento a esa causa y ser part\u00edcipe del beneficio\u201d coment\u00f3.<\/p>\n<\/blockquote>\n<p style=\"font-weight: 400; text-align: justify;\">El Director de CETYS Alumni record\u00f3 que todo esfuerzo suma, tanto econ\u00f3mico como material y el pr\u00e9stamo de un servicio; cuando se busca el beneficio de los dem\u00e1s se est\u00e1 impactando en la mejora del mundo.<\/p>\n<p style=\"font-weight: 400; text-align: justify;\"><strong>Para saber m\u00e1s<\/strong><\/p>\n<p style=\"font-weight: 400; text-align: justify;\"><a href=\"https:\/\/www.cadenasdeayuda.org\/\">Cadenas de Ayuda para M\u00e9xico A.C.<\/a> tiene como misi\u00f3n ayudar a las personas que lo requieran a recibir tratamientos oportunos para padecimientos de salud y discapacidades, a trav\u00e9s de programas y proyectos de ayuda social, logrando una mejor calidad de vida en ellos y sus familias.<\/p>\n<p style=\"text-align: justify;\">Actualmente la asociaci\u00f3n trabaja en un manual para implementar y compartir su programa de voluntariado, con el fin de que m\u00e1s organismos de la sociedad lo lleven a cabo en sus localidades.<\/p>\n<p style=\"text-align: justify;\">El <a href=\"https:\/\/www.cemefi.org\/\">Cemefi<\/a> cre\u00f3 en 2018 el Reconocimiento al Mejor Lugar para Hacer Voluntariado con el objetivo de reconocer y fomentar programas profesionales de voluntariado en organizaciones de la sociedad civil.<\/p>\n<p style=\"font-weight: 400; text-align: justify;\">Dicho reconocimiento toma en cuenta factores como la motivaci\u00f3n a la participaci\u00f3n de los ciudadanos en las causas sociales que atiende la instituci\u00f3n, integraci\u00f3n de manera efectiva pol\u00edticas y procedimientos para el reclutamiento, selecci\u00f3n, integraci\u00f3n, seguimiento, evaluaci\u00f3n y reconocimiento de sus voluntarios.<\/p>\n<p><a href=\"https:\/\/www.facebook.com\/joelvillavicencio\/videos\/10157791951451212\/\">https:\/\/www.facebook.com\/joelvillavicencio\/videos\/10157791951451212\/<\/a><\/p>\n","protected":false},"excerpt":{"rendered":"<p>Es responsabilidad compartida de los distintos actores de la sociedad, que el mundo actual sea un mejor lugar para vivir. Las buenas&#8230;<\/p>\n","protected":false},"author":20,"featured_media":139787,"comment_status":"open","ping_status":"closed","sticky":false,"template":"","format":"standard","meta":{"footnotes":""},"categories":[107,133,106,125,313],"tags":[4165,1186,4166,559,4168,4181,1487],"class_list":["post-139786","post","type-post","status-publish","format-standard","has-post-thumbnail","hentry","category-alumni","category-campus-mexicali","category-comunidad","category-portada","category-vocetys-2","tag-cadenas-de-ayuda","tag-cetys-alumni","tag-cetys-campus-mexicali","tag-filantropia","tag-vocetys-2020-01-31","tag-vocetys-2020-02-04","tag-voluntariado"],"yoast_head":"<!-- This site is optimized with the Yoast SEO plugin v27.4 - https:\/\/yoast.com\/product\/yoast-seo-wordpress\/ -->\n<title>Impacta CETYS a trav\u00e9s de voluntariado en la comunidad - CETYS<\/title>\n<meta name=\"description\" content=\"Joel Villavicencio, Director de CETYS Alumni en Mexicali, miembro de Cadenas de Ayuda recib\u00f3\u00a0el Reconocimiento al Mejor Lugar para hacer Voluntariados.\" \/>\n<meta name=\"robots\" content=\"index, follow, max-snippet:-1, max-image-preview:large, max-video-preview:-1\" \/>\n<link rel=\"canonical\" href=\"https:\/\/www.cetys.mx\/noticias\/impacta-cetys-a-traves-de-voluntariado-en-la-comunidad\/\" \/>\n<meta property=\"og:locale\" content=\"es_MX\" \/>\n<meta property=\"og:type\" content=\"article\" \/>\n<meta property=\"og:title\" content=\"Impacta CETYS a trav\u00e9s de voluntariado en la comunidad - CETYS\" \/>\n<meta property=\"og:description\" content=\"Joel Villavicencio, Director de CETYS Alumni en Mexicali, miembro de Cadenas de Ayuda recib\u00f3\u00a0el Reconocimiento al Mejor Lugar para hacer Voluntariados.\" \/>\n<meta property=\"og:url\" content=\"https:\/\/www.cetys.mx\/noticias\/impacta-cetys-a-traves-de-voluntariado-en-la-comunidad\/\" \/>\n<meta property=\"og:site_name\" content=\"CETYS\" \/>\n<meta property=\"article:publisher\" content=\"https:\/\/www.facebook.com\/cetysuniversidadmxl\/\" \/>\n<meta property=\"article:published_time\" content=\"2020-01-29T01:18:48+00:00\" \/>\n<meta property=\"article:modified_time\" content=\"2020-02-01T00:01:59+00:00\" \/>\n<meta property=\"og:image\" content=\"https:\/\/www.cetys.mx\/noticias\/wp-content\/uploads\/2020\/01\/cadenadeayudas1.jpg\" \/>\n\t<meta property=\"og:image:width\" content=\"958\" \/>\n\t<meta property=\"og:image:height\" content=\"637\" \/>\n\t<meta property=\"og:image:type\" content=\"image\/jpeg\" \/>\n<meta name=\"author\" content=\"Campus Mexicali\" \/>\n<meta name=\"twitter:card\" content=\"summary_large_image\" \/>\n<meta name=\"twitter:creator\" content=\"@cetysuni\" \/>\n<meta name=\"twitter:site\" content=\"@cetysuni\" \/>\n<meta name=\"twitter:label1\" content=\"Escrito por\" \/>\n\t<meta name=\"twitter:data1\" content=\"Campus Mexicali\" \/>\n\t<meta name=\"twitter:label2\" content=\"Tiempo de lectura\" \/>\n\t<meta name=\"twitter:data2\" content=\"3 minutos\" \/>\n<script type=\"application\/ld+json\" class=\"yoast-schema-graph\">{\"@context\":\"https:\\\/\\\/schema.org\",\"@graph\":[{\"@type\":\"Article\",\"@id\":\"https:\\\/\\\/www.cetys.mx\\\/noticias\\\/impacta-cetys-a-traves-de-voluntariado-en-la-comunidad\\\/#article\",\"isPartOf\":{\"@id\":\"https:\\\/\\\/www.cetys.mx\\\/noticias\\\/impacta-cetys-a-traves-de-voluntariado-en-la-comunidad\\\/\"},\"author\":{\"name\":\"Campus Mexicali\",\"@id\":\"https:\\\/\\\/www.cetys.mx\\\/noticias\\\/#\\\/schema\\\/person\\\/79a95c4ac185f3705cf1b9c9340a5f70\"},\"headline\":\"Impacta CETYS a trav\u00e9s de voluntariado en la comunidad\",\"datePublished\":\"2020-01-29T01:18:48+00:00\",\"dateModified\":\"2020-02-01T00:01:59+00:00\",\"mainEntityOfPage\":{\"@id\":\"https:\\\/\\\/www.cetys.mx\\\/noticias\\\/impacta-cetys-a-traves-de-voluntariado-en-la-comunidad\\\/\"},\"wordCount\":577,\"commentCount\":0,\"image\":{\"@id\":\"https:\\\/\\\/www.cetys.mx\\\/noticias\\\/impacta-cetys-a-traves-de-voluntariado-en-la-comunidad\\\/#primaryimage\"},\"thumbnailUrl\":\"https:\\\/\\\/www.cetys.mx\\\/noticias\\\/wp-content\\\/uploads\\\/2020\\\/01\\\/cadenadeayudas1.jpg\",\"keywords\":[\"Cadenas de Ayuda\",\"CETYS Alumni\",\"CETYS Campus Mexicali\",\"filantropia\",\"vocetys-2020-01-31\",\"vocetys-2020-02-04\",\"voluntariado\"],\"articleSection\":[\"Alumni\",\"Campus Mexicali\",\"Comunidad\",\"Portada\",\"VoCETYS\"],\"inLanguage\":\"es\",\"potentialAction\":[{\"@type\":\"CommentAction\",\"name\":\"Comment\",\"target\":[\"https:\\\/\\\/www.cetys.mx\\\/noticias\\\/impacta-cetys-a-traves-de-voluntariado-en-la-comunidad\\\/#respond\"]}]},{\"@type\":\"WebPage\",\"@id\":\"https:\\\/\\\/www.cetys.mx\\\/noticias\\\/impacta-cetys-a-traves-de-voluntariado-en-la-comunidad\\\/\",\"url\":\"https:\\\/\\\/www.cetys.mx\\\/noticias\\\/impacta-cetys-a-traves-de-voluntariado-en-la-comunidad\\\/\",\"name\":\"Impacta CETYS a trav\u00e9s de voluntariado en la comunidad - CETYS\",\"isPartOf\":{\"@id\":\"https:\\\/\\\/www.cetys.mx\\\/noticias\\\/#website\"},\"primaryImageOfPage\":{\"@id\":\"https:\\\/\\\/www.cetys.mx\\\/noticias\\\/impacta-cetys-a-traves-de-voluntariado-en-la-comunidad\\\/#primaryimage\"},\"image\":{\"@id\":\"https:\\\/\\\/www.cetys.mx\\\/noticias\\\/impacta-cetys-a-traves-de-voluntariado-en-la-comunidad\\\/#primaryimage\"},\"thumbnailUrl\":\"https:\\\/\\\/www.cetys.mx\\\/noticias\\\/wp-content\\\/uploads\\\/2020\\\/01\\\/cadenadeayudas1.jpg\",\"datePublished\":\"2020-01-29T01:18:48+00:00\",\"dateModified\":\"2020-02-01T00:01:59+00:00\",\"author\":{\"@id\":\"https:\\\/\\\/www.cetys.mx\\\/noticias\\\/#\\\/schema\\\/person\\\/79a95c4ac185f3705cf1b9c9340a5f70\"},\"description\":\"Joel Villavicencio, Director de CETYS Alumni en Mexicali, miembro de Cadenas de Ayuda recib\u00f3\u00a0el Reconocimiento al Mejor Lugar para hacer Voluntariados.\",\"breadcrumb\":{\"@id\":\"https:\\\/\\\/www.cetys.mx\\\/noticias\\\/impacta-cetys-a-traves-de-voluntariado-en-la-comunidad\\\/#breadcrumb\"},\"inLanguage\":\"es\",\"potentialAction\":[{\"@type\":\"ReadAction\",\"target\":[\"https:\\\/\\\/www.cetys.mx\\\/noticias\\\/impacta-cetys-a-traves-de-voluntariado-en-la-comunidad\\\/\"]}]},{\"@type\":\"ImageObject\",\"inLanguage\":\"es\",\"@id\":\"https:\\\/\\\/www.cetys.mx\\\/noticias\\\/impacta-cetys-a-traves-de-voluntariado-en-la-comunidad\\\/#primaryimage\",\"url\":\"https:\\\/\\\/www.cetys.mx\\\/noticias\\\/wp-content\\\/uploads\\\/2020\\\/01\\\/cadenadeayudas1.jpg\",\"contentUrl\":\"https:\\\/\\\/www.cetys.mx\\\/noticias\\\/wp-content\\\/uploads\\\/2020\\\/01\\\/cadenadeayudas1.jpg\",\"width\":958,\"height\":637},{\"@type\":\"BreadcrumbList\",\"@id\":\"https:\\\/\\\/www.cetys.mx\\\/noticias\\\/impacta-cetys-a-traves-de-voluntariado-en-la-comunidad\\\/#breadcrumb\",\"itemListElement\":[{\"@type\":\"ListItem\",\"position\":1,\"name\":\"Inicio\",\"item\":\"https:\\\/\\\/www.cetys.mx\\\/noticias\\\/\"},{\"@type\":\"ListItem\",\"position\":2,\"name\":\"Impacta CETYS a trav\u00e9s de voluntariado en la comunidad\"}]},{\"@type\":\"WebSite\",\"@id\":\"https:\\\/\\\/www.cetys.mx\\\/noticias\\\/#website\",\"url\":\"https:\\\/\\\/www.cetys.mx\\\/noticias\\\/\",\"name\":\"CETYS\",\"description\":\"\",\"potentialAction\":[{\"@type\":\"SearchAction\",\"target\":{\"@type\":\"EntryPoint\",\"urlTemplate\":\"https:\\\/\\\/www.cetys.mx\\\/noticias\\\/?s={search_term_string}\"},\"query-input\":{\"@type\":\"PropertyValueSpecification\",\"valueRequired\":true,\"valueName\":\"search_term_string\"}}],\"inLanguage\":\"es\"},{\"@type\":\"Person\",\"@id\":\"https:\\\/\\\/www.cetys.mx\\\/noticias\\\/#\\\/schema\\\/person\\\/79a95c4ac185f3705cf1b9c9340a5f70\",\"name\":\"Campus Mexicali\",\"url\":\"https:\\\/\\\/www.cetys.mx\\\/noticias\\\/author\\\/campusmexicali\\\/\"}]}<\/script>\n<!-- \/ Yoast SEO plugin. -->","yoast_head_json":{"title":"Impacta CETYS a trav\u00e9s de voluntariado en la comunidad - CETYS","description":"Joel Villavicencio, Director de CETYS Alumni en Mexicali, miembro de Cadenas de Ayuda recib\u00f3\u00a0el Reconocimiento al Mejor Lugar para hacer Voluntariados.","robots":{"index":"index","follow":"follow","max-snippet":"max-snippet:-1","max-image-preview":"max-image-preview:large","max-video-preview":"max-video-preview:-1"},"canonical":"https:\/\/www.cetys.mx\/noticias\/impacta-cetys-a-traves-de-voluntariado-en-la-comunidad\/","og_locale":"es_MX","og_type":"article","og_title":"Impacta CETYS a trav\u00e9s de voluntariado en la comunidad - CETYS","og_description":"Joel Villavicencio, Director de CETYS Alumni en Mexicali, miembro de Cadenas de Ayuda recib\u00f3\u00a0el Reconocimiento al Mejor Lugar para hacer Voluntariados.","og_url":"https:\/\/www.cetys.mx\/noticias\/impacta-cetys-a-traves-de-voluntariado-en-la-comunidad\/","og_site_name":"CETYS","article_publisher":"https:\/\/www.facebook.com\/cetysuniversidadmxl\/","article_published_time":"2020-01-29T01:18:48+00:00","article_modified_time":"2020-02-01T00:01:59+00:00","og_image":[{"width":958,"height":637,"url":"https:\/\/www.cetys.mx\/noticias\/wp-content\/uploads\/2020\/01\/cadenadeayudas1.jpg","type":"image\/jpeg"}],"author":"Campus Mexicali","twitter_card":"summary_large_image","twitter_creator":"@cetysuni","twitter_site":"@cetysuni","twitter_misc":{"Escrito por":"Campus Mexicali","Tiempo de lectura":"3 minutos"},"schema":{"@context":"https:\/\/schema.org","@graph":[{"@type":"Article","@id":"https:\/\/www.cetys.mx\/noticias\/impacta-cetys-a-traves-de-voluntariado-en-la-comunidad\/#article","isPartOf":{"@id":"https:\/\/www.cetys.mx\/noticias\/impacta-cetys-a-traves-de-voluntariado-en-la-comunidad\/"},"author":{"name":"Campus Mexicali","@id":"https:\/\/www.cetys.mx\/noticias\/#\/schema\/person\/79a95c4ac185f3705cf1b9c9340a5f70"},"headline":"Impacta CETYS a trav\u00e9s de voluntariado en la comunidad","datePublished":"2020-01-29T01:18:48+00:00","dateModified":"2020-02-01T00:01:59+00:00","mainEntityOfPage":{"@id":"https:\/\/www.cetys.mx\/noticias\/impacta-cetys-a-traves-de-voluntariado-en-la-comunidad\/"},"wordCount":577,"commentCount":0,"image":{"@id":"https:\/\/www.cetys.mx\/noticias\/impacta-cetys-a-traves-de-voluntariado-en-la-comunidad\/#primaryimage"},"thumbnailUrl":"https:\/\/www.cetys.mx\/noticias\/wp-content\/uploads\/2020\/01\/cadenadeayudas1.jpg","keywords":["Cadenas de Ayuda","CETYS Alumni","CETYS Campus Mexicali","filantropia","vocetys-2020-01-31","vocetys-2020-02-04","voluntariado"],"articleSection":["Alumni","Campus Mexicali","Comunidad","Portada","VoCETYS"],"inLanguage":"es","potentialAction":[{"@type":"CommentAction","name":"Comment","target":["https:\/\/www.cetys.mx\/noticias\/impacta-cetys-a-traves-de-voluntariado-en-la-comunidad\/#respond"]}]},{"@type":"WebPage","@id":"https:\/\/www.cetys.mx\/noticias\/impacta-cetys-a-traves-de-voluntariado-en-la-comunidad\/","url":"https:\/\/www.cetys.mx\/noticias\/impacta-cetys-a-traves-de-voluntariado-en-la-comunidad\/","name":"Impacta CETYS a trav\u00e9s de voluntariado en la comunidad - CETYS","isPartOf":{"@id":"https:\/\/www.cetys.mx\/noticias\/#website"},"primaryImageOfPage":{"@id":"https:\/\/www.cetys.mx\/noticias\/impacta-cetys-a-traves-de-voluntariado-en-la-comunidad\/#primaryimage"},"image":{"@id":"https:\/\/www.cetys.mx\/noticias\/impacta-cetys-a-traves-de-voluntariado-en-la-comunidad\/#primaryimage"},"thumbnailUrl":"https:\/\/www.cetys.mx\/noticias\/wp-content\/uploads\/2020\/01\/cadenadeayudas1.jpg","datePublished":"2020-01-29T01:18:48+00:00","dateModified":"2020-02-01T00:01:59+00:00","author":{"@id":"https:\/\/www.cetys.mx\/noticias\/#\/schema\/person\/79a95c4ac185f3705cf1b9c9340a5f70"},"description":"Joel Villavicencio, Director de CETYS Alumni en Mexicali, miembro de Cadenas de Ayuda recib\u00f3\u00a0el Reconocimiento al Mejor Lugar para hacer Voluntariados.","breadcrumb":{"@id":"https:\/\/www.cetys.mx\/noticias\/impacta-cetys-a-traves-de-voluntariado-en-la-comunidad\/#breadcrumb"},"inLanguage":"es","potentialAction":[{"@type":"ReadAction","target":["https:\/\/www.cetys.mx\/noticias\/impacta-cetys-a-traves-de-voluntariado-en-la-comunidad\/"]}]},{"@type":"ImageObject","inLanguage":"es","@id":"https:\/\/www.cetys.mx\/noticias\/impacta-cetys-a-traves-de-voluntariado-en-la-comunidad\/#primaryimage","url":"https:\/\/www.cetys.mx\/noticias\/wp-content\/uploads\/2020\/01\/cadenadeayudas1.jpg","contentUrl":"https:\/\/www.cetys.mx\/noticias\/wp-content\/uploads\/2020\/01\/cadenadeayudas1.jpg","width":958,"height":637},{"@type":"BreadcrumbList","@id":"https:\/\/www.cetys.mx\/noticias\/impacta-cetys-a-traves-de-voluntariado-en-la-comunidad\/#breadcrumb","itemListElement":[{"@type":"ListItem","position":1,"name":"Inicio","item":"https:\/\/www.cetys.mx\/noticias\/"},{"@type":"ListItem","position":2,"name":"Impacta CETYS a trav\u00e9s de voluntariado en la comunidad"}]},{"@type":"WebSite","@id":"https:\/\/www.cetys.mx\/noticias\/#website","url":"https:\/\/www.cetys.mx\/noticias\/","name":"CETYS","description":"","potentialAction":[{"@type":"SearchAction","target":{"@type":"EntryPoint","urlTemplate":"https:\/\/www.cetys.mx\/noticias\/?s={search_term_string}"},"query-input":{"@type":"PropertyValueSpecification","valueRequired":true,"valueName":"search_term_string"}}],"inLanguage":"es"},{"@type":"Person","@id":"https:\/\/www.cetys.mx\/noticias\/#\/schema\/person\/79a95c4ac185f3705cf1b9c9340a5f70","name":"Campus Mexicali","url":"https:\/\/www.cetys.mx\/noticias\/author\/campusmexicali\/"}]}},"_links":{"self":[{"href":"https:\/\/www.cetys.mx\/noticias\/wp-json\/wp\/v2\/posts\/139786","targetHints":{"allow":["GET"]}}],"collection":[{"href":"https:\/\/www.cetys.mx\/noticias\/wp-json\/wp\/v2\/posts"}],"about":[{"href":"https:\/\/www.cetys.mx\/noticias\/wp-json\/wp\/v2\/types\/post"}],"author":[{"embeddable":true,"href":"https:\/\/www.cetys.mx\/noticias\/wp-json\/wp\/v2\/users\/20"}],"replies":[{"embeddable":true,"href":"https:\/\/www.cetys.mx\/noticias\/wp-json\/wp\/v2\/comments?post=139786"}],"version-history":[{"count":0,"href":"https:\/\/www.cetys.mx\/noticias\/wp-json\/wp\/v2\/posts\/139786\/revisions"}],"wp:featuredmedia":[{"embeddable":true,"href":"https:\/\/www.cetys.mx\/noticias\/wp-json\/wp\/v2\/media\/139787"}],"wp:attachment":[{"href":"https:\/\/www.cetys.mx\/noticias\/wp-json\/wp\/v2\/media?parent=139786"}],"wp:term":[{"taxonomy":"category","embeddable":true,"href":"https:\/\/www.cetys.mx\/noticias\/wp-json\/wp\/v2\/categories?post=139786"},{"taxonomy":"post_tag","embeddable":true,"href":"https:\/\/www.cetys.mx\/noticias\/wp-json\/wp\/v2\/tags?post=139786"}],"curies":[{"name":"wp","href":"https:\/\/api.w.org\/{rel}","templated":true}]}}