{"id":139715,"date":"2020-01-27T15:56:42","date_gmt":"2020-01-27T23:56:42","guid":{"rendered":"https:\/\/www.cetys.mx\/noticias\/?p=139715"},"modified":"2020-01-28T15:50:25","modified_gmt":"2020-01-28T23:50:25","slug":"responden-jovenes-a-los-try-outs-de-basquetbol-juvenil","status":"publish","type":"post","link":"https:\/\/www.cetys.mx\/noticias\/responden-jovenes-a-los-try-outs-de-basquetbol-juvenil\/","title":{"rendered":"Responden j\u00f3venes a los Try Outs de Basquetbol Juvenil"},"content":{"rendered":"<div style=\"text-align: justify;\" align=\"justify\">En d\u00edas pasados se llevaron a cabo en el gimansio de basquetbol de CETYS Universidad Campus Mexicali, los Try Outs para pertenecer a los equipos juveniles varoniles de Zorros Basquetbol, con una excelente respuesta de los j\u00f3venes mexicalenses.<\/div>\n<div align=\"justify\"><\/div>\n<div align=\"justify\">\n<div id=\"attachment_139720\" style=\"width: 4522px\" class=\"wp-caption alignnone\"><img loading=\"lazy\" decoding=\"async\" aria-describedby=\"caption-attachment-139720\" class=\"size-full wp-image-139720\" src=\"https:\/\/www.cetys.mx\/noticias\/wp-content\/uploads\/2020\/01\/05_TryOuts.jpg\" alt=\"\" width=\"4512\" height=\"3008\" srcset=\"https:\/\/www.cetys.mx\/noticias\/wp-content\/uploads\/2020\/01\/05_TryOuts.jpg 4512w, https:\/\/www.cetys.mx\/noticias\/wp-content\/uploads\/2020\/01\/05_TryOuts-768x512.jpg 768w\" sizes=\"auto, (max-width: 4512px) 100vw, 4512px\" \/><p id=\"caption-attachment-139720\" class=\"wp-caption-text\">50 j\u00f3venes mexicalenses respondieron al llamado.<\/p><\/div>\n<\/div>\n<div style=\"text-align: justify;\" align=\"justify\"><\/div>\n<div style=\"text-align: justify;\" align=\"justify\">Fidel Baz\u00e1n Nieves, coach de los equipos de basquetbol Juveniles en ramas Femenil y Varonil, as\u00ed como el equipo Mayor en la rama Femenil, nos coment\u00f3 que fueron 50 los j\u00f3venes que realizaron los tests con mucha disciplina y dedicaci\u00f3n.<\/div>\n<div align=\"justify\"><\/div>\n<div align=\"justify\">\n<div id=\"attachment_139716\" style=\"width: 2319px\" class=\"wp-caption alignnone\"><img loading=\"lazy\" decoding=\"async\" aria-describedby=\"caption-attachment-139716\" class=\"size-full wp-image-139716\" src=\"https:\/\/www.cetys.mx\/noticias\/wp-content\/uploads\/2020\/01\/01_FidelBazan.jpg\" alt=\"\" width=\"2309\" height=\"3463\" srcset=\"https:\/\/www.cetys.mx\/noticias\/wp-content\/uploads\/2020\/01\/01_FidelBazan.jpg 2309w, https:\/\/www.cetys.mx\/noticias\/wp-content\/uploads\/2020\/01\/01_FidelBazan-768x1152.jpg 768w\" sizes=\"auto, (max-width: 2309px) 100vw, 2309px\" \/><p id=\"caption-attachment-139716\" class=\"wp-caption-text\">Fidel Baz\u00e1n Nieves.<\/p><\/div>\n<\/div>\n<div style=\"text-align: justify;\" align=\"justify\"><\/div>\n<div style=\"text-align: justify;\" align=\"justify\">\u201cLos aspirantes que ven\u00edan de diferentes instituciones educativas de Mexicali tuvieron una participaci\u00f3n excelente y fueron evaluados en la parte f\u00edsica, t\u00e9cnica y t\u00e1ctica, gracias a los entrenadores Johnny D\u00edaz y V\u00edctor Hugo Cruz, que hicieron posible este primer paso del proyecto\u201d, nos coment\u00f3 Baz\u00e1n.<\/div>\n<div align=\"justify\"><\/div>\n<div align=\"justify\">\n<div id=\"attachment_139717\" style=\"width: 4164px\" class=\"wp-caption alignnone\"><img loading=\"lazy\" decoding=\"async\" aria-describedby=\"caption-attachment-139717\" class=\"size-full wp-image-139717\" src=\"https:\/\/www.cetys.mx\/noticias\/wp-content\/uploads\/2020\/01\/02_VictorHugoCruz.jpg\" alt=\"\" width=\"4154\" height=\"2769\" srcset=\"https:\/\/www.cetys.mx\/noticias\/wp-content\/uploads\/2020\/01\/02_VictorHugoCruz.jpg 4154w, https:\/\/www.cetys.mx\/noticias\/wp-content\/uploads\/2020\/01\/02_VictorHugoCruz-768x512.jpg 768w\" sizes=\"auto, (max-width: 4154px) 100vw, 4154px\" \/><p id=\"caption-attachment-139717\" class=\"wp-caption-text\">V\u00edctor Hugo Cruz.<\/p><\/div>\n<\/div>\n<div style=\"text-align: justify;\" align=\"justify\"><\/div>\n<div style=\"text-align: justify;\" align=\"justify\">El coach tiene la confianza de poder captar al mejor talento de Mexicali, pues dijo que se cuenta con mucho material adem\u00e1s de que continuar\u00e1 el proceso: \u201cEste es el primer filtro, estamos recopilando toda la informaci\u00f3n de cada atleta y vamos a seguir nuestra etapa de reclutamiento\u201d.<\/div>\n<div align=\"justify\"><\/div>\n<div align=\"justify\">\n<div id=\"attachment_139718\" style=\"width: 2374px\" class=\"wp-caption alignnone\"><img loading=\"lazy\" decoding=\"async\" aria-describedby=\"caption-attachment-139718\" class=\"size-full wp-image-139718\" src=\"https:\/\/www.cetys.mx\/noticias\/wp-content\/uploads\/2020\/01\/03_JohnnyDiaz.jpg\" alt=\"\" width=\"2364\" height=\"3546\" srcset=\"https:\/\/www.cetys.mx\/noticias\/wp-content\/uploads\/2020\/01\/03_JohnnyDiaz.jpg 2364w, https:\/\/www.cetys.mx\/noticias\/wp-content\/uploads\/2020\/01\/03_JohnnyDiaz-768x1152.jpg 768w\" sizes=\"auto, (max-width: 2364px) 100vw, 2364px\" \/><p id=\"caption-attachment-139718\" class=\"wp-caption-text\">Johnny D\u00edaz.<\/p><\/div>\n<\/div>\n<div style=\"text-align: justify;\" align=\"justify\"><\/div>\n<div style=\"text-align: justify;\" align=\"justify\">Baz\u00e1n coment\u00f3 que al final del proceso se seleccionar\u00e1n a los mejores jugadores que adem\u00e1s cumplan con el perfil que se requiere para encarar las competencias en donde participar\u00e1n los equipos de preparatoria de CETYS Universidad Campus Mexicali.<\/div>\n<div align=\"justify\"><\/div>\n","protected":false},"excerpt":{"rendered":"<p>En d\u00edas pasados se llevaron a cabo en el gimansio de basquetbol de CETYS Universidad Campus Mexicali, los Try Outs para pertenecer&#8230;<\/p>\n","protected":false},"author":20,"featured_media":139719,"comment_status":"open","ping_status":"closed","sticky":false,"template":"","format":"standard","meta":{"footnotes":""},"categories":[133,312,125,105,313],"tags":[438,4156,836,4117,4155,4159],"class_list":["post-139715","post","type-post","status-publish","format-standard","has-post-thumbnail","hentry","category-campus-mexicali","category-deportes","category-portada","category-vida-estudiantil","category-vocetys-2","tag-basquetbol","tag-fidel-bazan","tag-juvenil","tag-temporada-2020","tag-try-outs","tag-vocetys-2020-01-28"],"yoast_head":"<!-- This site is optimized with the Yoast SEO plugin v27.4 - https:\/\/yoast.com\/product\/yoast-seo-wordpress\/ -->\n<title>Responden j\u00f3venes a los Try Outs de Basquetbol Juvenil - CETYS<\/title>\n<meta name=\"description\" content=\"Articulo sobre Responden j\u00f3venes a los Try Outs de Basquetbol Juvenil\" \/>\n<meta name=\"robots\" content=\"index, follow, max-snippet:-1, max-image-preview:large, max-video-preview:-1\" \/>\n<link rel=\"canonical\" href=\"https:\/\/www.cetys.mx\/noticias\/responden-jovenes-a-los-try-outs-de-basquetbol-juvenil\/\" \/>\n<meta property=\"og:locale\" content=\"es_MX\" \/>\n<meta property=\"og:type\" content=\"article\" \/>\n<meta property=\"og:title\" content=\"Responden j\u00f3venes a los Try Outs de Basquetbol Juvenil - CETYS\" \/>\n<meta property=\"og:description\" content=\"Articulo sobre Responden j\u00f3venes a los Try Outs de Basquetbol Juvenil\" \/>\n<meta property=\"og:url\" content=\"https:\/\/www.cetys.mx\/noticias\/responden-jovenes-a-los-try-outs-de-basquetbol-juvenil\/\" \/>\n<meta property=\"og:site_name\" content=\"CETYS\" \/>\n<meta property=\"article:publisher\" content=\"https:\/\/www.facebook.com\/cetysuniversidadmxl\/\" \/>\n<meta property=\"article:published_time\" content=\"2020-01-27T23:56:42+00:00\" \/>\n<meta property=\"article:modified_time\" content=\"2020-01-28T23:50:25+00:00\" \/>\n<meta property=\"og:image\" content=\"https:\/\/www.cetys.mx\/noticias\/wp-content\/uploads\/2020\/01\/04_TryOuts.jpg\" \/>\n\t<meta property=\"og:image:width\" content=\"3106\" \/>\n\t<meta property=\"og:image:height\" content=\"2070\" \/>\n\t<meta property=\"og:image:type\" content=\"image\/jpeg\" \/>\n<meta name=\"author\" content=\"Campus Mexicali\" \/>\n<meta name=\"twitter:card\" content=\"summary_large_image\" \/>\n<meta name=\"twitter:creator\" content=\"@cetysuni\" \/>\n<meta name=\"twitter:site\" content=\"@cetysuni\" \/>\n<meta name=\"twitter:label1\" content=\"Escrito por\" \/>\n\t<meta name=\"twitter:data1\" content=\"Campus Mexicali\" \/>\n\t<meta name=\"twitter:label2\" content=\"Tiempo de lectura\" \/>\n\t<meta name=\"twitter:data2\" content=\"1 minuto\" \/>\n<script type=\"application\/ld+json\" class=\"yoast-schema-graph\">{\"@context\":\"https:\\\/\\\/schema.org\",\"@graph\":[{\"@type\":\"Article\",\"@id\":\"https:\\\/\\\/www.cetys.mx\\\/noticias\\\/responden-jovenes-a-los-try-outs-de-basquetbol-juvenil\\\/#article\",\"isPartOf\":{\"@id\":\"https:\\\/\\\/www.cetys.mx\\\/noticias\\\/responden-jovenes-a-los-try-outs-de-basquetbol-juvenil\\\/\"},\"author\":{\"name\":\"Campus Mexicali\",\"@id\":\"https:\\\/\\\/www.cetys.mx\\\/noticias\\\/#\\\/schema\\\/person\\\/79a95c4ac185f3705cf1b9c9340a5f70\"},\"headline\":\"Responden j\u00f3venes a los Try Outs de Basquetbol Juvenil\",\"datePublished\":\"2020-01-27T23:56:42+00:00\",\"dateModified\":\"2020-01-28T23:50:25+00:00\",\"mainEntityOfPage\":{\"@id\":\"https:\\\/\\\/www.cetys.mx\\\/noticias\\\/responden-jovenes-a-los-try-outs-de-basquetbol-juvenil\\\/\"},\"wordCount\":282,\"commentCount\":0,\"image\":{\"@id\":\"https:\\\/\\\/www.cetys.mx\\\/noticias\\\/responden-jovenes-a-los-try-outs-de-basquetbol-juvenil\\\/#primaryimage\"},\"thumbnailUrl\":\"https:\\\/\\\/www.cetys.mx\\\/noticias\\\/wp-content\\\/uploads\\\/2020\\\/01\\\/04_TryOuts.jpg\",\"keywords\":[\"Basquetbol\",\"Fidel Baz\u00e1n\",\"Juvenil\",\"Temporada 2020\",\"Try Outs\",\"vocetys-2020-01-28\"],\"articleSection\":[\"Campus Mexicali\",\"Deportes\",\"Portada\",\"Vida Estudiantil\",\"VoCETYS\"],\"inLanguage\":\"es\",\"potentialAction\":[{\"@type\":\"CommentAction\",\"name\":\"Comment\",\"target\":[\"https:\\\/\\\/www.cetys.mx\\\/noticias\\\/responden-jovenes-a-los-try-outs-de-basquetbol-juvenil\\\/#respond\"]}]},{\"@type\":\"WebPage\",\"@id\":\"https:\\\/\\\/www.cetys.mx\\\/noticias\\\/responden-jovenes-a-los-try-outs-de-basquetbol-juvenil\\\/\",\"url\":\"https:\\\/\\\/www.cetys.mx\\\/noticias\\\/responden-jovenes-a-los-try-outs-de-basquetbol-juvenil\\\/\",\"name\":\"Responden j\u00f3venes a los Try Outs de Basquetbol Juvenil - CETYS\",\"isPartOf\":{\"@id\":\"https:\\\/\\\/www.cetys.mx\\\/noticias\\\/#website\"},\"primaryImageOfPage\":{\"@id\":\"https:\\\/\\\/www.cetys.mx\\\/noticias\\\/responden-jovenes-a-los-try-outs-de-basquetbol-juvenil\\\/#primaryimage\"},\"image\":{\"@id\":\"https:\\\/\\\/www.cetys.mx\\\/noticias\\\/responden-jovenes-a-los-try-outs-de-basquetbol-juvenil\\\/#primaryimage\"},\"thumbnailUrl\":\"https:\\\/\\\/www.cetys.mx\\\/noticias\\\/wp-content\\\/uploads\\\/2020\\\/01\\\/04_TryOuts.jpg\",\"datePublished\":\"2020-01-27T23:56:42+00:00\",\"dateModified\":\"2020-01-28T23:50:25+00:00\",\"author\":{\"@id\":\"https:\\\/\\\/www.cetys.mx\\\/noticias\\\/#\\\/schema\\\/person\\\/79a95c4ac185f3705cf1b9c9340a5f70\"},\"description\":\"Articulo sobre Responden j\u00f3venes a los Try Outs de Basquetbol Juvenil\",\"breadcrumb\":{\"@id\":\"https:\\\/\\\/www.cetys.mx\\\/noticias\\\/responden-jovenes-a-los-try-outs-de-basquetbol-juvenil\\\/#breadcrumb\"},\"inLanguage\":\"es\",\"potentialAction\":[{\"@type\":\"ReadAction\",\"target\":[\"https:\\\/\\\/www.cetys.mx\\\/noticias\\\/responden-jovenes-a-los-try-outs-de-basquetbol-juvenil\\\/\"]}]},{\"@type\":\"ImageObject\",\"inLanguage\":\"es\",\"@id\":\"https:\\\/\\\/www.cetys.mx\\\/noticias\\\/responden-jovenes-a-los-try-outs-de-basquetbol-juvenil\\\/#primaryimage\",\"url\":\"https:\\\/\\\/www.cetys.mx\\\/noticias\\\/wp-content\\\/uploads\\\/2020\\\/01\\\/04_TryOuts.jpg\",\"contentUrl\":\"https:\\\/\\\/www.cetys.mx\\\/noticias\\\/wp-content\\\/uploads\\\/2020\\\/01\\\/04_TryOuts.jpg\",\"width\":3106,\"height\":2070,\"caption\":\"Todo un \u00e9xito los Try Outs de Basquetbol Juvenil\"},{\"@type\":\"BreadcrumbList\",\"@id\":\"https:\\\/\\\/www.cetys.mx\\\/noticias\\\/responden-jovenes-a-los-try-outs-de-basquetbol-juvenil\\\/#breadcrumb\",\"itemListElement\":[{\"@type\":\"ListItem\",\"position\":1,\"name\":\"Inicio\",\"item\":\"https:\\\/\\\/www.cetys.mx\\\/noticias\\\/\"},{\"@type\":\"ListItem\",\"position\":2,\"name\":\"Responden j\u00f3venes a los Try Outs de Basquetbol Juvenil\"}]},{\"@type\":\"WebSite\",\"@id\":\"https:\\\/\\\/www.cetys.mx\\\/noticias\\\/#website\",\"url\":\"https:\\\/\\\/www.cetys.mx\\\/noticias\\\/\",\"name\":\"CETYS\",\"description\":\"\",\"potentialAction\":[{\"@type\":\"SearchAction\",\"target\":{\"@type\":\"EntryPoint\",\"urlTemplate\":\"https:\\\/\\\/www.cetys.mx\\\/noticias\\\/?s={search_term_string}\"},\"query-input\":{\"@type\":\"PropertyValueSpecification\",\"valueRequired\":true,\"valueName\":\"search_term_string\"}}],\"inLanguage\":\"es\"},{\"@type\":\"Person\",\"@id\":\"https:\\\/\\\/www.cetys.mx\\\/noticias\\\/#\\\/schema\\\/person\\\/79a95c4ac185f3705cf1b9c9340a5f70\",\"name\":\"Campus Mexicali\",\"url\":\"https:\\\/\\\/www.cetys.mx\\\/noticias\\\/author\\\/campusmexicali\\\/\"}]}<\/script>\n<!-- \/ Yoast SEO plugin. -->","yoast_head_json":{"title":"Responden j\u00f3venes a los Try Outs de Basquetbol Juvenil - CETYS","description":"Articulo sobre Responden j\u00f3venes a los Try Outs de Basquetbol Juvenil","robots":{"index":"index","follow":"follow","max-snippet":"max-snippet:-1","max-image-preview":"max-image-preview:large","max-video-preview":"max-video-preview:-1"},"canonical":"https:\/\/www.cetys.mx\/noticias\/responden-jovenes-a-los-try-outs-de-basquetbol-juvenil\/","og_locale":"es_MX","og_type":"article","og_title":"Responden j\u00f3venes a los Try Outs de Basquetbol Juvenil - CETYS","og_description":"Articulo sobre Responden j\u00f3venes a los Try Outs de Basquetbol Juvenil","og_url":"https:\/\/www.cetys.mx\/noticias\/responden-jovenes-a-los-try-outs-de-basquetbol-juvenil\/","og_site_name":"CETYS","article_publisher":"https:\/\/www.facebook.com\/cetysuniversidadmxl\/","article_published_time":"2020-01-27T23:56:42+00:00","article_modified_time":"2020-01-28T23:50:25+00:00","og_image":[{"width":3106,"height":2070,"url":"https:\/\/www.cetys.mx\/noticias\/wp-content\/uploads\/2020\/01\/04_TryOuts.jpg","type":"image\/jpeg"}],"author":"Campus Mexicali","twitter_card":"summary_large_image","twitter_creator":"@cetysuni","twitter_site":"@cetysuni","twitter_misc":{"Escrito por":"Campus Mexicali","Tiempo de lectura":"1 minuto"},"schema":{"@context":"https:\/\/schema.org","@graph":[{"@type":"Article","@id":"https:\/\/www.cetys.mx\/noticias\/responden-jovenes-a-los-try-outs-de-basquetbol-juvenil\/#article","isPartOf":{"@id":"https:\/\/www.cetys.mx\/noticias\/responden-jovenes-a-los-try-outs-de-basquetbol-juvenil\/"},"author":{"name":"Campus Mexicali","@id":"https:\/\/www.cetys.mx\/noticias\/#\/schema\/person\/79a95c4ac185f3705cf1b9c9340a5f70"},"headline":"Responden j\u00f3venes a los Try Outs de Basquetbol Juvenil","datePublished":"2020-01-27T23:56:42+00:00","dateModified":"2020-01-28T23:50:25+00:00","mainEntityOfPage":{"@id":"https:\/\/www.cetys.mx\/noticias\/responden-jovenes-a-los-try-outs-de-basquetbol-juvenil\/"},"wordCount":282,"commentCount":0,"image":{"@id":"https:\/\/www.cetys.mx\/noticias\/responden-jovenes-a-los-try-outs-de-basquetbol-juvenil\/#primaryimage"},"thumbnailUrl":"https:\/\/www.cetys.mx\/noticias\/wp-content\/uploads\/2020\/01\/04_TryOuts.jpg","keywords":["Basquetbol","Fidel Baz\u00e1n","Juvenil","Temporada 2020","Try Outs","vocetys-2020-01-28"],"articleSection":["Campus Mexicali","Deportes","Portada","Vida Estudiantil","VoCETYS"],"inLanguage":"es","potentialAction":[{"@type":"CommentAction","name":"Comment","target":["https:\/\/www.cetys.mx\/noticias\/responden-jovenes-a-los-try-outs-de-basquetbol-juvenil\/#respond"]}]},{"@type":"WebPage","@id":"https:\/\/www.cetys.mx\/noticias\/responden-jovenes-a-los-try-outs-de-basquetbol-juvenil\/","url":"https:\/\/www.cetys.mx\/noticias\/responden-jovenes-a-los-try-outs-de-basquetbol-juvenil\/","name":"Responden j\u00f3venes a los Try Outs de Basquetbol Juvenil - CETYS","isPartOf":{"@id":"https:\/\/www.cetys.mx\/noticias\/#website"},"primaryImageOfPage":{"@id":"https:\/\/www.cetys.mx\/noticias\/responden-jovenes-a-los-try-outs-de-basquetbol-juvenil\/#primaryimage"},"image":{"@id":"https:\/\/www.cetys.mx\/noticias\/responden-jovenes-a-los-try-outs-de-basquetbol-juvenil\/#primaryimage"},"thumbnailUrl":"https:\/\/www.cetys.mx\/noticias\/wp-content\/uploads\/2020\/01\/04_TryOuts.jpg","datePublished":"2020-01-27T23:56:42+00:00","dateModified":"2020-01-28T23:50:25+00:00","author":{"@id":"https:\/\/www.cetys.mx\/noticias\/#\/schema\/person\/79a95c4ac185f3705cf1b9c9340a5f70"},"description":"Articulo sobre Responden j\u00f3venes a los Try Outs de Basquetbol Juvenil","breadcrumb":{"@id":"https:\/\/www.cetys.mx\/noticias\/responden-jovenes-a-los-try-outs-de-basquetbol-juvenil\/#breadcrumb"},"inLanguage":"es","potentialAction":[{"@type":"ReadAction","target":["https:\/\/www.cetys.mx\/noticias\/responden-jovenes-a-los-try-outs-de-basquetbol-juvenil\/"]}]},{"@type":"ImageObject","inLanguage":"es","@id":"https:\/\/www.cetys.mx\/noticias\/responden-jovenes-a-los-try-outs-de-basquetbol-juvenil\/#primaryimage","url":"https:\/\/www.cetys.mx\/noticias\/wp-content\/uploads\/2020\/01\/04_TryOuts.jpg","contentUrl":"https:\/\/www.cetys.mx\/noticias\/wp-content\/uploads\/2020\/01\/04_TryOuts.jpg","width":3106,"height":2070,"caption":"Todo un \u00e9xito los Try Outs de Basquetbol Juvenil"},{"@type":"BreadcrumbList","@id":"https:\/\/www.cetys.mx\/noticias\/responden-jovenes-a-los-try-outs-de-basquetbol-juvenil\/#breadcrumb","itemListElement":[{"@type":"ListItem","position":1,"name":"Inicio","item":"https:\/\/www.cetys.mx\/noticias\/"},{"@type":"ListItem","position":2,"name":"Responden j\u00f3venes a los Try Outs de Basquetbol Juvenil"}]},{"@type":"WebSite","@id":"https:\/\/www.cetys.mx\/noticias\/#website","url":"https:\/\/www.cetys.mx\/noticias\/","name":"CETYS","description":"","potentialAction":[{"@type":"SearchAction","target":{"@type":"EntryPoint","urlTemplate":"https:\/\/www.cetys.mx\/noticias\/?s={search_term_string}"},"query-input":{"@type":"PropertyValueSpecification","valueRequired":true,"valueName":"search_term_string"}}],"inLanguage":"es"},{"@type":"Person","@id":"https:\/\/www.cetys.mx\/noticias\/#\/schema\/person\/79a95c4ac185f3705cf1b9c9340a5f70","name":"Campus Mexicali","url":"https:\/\/www.cetys.mx\/noticias\/author\/campusmexicali\/"}]}},"_links":{"self":[{"href":"https:\/\/www.cetys.mx\/noticias\/wp-json\/wp\/v2\/posts\/139715","targetHints":{"allow":["GET"]}}],"collection":[{"href":"https:\/\/www.cetys.mx\/noticias\/wp-json\/wp\/v2\/posts"}],"about":[{"href":"https:\/\/www.cetys.mx\/noticias\/wp-json\/wp\/v2\/types\/post"}],"author":[{"embeddable":true,"href":"https:\/\/www.cetys.mx\/noticias\/wp-json\/wp\/v2\/users\/20"}],"replies":[{"embeddable":true,"href":"https:\/\/www.cetys.mx\/noticias\/wp-json\/wp\/v2\/comments?post=139715"}],"version-history":[{"count":0,"href":"https:\/\/www.cetys.mx\/noticias\/wp-json\/wp\/v2\/posts\/139715\/revisions"}],"wp:featuredmedia":[{"embeddable":true,"href":"https:\/\/www.cetys.mx\/noticias\/wp-json\/wp\/v2\/media\/139719"}],"wp:attachment":[{"href":"https:\/\/www.cetys.mx\/noticias\/wp-json\/wp\/v2\/media?parent=139715"}],"wp:term":[{"taxonomy":"category","embeddable":true,"href":"https:\/\/www.cetys.mx\/noticias\/wp-json\/wp\/v2\/categories?post=139715"},{"taxonomy":"post_tag","embeddable":true,"href":"https:\/\/www.cetys.mx\/noticias\/wp-json\/wp\/v2\/tags?post=139715"}],"curies":[{"name":"wp","href":"https:\/\/api.w.org\/{rel}","templated":true}]}}