{"id":139681,"date":"2020-01-27T09:56:09","date_gmt":"2020-01-27T17:56:09","guid":{"rendered":"https:\/\/www.cetys.mx\/noticias\/?p=139681"},"modified":"2020-01-30T10:56:28","modified_gmt":"2020-01-30T18:56:28","slug":"alumnos-reciben-beca-de-movilidad-internacional-juan-ignacio-guajardo-romero","status":"publish","type":"post","link":"https:\/\/www.cetys.mx\/noticias\/alumnos-reciben-beca-de-movilidad-internacional-juan-ignacio-guajardo-romero\/","title":{"rendered":"Alumnos reciben Beca de Movilidad Internacional"},"content":{"rendered":"<p>Con emotiva ceremonia, fue entregada por s\u00e9ptima ocasi\u00f3n la <strong>Beca de Movilidad Internacional <\/strong><em>\u201cJuan Ignacio Guajardo Romero\u201d<\/em> la cual en esta ocasi\u00f3n benefici\u00f3 a dos alumnos. La ceremonia se llev\u00f3 a cabo en Aula Magna del Edificio de Posgrado en <strong>CETYS campus Tijuana<\/strong>.<\/p>\n<p><strong>Paola Mariana Hern\u00e1ndez,<\/strong> <em>estudiante de Ingenier\u00eda en Dise\u00f1o Gr\u00e1fico Digital<\/em> qui\u00e9n realiza su intercambio a <em>Zeppelin University, Alemania<\/em>; e <strong>Israel Monta\u00f1o Valencia,\u00a0<\/strong><em>estudiante de Ingenier\u00eda en Ciencias Computacionales<\/em> realiza su intercambio en <em>Universidad de Oviedo, Espa\u00f1a;<\/em>\u00a0fueron los merecedores de esta beca que tiene el objetivo de honrar la memoria del joven <em>Juan Ignacio Guajardo Romero<\/em>, una persona l\u00edder, comprometida y con mucha sensibilidad humana, adem\u00e1s de ser un excelente exalumno y deportista de <strong>CETYS Universidad<\/strong>.<\/p>\n<p>Tambi\u00e9n el alumno <strong>Hern\u00e1n Jes\u00fas Salda\u00f1a Toledano<\/strong> beneficiario de la beca 2019 brind\u00f3 testimonio de su experiencia internacional y lo implic\u00f3 para \u00e9l contar con la beca qui\u00e9n realiz\u00f3 su intercambio a <em>Johannes Kepler University en Linz, Austria<\/em>, agradeci\u00f3 a la familia el apoyo por hacer posible este gran sue\u00f1o.<\/p>\n<p>En el evento estuvieron presentes miembros de la <strong>Familia Guajardo Romero<\/strong> y de la <strong>Familia Cervantes Guajardo<\/strong>, as\u00ed como el<strong> Dr. Fernando Le\u00f3n Garc\u00eda,<\/strong> <em>Rector del Sistema CETYS Universidad<\/em>; la <strong>Mtra. Jessica Ibarra Ramonet,<\/strong> <em>Directora del campus Tijuana<\/em>, <em>directivos de CETYS Universidad,<\/em> y los familiares de los beneficiarios quienes recibieron la beca de ambos alumnos que se encuentran ya realizando su intercambio.<\/p>\n","protected":false},"excerpt":{"rendered":"<p>Con emotiva ceremonia, fue entregada por s\u00e9ptima ocasi\u00f3n la Beca de Movilidad Internacional \u201cJuan Ignacio Guajardo Romero\u201d la cual en esta ocasi\u00f3n&#8230;<\/p>\n","protected":false},"author":24,"featured_media":139707,"comment_status":"open","ping_status":"closed","sticky":false,"template":"","format":"gallery","meta":{"footnotes":""},"categories":[134,143,313],"tags":[1283,297,4172],"class_list":["post-139681","post","type-post","status-publish","format-gallery","has-post-thumbnail","hentry","category-campus-tijuana","category-galeria","category-vocetys-2","tag-avance-institucional","tag-campus-tijuana","tag-vocetys-2020-01-30","post_format-post-format-gallery"],"yoast_head":"<!-- This site is optimized with the Yoast SEO plugin v27.4 - https:\/\/yoast.com\/product\/yoast-seo-wordpress\/ -->\n<title>Alumnos reciben Beca de Movilidad Internacional - CETYS<\/title>\n<meta name=\"description\" content=\"Articulo sobre Alumnos reciben Beca de Movilidad Internacional\" \/>\n<meta name=\"robots\" content=\"index, follow, max-snippet:-1, max-image-preview:large, max-video-preview:-1\" \/>\n<link rel=\"canonical\" href=\"https:\/\/www.cetys.mx\/noticias\/alumnos-reciben-beca-de-movilidad-internacional-juan-ignacio-guajardo-romero\/\" \/>\n<meta property=\"og:locale\" content=\"es_MX\" \/>\n<meta property=\"og:type\" content=\"article\" \/>\n<meta property=\"og:title\" content=\"Alumnos reciben Beca de Movilidad Internacional - CETYS\" \/>\n<meta property=\"og:description\" content=\"Articulo sobre Alumnos reciben Beca de Movilidad Internacional\" \/>\n<meta property=\"og:url\" content=\"https:\/\/www.cetys.mx\/noticias\/alumnos-reciben-beca-de-movilidad-internacional-juan-ignacio-guajardo-romero\/\" \/>\n<meta property=\"og:site_name\" content=\"CETYS\" \/>\n<meta property=\"article:publisher\" content=\"https:\/\/www.facebook.com\/cetysuniversidadmxl\/\" \/>\n<meta property=\"article:published_time\" content=\"2020-01-27T17:56:09+00:00\" \/>\n<meta property=\"article:modified_time\" content=\"2020-01-30T18:56:28+00:00\" \/>\n<meta property=\"og:image\" content=\"https:\/\/www.cetys.mx\/noticias\/wp-content\/uploads\/2020\/01\/Entrega-de-Becas-23.jpg\" \/>\n\t<meta property=\"og:image:width\" content=\"957\" \/>\n\t<meta property=\"og:image:height\" content=\"638\" \/>\n\t<meta property=\"og:image:type\" content=\"image\/jpeg\" \/>\n<meta name=\"author\" content=\"Campus Tijuana\" \/>\n<meta name=\"twitter:card\" content=\"summary_large_image\" \/>\n<meta name=\"twitter:creator\" content=\"@cetysuni\" \/>\n<meta name=\"twitter:site\" content=\"@cetysuni\" \/>\n<meta name=\"twitter:label1\" content=\"Escrito por\" \/>\n\t<meta name=\"twitter:data1\" content=\"Campus Tijuana\" \/>\n\t<meta name=\"twitter:label2\" content=\"Tiempo de lectura\" \/>\n\t<meta name=\"twitter:data2\" content=\"1 minuto\" \/>\n<script type=\"application\/ld+json\" class=\"yoast-schema-graph\">{\"@context\":\"https:\\\/\\\/schema.org\",\"@graph\":[{\"@type\":\"Article\",\"@id\":\"https:\\\/\\\/www.cetys.mx\\\/noticias\\\/alumnos-reciben-beca-de-movilidad-internacional-juan-ignacio-guajardo-romero\\\/#article\",\"isPartOf\":{\"@id\":\"https:\\\/\\\/www.cetys.mx\\\/noticias\\\/alumnos-reciben-beca-de-movilidad-internacional-juan-ignacio-guajardo-romero\\\/\"},\"author\":{\"name\":\"Campus Tijuana\",\"@id\":\"https:\\\/\\\/www.cetys.mx\\\/noticias\\\/#\\\/schema\\\/person\\\/e790051ce60e18ae47cfa87011c8653f\"},\"headline\":\"Alumnos reciben Beca de Movilidad Internacional\",\"datePublished\":\"2020-01-27T17:56:09+00:00\",\"dateModified\":\"2020-01-30T18:56:28+00:00\",\"mainEntityOfPage\":{\"@id\":\"https:\\\/\\\/www.cetys.mx\\\/noticias\\\/alumnos-reciben-beca-de-movilidad-internacional-juan-ignacio-guajardo-romero\\\/\"},\"wordCount\":257,\"commentCount\":0,\"image\":{\"@id\":\"https:\\\/\\\/www.cetys.mx\\\/noticias\\\/alumnos-reciben-beca-de-movilidad-internacional-juan-ignacio-guajardo-romero\\\/#primaryimage\"},\"thumbnailUrl\":\"https:\\\/\\\/www.cetys.mx\\\/noticias\\\/wp-content\\\/uploads\\\/2020\\\/01\\\/Entrega-de-Becas-23.jpg\",\"keywords\":[\"Avance Institucional\",\"Campus Tijuana\",\"VOCETYS-2020-01-30\"],\"articleSection\":[\"Campus Tijuana\",\"Galer\u00eda\",\"VoCETYS\"],\"inLanguage\":\"es\",\"potentialAction\":[{\"@type\":\"CommentAction\",\"name\":\"Comment\",\"target\":[\"https:\\\/\\\/www.cetys.mx\\\/noticias\\\/alumnos-reciben-beca-de-movilidad-internacional-juan-ignacio-guajardo-romero\\\/#respond\"]}]},{\"@type\":\"WebPage\",\"@id\":\"https:\\\/\\\/www.cetys.mx\\\/noticias\\\/alumnos-reciben-beca-de-movilidad-internacional-juan-ignacio-guajardo-romero\\\/\",\"url\":\"https:\\\/\\\/www.cetys.mx\\\/noticias\\\/alumnos-reciben-beca-de-movilidad-internacional-juan-ignacio-guajardo-romero\\\/\",\"name\":\"Alumnos reciben Beca de Movilidad Internacional - CETYS\",\"isPartOf\":{\"@id\":\"https:\\\/\\\/www.cetys.mx\\\/noticias\\\/#website\"},\"primaryImageOfPage\":{\"@id\":\"https:\\\/\\\/www.cetys.mx\\\/noticias\\\/alumnos-reciben-beca-de-movilidad-internacional-juan-ignacio-guajardo-romero\\\/#primaryimage\"},\"image\":{\"@id\":\"https:\\\/\\\/www.cetys.mx\\\/noticias\\\/alumnos-reciben-beca-de-movilidad-internacional-juan-ignacio-guajardo-romero\\\/#primaryimage\"},\"thumbnailUrl\":\"https:\\\/\\\/www.cetys.mx\\\/noticias\\\/wp-content\\\/uploads\\\/2020\\\/01\\\/Entrega-de-Becas-23.jpg\",\"datePublished\":\"2020-01-27T17:56:09+00:00\",\"dateModified\":\"2020-01-30T18:56:28+00:00\",\"author\":{\"@id\":\"https:\\\/\\\/www.cetys.mx\\\/noticias\\\/#\\\/schema\\\/person\\\/e790051ce60e18ae47cfa87011c8653f\"},\"description\":\"Articulo sobre Alumnos reciben Beca de Movilidad Internacional\",\"breadcrumb\":{\"@id\":\"https:\\\/\\\/www.cetys.mx\\\/noticias\\\/alumnos-reciben-beca-de-movilidad-internacional-juan-ignacio-guajardo-romero\\\/#breadcrumb\"},\"inLanguage\":\"es\",\"potentialAction\":[{\"@type\":\"ReadAction\",\"target\":[\"https:\\\/\\\/www.cetys.mx\\\/noticias\\\/alumnos-reciben-beca-de-movilidad-internacional-juan-ignacio-guajardo-romero\\\/\"]}]},{\"@type\":\"ImageObject\",\"inLanguage\":\"es\",\"@id\":\"https:\\\/\\\/www.cetys.mx\\\/noticias\\\/alumnos-reciben-beca-de-movilidad-internacional-juan-ignacio-guajardo-romero\\\/#primaryimage\",\"url\":\"https:\\\/\\\/www.cetys.mx\\\/noticias\\\/wp-content\\\/uploads\\\/2020\\\/01\\\/Entrega-de-Becas-23.jpg\",\"contentUrl\":\"https:\\\/\\\/www.cetys.mx\\\/noticias\\\/wp-content\\\/uploads\\\/2020\\\/01\\\/Entrega-de-Becas-23.jpg\",\"width\":957,\"height\":638},{\"@type\":\"BreadcrumbList\",\"@id\":\"https:\\\/\\\/www.cetys.mx\\\/noticias\\\/alumnos-reciben-beca-de-movilidad-internacional-juan-ignacio-guajardo-romero\\\/#breadcrumb\",\"itemListElement\":[{\"@type\":\"ListItem\",\"position\":1,\"name\":\"Inicio\",\"item\":\"https:\\\/\\\/www.cetys.mx\\\/noticias\\\/\"},{\"@type\":\"ListItem\",\"position\":2,\"name\":\"Alumnos reciben Beca de Movilidad Internacional\"}]},{\"@type\":\"WebSite\",\"@id\":\"https:\\\/\\\/www.cetys.mx\\\/noticias\\\/#website\",\"url\":\"https:\\\/\\\/www.cetys.mx\\\/noticias\\\/\",\"name\":\"CETYS\",\"description\":\"\",\"potentialAction\":[{\"@type\":\"SearchAction\",\"target\":{\"@type\":\"EntryPoint\",\"urlTemplate\":\"https:\\\/\\\/www.cetys.mx\\\/noticias\\\/?s={search_term_string}\"},\"query-input\":{\"@type\":\"PropertyValueSpecification\",\"valueRequired\":true,\"valueName\":\"search_term_string\"}}],\"inLanguage\":\"es\"},{\"@type\":\"Person\",\"@id\":\"https:\\\/\\\/www.cetys.mx\\\/noticias\\\/#\\\/schema\\\/person\\\/e790051ce60e18ae47cfa87011c8653f\",\"name\":\"Campus Tijuana\",\"url\":\"https:\\\/\\\/www.cetys.mx\\\/noticias\\\/author\\\/campustijuana\\\/\"}]}<\/script>\n<!-- \/ Yoast SEO plugin. -->","yoast_head_json":{"title":"Alumnos reciben Beca de Movilidad Internacional - CETYS","description":"Articulo sobre Alumnos reciben Beca de Movilidad Internacional","robots":{"index":"index","follow":"follow","max-snippet":"max-snippet:-1","max-image-preview":"max-image-preview:large","max-video-preview":"max-video-preview:-1"},"canonical":"https:\/\/www.cetys.mx\/noticias\/alumnos-reciben-beca-de-movilidad-internacional-juan-ignacio-guajardo-romero\/","og_locale":"es_MX","og_type":"article","og_title":"Alumnos reciben Beca de Movilidad Internacional - CETYS","og_description":"Articulo sobre Alumnos reciben Beca de Movilidad Internacional","og_url":"https:\/\/www.cetys.mx\/noticias\/alumnos-reciben-beca-de-movilidad-internacional-juan-ignacio-guajardo-romero\/","og_site_name":"CETYS","article_publisher":"https:\/\/www.facebook.com\/cetysuniversidadmxl\/","article_published_time":"2020-01-27T17:56:09+00:00","article_modified_time":"2020-01-30T18:56:28+00:00","og_image":[{"width":957,"height":638,"url":"https:\/\/www.cetys.mx\/noticias\/wp-content\/uploads\/2020\/01\/Entrega-de-Becas-23.jpg","type":"image\/jpeg"}],"author":"Campus Tijuana","twitter_card":"summary_large_image","twitter_creator":"@cetysuni","twitter_site":"@cetysuni","twitter_misc":{"Escrito por":"Campus Tijuana","Tiempo de lectura":"1 minuto"},"schema":{"@context":"https:\/\/schema.org","@graph":[{"@type":"Article","@id":"https:\/\/www.cetys.mx\/noticias\/alumnos-reciben-beca-de-movilidad-internacional-juan-ignacio-guajardo-romero\/#article","isPartOf":{"@id":"https:\/\/www.cetys.mx\/noticias\/alumnos-reciben-beca-de-movilidad-internacional-juan-ignacio-guajardo-romero\/"},"author":{"name":"Campus Tijuana","@id":"https:\/\/www.cetys.mx\/noticias\/#\/schema\/person\/e790051ce60e18ae47cfa87011c8653f"},"headline":"Alumnos reciben Beca de Movilidad Internacional","datePublished":"2020-01-27T17:56:09+00:00","dateModified":"2020-01-30T18:56:28+00:00","mainEntityOfPage":{"@id":"https:\/\/www.cetys.mx\/noticias\/alumnos-reciben-beca-de-movilidad-internacional-juan-ignacio-guajardo-romero\/"},"wordCount":257,"commentCount":0,"image":{"@id":"https:\/\/www.cetys.mx\/noticias\/alumnos-reciben-beca-de-movilidad-internacional-juan-ignacio-guajardo-romero\/#primaryimage"},"thumbnailUrl":"https:\/\/www.cetys.mx\/noticias\/wp-content\/uploads\/2020\/01\/Entrega-de-Becas-23.jpg","keywords":["Avance Institucional","Campus Tijuana","VOCETYS-2020-01-30"],"articleSection":["Campus Tijuana","Galer\u00eda","VoCETYS"],"inLanguage":"es","potentialAction":[{"@type":"CommentAction","name":"Comment","target":["https:\/\/www.cetys.mx\/noticias\/alumnos-reciben-beca-de-movilidad-internacional-juan-ignacio-guajardo-romero\/#respond"]}]},{"@type":"WebPage","@id":"https:\/\/www.cetys.mx\/noticias\/alumnos-reciben-beca-de-movilidad-internacional-juan-ignacio-guajardo-romero\/","url":"https:\/\/www.cetys.mx\/noticias\/alumnos-reciben-beca-de-movilidad-internacional-juan-ignacio-guajardo-romero\/","name":"Alumnos reciben Beca de Movilidad Internacional - CETYS","isPartOf":{"@id":"https:\/\/www.cetys.mx\/noticias\/#website"},"primaryImageOfPage":{"@id":"https:\/\/www.cetys.mx\/noticias\/alumnos-reciben-beca-de-movilidad-internacional-juan-ignacio-guajardo-romero\/#primaryimage"},"image":{"@id":"https:\/\/www.cetys.mx\/noticias\/alumnos-reciben-beca-de-movilidad-internacional-juan-ignacio-guajardo-romero\/#primaryimage"},"thumbnailUrl":"https:\/\/www.cetys.mx\/noticias\/wp-content\/uploads\/2020\/01\/Entrega-de-Becas-23.jpg","datePublished":"2020-01-27T17:56:09+00:00","dateModified":"2020-01-30T18:56:28+00:00","author":{"@id":"https:\/\/www.cetys.mx\/noticias\/#\/schema\/person\/e790051ce60e18ae47cfa87011c8653f"},"description":"Articulo sobre Alumnos reciben Beca de Movilidad Internacional","breadcrumb":{"@id":"https:\/\/www.cetys.mx\/noticias\/alumnos-reciben-beca-de-movilidad-internacional-juan-ignacio-guajardo-romero\/#breadcrumb"},"inLanguage":"es","potentialAction":[{"@type":"ReadAction","target":["https:\/\/www.cetys.mx\/noticias\/alumnos-reciben-beca-de-movilidad-internacional-juan-ignacio-guajardo-romero\/"]}]},{"@type":"ImageObject","inLanguage":"es","@id":"https:\/\/www.cetys.mx\/noticias\/alumnos-reciben-beca-de-movilidad-internacional-juan-ignacio-guajardo-romero\/#primaryimage","url":"https:\/\/www.cetys.mx\/noticias\/wp-content\/uploads\/2020\/01\/Entrega-de-Becas-23.jpg","contentUrl":"https:\/\/www.cetys.mx\/noticias\/wp-content\/uploads\/2020\/01\/Entrega-de-Becas-23.jpg","width":957,"height":638},{"@type":"BreadcrumbList","@id":"https:\/\/www.cetys.mx\/noticias\/alumnos-reciben-beca-de-movilidad-internacional-juan-ignacio-guajardo-romero\/#breadcrumb","itemListElement":[{"@type":"ListItem","position":1,"name":"Inicio","item":"https:\/\/www.cetys.mx\/noticias\/"},{"@type":"ListItem","position":2,"name":"Alumnos reciben Beca de Movilidad Internacional"}]},{"@type":"WebSite","@id":"https:\/\/www.cetys.mx\/noticias\/#website","url":"https:\/\/www.cetys.mx\/noticias\/","name":"CETYS","description":"","potentialAction":[{"@type":"SearchAction","target":{"@type":"EntryPoint","urlTemplate":"https:\/\/www.cetys.mx\/noticias\/?s={search_term_string}"},"query-input":{"@type":"PropertyValueSpecification","valueRequired":true,"valueName":"search_term_string"}}],"inLanguage":"es"},{"@type":"Person","@id":"https:\/\/www.cetys.mx\/noticias\/#\/schema\/person\/e790051ce60e18ae47cfa87011c8653f","name":"Campus Tijuana","url":"https:\/\/www.cetys.mx\/noticias\/author\/campustijuana\/"}]}},"_links":{"self":[{"href":"https:\/\/www.cetys.mx\/noticias\/wp-json\/wp\/v2\/posts\/139681","targetHints":{"allow":["GET"]}}],"collection":[{"href":"https:\/\/www.cetys.mx\/noticias\/wp-json\/wp\/v2\/posts"}],"about":[{"href":"https:\/\/www.cetys.mx\/noticias\/wp-json\/wp\/v2\/types\/post"}],"author":[{"embeddable":true,"href":"https:\/\/www.cetys.mx\/noticias\/wp-json\/wp\/v2\/users\/24"}],"replies":[{"embeddable":true,"href":"https:\/\/www.cetys.mx\/noticias\/wp-json\/wp\/v2\/comments?post=139681"}],"version-history":[{"count":0,"href":"https:\/\/www.cetys.mx\/noticias\/wp-json\/wp\/v2\/posts\/139681\/revisions"}],"wp:featuredmedia":[{"embeddable":true,"href":"https:\/\/www.cetys.mx\/noticias\/wp-json\/wp\/v2\/media\/139707"}],"wp:attachment":[{"href":"https:\/\/www.cetys.mx\/noticias\/wp-json\/wp\/v2\/media?parent=139681"}],"wp:term":[{"taxonomy":"category","embeddable":true,"href":"https:\/\/www.cetys.mx\/noticias\/wp-json\/wp\/v2\/categories?post=139681"},{"taxonomy":"post_tag","embeddable":true,"href":"https:\/\/www.cetys.mx\/noticias\/wp-json\/wp\/v2\/tags?post=139681"}],"curies":[{"name":"wp","href":"https:\/\/api.w.org\/{rel}","templated":true}]}}