{"id":139481,"date":"2020-01-21T13:01:46","date_gmt":"2020-01-21T21:01:46","guid":{"rendered":"https:\/\/www.cetys.mx\/noticias\/?p=139481"},"modified":"2020-01-21T13:01:46","modified_gmt":"2020-01-21T21:01:46","slug":"zorros-mexicali-convoca-a-categorias-infantiles-de-futbol-americano","status":"publish","type":"post","link":"https:\/\/www.cetys.mx\/noticias\/zorros-mexicali-convoca-a-categorias-infantiles-de-futbol-americano\/","title":{"rendered":"Zorros Mexicali convoca a Categor\u00edas infantiles de Futbol Americano"},"content":{"rendered":"<p style=\"text-align: justify;\">Desde hace unos d\u00edas se abrieron las convocatorias para todos aquellos j\u00f3venes que quieran pertenecer a los equipos de CETYS Mexicali y los que no han tenido la oportunidad, todav\u00eda pueden ser parte de Zorros, pues las inscripciones siguen abiertas esta semana.<\/p>\n<div id=\"attachment_139483\" style=\"width: 4522px\" class=\"wp-caption alignnone\"><img loading=\"lazy\" decoding=\"async\" aria-describedby=\"caption-attachment-139483\" class=\"size-full wp-image-139483\" src=\"https:\/\/www.cetys.mx\/noticias\/wp-content\/uploads\/2020\/01\/CatInfFBA1.jpg\" alt=\"\" width=\"4512\" height=\"3008\" srcset=\"https:\/\/www.cetys.mx\/noticias\/wp-content\/uploads\/2020\/01\/CatInfFBA1.jpg 4512w, https:\/\/www.cetys.mx\/noticias\/wp-content\/uploads\/2020\/01\/CatInfFBA1-768x512.jpg 768w\" sizes=\"auto, (max-width: 4512px) 100vw, 4512px\" \/><p id=\"caption-attachment-139483\" class=\"wp-caption-text\">Los entrenamientos ya comenzaron.<\/p><\/div>\n<p style=\"text-align: justify;\">El Programa de Futbol Americano en CETYS Campus Mexicali ya se encuentra en entrenamientos para los equipos de Categor\u00eda Infantil Menor e Infantil Mayor, adem\u00e1s de los j\u00f3venes de prepa que integran al equipo Juvenil.<\/p>\n<p style=\"text-align: justify;\">Hermann Erwin Roeniger L\u00e1rraga, coordinador de las categor\u00edas infantiles de Zorros de CETYS Universidad campus Mexicali, coment\u00f3 que el a\u00f1o pasado fue una muy buena temporada para los equipos, pues se ganaron los campeonatos OEFA en las tres categor\u00edas en las que participaron.<\/p>\n<div id=\"attachment_139484\" style=\"width: 4522px\" class=\"wp-caption alignnone\"><img loading=\"lazy\" decoding=\"async\" aria-describedby=\"caption-attachment-139484\" class=\"size-full wp-image-139484\" src=\"https:\/\/www.cetys.mx\/noticias\/wp-content\/uploads\/2020\/01\/CatInfFBA2.jpg\" alt=\"\" width=\"4512\" height=\"3008\" srcset=\"https:\/\/www.cetys.mx\/noticias\/wp-content\/uploads\/2020\/01\/CatInfFBA2.jpg 4512w, https:\/\/www.cetys.mx\/noticias\/wp-content\/uploads\/2020\/01\/CatInfFBA2-768x512.jpg 768w\" sizes=\"auto, (max-width: 4512px) 100vw, 4512px\" \/><p id=\"caption-attachment-139484\" class=\"wp-caption-text\">Los j\u00f3venes ya son parte de la familia CETYS.<\/p><\/div>\n<blockquote>\n<p style=\"text-align: justify;\">Adem\u00e1s, invit\u00f3 a todos aquellos chicos que les guste el Futbol Americano a participar en el programa m\u00e1s exitoso de la regi\u00f3n y pertenecer a la familia CETYS: \u201cLos entrenamientos son de lunes a viernes de 6 a 8 pm, los invitamos, las inscripciones siguen abiertas y nos dar\u00eda mucho gusto que jueguen con nosotros en esta temporada\u201d, finaliz\u00f3 el coach.<\/p>\n<\/blockquote>\n","protected":false},"excerpt":{"rendered":"<p>Desde hace unos d\u00edas se abrieron las convocatorias para todos aquellos j\u00f3venes que quieran pertenecer a los equipos de CETYS Mexicali y&#8230;<\/p>\n","protected":false},"author":20,"featured_media":139485,"comment_status":"open","ping_status":"closed","sticky":false,"template":"","format":"standard","meta":{"footnotes":""},"categories":[133,312,125,105],"tags":[1471,933,4134,4135,3604,1019,4117],"class_list":["post-139481","post","type-post","status-publish","format-standard","has-post-thumbnail","hentry","category-campus-mexicali","category-deportes","category-portada","category-vida-estudiantil","tag-campeonato","tag-futbol-americano","tag-infantil-mayor","tag-infantil-menor","tag-juvenil-a","tag-oefa","tag-temporada-2020"],"yoast_head":"<!-- This site is optimized with the Yoast SEO plugin v27.4 - https:\/\/yoast.com\/product\/yoast-seo-wordpress\/ -->\n<title>Zorros Mexicali convoca a Categor\u00edas infantiles de Futbol Americano - CETYS<\/title>\n<meta name=\"description\" content=\"Articulo sobre Zorros Mexicali convoca a Categor\u00edas infantiles de Futbol Americano\" \/>\n<meta name=\"robots\" content=\"index, follow, max-snippet:-1, max-image-preview:large, max-video-preview:-1\" \/>\n<link rel=\"canonical\" href=\"https:\/\/www.cetys.mx\/noticias\/zorros-mexicali-convoca-a-categorias-infantiles-de-futbol-americano\/\" \/>\n<meta property=\"og:locale\" content=\"es_MX\" \/>\n<meta property=\"og:type\" content=\"article\" \/>\n<meta property=\"og:title\" content=\"Zorros Mexicali convoca a Categor\u00edas infantiles de Futbol Americano - CETYS\" \/>\n<meta property=\"og:description\" content=\"Articulo sobre Zorros Mexicali convoca a Categor\u00edas infantiles de Futbol Americano\" \/>\n<meta property=\"og:url\" content=\"https:\/\/www.cetys.mx\/noticias\/zorros-mexicali-convoca-a-categorias-infantiles-de-futbol-americano\/\" \/>\n<meta property=\"og:site_name\" content=\"CETYS\" \/>\n<meta property=\"article:publisher\" content=\"https:\/\/www.facebook.com\/cetysuniversidadmxl\/\" \/>\n<meta property=\"article:published_time\" content=\"2020-01-21T21:01:46+00:00\" \/>\n<meta property=\"og:image\" content=\"https:\/\/www.cetys.mx\/noticias\/wp-content\/uploads\/2020\/01\/cetyscampeon7.jpg\" \/>\n\t<meta property=\"og:image:width\" content=\"850\" \/>\n\t<meta property=\"og:image:height\" content=\"567\" \/>\n\t<meta property=\"og:image:type\" content=\"image\/jpeg\" \/>\n<meta name=\"author\" content=\"Campus Mexicali\" \/>\n<meta name=\"twitter:card\" content=\"summary_large_image\" \/>\n<meta name=\"twitter:creator\" content=\"@cetysuni\" \/>\n<meta name=\"twitter:site\" content=\"@cetysuni\" \/>\n<meta name=\"twitter:label1\" content=\"Escrito por\" \/>\n\t<meta name=\"twitter:data1\" content=\"Campus Mexicali\" \/>\n\t<meta name=\"twitter:label2\" content=\"Tiempo de lectura\" \/>\n\t<meta name=\"twitter:data2\" content=\"1 minuto\" \/>\n<script type=\"application\/ld+json\" class=\"yoast-schema-graph\">{\"@context\":\"https:\\\/\\\/schema.org\",\"@graph\":[{\"@type\":\"Article\",\"@id\":\"https:\\\/\\\/www.cetys.mx\\\/noticias\\\/zorros-mexicali-convoca-a-categorias-infantiles-de-futbol-americano\\\/#article\",\"isPartOf\":{\"@id\":\"https:\\\/\\\/www.cetys.mx\\\/noticias\\\/zorros-mexicali-convoca-a-categorias-infantiles-de-futbol-americano\\\/\"},\"author\":{\"name\":\"Campus Mexicali\",\"@id\":\"https:\\\/\\\/www.cetys.mx\\\/noticias\\\/#\\\/schema\\\/person\\\/79a95c4ac185f3705cf1b9c9340a5f70\"},\"headline\":\"Zorros Mexicali convoca a Categor\u00edas infantiles de Futbol Americano\",\"datePublished\":\"2020-01-21T21:01:46+00:00\",\"mainEntityOfPage\":{\"@id\":\"https:\\\/\\\/www.cetys.mx\\\/noticias\\\/zorros-mexicali-convoca-a-categorias-infantiles-de-futbol-americano\\\/\"},\"wordCount\":231,\"commentCount\":0,\"image\":{\"@id\":\"https:\\\/\\\/www.cetys.mx\\\/noticias\\\/zorros-mexicali-convoca-a-categorias-infantiles-de-futbol-americano\\\/#primaryimage\"},\"thumbnailUrl\":\"https:\\\/\\\/www.cetys.mx\\\/noticias\\\/wp-content\\\/uploads\\\/2020\\\/01\\\/cetyscampeon7.jpg\",\"keywords\":[\"Campeonato\",\"Futbol Americano\",\"Infantil Mayor\",\"Infantil Menor\",\"Juvenil A\",\"OEFA\",\"Temporada 2020\"],\"articleSection\":[\"Campus Mexicali\",\"Deportes\",\"Portada\",\"Vida Estudiantil\"],\"inLanguage\":\"es\",\"potentialAction\":[{\"@type\":\"CommentAction\",\"name\":\"Comment\",\"target\":[\"https:\\\/\\\/www.cetys.mx\\\/noticias\\\/zorros-mexicali-convoca-a-categorias-infantiles-de-futbol-americano\\\/#respond\"]}]},{\"@type\":\"WebPage\",\"@id\":\"https:\\\/\\\/www.cetys.mx\\\/noticias\\\/zorros-mexicali-convoca-a-categorias-infantiles-de-futbol-americano\\\/\",\"url\":\"https:\\\/\\\/www.cetys.mx\\\/noticias\\\/zorros-mexicali-convoca-a-categorias-infantiles-de-futbol-americano\\\/\",\"name\":\"Zorros Mexicali convoca a Categor\u00edas infantiles de Futbol Americano - CETYS\",\"isPartOf\":{\"@id\":\"https:\\\/\\\/www.cetys.mx\\\/noticias\\\/#website\"},\"primaryImageOfPage\":{\"@id\":\"https:\\\/\\\/www.cetys.mx\\\/noticias\\\/zorros-mexicali-convoca-a-categorias-infantiles-de-futbol-americano\\\/#primaryimage\"},\"image\":{\"@id\":\"https:\\\/\\\/www.cetys.mx\\\/noticias\\\/zorros-mexicali-convoca-a-categorias-infantiles-de-futbol-americano\\\/#primaryimage\"},\"thumbnailUrl\":\"https:\\\/\\\/www.cetys.mx\\\/noticias\\\/wp-content\\\/uploads\\\/2020\\\/01\\\/cetyscampeon7.jpg\",\"datePublished\":\"2020-01-21T21:01:46+00:00\",\"author\":{\"@id\":\"https:\\\/\\\/www.cetys.mx\\\/noticias\\\/#\\\/schema\\\/person\\\/79a95c4ac185f3705cf1b9c9340a5f70\"},\"description\":\"Articulo sobre Zorros Mexicali convoca a Categor\u00edas infantiles de Futbol Americano\",\"breadcrumb\":{\"@id\":\"https:\\\/\\\/www.cetys.mx\\\/noticias\\\/zorros-mexicali-convoca-a-categorias-infantiles-de-futbol-americano\\\/#breadcrumb\"},\"inLanguage\":\"es\",\"potentialAction\":[{\"@type\":\"ReadAction\",\"target\":[\"https:\\\/\\\/www.cetys.mx\\\/noticias\\\/zorros-mexicali-convoca-a-categorias-infantiles-de-futbol-americano\\\/\"]}]},{\"@type\":\"ImageObject\",\"inLanguage\":\"es\",\"@id\":\"https:\\\/\\\/www.cetys.mx\\\/noticias\\\/zorros-mexicali-convoca-a-categorias-infantiles-de-futbol-americano\\\/#primaryimage\",\"url\":\"https:\\\/\\\/www.cetys.mx\\\/noticias\\\/wp-content\\\/uploads\\\/2020\\\/01\\\/cetyscampeon7.jpg\",\"contentUrl\":\"https:\\\/\\\/www.cetys.mx\\\/noticias\\\/wp-content\\\/uploads\\\/2020\\\/01\\\/cetyscampeon7.jpg\",\"width\":850,\"height\":567,\"caption\":\"Los Zorros son los actuales Campeones de Infantil Menor, Mayor y Juvenil A\"},{\"@type\":\"BreadcrumbList\",\"@id\":\"https:\\\/\\\/www.cetys.mx\\\/noticias\\\/zorros-mexicali-convoca-a-categorias-infantiles-de-futbol-americano\\\/#breadcrumb\",\"itemListElement\":[{\"@type\":\"ListItem\",\"position\":1,\"name\":\"Inicio\",\"item\":\"https:\\\/\\\/www.cetys.mx\\\/noticias\\\/\"},{\"@type\":\"ListItem\",\"position\":2,\"name\":\"Zorros Mexicali convoca a Categor\u00edas infantiles de Futbol Americano\"}]},{\"@type\":\"WebSite\",\"@id\":\"https:\\\/\\\/www.cetys.mx\\\/noticias\\\/#website\",\"url\":\"https:\\\/\\\/www.cetys.mx\\\/noticias\\\/\",\"name\":\"CETYS\",\"description\":\"\",\"potentialAction\":[{\"@type\":\"SearchAction\",\"target\":{\"@type\":\"EntryPoint\",\"urlTemplate\":\"https:\\\/\\\/www.cetys.mx\\\/noticias\\\/?s={search_term_string}\"},\"query-input\":{\"@type\":\"PropertyValueSpecification\",\"valueRequired\":true,\"valueName\":\"search_term_string\"}}],\"inLanguage\":\"es\"},{\"@type\":\"Person\",\"@id\":\"https:\\\/\\\/www.cetys.mx\\\/noticias\\\/#\\\/schema\\\/person\\\/79a95c4ac185f3705cf1b9c9340a5f70\",\"name\":\"Campus Mexicali\",\"url\":\"https:\\\/\\\/www.cetys.mx\\\/noticias\\\/author\\\/campusmexicali\\\/\"}]}<\/script>\n<!-- \/ Yoast SEO plugin. -->","yoast_head_json":{"title":"Zorros Mexicali convoca a Categor\u00edas infantiles de Futbol Americano - CETYS","description":"Articulo sobre Zorros Mexicali convoca a Categor\u00edas infantiles de Futbol Americano","robots":{"index":"index","follow":"follow","max-snippet":"max-snippet:-1","max-image-preview":"max-image-preview:large","max-video-preview":"max-video-preview:-1"},"canonical":"https:\/\/www.cetys.mx\/noticias\/zorros-mexicali-convoca-a-categorias-infantiles-de-futbol-americano\/","og_locale":"es_MX","og_type":"article","og_title":"Zorros Mexicali convoca a Categor\u00edas infantiles de Futbol Americano - CETYS","og_description":"Articulo sobre Zorros Mexicali convoca a Categor\u00edas infantiles de Futbol Americano","og_url":"https:\/\/www.cetys.mx\/noticias\/zorros-mexicali-convoca-a-categorias-infantiles-de-futbol-americano\/","og_site_name":"CETYS","article_publisher":"https:\/\/www.facebook.com\/cetysuniversidadmxl\/","article_published_time":"2020-01-21T21:01:46+00:00","og_image":[{"width":850,"height":567,"url":"https:\/\/www.cetys.mx\/noticias\/wp-content\/uploads\/2020\/01\/cetyscampeon7.jpg","type":"image\/jpeg"}],"author":"Campus Mexicali","twitter_card":"summary_large_image","twitter_creator":"@cetysuni","twitter_site":"@cetysuni","twitter_misc":{"Escrito por":"Campus Mexicali","Tiempo de lectura":"1 minuto"},"schema":{"@context":"https:\/\/schema.org","@graph":[{"@type":"Article","@id":"https:\/\/www.cetys.mx\/noticias\/zorros-mexicali-convoca-a-categorias-infantiles-de-futbol-americano\/#article","isPartOf":{"@id":"https:\/\/www.cetys.mx\/noticias\/zorros-mexicali-convoca-a-categorias-infantiles-de-futbol-americano\/"},"author":{"name":"Campus Mexicali","@id":"https:\/\/www.cetys.mx\/noticias\/#\/schema\/person\/79a95c4ac185f3705cf1b9c9340a5f70"},"headline":"Zorros Mexicali convoca a Categor\u00edas infantiles de Futbol Americano","datePublished":"2020-01-21T21:01:46+00:00","mainEntityOfPage":{"@id":"https:\/\/www.cetys.mx\/noticias\/zorros-mexicali-convoca-a-categorias-infantiles-de-futbol-americano\/"},"wordCount":231,"commentCount":0,"image":{"@id":"https:\/\/www.cetys.mx\/noticias\/zorros-mexicali-convoca-a-categorias-infantiles-de-futbol-americano\/#primaryimage"},"thumbnailUrl":"https:\/\/www.cetys.mx\/noticias\/wp-content\/uploads\/2020\/01\/cetyscampeon7.jpg","keywords":["Campeonato","Futbol Americano","Infantil Mayor","Infantil Menor","Juvenil A","OEFA","Temporada 2020"],"articleSection":["Campus Mexicali","Deportes","Portada","Vida Estudiantil"],"inLanguage":"es","potentialAction":[{"@type":"CommentAction","name":"Comment","target":["https:\/\/www.cetys.mx\/noticias\/zorros-mexicali-convoca-a-categorias-infantiles-de-futbol-americano\/#respond"]}]},{"@type":"WebPage","@id":"https:\/\/www.cetys.mx\/noticias\/zorros-mexicali-convoca-a-categorias-infantiles-de-futbol-americano\/","url":"https:\/\/www.cetys.mx\/noticias\/zorros-mexicali-convoca-a-categorias-infantiles-de-futbol-americano\/","name":"Zorros Mexicali convoca a Categor\u00edas infantiles de Futbol Americano - CETYS","isPartOf":{"@id":"https:\/\/www.cetys.mx\/noticias\/#website"},"primaryImageOfPage":{"@id":"https:\/\/www.cetys.mx\/noticias\/zorros-mexicali-convoca-a-categorias-infantiles-de-futbol-americano\/#primaryimage"},"image":{"@id":"https:\/\/www.cetys.mx\/noticias\/zorros-mexicali-convoca-a-categorias-infantiles-de-futbol-americano\/#primaryimage"},"thumbnailUrl":"https:\/\/www.cetys.mx\/noticias\/wp-content\/uploads\/2020\/01\/cetyscampeon7.jpg","datePublished":"2020-01-21T21:01:46+00:00","author":{"@id":"https:\/\/www.cetys.mx\/noticias\/#\/schema\/person\/79a95c4ac185f3705cf1b9c9340a5f70"},"description":"Articulo sobre Zorros Mexicali convoca a Categor\u00edas infantiles de Futbol Americano","breadcrumb":{"@id":"https:\/\/www.cetys.mx\/noticias\/zorros-mexicali-convoca-a-categorias-infantiles-de-futbol-americano\/#breadcrumb"},"inLanguage":"es","potentialAction":[{"@type":"ReadAction","target":["https:\/\/www.cetys.mx\/noticias\/zorros-mexicali-convoca-a-categorias-infantiles-de-futbol-americano\/"]}]},{"@type":"ImageObject","inLanguage":"es","@id":"https:\/\/www.cetys.mx\/noticias\/zorros-mexicali-convoca-a-categorias-infantiles-de-futbol-americano\/#primaryimage","url":"https:\/\/www.cetys.mx\/noticias\/wp-content\/uploads\/2020\/01\/cetyscampeon7.jpg","contentUrl":"https:\/\/www.cetys.mx\/noticias\/wp-content\/uploads\/2020\/01\/cetyscampeon7.jpg","width":850,"height":567,"caption":"Los Zorros son los actuales Campeones de Infantil Menor, Mayor y Juvenil A"},{"@type":"BreadcrumbList","@id":"https:\/\/www.cetys.mx\/noticias\/zorros-mexicali-convoca-a-categorias-infantiles-de-futbol-americano\/#breadcrumb","itemListElement":[{"@type":"ListItem","position":1,"name":"Inicio","item":"https:\/\/www.cetys.mx\/noticias\/"},{"@type":"ListItem","position":2,"name":"Zorros Mexicali convoca a Categor\u00edas infantiles de Futbol Americano"}]},{"@type":"WebSite","@id":"https:\/\/www.cetys.mx\/noticias\/#website","url":"https:\/\/www.cetys.mx\/noticias\/","name":"CETYS","description":"","potentialAction":[{"@type":"SearchAction","target":{"@type":"EntryPoint","urlTemplate":"https:\/\/www.cetys.mx\/noticias\/?s={search_term_string}"},"query-input":{"@type":"PropertyValueSpecification","valueRequired":true,"valueName":"search_term_string"}}],"inLanguage":"es"},{"@type":"Person","@id":"https:\/\/www.cetys.mx\/noticias\/#\/schema\/person\/79a95c4ac185f3705cf1b9c9340a5f70","name":"Campus Mexicali","url":"https:\/\/www.cetys.mx\/noticias\/author\/campusmexicali\/"}]}},"_links":{"self":[{"href":"https:\/\/www.cetys.mx\/noticias\/wp-json\/wp\/v2\/posts\/139481","targetHints":{"allow":["GET"]}}],"collection":[{"href":"https:\/\/www.cetys.mx\/noticias\/wp-json\/wp\/v2\/posts"}],"about":[{"href":"https:\/\/www.cetys.mx\/noticias\/wp-json\/wp\/v2\/types\/post"}],"author":[{"embeddable":true,"href":"https:\/\/www.cetys.mx\/noticias\/wp-json\/wp\/v2\/users\/20"}],"replies":[{"embeddable":true,"href":"https:\/\/www.cetys.mx\/noticias\/wp-json\/wp\/v2\/comments?post=139481"}],"version-history":[{"count":0,"href":"https:\/\/www.cetys.mx\/noticias\/wp-json\/wp\/v2\/posts\/139481\/revisions"}],"wp:featuredmedia":[{"embeddable":true,"href":"https:\/\/www.cetys.mx\/noticias\/wp-json\/wp\/v2\/media\/139485"}],"wp:attachment":[{"href":"https:\/\/www.cetys.mx\/noticias\/wp-json\/wp\/v2\/media?parent=139481"}],"wp:term":[{"taxonomy":"category","embeddable":true,"href":"https:\/\/www.cetys.mx\/noticias\/wp-json\/wp\/v2\/categories?post=139481"},{"taxonomy":"post_tag","embeddable":true,"href":"https:\/\/www.cetys.mx\/noticias\/wp-json\/wp\/v2\/tags?post=139481"}],"curies":[{"name":"wp","href":"https:\/\/api.w.org\/{rel}","templated":true}]}}