{"id":138673,"date":"2019-12-18T19:58:55","date_gmt":"2019-12-19T03:58:55","guid":{"rendered":"https:\/\/www.cetys.mx\/noticias\/?p=138673"},"modified":"2020-03-17T16:15:54","modified_gmt":"2020-03-17T23:15:54","slug":"conoce-al-astronauta-jose-hernandez-catedra-distinguida-cetys-pimsa","status":"publish","type":"post","link":"https:\/\/www.cetys.mx\/noticias\/conoce-al-astronauta-jose-hernandez-catedra-distinguida-cetys-pimsa\/","title":{"rendered":"Conoce al Astronauta Jos\u00e9 Hern\u00e1ndez, C\u00e1tedra Distinguida CETYS-PIMSA"},"content":{"rendered":"<p style=\"text-align: justify;\"><span style=\"font-weight: 400;\">El <strong>Dr. Jos\u00e9 Hern\u00e1ndez,<\/strong> astronauta retirado de la NASA, ahora es parte de la Familia<a href=\"https:\/\/www.cetys.mx\"> CETYS<\/a> al participar en el programa <strong>C\u00e1tedras Distinguidas CETYS-PIMSA<\/strong>, en donde el Dr. Hern\u00e1ndez ha ofrecido conferencias, asesor\u00edas y creado un programa de trabajo conjunto con CETYS Universidad, para el desarrollo e innovaci\u00f3n aeroespacial.<\/span><\/p>\n<p style=\"text-align: justify;\"><span style=\"font-weight: 400;\">Aqu\u00ed te compartimos un poco de la trayectoria del Astronauta Jos\u00e9 Hern\u00e1ndez y el trabajo que realiza en conjunto con CETYS:<\/span><\/p>\n<ul style=\"text-align: justify;\">\n<li style=\"font-weight: 400;\"><span style=\"font-weight: 400;\">El Astronauta, Dr. Jos\u00e9 Hern\u00e1ndez, <strong>trabaja en conjunto con 20 alumnos de las carreras de ingenier\u00eda<\/strong> para la elaboraci\u00f3n y desarrollo de tecnolog\u00eda aeroespacial en sat\u00e9lites, que se espera, puedan estar en \u00f3rbita para el a\u00f1o 2020.<\/span><\/li>\n<li style=\"font-weight: 400;\"><span style=\"font-weight: 400;\">Es en mayo de 2019 que el Dr. Jos\u00e9 Hern\u00e1ndez y el <strong>Dr. Fernando Le\u00f3n Garc\u00eda, Rector de CETYS Universidad,<\/strong> firmaron un convenio de colaboraci\u00f3n para iniciar dicho proyecto de desarrollo tecnol\u00f3gico, nombrado <strong>CETYS Aerospace and Advanced Technologies Group.<\/strong><\/span><\/li>\n<li style=\"font-weight: 400;\"><span style=\"font-weight: 400;\">Con esta colaboraci\u00f3n, acad\u00e9micos y estudiantes de los tres Campus del Sistema CETYS Universidad participar\u00e1n con el astronauta en proyectos en apoyo a la industria aeroespacial de la regi\u00f3n.<\/span><\/li>\n<li style=\"font-weight: 400;\"><span style=\"font-weight: 400;\">El Dr. Hern\u00e1ndez es parte del programa de C\u00e1tedras Distinguidas PIMSA-CETYS, en el cual comparte sus conocimientos con estudiantes y docentes de los tres campus de la Instituci\u00f3n.<\/span><\/li>\n<li style=\"font-weight: 400;\"><span style=\"font-weight: 400;\">\u201cEl cosechador de estrellas\u201d, es la conferencia que Jos\u00e9 Hern\u00e1ndez ha impartido a la Comunidad CETYS, donde platica su trayecto de superaci\u00f3n profesional y personal, lo que lo ha convertido en un referente para los j\u00f3venes que persiguen una carrera en las ciencias aplicadas.<\/span><\/li>\n<li style=\"font-weight: 400;\"><span style=\"font-weight: 400;\">Algunas de las ense\u00f1anzas a los alumnos de esta conferencia fueron: <\/span><span style=\"font-weight: 400;\">definir su meta en la vida, identificar qu\u00e9 tan lejos est\u00e1n de ella, trazar una ruta que los ayudar\u00e1 a llegar a ella, educarse, esforzarse diariamente y el factor sorpresa; <\/span><i><span style=\"font-weight: 400;\">\u201cSiempre dar m\u00e1s de lo que esperan de ti\u201d<\/span><\/i><span style=\"font-weight: 400;\">.<\/span><\/li>\n<li style=\"font-weight: 400;\"><span style=\"font-weight: 400;\">Antes de pertenecer a la <strong>NASA,<\/strong> el Dr. Hern\u00e1ndez fue rechazado por la instituci\u00f3n \u00a111 veces!, <\/span><span style=\"font-weight: 400;\">y fue hasta la doceava ocasi\u00f3n que fue aceptado para la misi\u00f3n 128, siendo el primer Mexicoamericano en participar en un equipo de astronautas.<\/span><\/li>\n<li style=\"font-weight: 400;\"><span style=\"font-weight: 400;\">Desde peque\u00f1o, decidi\u00f3 que quer\u00eda ser astronauta al ver por televisi\u00f3n la transmisi\u00f3n del primer lanzamiento de una misi\u00f3n espacial a la Luna.<\/span><\/li>\n<li style=\"font-weight: 400;\"><span style=\"font-weight: 400;\">Inici\u00f3 sus estudios profesionales en la Universidad del Pac\u00edfico y posgrado en la Universidad de California en Santa B\u00e1rbara.<\/span><\/li>\n<li style=\"font-weight: 400;\"><span style=\"font-weight: 400;\">El astronauta naci\u00f3 en California, un 7 de agosto\u00a0 de 1962, y actualmente tiene 57 a\u00f1os.<\/span><\/li>\n<\/ul>\n<p style=\"text-align: justify;\"><span style=\"font-weight: 400;\">\u201cYo soy un ejemplo de que los sue\u00f1os se pueden cumplir, siempre y cuando trabajes para ello, mi mejor consejo es que definan su meta y se preparen a trav\u00e9s de sus estudios para conseguirlo, nunca dejen de creer en ustedes y tampoco de apostarle a seguir aprendiendo. A m\u00ed me negaron la oportunidad 11 veces, pero nunca me di por vencido\u201d, dijo el astronauta mexicoamericano\u201d, Jos\u00e9 Hern\u00e1ndez.<\/span><\/p>\n<p style=\"text-align: justify;\"><span style=\"font-weight: 400;\">Mira los siguientes videos y conoce m\u00e1s sobre la participaci\u00f3n del Astronauta Jos\u00e9 Hern\u00e1ndez como parte del programa de C\u00e1tedras Distinguidas PIMSA-CETYS:<\/span><\/p>\n<div class=\"video-container\"><iframe loading=\"lazy\" title=\"CETYS y astronauta Jos\u00e9 Hern\u00e1ndez firman convenio de colaboraci\u00f3n\" width=\"500\" height=\"281\" src=\"https:\/\/www.youtube.com\/embed\/z6s1oHKDll8?start=10&#038;feature=oembed\" frameborder=\"0\" allow=\"accelerometer; autoplay; clipboard-write; encrypted-media; gyroscope; picture-in-picture; web-share\" referrerpolicy=\"strict-origin-when-cross-origin\" allowfullscreen><\/iframe><\/div>\n<p>&nbsp;<\/p>\n<div class=\"video-container\"><iframe loading=\"lazy\" title=\"Astronauta Jos\u00e9 Hern\u00e1ndez comparte sus conocimientos en CETYS Universidad\" width=\"500\" height=\"281\" src=\"https:\/\/www.youtube.com\/embed\/BOqfHObX7GI?feature=oembed\" frameborder=\"0\" allow=\"accelerometer; autoplay; clipboard-write; encrypted-media; gyroscope; picture-in-picture; web-share\" referrerpolicy=\"strict-origin-when-cross-origin\" allowfullscreen><\/iframe><\/div>\n","protected":false},"excerpt":{"rendered":"<p>El Dr. Jos\u00e9 Hern\u00e1ndez, astronauta retirado de la NASA, ahora es parte de la Familia CETYS al participar en el programa C\u00e1tedras&#8230;<\/p>\n","protected":false},"author":26,"featured_media":138674,"comment_status":"open","ping_status":"closed","sticky":false,"template":"","format":"standard","meta":{"footnotes":""},"categories":[110,1766,209,125],"tags":[4096,4095],"class_list":["post-138673","post","type-post","status-publish","format-standard","has-post-thumbnail","hentry","category-academia","category-innovacion","category-institucional","category-portada","tag-astornauta-jose-hernandez","tag-catedras-distinguidas-cetys-pimsa"],"yoast_head":"<!-- This site is optimized with the Yoast SEO plugin v27.4 - https:\/\/yoast.com\/product\/yoast-seo-wordpress\/ -->\n<title>Conoce al Astronauta Jos\u00e9 Hern\u00e1ndez, C\u00e1tedra Distinguida CETYS-PIMSA - CETYS<\/title>\n<meta name=\"description\" content=\"Articulo sobre Conoce al Astronauta Jos\u00e9 Hern\u00e1ndez, C\u00e1tedra Distinguida CETYS-PIMSA\" \/>\n<meta name=\"robots\" content=\"index, follow, max-snippet:-1, max-image-preview:large, max-video-preview:-1\" \/>\n<link rel=\"canonical\" href=\"https:\/\/www.cetys.mx\/noticias\/conoce-al-astronauta-jose-hernandez-catedra-distinguida-cetys-pimsa\/\" \/>\n<meta property=\"og:locale\" content=\"es_MX\" \/>\n<meta property=\"og:type\" content=\"article\" \/>\n<meta property=\"og:title\" content=\"Conoce al Astronauta Jos\u00e9 Hern\u00e1ndez, C\u00e1tedra Distinguida CETYS-PIMSA - CETYS\" \/>\n<meta property=\"og:description\" content=\"Articulo sobre Conoce al Astronauta Jos\u00e9 Hern\u00e1ndez, C\u00e1tedra Distinguida CETYS-PIMSA\" \/>\n<meta property=\"og:url\" content=\"https:\/\/www.cetys.mx\/noticias\/conoce-al-astronauta-jose-hernandez-catedra-distinguida-cetys-pimsa\/\" \/>\n<meta property=\"og:site_name\" content=\"CETYS\" \/>\n<meta property=\"article:publisher\" content=\"https:\/\/www.facebook.com\/cetysuniversidadmxl\/\" \/>\n<meta property=\"article:published_time\" content=\"2019-12-19T03:58:55+00:00\" \/>\n<meta property=\"article:modified_time\" content=\"2020-03-17T23:15:54+00:00\" \/>\n<meta property=\"og:image\" content=\"https:\/\/www.cetys.mx\/noticias\/wp-content\/uploads\/2019\/12\/Jose\u0301-Herna\u0301ndez.jpg\" \/>\n\t<meta property=\"og:image:width\" content=\"958\" \/>\n\t<meta property=\"og:image:height\" content=\"637\" \/>\n\t<meta property=\"og:image:type\" content=\"image\/jpeg\" \/>\n<meta name=\"author\" content=\"CETYS Institucional\" \/>\n<meta name=\"twitter:card\" content=\"summary_large_image\" \/>\n<meta name=\"twitter:creator\" content=\"@cetysuni\" \/>\n<meta name=\"twitter:site\" content=\"@cetysuni\" \/>\n<meta name=\"twitter:label1\" content=\"Escrito por\" \/>\n\t<meta name=\"twitter:data1\" content=\"CETYS Institucional\" \/>\n\t<meta name=\"twitter:label2\" content=\"Tiempo de lectura\" \/>\n\t<meta name=\"twitter:data2\" content=\"3 minutos\" \/>\n<script type=\"application\/ld+json\" class=\"yoast-schema-graph\">{\"@context\":\"https:\\\/\\\/schema.org\",\"@graph\":[{\"@type\":\"Article\",\"@id\":\"https:\\\/\\\/www.cetys.mx\\\/noticias\\\/conoce-al-astronauta-jose-hernandez-catedra-distinguida-cetys-pimsa\\\/#article\",\"isPartOf\":{\"@id\":\"https:\\\/\\\/www.cetys.mx\\\/noticias\\\/conoce-al-astronauta-jose-hernandez-catedra-distinguida-cetys-pimsa\\\/\"},\"author\":{\"name\":\"CETYS Institucional\",\"@id\":\"https:\\\/\\\/www.cetys.mx\\\/noticias\\\/#\\\/schema\\\/person\\\/e9d2b35265b64aa454df57a2828eb2ac\"},\"headline\":\"Conoce al Astronauta Jos\u00e9 Hern\u00e1ndez, C\u00e1tedra Distinguida CETYS-PIMSA\",\"datePublished\":\"2019-12-19T03:58:55+00:00\",\"dateModified\":\"2020-03-17T23:15:54+00:00\",\"mainEntityOfPage\":{\"@id\":\"https:\\\/\\\/www.cetys.mx\\\/noticias\\\/conoce-al-astronauta-jose-hernandez-catedra-distinguida-cetys-pimsa\\\/\"},\"wordCount\":559,\"commentCount\":0,\"image\":{\"@id\":\"https:\\\/\\\/www.cetys.mx\\\/noticias\\\/conoce-al-astronauta-jose-hernandez-catedra-distinguida-cetys-pimsa\\\/#primaryimage\"},\"thumbnailUrl\":\"https:\\\/\\\/www.cetys.mx\\\/noticias\\\/wp-content\\\/uploads\\\/2019\\\/12\\\/Jose\u0301-Herna\u0301ndez.jpg\",\"keywords\":[\"Astornauta Jos\u00e9 Hern\u00e1ndez\",\"C\u00e1tedras Distinguidas CETYS -PIMSA\"],\"articleSection\":[\"Academia\",\"Innovaci\u00f3n\",\"Institucional\",\"Portada\"],\"inLanguage\":\"es\",\"potentialAction\":[{\"@type\":\"CommentAction\",\"name\":\"Comment\",\"target\":[\"https:\\\/\\\/www.cetys.mx\\\/noticias\\\/conoce-al-astronauta-jose-hernandez-catedra-distinguida-cetys-pimsa\\\/#respond\"]}]},{\"@type\":\"WebPage\",\"@id\":\"https:\\\/\\\/www.cetys.mx\\\/noticias\\\/conoce-al-astronauta-jose-hernandez-catedra-distinguida-cetys-pimsa\\\/\",\"url\":\"https:\\\/\\\/www.cetys.mx\\\/noticias\\\/conoce-al-astronauta-jose-hernandez-catedra-distinguida-cetys-pimsa\\\/\",\"name\":\"Conoce al Astronauta Jos\u00e9 Hern\u00e1ndez, C\u00e1tedra Distinguida CETYS-PIMSA - CETYS\",\"isPartOf\":{\"@id\":\"https:\\\/\\\/www.cetys.mx\\\/noticias\\\/#website\"},\"primaryImageOfPage\":{\"@id\":\"https:\\\/\\\/www.cetys.mx\\\/noticias\\\/conoce-al-astronauta-jose-hernandez-catedra-distinguida-cetys-pimsa\\\/#primaryimage\"},\"image\":{\"@id\":\"https:\\\/\\\/www.cetys.mx\\\/noticias\\\/conoce-al-astronauta-jose-hernandez-catedra-distinguida-cetys-pimsa\\\/#primaryimage\"},\"thumbnailUrl\":\"https:\\\/\\\/www.cetys.mx\\\/noticias\\\/wp-content\\\/uploads\\\/2019\\\/12\\\/Jose\u0301-Herna\u0301ndez.jpg\",\"datePublished\":\"2019-12-19T03:58:55+00:00\",\"dateModified\":\"2020-03-17T23:15:54+00:00\",\"author\":{\"@id\":\"https:\\\/\\\/www.cetys.mx\\\/noticias\\\/#\\\/schema\\\/person\\\/e9d2b35265b64aa454df57a2828eb2ac\"},\"description\":\"Articulo sobre Conoce al Astronauta Jos\u00e9 Hern\u00e1ndez, C\u00e1tedra Distinguida CETYS-PIMSA\",\"breadcrumb\":{\"@id\":\"https:\\\/\\\/www.cetys.mx\\\/noticias\\\/conoce-al-astronauta-jose-hernandez-catedra-distinguida-cetys-pimsa\\\/#breadcrumb\"},\"inLanguage\":\"es\",\"potentialAction\":[{\"@type\":\"ReadAction\",\"target\":[\"https:\\\/\\\/www.cetys.mx\\\/noticias\\\/conoce-al-astronauta-jose-hernandez-catedra-distinguida-cetys-pimsa\\\/\"]}]},{\"@type\":\"ImageObject\",\"inLanguage\":\"es\",\"@id\":\"https:\\\/\\\/www.cetys.mx\\\/noticias\\\/conoce-al-astronauta-jose-hernandez-catedra-distinguida-cetys-pimsa\\\/#primaryimage\",\"url\":\"https:\\\/\\\/www.cetys.mx\\\/noticias\\\/wp-content\\\/uploads\\\/2019\\\/12\\\/Jose\u0301-Herna\u0301ndez.jpg\",\"contentUrl\":\"https:\\\/\\\/www.cetys.mx\\\/noticias\\\/wp-content\\\/uploads\\\/2019\\\/12\\\/Jose\u0301-Herna\u0301ndez.jpg\",\"width\":958,\"height\":637},{\"@type\":\"BreadcrumbList\",\"@id\":\"https:\\\/\\\/www.cetys.mx\\\/noticias\\\/conoce-al-astronauta-jose-hernandez-catedra-distinguida-cetys-pimsa\\\/#breadcrumb\",\"itemListElement\":[{\"@type\":\"ListItem\",\"position\":1,\"name\":\"Inicio\",\"item\":\"https:\\\/\\\/www.cetys.mx\\\/noticias\\\/\"},{\"@type\":\"ListItem\",\"position\":2,\"name\":\"Conoce al Astronauta Jos\u00e9 Hern\u00e1ndez, C\u00e1tedra Distinguida CETYS-PIMSA\"}]},{\"@type\":\"WebSite\",\"@id\":\"https:\\\/\\\/www.cetys.mx\\\/noticias\\\/#website\",\"url\":\"https:\\\/\\\/www.cetys.mx\\\/noticias\\\/\",\"name\":\"CETYS\",\"description\":\"\",\"potentialAction\":[{\"@type\":\"SearchAction\",\"target\":{\"@type\":\"EntryPoint\",\"urlTemplate\":\"https:\\\/\\\/www.cetys.mx\\\/noticias\\\/?s={search_term_string}\"},\"query-input\":{\"@type\":\"PropertyValueSpecification\",\"valueRequired\":true,\"valueName\":\"search_term_string\"}}],\"inLanguage\":\"es\"},{\"@type\":\"Person\",\"@id\":\"https:\\\/\\\/www.cetys.mx\\\/noticias\\\/#\\\/schema\\\/person\\\/e9d2b35265b64aa454df57a2828eb2ac\",\"name\":\"CETYS Institucional\",\"url\":\"https:\\\/\\\/www.cetys.mx\\\/noticias\\\/author\\\/cetysinstitucional\\\/\"}]}<\/script>\n<!-- \/ Yoast SEO plugin. -->","yoast_head_json":{"title":"Conoce al Astronauta Jos\u00e9 Hern\u00e1ndez, C\u00e1tedra Distinguida CETYS-PIMSA - CETYS","description":"Articulo sobre Conoce al Astronauta Jos\u00e9 Hern\u00e1ndez, C\u00e1tedra Distinguida CETYS-PIMSA","robots":{"index":"index","follow":"follow","max-snippet":"max-snippet:-1","max-image-preview":"max-image-preview:large","max-video-preview":"max-video-preview:-1"},"canonical":"https:\/\/www.cetys.mx\/noticias\/conoce-al-astronauta-jose-hernandez-catedra-distinguida-cetys-pimsa\/","og_locale":"es_MX","og_type":"article","og_title":"Conoce al Astronauta Jos\u00e9 Hern\u00e1ndez, C\u00e1tedra Distinguida CETYS-PIMSA - CETYS","og_description":"Articulo sobre Conoce al Astronauta Jos\u00e9 Hern\u00e1ndez, C\u00e1tedra Distinguida CETYS-PIMSA","og_url":"https:\/\/www.cetys.mx\/noticias\/conoce-al-astronauta-jose-hernandez-catedra-distinguida-cetys-pimsa\/","og_site_name":"CETYS","article_publisher":"https:\/\/www.facebook.com\/cetysuniversidadmxl\/","article_published_time":"2019-12-19T03:58:55+00:00","article_modified_time":"2020-03-17T23:15:54+00:00","og_image":[{"width":958,"height":637,"url":"https:\/\/www.cetys.mx\/noticias\/wp-content\/uploads\/2019\/12\/Jose\u0301-Herna\u0301ndez.jpg","type":"image\/jpeg"}],"author":"CETYS Institucional","twitter_card":"summary_large_image","twitter_creator":"@cetysuni","twitter_site":"@cetysuni","twitter_misc":{"Escrito por":"CETYS Institucional","Tiempo de lectura":"3 minutos"},"schema":{"@context":"https:\/\/schema.org","@graph":[{"@type":"Article","@id":"https:\/\/www.cetys.mx\/noticias\/conoce-al-astronauta-jose-hernandez-catedra-distinguida-cetys-pimsa\/#article","isPartOf":{"@id":"https:\/\/www.cetys.mx\/noticias\/conoce-al-astronauta-jose-hernandez-catedra-distinguida-cetys-pimsa\/"},"author":{"name":"CETYS Institucional","@id":"https:\/\/www.cetys.mx\/noticias\/#\/schema\/person\/e9d2b35265b64aa454df57a2828eb2ac"},"headline":"Conoce al Astronauta Jos\u00e9 Hern\u00e1ndez, C\u00e1tedra Distinguida CETYS-PIMSA","datePublished":"2019-12-19T03:58:55+00:00","dateModified":"2020-03-17T23:15:54+00:00","mainEntityOfPage":{"@id":"https:\/\/www.cetys.mx\/noticias\/conoce-al-astronauta-jose-hernandez-catedra-distinguida-cetys-pimsa\/"},"wordCount":559,"commentCount":0,"image":{"@id":"https:\/\/www.cetys.mx\/noticias\/conoce-al-astronauta-jose-hernandez-catedra-distinguida-cetys-pimsa\/#primaryimage"},"thumbnailUrl":"https:\/\/www.cetys.mx\/noticias\/wp-content\/uploads\/2019\/12\/Jose\u0301-Herna\u0301ndez.jpg","keywords":["Astornauta Jos\u00e9 Hern\u00e1ndez","C\u00e1tedras Distinguidas CETYS -PIMSA"],"articleSection":["Academia","Innovaci\u00f3n","Institucional","Portada"],"inLanguage":"es","potentialAction":[{"@type":"CommentAction","name":"Comment","target":["https:\/\/www.cetys.mx\/noticias\/conoce-al-astronauta-jose-hernandez-catedra-distinguida-cetys-pimsa\/#respond"]}]},{"@type":"WebPage","@id":"https:\/\/www.cetys.mx\/noticias\/conoce-al-astronauta-jose-hernandez-catedra-distinguida-cetys-pimsa\/","url":"https:\/\/www.cetys.mx\/noticias\/conoce-al-astronauta-jose-hernandez-catedra-distinguida-cetys-pimsa\/","name":"Conoce al Astronauta Jos\u00e9 Hern\u00e1ndez, C\u00e1tedra Distinguida CETYS-PIMSA - CETYS","isPartOf":{"@id":"https:\/\/www.cetys.mx\/noticias\/#website"},"primaryImageOfPage":{"@id":"https:\/\/www.cetys.mx\/noticias\/conoce-al-astronauta-jose-hernandez-catedra-distinguida-cetys-pimsa\/#primaryimage"},"image":{"@id":"https:\/\/www.cetys.mx\/noticias\/conoce-al-astronauta-jose-hernandez-catedra-distinguida-cetys-pimsa\/#primaryimage"},"thumbnailUrl":"https:\/\/www.cetys.mx\/noticias\/wp-content\/uploads\/2019\/12\/Jose\u0301-Herna\u0301ndez.jpg","datePublished":"2019-12-19T03:58:55+00:00","dateModified":"2020-03-17T23:15:54+00:00","author":{"@id":"https:\/\/www.cetys.mx\/noticias\/#\/schema\/person\/e9d2b35265b64aa454df57a2828eb2ac"},"description":"Articulo sobre Conoce al Astronauta Jos\u00e9 Hern\u00e1ndez, C\u00e1tedra Distinguida CETYS-PIMSA","breadcrumb":{"@id":"https:\/\/www.cetys.mx\/noticias\/conoce-al-astronauta-jose-hernandez-catedra-distinguida-cetys-pimsa\/#breadcrumb"},"inLanguage":"es","potentialAction":[{"@type":"ReadAction","target":["https:\/\/www.cetys.mx\/noticias\/conoce-al-astronauta-jose-hernandez-catedra-distinguida-cetys-pimsa\/"]}]},{"@type":"ImageObject","inLanguage":"es","@id":"https:\/\/www.cetys.mx\/noticias\/conoce-al-astronauta-jose-hernandez-catedra-distinguida-cetys-pimsa\/#primaryimage","url":"https:\/\/www.cetys.mx\/noticias\/wp-content\/uploads\/2019\/12\/Jose\u0301-Herna\u0301ndez.jpg","contentUrl":"https:\/\/www.cetys.mx\/noticias\/wp-content\/uploads\/2019\/12\/Jose\u0301-Herna\u0301ndez.jpg","width":958,"height":637},{"@type":"BreadcrumbList","@id":"https:\/\/www.cetys.mx\/noticias\/conoce-al-astronauta-jose-hernandez-catedra-distinguida-cetys-pimsa\/#breadcrumb","itemListElement":[{"@type":"ListItem","position":1,"name":"Inicio","item":"https:\/\/www.cetys.mx\/noticias\/"},{"@type":"ListItem","position":2,"name":"Conoce al Astronauta Jos\u00e9 Hern\u00e1ndez, C\u00e1tedra Distinguida CETYS-PIMSA"}]},{"@type":"WebSite","@id":"https:\/\/www.cetys.mx\/noticias\/#website","url":"https:\/\/www.cetys.mx\/noticias\/","name":"CETYS","description":"","potentialAction":[{"@type":"SearchAction","target":{"@type":"EntryPoint","urlTemplate":"https:\/\/www.cetys.mx\/noticias\/?s={search_term_string}"},"query-input":{"@type":"PropertyValueSpecification","valueRequired":true,"valueName":"search_term_string"}}],"inLanguage":"es"},{"@type":"Person","@id":"https:\/\/www.cetys.mx\/noticias\/#\/schema\/person\/e9d2b35265b64aa454df57a2828eb2ac","name":"CETYS Institucional","url":"https:\/\/www.cetys.mx\/noticias\/author\/cetysinstitucional\/"}]}},"_links":{"self":[{"href":"https:\/\/www.cetys.mx\/noticias\/wp-json\/wp\/v2\/posts\/138673","targetHints":{"allow":["GET"]}}],"collection":[{"href":"https:\/\/www.cetys.mx\/noticias\/wp-json\/wp\/v2\/posts"}],"about":[{"href":"https:\/\/www.cetys.mx\/noticias\/wp-json\/wp\/v2\/types\/post"}],"author":[{"embeddable":true,"href":"https:\/\/www.cetys.mx\/noticias\/wp-json\/wp\/v2\/users\/26"}],"replies":[{"embeddable":true,"href":"https:\/\/www.cetys.mx\/noticias\/wp-json\/wp\/v2\/comments?post=138673"}],"version-history":[{"count":0,"href":"https:\/\/www.cetys.mx\/noticias\/wp-json\/wp\/v2\/posts\/138673\/revisions"}],"wp:featuredmedia":[{"embeddable":true,"href":"https:\/\/www.cetys.mx\/noticias\/wp-json\/wp\/v2\/media\/138674"}],"wp:attachment":[{"href":"https:\/\/www.cetys.mx\/noticias\/wp-json\/wp\/v2\/media?parent=138673"}],"wp:term":[{"taxonomy":"category","embeddable":true,"href":"https:\/\/www.cetys.mx\/noticias\/wp-json\/wp\/v2\/categories?post=138673"},{"taxonomy":"post_tag","embeddable":true,"href":"https:\/\/www.cetys.mx\/noticias\/wp-json\/wp\/v2\/tags?post=138673"}],"curies":[{"name":"wp","href":"https:\/\/api.w.org\/{rel}","templated":true}]}}