{"id":137813,"date":"2019-11-29T17:48:19","date_gmt":"2019-11-30T01:48:19","guid":{"rendered":"https:\/\/www.cetys.mx\/noticias\/?p=137813"},"modified":"2019-11-29T17:48:19","modified_gmt":"2019-11-30T01:48:19","slug":"el-apoyo-a-la-educacion-como-incentivo-del-desarrollo-social","status":"publish","type":"post","link":"https:\/\/www.cetys.mx\/noticias\/el-apoyo-a-la-educacion-como-incentivo-del-desarrollo-social\/","title":{"rendered":"El apoyo a la educaci\u00f3n como incentivo del desarrollo social"},"content":{"rendered":"<p>De acuerdo con datos de la Organizaci\u00f3n para la Cooperaci\u00f3n y el Desarrollo Econ\u00f3micos (OCDE), de cada 100 ni\u00f1os que entran a la primaria solo 20 llegan a la universidad y solo el .2% estudia una maestr\u00eda; de los 20 que llegan a la universidad, el 35% realiza sus estudios en instituciones de educaci\u00f3n superior privadas.<\/p>\n<p>Los estudiantes que llegan a realizar sus estudios universitarios en instituciones privadas no son necesariamente gente de clase alta, como muchos podr\u00e1n pensar, para el C.P. Efra\u00edn Ler\u00e9e, Director de Avance Institucional de <a href=\"https:\/\/www.cetys.mx\/campus-ensenada\/\">CETYS Ensenada<\/a>, esto no es m\u00e1s que un mito.<\/p>\n<p>Por ello, destac\u00f3 que actualmente en el Sistema CETYS Universidad 8 de cada 10 estudiantes cuentan con un apoyo financiero que les permite continuar con sus estudios, sobre todo porque se trata de j\u00f3venes que destacan en parte acad\u00e9mica, cultural y deportiva.<\/p>\n<blockquote><p>\u201cHay mucho que hacer en temas de educaci\u00f3n, ya sea a trav\u00e9s de instituciones p\u00fablicas o privadas se deben implementar iniciativas que cambien para bien la vida de j\u00f3venes talentosos. Se trata de invertir tiempo, talento y recursos en aquello que resulta la base para el desarrollo sostenido de cualquier sociedad a trav\u00e9s de actos filantr\u00f3picos\u201d.<\/p><\/blockquote>\n<p>Entonces, la filantrop\u00eda es un acto de voluntad donde las personas o empresas toman la generosidad, entrega, disposici\u00f3n y responsabilidad c\u00edvica de apoyar causas de inter\u00e9s com\u00fan, en este caso una educaci\u00f3n de calidad que forme profesionistas altamente cualificados capaces de incentivar el desarrollo de la sociedad.<\/p>\n<p>Para Efra\u00edn Ler\u00e9e representa una labor urgente que rebasa el simple acto de transferir dinero a una causa, es un tema que se necesita promover y permear en las nuevas generaciones. \u201cNuestro pa\u00eds necesita de la participaci\u00f3n de todos sin importar en que sector nos encontremos, siempre podemos ayudar al pr\u00f3jimo\u201d.<\/p>\n<p>Mientras que para Christian Mares, egresado de la Licenciatura en Administraci\u00f3n de Empresas del Campus Internacional Ensenada, quien recientemente coloc\u00f3 su placa en el Muro de donantes pro becas, se trata de una oportunidad de inspirar a los dem\u00e1s a ver el tema de donativos por la educaci\u00f3n como gran ejemplo y compromiso con la sociedad y no una obligaci\u00f3n.<\/p>\n<div id=\"attachment_137815\" style=\"width: 667px\" class=\"wp-caption aligncenter\"><img loading=\"lazy\" decoding=\"async\" aria-describedby=\"caption-attachment-137815\" class=\"size-full wp-image-137815\" src=\"https:\/\/www.cetys.mx\/noticias\/wp-content\/uploads\/2019\/11\/Foto-2.jpg\" alt=\"\" width=\"657\" height=\"438\" \/><p id=\"caption-attachment-137815\" class=\"wp-caption-text\">Christian Mares, presidente de APEC.<\/p><\/div>\n<p>Como actual presidente de la Asociaci\u00f3n de Profesionistas Egresados de CETYS (APEC), Christian destac\u00f3 que durante su gesti\u00f3n ofrecieron generar un fondo para apoyar a que un estudiante viva una experiencia internacional, aportaci\u00f3n que ser\u00e1 entregada a mediados del 2020.<\/p>\n<blockquote><p>\u201cCrec\u00ed en una familia que me ense\u00f1\u00f3 que lo m\u00e1s importante es contribuir a la sociedad de cualquier manera aportando algo como muestra de agradecimiento por lo que se nos ha dado, esta es una manera de retribuir a la comunidad de CETYS por la oportunidad de culminar nuestros estudios y haber participado en un intercambio estudiantil\u201d.<\/p><\/blockquote>\n<p>Y finalmente se\u00f1al\u00f3 que \u201cel dinero no debe ser un impedimento para contar con una educaci\u00f3n de calidad, un buen profesionista y una buena empresa saben que su \u00e9xito depende de las condiciones sociales, econ\u00f3micas y de salud de su propia comunidad\u201d.<\/p>\n","protected":false},"excerpt":{"rendered":"<p>De acuerdo con datos de la Organizaci\u00f3n para la Cooperaci\u00f3n y el Desarrollo Econ\u00f3micos (OCDE), de cada 100 ni\u00f1os que entran a&#8230;<\/p>\n","protected":false},"author":23,"featured_media":137814,"comment_status":"open","ping_status":"closed","sticky":false,"template":"","format":"standard","meta":{"footnotes":""},"categories":[132,112,125],"tags":[],"class_list":["post-137813","post","type-post","status-publish","format-standard","has-post-thumbnail","hentry","category-campus-ensenada","category-filantropia","category-portada"],"yoast_head":"<!-- This site is optimized with the Yoast SEO plugin v27.4 - https:\/\/yoast.com\/product\/yoast-seo-wordpress\/ -->\n<title>El apoyo a la educaci\u00f3n como incentivo del desarrollo social - CETYS<\/title>\n<meta name=\"description\" content=\"Articulo sobre El apoyo a la educaci\u00f3n como incentivo del desarrollo social\" \/>\n<meta name=\"robots\" content=\"index, follow, max-snippet:-1, max-image-preview:large, max-video-preview:-1\" \/>\n<link rel=\"canonical\" href=\"https:\/\/www.cetys.mx\/noticias\/el-apoyo-a-la-educacion-como-incentivo-del-desarrollo-social\/\" \/>\n<meta property=\"og:locale\" content=\"es_MX\" \/>\n<meta property=\"og:type\" content=\"article\" \/>\n<meta property=\"og:title\" content=\"El apoyo a la educaci\u00f3n como incentivo del desarrollo social - CETYS\" \/>\n<meta property=\"og:description\" content=\"Articulo sobre El apoyo a la educaci\u00f3n como incentivo del desarrollo social\" \/>\n<meta property=\"og:url\" content=\"https:\/\/www.cetys.mx\/noticias\/el-apoyo-a-la-educacion-como-incentivo-del-desarrollo-social\/\" \/>\n<meta property=\"og:site_name\" content=\"CETYS\" \/>\n<meta property=\"article:publisher\" content=\"https:\/\/www.facebook.com\/cetysuniversidadmxl\/\" \/>\n<meta property=\"article:published_time\" content=\"2019-11-30T01:48:19+00:00\" \/>\n<meta property=\"og:image\" content=\"https:\/\/www.cetys.mx\/noticias\/wp-content\/uploads\/2019\/11\/Foto-1-1.jpg\" \/>\n\t<meta property=\"og:image:width\" content=\"638\" \/>\n\t<meta property=\"og:image:height\" content=\"426\" \/>\n\t<meta property=\"og:image:type\" content=\"image\/jpeg\" \/>\n<meta name=\"author\" content=\"Campus Ensenada\" \/>\n<meta name=\"twitter:card\" content=\"summary_large_image\" \/>\n<meta name=\"twitter:creator\" content=\"@cetysuni\" \/>\n<meta name=\"twitter:site\" content=\"@cetysuni\" \/>\n<meta name=\"twitter:label1\" content=\"Escrito por\" \/>\n\t<meta name=\"twitter:data1\" content=\"Campus Ensenada\" \/>\n\t<meta name=\"twitter:label2\" content=\"Tiempo de lectura\" \/>\n\t<meta name=\"twitter:data2\" content=\"3 minutos\" \/>\n<script type=\"application\/ld+json\" class=\"yoast-schema-graph\">{\"@context\":\"https:\\\/\\\/schema.org\",\"@graph\":[{\"@type\":\"Article\",\"@id\":\"https:\\\/\\\/www.cetys.mx\\\/noticias\\\/el-apoyo-a-la-educacion-como-incentivo-del-desarrollo-social\\\/#article\",\"isPartOf\":{\"@id\":\"https:\\\/\\\/www.cetys.mx\\\/noticias\\\/el-apoyo-a-la-educacion-como-incentivo-del-desarrollo-social\\\/\"},\"author\":{\"name\":\"Campus Ensenada\",\"@id\":\"https:\\\/\\\/www.cetys.mx\\\/noticias\\\/#\\\/schema\\\/person\\\/1a1a88c0b6586e66a2e9e88e07afc712\"},\"headline\":\"El apoyo a la educaci\u00f3n como incentivo del desarrollo social\",\"datePublished\":\"2019-11-30T01:48:19+00:00\",\"mainEntityOfPage\":{\"@id\":\"https:\\\/\\\/www.cetys.mx\\\/noticias\\\/el-apoyo-a-la-educacion-como-incentivo-del-desarrollo-social\\\/\"},\"wordCount\":549,\"commentCount\":0,\"image\":{\"@id\":\"https:\\\/\\\/www.cetys.mx\\\/noticias\\\/el-apoyo-a-la-educacion-como-incentivo-del-desarrollo-social\\\/#primaryimage\"},\"thumbnailUrl\":\"https:\\\/\\\/www.cetys.mx\\\/noticias\\\/wp-content\\\/uploads\\\/2019\\\/11\\\/Foto-1-1.jpg\",\"articleSection\":[\"Campus Ensenada\",\"Filantrop\u00eda\",\"Portada\"],\"inLanguage\":\"es\",\"potentialAction\":[{\"@type\":\"CommentAction\",\"name\":\"Comment\",\"target\":[\"https:\\\/\\\/www.cetys.mx\\\/noticias\\\/el-apoyo-a-la-educacion-como-incentivo-del-desarrollo-social\\\/#respond\"]}]},{\"@type\":\"WebPage\",\"@id\":\"https:\\\/\\\/www.cetys.mx\\\/noticias\\\/el-apoyo-a-la-educacion-como-incentivo-del-desarrollo-social\\\/\",\"url\":\"https:\\\/\\\/www.cetys.mx\\\/noticias\\\/el-apoyo-a-la-educacion-como-incentivo-del-desarrollo-social\\\/\",\"name\":\"El apoyo a la educaci\u00f3n como incentivo del desarrollo social - CETYS\",\"isPartOf\":{\"@id\":\"https:\\\/\\\/www.cetys.mx\\\/noticias\\\/#website\"},\"primaryImageOfPage\":{\"@id\":\"https:\\\/\\\/www.cetys.mx\\\/noticias\\\/el-apoyo-a-la-educacion-como-incentivo-del-desarrollo-social\\\/#primaryimage\"},\"image\":{\"@id\":\"https:\\\/\\\/www.cetys.mx\\\/noticias\\\/el-apoyo-a-la-educacion-como-incentivo-del-desarrollo-social\\\/#primaryimage\"},\"thumbnailUrl\":\"https:\\\/\\\/www.cetys.mx\\\/noticias\\\/wp-content\\\/uploads\\\/2019\\\/11\\\/Foto-1-1.jpg\",\"datePublished\":\"2019-11-30T01:48:19+00:00\",\"author\":{\"@id\":\"https:\\\/\\\/www.cetys.mx\\\/noticias\\\/#\\\/schema\\\/person\\\/1a1a88c0b6586e66a2e9e88e07afc712\"},\"description\":\"Articulo sobre El apoyo a la educaci\u00f3n como incentivo del desarrollo social\",\"breadcrumb\":{\"@id\":\"https:\\\/\\\/www.cetys.mx\\\/noticias\\\/el-apoyo-a-la-educacion-como-incentivo-del-desarrollo-social\\\/#breadcrumb\"},\"inLanguage\":\"es\",\"potentialAction\":[{\"@type\":\"ReadAction\",\"target\":[\"https:\\\/\\\/www.cetys.mx\\\/noticias\\\/el-apoyo-a-la-educacion-como-incentivo-del-desarrollo-social\\\/\"]}]},{\"@type\":\"ImageObject\",\"inLanguage\":\"es\",\"@id\":\"https:\\\/\\\/www.cetys.mx\\\/noticias\\\/el-apoyo-a-la-educacion-como-incentivo-del-desarrollo-social\\\/#primaryimage\",\"url\":\"https:\\\/\\\/www.cetys.mx\\\/noticias\\\/wp-content\\\/uploads\\\/2019\\\/11\\\/Foto-1-1.jpg\",\"contentUrl\":\"https:\\\/\\\/www.cetys.mx\\\/noticias\\\/wp-content\\\/uploads\\\/2019\\\/11\\\/Foto-1-1.jpg\",\"width\":638,\"height\":426,\"caption\":\"8 de cada 19 alumnos de CETYS cuentan con apoyo financiero.\"},{\"@type\":\"BreadcrumbList\",\"@id\":\"https:\\\/\\\/www.cetys.mx\\\/noticias\\\/el-apoyo-a-la-educacion-como-incentivo-del-desarrollo-social\\\/#breadcrumb\",\"itemListElement\":[{\"@type\":\"ListItem\",\"position\":1,\"name\":\"Inicio\",\"item\":\"https:\\\/\\\/www.cetys.mx\\\/noticias\\\/\"},{\"@type\":\"ListItem\",\"position\":2,\"name\":\"El apoyo a la educaci\u00f3n como incentivo del desarrollo social\"}]},{\"@type\":\"WebSite\",\"@id\":\"https:\\\/\\\/www.cetys.mx\\\/noticias\\\/#website\",\"url\":\"https:\\\/\\\/www.cetys.mx\\\/noticias\\\/\",\"name\":\"CETYS\",\"description\":\"\",\"potentialAction\":[{\"@type\":\"SearchAction\",\"target\":{\"@type\":\"EntryPoint\",\"urlTemplate\":\"https:\\\/\\\/www.cetys.mx\\\/noticias\\\/?s={search_term_string}\"},\"query-input\":{\"@type\":\"PropertyValueSpecification\",\"valueRequired\":true,\"valueName\":\"search_term_string\"}}],\"inLanguage\":\"es\"},{\"@type\":\"Person\",\"@id\":\"https:\\\/\\\/www.cetys.mx\\\/noticias\\\/#\\\/schema\\\/person\\\/1a1a88c0b6586e66a2e9e88e07afc712\",\"name\":\"Campus Ensenada\",\"url\":\"https:\\\/\\\/www.cetys.mx\\\/noticias\\\/author\\\/campusensenada\\\/\"}]}<\/script>\n<!-- \/ Yoast SEO plugin. -->","yoast_head_json":{"title":"El apoyo a la educaci\u00f3n como incentivo del desarrollo social - CETYS","description":"Articulo sobre El apoyo a la educaci\u00f3n como incentivo del desarrollo social","robots":{"index":"index","follow":"follow","max-snippet":"max-snippet:-1","max-image-preview":"max-image-preview:large","max-video-preview":"max-video-preview:-1"},"canonical":"https:\/\/www.cetys.mx\/noticias\/el-apoyo-a-la-educacion-como-incentivo-del-desarrollo-social\/","og_locale":"es_MX","og_type":"article","og_title":"El apoyo a la educaci\u00f3n como incentivo del desarrollo social - CETYS","og_description":"Articulo sobre El apoyo a la educaci\u00f3n como incentivo del desarrollo social","og_url":"https:\/\/www.cetys.mx\/noticias\/el-apoyo-a-la-educacion-como-incentivo-del-desarrollo-social\/","og_site_name":"CETYS","article_publisher":"https:\/\/www.facebook.com\/cetysuniversidadmxl\/","article_published_time":"2019-11-30T01:48:19+00:00","og_image":[{"width":638,"height":426,"url":"https:\/\/www.cetys.mx\/noticias\/wp-content\/uploads\/2019\/11\/Foto-1-1.jpg","type":"image\/jpeg"}],"author":"Campus Ensenada","twitter_card":"summary_large_image","twitter_creator":"@cetysuni","twitter_site":"@cetysuni","twitter_misc":{"Escrito por":"Campus Ensenada","Tiempo de lectura":"3 minutos"},"schema":{"@context":"https:\/\/schema.org","@graph":[{"@type":"Article","@id":"https:\/\/www.cetys.mx\/noticias\/el-apoyo-a-la-educacion-como-incentivo-del-desarrollo-social\/#article","isPartOf":{"@id":"https:\/\/www.cetys.mx\/noticias\/el-apoyo-a-la-educacion-como-incentivo-del-desarrollo-social\/"},"author":{"name":"Campus Ensenada","@id":"https:\/\/www.cetys.mx\/noticias\/#\/schema\/person\/1a1a88c0b6586e66a2e9e88e07afc712"},"headline":"El apoyo a la educaci\u00f3n como incentivo del desarrollo social","datePublished":"2019-11-30T01:48:19+00:00","mainEntityOfPage":{"@id":"https:\/\/www.cetys.mx\/noticias\/el-apoyo-a-la-educacion-como-incentivo-del-desarrollo-social\/"},"wordCount":549,"commentCount":0,"image":{"@id":"https:\/\/www.cetys.mx\/noticias\/el-apoyo-a-la-educacion-como-incentivo-del-desarrollo-social\/#primaryimage"},"thumbnailUrl":"https:\/\/www.cetys.mx\/noticias\/wp-content\/uploads\/2019\/11\/Foto-1-1.jpg","articleSection":["Campus Ensenada","Filantrop\u00eda","Portada"],"inLanguage":"es","potentialAction":[{"@type":"CommentAction","name":"Comment","target":["https:\/\/www.cetys.mx\/noticias\/el-apoyo-a-la-educacion-como-incentivo-del-desarrollo-social\/#respond"]}]},{"@type":"WebPage","@id":"https:\/\/www.cetys.mx\/noticias\/el-apoyo-a-la-educacion-como-incentivo-del-desarrollo-social\/","url":"https:\/\/www.cetys.mx\/noticias\/el-apoyo-a-la-educacion-como-incentivo-del-desarrollo-social\/","name":"El apoyo a la educaci\u00f3n como incentivo del desarrollo social - CETYS","isPartOf":{"@id":"https:\/\/www.cetys.mx\/noticias\/#website"},"primaryImageOfPage":{"@id":"https:\/\/www.cetys.mx\/noticias\/el-apoyo-a-la-educacion-como-incentivo-del-desarrollo-social\/#primaryimage"},"image":{"@id":"https:\/\/www.cetys.mx\/noticias\/el-apoyo-a-la-educacion-como-incentivo-del-desarrollo-social\/#primaryimage"},"thumbnailUrl":"https:\/\/www.cetys.mx\/noticias\/wp-content\/uploads\/2019\/11\/Foto-1-1.jpg","datePublished":"2019-11-30T01:48:19+00:00","author":{"@id":"https:\/\/www.cetys.mx\/noticias\/#\/schema\/person\/1a1a88c0b6586e66a2e9e88e07afc712"},"description":"Articulo sobre El apoyo a la educaci\u00f3n como incentivo del desarrollo social","breadcrumb":{"@id":"https:\/\/www.cetys.mx\/noticias\/el-apoyo-a-la-educacion-como-incentivo-del-desarrollo-social\/#breadcrumb"},"inLanguage":"es","potentialAction":[{"@type":"ReadAction","target":["https:\/\/www.cetys.mx\/noticias\/el-apoyo-a-la-educacion-como-incentivo-del-desarrollo-social\/"]}]},{"@type":"ImageObject","inLanguage":"es","@id":"https:\/\/www.cetys.mx\/noticias\/el-apoyo-a-la-educacion-como-incentivo-del-desarrollo-social\/#primaryimage","url":"https:\/\/www.cetys.mx\/noticias\/wp-content\/uploads\/2019\/11\/Foto-1-1.jpg","contentUrl":"https:\/\/www.cetys.mx\/noticias\/wp-content\/uploads\/2019\/11\/Foto-1-1.jpg","width":638,"height":426,"caption":"8 de cada 19 alumnos de CETYS cuentan con apoyo financiero."},{"@type":"BreadcrumbList","@id":"https:\/\/www.cetys.mx\/noticias\/el-apoyo-a-la-educacion-como-incentivo-del-desarrollo-social\/#breadcrumb","itemListElement":[{"@type":"ListItem","position":1,"name":"Inicio","item":"https:\/\/www.cetys.mx\/noticias\/"},{"@type":"ListItem","position":2,"name":"El apoyo a la educaci\u00f3n como incentivo del desarrollo social"}]},{"@type":"WebSite","@id":"https:\/\/www.cetys.mx\/noticias\/#website","url":"https:\/\/www.cetys.mx\/noticias\/","name":"CETYS","description":"","potentialAction":[{"@type":"SearchAction","target":{"@type":"EntryPoint","urlTemplate":"https:\/\/www.cetys.mx\/noticias\/?s={search_term_string}"},"query-input":{"@type":"PropertyValueSpecification","valueRequired":true,"valueName":"search_term_string"}}],"inLanguage":"es"},{"@type":"Person","@id":"https:\/\/www.cetys.mx\/noticias\/#\/schema\/person\/1a1a88c0b6586e66a2e9e88e07afc712","name":"Campus Ensenada","url":"https:\/\/www.cetys.mx\/noticias\/author\/campusensenada\/"}]}},"_links":{"self":[{"href":"https:\/\/www.cetys.mx\/noticias\/wp-json\/wp\/v2\/posts\/137813","targetHints":{"allow":["GET"]}}],"collection":[{"href":"https:\/\/www.cetys.mx\/noticias\/wp-json\/wp\/v2\/posts"}],"about":[{"href":"https:\/\/www.cetys.mx\/noticias\/wp-json\/wp\/v2\/types\/post"}],"author":[{"embeddable":true,"href":"https:\/\/www.cetys.mx\/noticias\/wp-json\/wp\/v2\/users\/23"}],"replies":[{"embeddable":true,"href":"https:\/\/www.cetys.mx\/noticias\/wp-json\/wp\/v2\/comments?post=137813"}],"version-history":[{"count":0,"href":"https:\/\/www.cetys.mx\/noticias\/wp-json\/wp\/v2\/posts\/137813\/revisions"}],"wp:featuredmedia":[{"embeddable":true,"href":"https:\/\/www.cetys.mx\/noticias\/wp-json\/wp\/v2\/media\/137814"}],"wp:attachment":[{"href":"https:\/\/www.cetys.mx\/noticias\/wp-json\/wp\/v2\/media?parent=137813"}],"wp:term":[{"taxonomy":"category","embeddable":true,"href":"https:\/\/www.cetys.mx\/noticias\/wp-json\/wp\/v2\/categories?post=137813"},{"taxonomy":"post_tag","embeddable":true,"href":"https:\/\/www.cetys.mx\/noticias\/wp-json\/wp\/v2\/tags?post=137813"}],"curies":[{"name":"wp","href":"https:\/\/api.w.org\/{rel}","templated":true}]}}