{"id":137704,"date":"2019-11-28T18:05:06","date_gmt":"2019-11-29T02:05:06","guid":{"rendered":"https:\/\/www.cetys.mx\/noticias\/?p=137704"},"modified":"2020-03-18T20:51:52","modified_gmt":"2020-03-19T03:51:52","slug":"la-musica-mueve-al-alma-y-abre-puertas","status":"publish","type":"post","link":"https:\/\/www.cetys.mx\/noticias\/la-musica-mueve-al-alma-y-abre-puertas\/","title":{"rendered":"La m\u00fasica mueve al alma y abre puertas: C\u00e9sar M\u00e9ndez"},"content":{"rendered":"<p style=\"text-align: justify;\">A trav\u00e9s del arte se puede conectar con sentidos y emociones, as\u00ed como lo ha comprobado\u00a0<span style=\"font-weight: 400;\">C\u00e9sar Arturo M\u00e9ndez Liz\u00e1rraga, <a href=\"https:\/\/www.cetys.mx\/alumni\/\">CETYS Alumni<\/a> de la <a href=\"https:\/\/www.cetys.mx\/oferta-educativa\/preparatoria\/\">Prepa CETYS Campus Mexicali<\/a>, quien es m\u00e9dico de profesi\u00f3n y un m\u00fasico de instrumentos de cuerda.\u00a0<\/span><\/p>\n<p style=\"text-align: justify;\"><span style=\"font-weight: 400;\">Lo que inici\u00f3 como actividad l\u00fadica que quedaba a la medida, termin\u00f3 siendo parte esencial de la vida de C\u00e9sar, quien relat\u00f3 que al cumplir 5 a\u00f1os, sus padres buscaron actividades extracurriculares para \u00e9l. Ello<\/span><span style=\"font-weight: 400;\">s lo inscribieron a clases de viol\u00edn en la Orquesta Juvenil de Mexicali &#8220;era el \u00fanico instrumento que hab\u00eda para mi tama\u00f1o&#8221;, despu\u00e9s de varios a\u00f1os de estudio, dedicaci\u00f3n y trabajo, y aunado a la influencia de sus maestros la m\u00fasica pas\u00f3 a formar parte de mi vida.\u00a0<\/span><\/p>\n<p style=\"text-align: justify;\"><span style=\"font-weight: 400;\">Desde la perspectiva de C\u00e9sar, el impulso de la m\u00fasica en M\u00e9xico se deslumbra en dos aspectos, el primero es considerando que es un arte que trasciende y\u00a0 aporta de forma invaluable al desarrollo integral del ser humano, &#8220;creo que hay que multiplicar los esfuerzos que actualmente se hacen para que tenga un mayor impacto la educaci\u00f3n musical&#8221; explic\u00f3.\u00a0<\/span><\/p>\n<p style=\"text-align: justify;\">As\u00ed como la segunda se centra en que l<span style=\"font-weight: 400;\">a m\u00fasica podr\u00eda ser que, m\u00e1s Instituciones de educaci\u00f3n superior tomen en cuenta las aptitudes musicales como v\u00eda de acceso a una educaci\u00f3n de calidad, tal como le sucedi\u00f3 a \u00e9l, dado que durante su paso en<a href=\"https:\/\/www.cetys.mx\"> CETYS<\/a> cont\u00f3 con beca gracias a su talento cultural.<\/span><\/p>\n<p style=\"text-align: justify;\">A continuaci\u00f3n te invitamos a leer la entrevista que C\u00e9sar le brindo a <a href=\"https:\/\/www.cetys.mx\/noticias\">VoCETYS<\/a>:<\/p>\n<p style=\"text-align: justify;\"><b>\u00bfC\u00f3mo es y qu\u00e9 caracteriza desde tu perspectiva un CETYS Alumni?<\/b><span style=\"font-weight: 400;\"> Aquella persona que no deja de ser alumno para crecer y dar lo mejor de s\u00ed, que aporta e impacta positivamente en su familia y comunidad.\u00a0<\/span><\/p>\n<p style=\"text-align: justify;\"><b>\u00bfDe qu\u00e9 manera consideras que CETYS te brind\u00f3 las herramientas necesarias en tu vida profesional?<\/b><span style=\"font-weight: 400;\"> Contribuy\u00f3 con las bases que me han permitido desenvolverme como estudiante y persona dentro y fuera del aula. Todas y cada una de las personas con las que conviv\u00ed dentro del Sistema CETYS han aportado algo a mi formaci\u00f3n.\u00a0\u00a0<\/span><\/p>\n<p style=\"text-align: justify;\"><b>\u00bfQu\u00e9 consejo le das a las nuevas generaciones que a ti te hubiera gustado escuchar? <\/b><span style=\"font-weight: 400;\">Que disfruten su etapa como estudiantes al m\u00e1ximo y no tengan miedo de navegar por aguas desconocidas, siempre habr\u00e1 alguien dispuesto a apoyarlos dentro o fuera del aula. M\u00e1s importante que recuerden y tengan presente que tienen una oportunidad \u00fanica gracias a personas que buscan lo mejor para ellos y que la aprovechen, todos tenemos mucho que aportar y dar como personas.<\/span><\/p>\n<p style=\"text-align: justify;\"><b>\u00bfC\u00f3mo se ve C\u00e9sar M\u00e9ndez en el futuro?<\/b><span style=\"font-weight: 400;\"> Como una persona de \u00e9xito, feliz y plena, contribuyendo a mi comunidad y pa\u00eds. <\/span><\/p>\n","protected":false},"excerpt":{"rendered":"<p>A trav\u00e9s del arte se puede conectar con sentidos y emociones, as\u00ed como lo ha comprobado\u00a0C\u00e9sar Arturo M\u00e9ndez Liz\u00e1rraga, CETYS Alumni de&#8230;<\/p>\n","protected":false},"author":20,"featured_media":137714,"comment_status":"open","ping_status":"closed","sticky":false,"template":"","format":"standard","meta":{"footnotes":""},"categories":[133,313],"tags":[4055,4058],"class_list":["post-137704","post","type-post","status-publish","format-standard","has-post-thumbnail","hentry","category-campus-mexicali","category-vocetys-2","tag-vocetys-2019-11-29","tag-vocetys-2019-12-03"],"yoast_head":"<!-- This site is optimized with the Yoast SEO plugin v27.4 - https:\/\/yoast.com\/product\/yoast-seo-wordpress\/ -->\n<title>La m\u00fasica mueve al alma y abre puertas: C\u00e9sar M\u00e9ndez - CETYS<\/title>\n<meta name=\"description\" content=\"Articulo sobre La m\u00fasica mueve al alma y abre puertas: C\u00e9sar M\u00e9ndez\" \/>\n<meta name=\"robots\" content=\"index, follow, max-snippet:-1, max-image-preview:large, max-video-preview:-1\" \/>\n<link rel=\"canonical\" href=\"https:\/\/www.cetys.mx\/noticias\/la-musica-mueve-al-alma-y-abre-puertas\/\" \/>\n<meta property=\"og:locale\" content=\"es_MX\" \/>\n<meta property=\"og:type\" content=\"article\" \/>\n<meta property=\"og:title\" content=\"La m\u00fasica mueve al alma y abre puertas: C\u00e9sar M\u00e9ndez - CETYS\" \/>\n<meta property=\"og:description\" content=\"Articulo sobre La m\u00fasica mueve al alma y abre puertas: C\u00e9sar M\u00e9ndez\" \/>\n<meta property=\"og:url\" content=\"https:\/\/www.cetys.mx\/noticias\/la-musica-mueve-al-alma-y-abre-puertas\/\" \/>\n<meta property=\"og:site_name\" content=\"CETYS\" \/>\n<meta property=\"article:publisher\" content=\"https:\/\/www.facebook.com\/cetysuniversidadmxl\/\" \/>\n<meta property=\"article:published_time\" content=\"2019-11-29T02:05:06+00:00\" \/>\n<meta property=\"article:modified_time\" content=\"2020-03-19T03:51:52+00:00\" \/>\n<meta property=\"og:image\" content=\"https:\/\/www.cetys.mx\/noticias\/wp-content\/uploads\/2019\/11\/CesarAlumni.jpg\" \/>\n\t<meta property=\"og:image:width\" content=\"958\" \/>\n\t<meta property=\"og:image:height\" content=\"637\" \/>\n\t<meta property=\"og:image:type\" content=\"image\/jpeg\" \/>\n<meta name=\"author\" content=\"Campus Mexicali\" \/>\n<meta name=\"twitter:card\" content=\"summary_large_image\" \/>\n<meta name=\"twitter:creator\" content=\"@cetysuni\" \/>\n<meta name=\"twitter:site\" content=\"@cetysuni\" \/>\n<meta name=\"twitter:label1\" content=\"Escrito por\" \/>\n\t<meta name=\"twitter:data1\" content=\"Campus Mexicali\" \/>\n\t<meta name=\"twitter:label2\" content=\"Tiempo de lectura\" \/>\n\t<meta name=\"twitter:data2\" content=\"2 minutos\" \/>\n<script type=\"application\/ld+json\" class=\"yoast-schema-graph\">{\"@context\":\"https:\\\/\\\/schema.org\",\"@graph\":[{\"@type\":\"Article\",\"@id\":\"https:\\\/\\\/www.cetys.mx\\\/noticias\\\/la-musica-mueve-al-alma-y-abre-puertas\\\/#article\",\"isPartOf\":{\"@id\":\"https:\\\/\\\/www.cetys.mx\\\/noticias\\\/la-musica-mueve-al-alma-y-abre-puertas\\\/\"},\"author\":{\"name\":\"Campus Mexicali\",\"@id\":\"https:\\\/\\\/www.cetys.mx\\\/noticias\\\/#\\\/schema\\\/person\\\/79a95c4ac185f3705cf1b9c9340a5f70\"},\"headline\":\"La m\u00fasica mueve al alma y abre puertas: C\u00e9sar M\u00e9ndez\",\"datePublished\":\"2019-11-29T02:05:06+00:00\",\"dateModified\":\"2020-03-19T03:51:52+00:00\",\"mainEntityOfPage\":{\"@id\":\"https:\\\/\\\/www.cetys.mx\\\/noticias\\\/la-musica-mueve-al-alma-y-abre-puertas\\\/\"},\"wordCount\":489,\"commentCount\":0,\"image\":{\"@id\":\"https:\\\/\\\/www.cetys.mx\\\/noticias\\\/la-musica-mueve-al-alma-y-abre-puertas\\\/#primaryimage\"},\"thumbnailUrl\":\"https:\\\/\\\/www.cetys.mx\\\/noticias\\\/wp-content\\\/uploads\\\/2019\\\/11\\\/CesarAlumni.jpg\",\"keywords\":[\"vocetys-2019-11-29\",\"vocetys-2019-12-03\"],\"articleSection\":[\"Campus Mexicali\",\"VoCETYS\"],\"inLanguage\":\"es\",\"potentialAction\":[{\"@type\":\"CommentAction\",\"name\":\"Comment\",\"target\":[\"https:\\\/\\\/www.cetys.mx\\\/noticias\\\/la-musica-mueve-al-alma-y-abre-puertas\\\/#respond\"]}]},{\"@type\":\"WebPage\",\"@id\":\"https:\\\/\\\/www.cetys.mx\\\/noticias\\\/la-musica-mueve-al-alma-y-abre-puertas\\\/\",\"url\":\"https:\\\/\\\/www.cetys.mx\\\/noticias\\\/la-musica-mueve-al-alma-y-abre-puertas\\\/\",\"name\":\"La m\u00fasica mueve al alma y abre puertas: C\u00e9sar M\u00e9ndez - CETYS\",\"isPartOf\":{\"@id\":\"https:\\\/\\\/www.cetys.mx\\\/noticias\\\/#website\"},\"primaryImageOfPage\":{\"@id\":\"https:\\\/\\\/www.cetys.mx\\\/noticias\\\/la-musica-mueve-al-alma-y-abre-puertas\\\/#primaryimage\"},\"image\":{\"@id\":\"https:\\\/\\\/www.cetys.mx\\\/noticias\\\/la-musica-mueve-al-alma-y-abre-puertas\\\/#primaryimage\"},\"thumbnailUrl\":\"https:\\\/\\\/www.cetys.mx\\\/noticias\\\/wp-content\\\/uploads\\\/2019\\\/11\\\/CesarAlumni.jpg\",\"datePublished\":\"2019-11-29T02:05:06+00:00\",\"dateModified\":\"2020-03-19T03:51:52+00:00\",\"author\":{\"@id\":\"https:\\\/\\\/www.cetys.mx\\\/noticias\\\/#\\\/schema\\\/person\\\/79a95c4ac185f3705cf1b9c9340a5f70\"},\"description\":\"Articulo sobre La m\u00fasica mueve al alma y abre puertas: C\u00e9sar M\u00e9ndez\",\"breadcrumb\":{\"@id\":\"https:\\\/\\\/www.cetys.mx\\\/noticias\\\/la-musica-mueve-al-alma-y-abre-puertas\\\/#breadcrumb\"},\"inLanguage\":\"es\",\"potentialAction\":[{\"@type\":\"ReadAction\",\"target\":[\"https:\\\/\\\/www.cetys.mx\\\/noticias\\\/la-musica-mueve-al-alma-y-abre-puertas\\\/\"]}]},{\"@type\":\"ImageObject\",\"inLanguage\":\"es\",\"@id\":\"https:\\\/\\\/www.cetys.mx\\\/noticias\\\/la-musica-mueve-al-alma-y-abre-puertas\\\/#primaryimage\",\"url\":\"https:\\\/\\\/www.cetys.mx\\\/noticias\\\/wp-content\\\/uploads\\\/2019\\\/11\\\/CesarAlumni.jpg\",\"contentUrl\":\"https:\\\/\\\/www.cetys.mx\\\/noticias\\\/wp-content\\\/uploads\\\/2019\\\/11\\\/CesarAlumni.jpg\",\"width\":958,\"height\":637},{\"@type\":\"BreadcrumbList\",\"@id\":\"https:\\\/\\\/www.cetys.mx\\\/noticias\\\/la-musica-mueve-al-alma-y-abre-puertas\\\/#breadcrumb\",\"itemListElement\":[{\"@type\":\"ListItem\",\"position\":1,\"name\":\"Inicio\",\"item\":\"https:\\\/\\\/www.cetys.mx\\\/noticias\\\/\"},{\"@type\":\"ListItem\",\"position\":2,\"name\":\"La m\u00fasica mueve al alma y abre puertas: C\u00e9sar M\u00e9ndez\"}]},{\"@type\":\"WebSite\",\"@id\":\"https:\\\/\\\/www.cetys.mx\\\/noticias\\\/#website\",\"url\":\"https:\\\/\\\/www.cetys.mx\\\/noticias\\\/\",\"name\":\"CETYS\",\"description\":\"\",\"potentialAction\":[{\"@type\":\"SearchAction\",\"target\":{\"@type\":\"EntryPoint\",\"urlTemplate\":\"https:\\\/\\\/www.cetys.mx\\\/noticias\\\/?s={search_term_string}\"},\"query-input\":{\"@type\":\"PropertyValueSpecification\",\"valueRequired\":true,\"valueName\":\"search_term_string\"}}],\"inLanguage\":\"es\"},{\"@type\":\"Person\",\"@id\":\"https:\\\/\\\/www.cetys.mx\\\/noticias\\\/#\\\/schema\\\/person\\\/79a95c4ac185f3705cf1b9c9340a5f70\",\"name\":\"Campus Mexicali\",\"url\":\"https:\\\/\\\/www.cetys.mx\\\/noticias\\\/author\\\/campusmexicali\\\/\"}]}<\/script>\n<!-- \/ Yoast SEO plugin. -->","yoast_head_json":{"title":"La m\u00fasica mueve al alma y abre puertas: C\u00e9sar M\u00e9ndez - CETYS","description":"Articulo sobre La m\u00fasica mueve al alma y abre puertas: C\u00e9sar M\u00e9ndez","robots":{"index":"index","follow":"follow","max-snippet":"max-snippet:-1","max-image-preview":"max-image-preview:large","max-video-preview":"max-video-preview:-1"},"canonical":"https:\/\/www.cetys.mx\/noticias\/la-musica-mueve-al-alma-y-abre-puertas\/","og_locale":"es_MX","og_type":"article","og_title":"La m\u00fasica mueve al alma y abre puertas: C\u00e9sar M\u00e9ndez - CETYS","og_description":"Articulo sobre La m\u00fasica mueve al alma y abre puertas: C\u00e9sar M\u00e9ndez","og_url":"https:\/\/www.cetys.mx\/noticias\/la-musica-mueve-al-alma-y-abre-puertas\/","og_site_name":"CETYS","article_publisher":"https:\/\/www.facebook.com\/cetysuniversidadmxl\/","article_published_time":"2019-11-29T02:05:06+00:00","article_modified_time":"2020-03-19T03:51:52+00:00","og_image":[{"width":958,"height":637,"url":"https:\/\/www.cetys.mx\/noticias\/wp-content\/uploads\/2019\/11\/CesarAlumni.jpg","type":"image\/jpeg"}],"author":"Campus Mexicali","twitter_card":"summary_large_image","twitter_creator":"@cetysuni","twitter_site":"@cetysuni","twitter_misc":{"Escrito por":"Campus Mexicali","Tiempo de lectura":"2 minutos"},"schema":{"@context":"https:\/\/schema.org","@graph":[{"@type":"Article","@id":"https:\/\/www.cetys.mx\/noticias\/la-musica-mueve-al-alma-y-abre-puertas\/#article","isPartOf":{"@id":"https:\/\/www.cetys.mx\/noticias\/la-musica-mueve-al-alma-y-abre-puertas\/"},"author":{"name":"Campus Mexicali","@id":"https:\/\/www.cetys.mx\/noticias\/#\/schema\/person\/79a95c4ac185f3705cf1b9c9340a5f70"},"headline":"La m\u00fasica mueve al alma y abre puertas: C\u00e9sar M\u00e9ndez","datePublished":"2019-11-29T02:05:06+00:00","dateModified":"2020-03-19T03:51:52+00:00","mainEntityOfPage":{"@id":"https:\/\/www.cetys.mx\/noticias\/la-musica-mueve-al-alma-y-abre-puertas\/"},"wordCount":489,"commentCount":0,"image":{"@id":"https:\/\/www.cetys.mx\/noticias\/la-musica-mueve-al-alma-y-abre-puertas\/#primaryimage"},"thumbnailUrl":"https:\/\/www.cetys.mx\/noticias\/wp-content\/uploads\/2019\/11\/CesarAlumni.jpg","keywords":["vocetys-2019-11-29","vocetys-2019-12-03"],"articleSection":["Campus Mexicali","VoCETYS"],"inLanguage":"es","potentialAction":[{"@type":"CommentAction","name":"Comment","target":["https:\/\/www.cetys.mx\/noticias\/la-musica-mueve-al-alma-y-abre-puertas\/#respond"]}]},{"@type":"WebPage","@id":"https:\/\/www.cetys.mx\/noticias\/la-musica-mueve-al-alma-y-abre-puertas\/","url":"https:\/\/www.cetys.mx\/noticias\/la-musica-mueve-al-alma-y-abre-puertas\/","name":"La m\u00fasica mueve al alma y abre puertas: C\u00e9sar M\u00e9ndez - CETYS","isPartOf":{"@id":"https:\/\/www.cetys.mx\/noticias\/#website"},"primaryImageOfPage":{"@id":"https:\/\/www.cetys.mx\/noticias\/la-musica-mueve-al-alma-y-abre-puertas\/#primaryimage"},"image":{"@id":"https:\/\/www.cetys.mx\/noticias\/la-musica-mueve-al-alma-y-abre-puertas\/#primaryimage"},"thumbnailUrl":"https:\/\/www.cetys.mx\/noticias\/wp-content\/uploads\/2019\/11\/CesarAlumni.jpg","datePublished":"2019-11-29T02:05:06+00:00","dateModified":"2020-03-19T03:51:52+00:00","author":{"@id":"https:\/\/www.cetys.mx\/noticias\/#\/schema\/person\/79a95c4ac185f3705cf1b9c9340a5f70"},"description":"Articulo sobre La m\u00fasica mueve al alma y abre puertas: C\u00e9sar M\u00e9ndez","breadcrumb":{"@id":"https:\/\/www.cetys.mx\/noticias\/la-musica-mueve-al-alma-y-abre-puertas\/#breadcrumb"},"inLanguage":"es","potentialAction":[{"@type":"ReadAction","target":["https:\/\/www.cetys.mx\/noticias\/la-musica-mueve-al-alma-y-abre-puertas\/"]}]},{"@type":"ImageObject","inLanguage":"es","@id":"https:\/\/www.cetys.mx\/noticias\/la-musica-mueve-al-alma-y-abre-puertas\/#primaryimage","url":"https:\/\/www.cetys.mx\/noticias\/wp-content\/uploads\/2019\/11\/CesarAlumni.jpg","contentUrl":"https:\/\/www.cetys.mx\/noticias\/wp-content\/uploads\/2019\/11\/CesarAlumni.jpg","width":958,"height":637},{"@type":"BreadcrumbList","@id":"https:\/\/www.cetys.mx\/noticias\/la-musica-mueve-al-alma-y-abre-puertas\/#breadcrumb","itemListElement":[{"@type":"ListItem","position":1,"name":"Inicio","item":"https:\/\/www.cetys.mx\/noticias\/"},{"@type":"ListItem","position":2,"name":"La m\u00fasica mueve al alma y abre puertas: C\u00e9sar M\u00e9ndez"}]},{"@type":"WebSite","@id":"https:\/\/www.cetys.mx\/noticias\/#website","url":"https:\/\/www.cetys.mx\/noticias\/","name":"CETYS","description":"","potentialAction":[{"@type":"SearchAction","target":{"@type":"EntryPoint","urlTemplate":"https:\/\/www.cetys.mx\/noticias\/?s={search_term_string}"},"query-input":{"@type":"PropertyValueSpecification","valueRequired":true,"valueName":"search_term_string"}}],"inLanguage":"es"},{"@type":"Person","@id":"https:\/\/www.cetys.mx\/noticias\/#\/schema\/person\/79a95c4ac185f3705cf1b9c9340a5f70","name":"Campus Mexicali","url":"https:\/\/www.cetys.mx\/noticias\/author\/campusmexicali\/"}]}},"_links":{"self":[{"href":"https:\/\/www.cetys.mx\/noticias\/wp-json\/wp\/v2\/posts\/137704","targetHints":{"allow":["GET"]}}],"collection":[{"href":"https:\/\/www.cetys.mx\/noticias\/wp-json\/wp\/v2\/posts"}],"about":[{"href":"https:\/\/www.cetys.mx\/noticias\/wp-json\/wp\/v2\/types\/post"}],"author":[{"embeddable":true,"href":"https:\/\/www.cetys.mx\/noticias\/wp-json\/wp\/v2\/users\/20"}],"replies":[{"embeddable":true,"href":"https:\/\/www.cetys.mx\/noticias\/wp-json\/wp\/v2\/comments?post=137704"}],"version-history":[{"count":0,"href":"https:\/\/www.cetys.mx\/noticias\/wp-json\/wp\/v2\/posts\/137704\/revisions"}],"wp:featuredmedia":[{"embeddable":true,"href":"https:\/\/www.cetys.mx\/noticias\/wp-json\/wp\/v2\/media\/137714"}],"wp:attachment":[{"href":"https:\/\/www.cetys.mx\/noticias\/wp-json\/wp\/v2\/media?parent=137704"}],"wp:term":[{"taxonomy":"category","embeddable":true,"href":"https:\/\/www.cetys.mx\/noticias\/wp-json\/wp\/v2\/categories?post=137704"},{"taxonomy":"post_tag","embeddable":true,"href":"https:\/\/www.cetys.mx\/noticias\/wp-json\/wp\/v2\/tags?post=137704"}],"curies":[{"name":"wp","href":"https:\/\/api.w.org\/{rel}","templated":true}]}}