{"id":137393,"date":"2019-11-15T17:18:33","date_gmt":"2019-11-16T01:18:33","guid":{"rendered":"https:\/\/www.cetys.mx\/noticias\/?p=137393"},"modified":"2019-11-29T11:17:13","modified_gmt":"2019-11-29T19:17:13","slug":"el-buen-fin-vs-black-friday-persiste-falta-de-apoyo-de-comerciantes-en-programa-mexicano","status":"publish","type":"post","link":"https:\/\/www.cetys.mx\/noticias\/el-buen-fin-vs-black-friday-persiste-falta-de-apoyo-de-comerciantes-en-programa-mexicano\/","title":{"rendered":"El Buen Fin vs Black Friday, persiste falta de apoyo de comerciantes en programa mexicano"},"content":{"rendered":"<p><a href=\"https:\/\/https:\/\/www.youtube.com\/watch?v=fdwv8tFYRyI&#038;feature=youtu.be\">https:\/\/https:\/\/www.youtube.com\/watch?v=fdwv8tFYRyI&amp;feature=youtu.be<\/a><\/p>\n<p align=\"justify\">Aunque el Programa mexicano el Buen Fin lleg\u00f3 a su novena edici\u00f3n, no ha tenido el apoyo deseado por los comerciantes, este ha logrado perdurar y ser de utilidad para los consumidores por las compras navide\u00f1as en algunos sectores como el tur\u00edstico, de calzado y ropa, pero en t\u00e9rminos comerciales a\u00fan est\u00e1 por debajo del programa estadounidense Black Friday.<\/p>\n<p align=\"justify\"><em>El Docente en Finanzas Internacionales de la Escuela de Administraci\u00f3n y Negocios de CETYS Universidad campus Tijuana<\/em>, <strong>Dr. Jorge Araujo Sald\u00edvar<\/strong>, record\u00f3 que este programa nace en Ciudad Ju\u00e1rez, es retomado por el gobierno federal de Felipe Calder\u00f3n y por dos gobiernos m\u00e1s ha tenido continuidad. En un principio reportaron ventas superiores a 100 mil millones y para este 2019 esperan superar los 200 mil millones de pesos. En el vecino pa\u00eds las ganancias tan solo con MasterCard superaron los 23 mil millones de d\u00f3lares (m\u00e1s de 400 mil millones de pesos).<\/p>\n<blockquote>\n<p align=\"justify\">\u201cB\u00e1sicamente viene a competir con el Black Friday, no tiene el peso comercial que tiene el programa de Estados Unidos, sin embargo, a\u00f1o con a\u00f1o ha incrementado sus ventas, tambi\u00e9n tiene dos o tres a\u00f1os que los fronterizos del sur de Estados Unidos vienen y aprovechan estas ofertas\u201d, asegur\u00f3 <strong>Dr. Araujo<\/strong>.<\/p>\n<\/blockquote>\n<p align=\"justify\">El Buen Fin tendr\u00eda mayor competitividad si existiera mayor confianza de los negocios, se\u00f1al\u00f3. Tan solo en 2018, seg\u00fan INEGI, el 55.2% de comercios particip\u00f3 en el programa de descuentos, as\u00ed como el 13% de prestadores de servicio, es decir, a\u00fan es necesario mayor confianza por parte de los comerciantes. En el caso de los prestadores de servicios, enfatiz\u00f3 que estos son los que han tenido mayores ganancias, por ejemplo los spa, gimnasios o agencias de viaje.<\/p>\n<blockquote>\n<p align=\"justify\">\u201cEste programa mexicano se ha estado posicionando en los consumidores del otro lado de la frontera durante los dos \u00faltimos a\u00f1os. No es el tiempo para competir en electr\u00f3nica, pero s\u00ed en ropa, calzado de cuero y turismo\u201d, compar\u00f3 el acad\u00e9mico de<strong> CETYS<\/strong> campus Tijuana.<\/p>\n<\/blockquote>\n<p align=\"justify\">Respecto a las quejas de las ofertas enga\u00f1osas por parte de algunos comercios, el especialista indic\u00f3 que en M\u00e9xico el consumidor tendr\u00e1 que aplicar su educaci\u00f3n financiera para realizar compras responsables y acorde a sus propias necesidades.<\/p>\n<blockquote>\n<p align=\"justify\">\u201cHay que tomar en cuenta las indicaciones de Profeco: hacer una lista previa de lo que se necesita comprar, evitar el consumo impulsivo (no comprar aquello que no necesitas), sobre todo si no puedes pagarlo; si tomas mercanc\u00eda a meses sin intereses, cumple con el tiempo establecido en la fechas de pago. Ello permitir\u00e1 aprovechar las estrategias de mercadotecnia sin riesgo de arrepentimientos posteriores.<\/p>\n<\/blockquote>\n<p align=\"justify\">El Buen Fin se lleva a cabo en M\u00e9xico del 15 al 18 de noviembre, mientras que el Black Friday el pr\u00f3ximo viernes 29 de noviembre, mientras que el Cyber Monday se llevar\u00e1 a cabo el pr\u00f3ximo 2 de diciembre.<\/p>\n","protected":false},"excerpt":{"rendered":"<p>Aunque el Programa mexicano el Buen Fin lleg\u00f3 a su novena edici\u00f3n, no ha tenido el apoyo deseado por los comerciantes, este&#8230;<\/p>\n","protected":false},"author":24,"featured_media":137395,"comment_status":"open","ping_status":"closed","sticky":false,"template":"","format":"standard","meta":{"footnotes":""},"categories":[134,114,313],"tags":[1234,4037,1195,4055],"class_list":["post-137393","post","type-post","status-publish","format-standard","has-post-thumbnail","hentry","category-campus-tijuana","category-opinion","category-vocetys-2","tag-black-friday","tag-buen-fin","tag-columna","tag-vocetys-2019-11-29"],"yoast_head":"<!-- This site is optimized with the Yoast SEO plugin v27.4 - https:\/\/yoast.com\/product\/yoast-seo-wordpress\/ -->\n<title>El Buen Fin vs Black Friday, persiste falta de apoyo de comerciantes en programa mexicano - CETYS<\/title>\n<meta name=\"description\" content=\"El Docente de la Escuela de Administraci\u00f3n y Negocios de CETYS destaca que desde hace 2 a\u00f1os hay un mercado al sur de EUA que aprovecha el evento mexicano.\" \/>\n<meta name=\"robots\" content=\"index, follow, max-snippet:-1, max-image-preview:large, max-video-preview:-1\" \/>\n<link rel=\"canonical\" href=\"https:\/\/www.cetys.mx\/noticias\/el-buen-fin-vs-black-friday-persiste-falta-de-apoyo-de-comerciantes-en-programa-mexicano\/\" \/>\n<meta property=\"og:locale\" content=\"es_MX\" \/>\n<meta property=\"og:type\" content=\"article\" \/>\n<meta property=\"og:title\" content=\"El Buen Fin vs Black Friday, persiste falta de apoyo de comerciantes en programa mexicano - CETYS\" \/>\n<meta property=\"og:description\" content=\"El Docente de la Escuela de Administraci\u00f3n y Negocios de CETYS destaca que desde hace 2 a\u00f1os hay un mercado al sur de EUA que aprovecha el evento mexicano.\" \/>\n<meta property=\"og:url\" content=\"https:\/\/www.cetys.mx\/noticias\/el-buen-fin-vs-black-friday-persiste-falta-de-apoyo-de-comerciantes-en-programa-mexicano\/\" \/>\n<meta property=\"og:site_name\" content=\"CETYS\" \/>\n<meta property=\"article:publisher\" content=\"https:\/\/www.facebook.com\/cetysuniversidadmxl\/\" \/>\n<meta property=\"article:published_time\" content=\"2019-11-16T01:18:33+00:00\" \/>\n<meta property=\"article:modified_time\" content=\"2019-11-29T19:17:13+00:00\" \/>\n<meta property=\"og:image\" content=\"https:\/\/www.cetys.mx\/noticias\/wp-content\/uploads\/2019\/11\/jorge-araujo-analisis-buen-fin-1.jpg\" \/>\n\t<meta property=\"og:image:width\" content=\"958\" \/>\n\t<meta property=\"og:image:height\" content=\"637\" \/>\n\t<meta property=\"og:image:type\" content=\"image\/jpeg\" \/>\n<meta name=\"author\" content=\"Campus Tijuana\" \/>\n<meta name=\"twitter:card\" content=\"summary_large_image\" \/>\n<meta name=\"twitter:creator\" content=\"@cetysuni\" \/>\n<meta name=\"twitter:site\" content=\"@cetysuni\" \/>\n<meta name=\"twitter:label1\" content=\"Escrito por\" \/>\n\t<meta name=\"twitter:data1\" content=\"Campus Tijuana\" \/>\n\t<meta name=\"twitter:label2\" content=\"Tiempo de lectura\" \/>\n\t<meta name=\"twitter:data2\" content=\"2 minutos\" \/>\n<script type=\"application\/ld+json\" class=\"yoast-schema-graph\">{\"@context\":\"https:\\\/\\\/schema.org\",\"@graph\":[{\"@type\":\"Article\",\"@id\":\"https:\\\/\\\/www.cetys.mx\\\/noticias\\\/el-buen-fin-vs-black-friday-persiste-falta-de-apoyo-de-comerciantes-en-programa-mexicano\\\/#article\",\"isPartOf\":{\"@id\":\"https:\\\/\\\/www.cetys.mx\\\/noticias\\\/el-buen-fin-vs-black-friday-persiste-falta-de-apoyo-de-comerciantes-en-programa-mexicano\\\/\"},\"author\":{\"name\":\"Campus Tijuana\",\"@id\":\"https:\\\/\\\/www.cetys.mx\\\/noticias\\\/#\\\/schema\\\/person\\\/e790051ce60e18ae47cfa87011c8653f\"},\"headline\":\"El Buen Fin vs Black Friday, persiste falta de apoyo de comerciantes en programa mexicano\",\"datePublished\":\"2019-11-16T01:18:33+00:00\",\"dateModified\":\"2019-11-29T19:17:13+00:00\",\"mainEntityOfPage\":{\"@id\":\"https:\\\/\\\/www.cetys.mx\\\/noticias\\\/el-buen-fin-vs-black-friday-persiste-falta-de-apoyo-de-comerciantes-en-programa-mexicano\\\/\"},\"wordCount\":514,\"commentCount\":0,\"image\":{\"@id\":\"https:\\\/\\\/www.cetys.mx\\\/noticias\\\/el-buen-fin-vs-black-friday-persiste-falta-de-apoyo-de-comerciantes-en-programa-mexicano\\\/#primaryimage\"},\"thumbnailUrl\":\"https:\\\/\\\/www.cetys.mx\\\/noticias\\\/wp-content\\\/uploads\\\/2019\\\/11\\\/jorge-araujo-analisis-buen-fin-1.jpg\",\"keywords\":[\"Black Friday\",\"buen fin\",\"columna\",\"vocetys-2019-11-29\"],\"articleSection\":[\"Campus Tijuana\",\"Opini\u00f3n\",\"VoCETYS\"],\"inLanguage\":\"es\",\"potentialAction\":[{\"@type\":\"CommentAction\",\"name\":\"Comment\",\"target\":[\"https:\\\/\\\/www.cetys.mx\\\/noticias\\\/el-buen-fin-vs-black-friday-persiste-falta-de-apoyo-de-comerciantes-en-programa-mexicano\\\/#respond\"]}]},{\"@type\":\"WebPage\",\"@id\":\"https:\\\/\\\/www.cetys.mx\\\/noticias\\\/el-buen-fin-vs-black-friday-persiste-falta-de-apoyo-de-comerciantes-en-programa-mexicano\\\/\",\"url\":\"https:\\\/\\\/www.cetys.mx\\\/noticias\\\/el-buen-fin-vs-black-friday-persiste-falta-de-apoyo-de-comerciantes-en-programa-mexicano\\\/\",\"name\":\"El Buen Fin vs Black Friday, persiste falta de apoyo de comerciantes en programa mexicano - CETYS\",\"isPartOf\":{\"@id\":\"https:\\\/\\\/www.cetys.mx\\\/noticias\\\/#website\"},\"primaryImageOfPage\":{\"@id\":\"https:\\\/\\\/www.cetys.mx\\\/noticias\\\/el-buen-fin-vs-black-friday-persiste-falta-de-apoyo-de-comerciantes-en-programa-mexicano\\\/#primaryimage\"},\"image\":{\"@id\":\"https:\\\/\\\/www.cetys.mx\\\/noticias\\\/el-buen-fin-vs-black-friday-persiste-falta-de-apoyo-de-comerciantes-en-programa-mexicano\\\/#primaryimage\"},\"thumbnailUrl\":\"https:\\\/\\\/www.cetys.mx\\\/noticias\\\/wp-content\\\/uploads\\\/2019\\\/11\\\/jorge-araujo-analisis-buen-fin-1.jpg\",\"datePublished\":\"2019-11-16T01:18:33+00:00\",\"dateModified\":\"2019-11-29T19:17:13+00:00\",\"author\":{\"@id\":\"https:\\\/\\\/www.cetys.mx\\\/noticias\\\/#\\\/schema\\\/person\\\/e790051ce60e18ae47cfa87011c8653f\"},\"description\":\"El Docente de la Escuela de Administraci\u00f3n y Negocios de CETYS destaca que desde hace 2 a\u00f1os hay un mercado al sur de EUA que aprovecha el evento mexicano.\",\"breadcrumb\":{\"@id\":\"https:\\\/\\\/www.cetys.mx\\\/noticias\\\/el-buen-fin-vs-black-friday-persiste-falta-de-apoyo-de-comerciantes-en-programa-mexicano\\\/#breadcrumb\"},\"inLanguage\":\"es\",\"potentialAction\":[{\"@type\":\"ReadAction\",\"target\":[\"https:\\\/\\\/www.cetys.mx\\\/noticias\\\/el-buen-fin-vs-black-friday-persiste-falta-de-apoyo-de-comerciantes-en-programa-mexicano\\\/\"]}]},{\"@type\":\"ImageObject\",\"inLanguage\":\"es\",\"@id\":\"https:\\\/\\\/www.cetys.mx\\\/noticias\\\/el-buen-fin-vs-black-friday-persiste-falta-de-apoyo-de-comerciantes-en-programa-mexicano\\\/#primaryimage\",\"url\":\"https:\\\/\\\/www.cetys.mx\\\/noticias\\\/wp-content\\\/uploads\\\/2019\\\/11\\\/jorge-araujo-analisis-buen-fin-1.jpg\",\"contentUrl\":\"https:\\\/\\\/www.cetys.mx\\\/noticias\\\/wp-content\\\/uploads\\\/2019\\\/11\\\/jorge-araujo-analisis-buen-fin-1.jpg\",\"width\":958,\"height\":637},{\"@type\":\"BreadcrumbList\",\"@id\":\"https:\\\/\\\/www.cetys.mx\\\/noticias\\\/el-buen-fin-vs-black-friday-persiste-falta-de-apoyo-de-comerciantes-en-programa-mexicano\\\/#breadcrumb\",\"itemListElement\":[{\"@type\":\"ListItem\",\"position\":1,\"name\":\"Inicio\",\"item\":\"https:\\\/\\\/www.cetys.mx\\\/noticias\\\/\"},{\"@type\":\"ListItem\",\"position\":2,\"name\":\"El Buen Fin vs Black Friday, persiste falta de apoyo de comerciantes en programa mexicano\"}]},{\"@type\":\"WebSite\",\"@id\":\"https:\\\/\\\/www.cetys.mx\\\/noticias\\\/#website\",\"url\":\"https:\\\/\\\/www.cetys.mx\\\/noticias\\\/\",\"name\":\"CETYS\",\"description\":\"\",\"potentialAction\":[{\"@type\":\"SearchAction\",\"target\":{\"@type\":\"EntryPoint\",\"urlTemplate\":\"https:\\\/\\\/www.cetys.mx\\\/noticias\\\/?s={search_term_string}\"},\"query-input\":{\"@type\":\"PropertyValueSpecification\",\"valueRequired\":true,\"valueName\":\"search_term_string\"}}],\"inLanguage\":\"es\"},{\"@type\":\"Person\",\"@id\":\"https:\\\/\\\/www.cetys.mx\\\/noticias\\\/#\\\/schema\\\/person\\\/e790051ce60e18ae47cfa87011c8653f\",\"name\":\"Campus Tijuana\",\"url\":\"https:\\\/\\\/www.cetys.mx\\\/noticias\\\/author\\\/campustijuana\\\/\"}]}<\/script>\n<!-- \/ Yoast SEO plugin. -->","yoast_head_json":{"title":"El Buen Fin vs Black Friday, persiste falta de apoyo de comerciantes en programa mexicano - CETYS","description":"El Docente de la Escuela de Administraci\u00f3n y Negocios de CETYS destaca que desde hace 2 a\u00f1os hay un mercado al sur de EUA que aprovecha el evento mexicano.","robots":{"index":"index","follow":"follow","max-snippet":"max-snippet:-1","max-image-preview":"max-image-preview:large","max-video-preview":"max-video-preview:-1"},"canonical":"https:\/\/www.cetys.mx\/noticias\/el-buen-fin-vs-black-friday-persiste-falta-de-apoyo-de-comerciantes-en-programa-mexicano\/","og_locale":"es_MX","og_type":"article","og_title":"El Buen Fin vs Black Friday, persiste falta de apoyo de comerciantes en programa mexicano - CETYS","og_description":"El Docente de la Escuela de Administraci\u00f3n y Negocios de CETYS destaca que desde hace 2 a\u00f1os hay un mercado al sur de EUA que aprovecha el evento mexicano.","og_url":"https:\/\/www.cetys.mx\/noticias\/el-buen-fin-vs-black-friday-persiste-falta-de-apoyo-de-comerciantes-en-programa-mexicano\/","og_site_name":"CETYS","article_publisher":"https:\/\/www.facebook.com\/cetysuniversidadmxl\/","article_published_time":"2019-11-16T01:18:33+00:00","article_modified_time":"2019-11-29T19:17:13+00:00","og_image":[{"width":958,"height":637,"url":"https:\/\/www.cetys.mx\/noticias\/wp-content\/uploads\/2019\/11\/jorge-araujo-analisis-buen-fin-1.jpg","type":"image\/jpeg"}],"author":"Campus Tijuana","twitter_card":"summary_large_image","twitter_creator":"@cetysuni","twitter_site":"@cetysuni","twitter_misc":{"Escrito por":"Campus Tijuana","Tiempo de lectura":"2 minutos"},"schema":{"@context":"https:\/\/schema.org","@graph":[{"@type":"Article","@id":"https:\/\/www.cetys.mx\/noticias\/el-buen-fin-vs-black-friday-persiste-falta-de-apoyo-de-comerciantes-en-programa-mexicano\/#article","isPartOf":{"@id":"https:\/\/www.cetys.mx\/noticias\/el-buen-fin-vs-black-friday-persiste-falta-de-apoyo-de-comerciantes-en-programa-mexicano\/"},"author":{"name":"Campus Tijuana","@id":"https:\/\/www.cetys.mx\/noticias\/#\/schema\/person\/e790051ce60e18ae47cfa87011c8653f"},"headline":"El Buen Fin vs Black Friday, persiste falta de apoyo de comerciantes en programa mexicano","datePublished":"2019-11-16T01:18:33+00:00","dateModified":"2019-11-29T19:17:13+00:00","mainEntityOfPage":{"@id":"https:\/\/www.cetys.mx\/noticias\/el-buen-fin-vs-black-friday-persiste-falta-de-apoyo-de-comerciantes-en-programa-mexicano\/"},"wordCount":514,"commentCount":0,"image":{"@id":"https:\/\/www.cetys.mx\/noticias\/el-buen-fin-vs-black-friday-persiste-falta-de-apoyo-de-comerciantes-en-programa-mexicano\/#primaryimage"},"thumbnailUrl":"https:\/\/www.cetys.mx\/noticias\/wp-content\/uploads\/2019\/11\/jorge-araujo-analisis-buen-fin-1.jpg","keywords":["Black Friday","buen fin","columna","vocetys-2019-11-29"],"articleSection":["Campus Tijuana","Opini\u00f3n","VoCETYS"],"inLanguage":"es","potentialAction":[{"@type":"CommentAction","name":"Comment","target":["https:\/\/www.cetys.mx\/noticias\/el-buen-fin-vs-black-friday-persiste-falta-de-apoyo-de-comerciantes-en-programa-mexicano\/#respond"]}]},{"@type":"WebPage","@id":"https:\/\/www.cetys.mx\/noticias\/el-buen-fin-vs-black-friday-persiste-falta-de-apoyo-de-comerciantes-en-programa-mexicano\/","url":"https:\/\/www.cetys.mx\/noticias\/el-buen-fin-vs-black-friday-persiste-falta-de-apoyo-de-comerciantes-en-programa-mexicano\/","name":"El Buen Fin vs Black Friday, persiste falta de apoyo de comerciantes en programa mexicano - CETYS","isPartOf":{"@id":"https:\/\/www.cetys.mx\/noticias\/#website"},"primaryImageOfPage":{"@id":"https:\/\/www.cetys.mx\/noticias\/el-buen-fin-vs-black-friday-persiste-falta-de-apoyo-de-comerciantes-en-programa-mexicano\/#primaryimage"},"image":{"@id":"https:\/\/www.cetys.mx\/noticias\/el-buen-fin-vs-black-friday-persiste-falta-de-apoyo-de-comerciantes-en-programa-mexicano\/#primaryimage"},"thumbnailUrl":"https:\/\/www.cetys.mx\/noticias\/wp-content\/uploads\/2019\/11\/jorge-araujo-analisis-buen-fin-1.jpg","datePublished":"2019-11-16T01:18:33+00:00","dateModified":"2019-11-29T19:17:13+00:00","author":{"@id":"https:\/\/www.cetys.mx\/noticias\/#\/schema\/person\/e790051ce60e18ae47cfa87011c8653f"},"description":"El Docente de la Escuela de Administraci\u00f3n y Negocios de CETYS destaca que desde hace 2 a\u00f1os hay un mercado al sur de EUA que aprovecha el evento mexicano.","breadcrumb":{"@id":"https:\/\/www.cetys.mx\/noticias\/el-buen-fin-vs-black-friday-persiste-falta-de-apoyo-de-comerciantes-en-programa-mexicano\/#breadcrumb"},"inLanguage":"es","potentialAction":[{"@type":"ReadAction","target":["https:\/\/www.cetys.mx\/noticias\/el-buen-fin-vs-black-friday-persiste-falta-de-apoyo-de-comerciantes-en-programa-mexicano\/"]}]},{"@type":"ImageObject","inLanguage":"es","@id":"https:\/\/www.cetys.mx\/noticias\/el-buen-fin-vs-black-friday-persiste-falta-de-apoyo-de-comerciantes-en-programa-mexicano\/#primaryimage","url":"https:\/\/www.cetys.mx\/noticias\/wp-content\/uploads\/2019\/11\/jorge-araujo-analisis-buen-fin-1.jpg","contentUrl":"https:\/\/www.cetys.mx\/noticias\/wp-content\/uploads\/2019\/11\/jorge-araujo-analisis-buen-fin-1.jpg","width":958,"height":637},{"@type":"BreadcrumbList","@id":"https:\/\/www.cetys.mx\/noticias\/el-buen-fin-vs-black-friday-persiste-falta-de-apoyo-de-comerciantes-en-programa-mexicano\/#breadcrumb","itemListElement":[{"@type":"ListItem","position":1,"name":"Inicio","item":"https:\/\/www.cetys.mx\/noticias\/"},{"@type":"ListItem","position":2,"name":"El Buen Fin vs Black Friday, persiste falta de apoyo de comerciantes en programa mexicano"}]},{"@type":"WebSite","@id":"https:\/\/www.cetys.mx\/noticias\/#website","url":"https:\/\/www.cetys.mx\/noticias\/","name":"CETYS","description":"","potentialAction":[{"@type":"SearchAction","target":{"@type":"EntryPoint","urlTemplate":"https:\/\/www.cetys.mx\/noticias\/?s={search_term_string}"},"query-input":{"@type":"PropertyValueSpecification","valueRequired":true,"valueName":"search_term_string"}}],"inLanguage":"es"},{"@type":"Person","@id":"https:\/\/www.cetys.mx\/noticias\/#\/schema\/person\/e790051ce60e18ae47cfa87011c8653f","name":"Campus Tijuana","url":"https:\/\/www.cetys.mx\/noticias\/author\/campustijuana\/"}]}},"_links":{"self":[{"href":"https:\/\/www.cetys.mx\/noticias\/wp-json\/wp\/v2\/posts\/137393","targetHints":{"allow":["GET"]}}],"collection":[{"href":"https:\/\/www.cetys.mx\/noticias\/wp-json\/wp\/v2\/posts"}],"about":[{"href":"https:\/\/www.cetys.mx\/noticias\/wp-json\/wp\/v2\/types\/post"}],"author":[{"embeddable":true,"href":"https:\/\/www.cetys.mx\/noticias\/wp-json\/wp\/v2\/users\/24"}],"replies":[{"embeddable":true,"href":"https:\/\/www.cetys.mx\/noticias\/wp-json\/wp\/v2\/comments?post=137393"}],"version-history":[{"count":0,"href":"https:\/\/www.cetys.mx\/noticias\/wp-json\/wp\/v2\/posts\/137393\/revisions"}],"wp:featuredmedia":[{"embeddable":true,"href":"https:\/\/www.cetys.mx\/noticias\/wp-json\/wp\/v2\/media\/137395"}],"wp:attachment":[{"href":"https:\/\/www.cetys.mx\/noticias\/wp-json\/wp\/v2\/media?parent=137393"}],"wp:term":[{"taxonomy":"category","embeddable":true,"href":"https:\/\/www.cetys.mx\/noticias\/wp-json\/wp\/v2\/categories?post=137393"},{"taxonomy":"post_tag","embeddable":true,"href":"https:\/\/www.cetys.mx\/noticias\/wp-json\/wp\/v2\/tags?post=137393"}],"curies":[{"name":"wp","href":"https:\/\/api.w.org\/{rel}","templated":true}]}}