{"id":136865,"date":"2019-11-05T18:00:20","date_gmt":"2019-11-06T02:00:20","guid":{"rendered":"https:\/\/www.cetys.mx\/noticias\/?p=136865"},"modified":"2020-03-18T20:45:28","modified_gmt":"2020-03-19T03:45:28","slug":"impulsa-ienova-excelencia-academica-con-25-becas-a-estudiantes-cetys","status":"publish","type":"post","link":"https:\/\/www.cetys.mx\/noticias\/impulsa-ienova-excelencia-academica-con-25-becas-a-estudiantes-cetys\/","title":{"rendered":"Impulsa IEnova excelencia acad\u00e9mica con 25 becas a estudiantes CETYS"},"content":{"rendered":"<p>Por octava ocasi\u00f3n, y con el objetivo de impulsar la excelencia educativa para el desarrollo de la comunidad, <a href=\"https:\/\/www.ienova.com.mx\/fundacion.php?v=2.0.0.0\">Fundaci\u00f3n IEnova<\/a> entreg\u00f3 recursos para becas de alumnos de reingreso y nuevo ingreso de <a href=\"https:\/\/www.cetys.mx\">CETYS Universidad Campus Internacional Ensenada.<\/a><\/p>\n<p>La aportaci\u00f3n de <strong>212 mil 500 pesos<\/strong>, ser\u00e1n para apuntalar los estudios de 25 alumnos de las diferentes licenciaturas, ingenier\u00edas y carreras gerenciales que ofrece el CETYS, Universidad que tambi\u00e9n contempla un programa de becas para alumnos que lo requieren.<\/p>\n<div id=\"attachment_136866\" style=\"width: 501px\" class=\"wp-caption alignright\"><img loading=\"lazy\" decoding=\"async\" aria-describedby=\"caption-attachment-136866\" class=\" wp-image-136866\" src=\"https:\/\/www.cetys.mx\/noticias\/wp-content\/uploads\/2019\/11\/Becas-IEnova-2.jpg\" alt=\"\" width=\"491\" height=\"326\" \/><p id=\"caption-attachment-136866\" class=\"wp-caption-text\">Con un total de 212 mil quinientos pesos, la empresa beneficiar\u00e1 a 25 alumnos de CETYS Ensenada.<\/p><\/div>\n<p>En una ceremonia especial llevada a cabo en el Gimnasio Auditorio Quimical, los 25 estudiantes recibieron un reconocimiento que los acredita como alumnos de excelencia, y que los hace acreedores a una beca por parte de la Fundaci\u00f3n IEnova para continuar con sus estudios universitarios.<\/p>\n<p>En representaci\u00f3n de Fundaci\u00f3n IEnova, el Lic. Mario C. L\u00f3pez hizo una analog\u00eda de la visi\u00f3n, planeaci\u00f3n y operaci\u00f3n de la empresa con las mismas fases que deben realizar con sus vidas los estudiantes becados. L\u00f3pez destac\u00f3 el inter\u00e9s de la empresa en estimular la excelencia entre los becarios y del amplio compromiso de IEnova por la educaci\u00f3n. Convoc\u00f3 a los futuros profesionistas a estar atentos a los proyectos futuros de la empresa que abren un amplio abanico de posibilidades para todos en Ensenada.<\/p>\n<p>\u00c1lvaro Mu\u00f1oz Estrada, gerente de planta senior de Energ\u00eda Costa Azul (ECA), aprovech\u00f3 para mencionar el Programa de Formaci\u00f3n Operacional de IEnova (PROFOI) el cual recluta, asiste y forma acad\u00e9mica y operacionalmente a reci\u00e9n egresados de ingenier\u00edas en el pa\u00eds. Este programa es totalmente gratuito y se imparte en las instalaciones de CETYS. Los planes de la empresa con CETYS van en crecimiento con m\u00e1s programas y otro modelo de becas que en breve se dar\u00e1n a conocer.<\/p>\n<div id=\"attachment_136867\" style=\"width: 601px\" class=\"wp-caption aligncenter\"><img loading=\"lazy\" decoding=\"async\" aria-describedby=\"caption-attachment-136867\" class=\"size-full wp-image-136867\" src=\"https:\/\/www.cetys.mx\/noticias\/wp-content\/uploads\/2019\/11\/Becas-IEnova-3.jpg\" alt=\"\" width=\"591\" height=\"392\" \/><p id=\"caption-attachment-136867\" class=\"wp-caption-text\">25 alumnos de profesional fueron beneficiados.<\/p><\/div>\n<p>La Mtra. Jessica Ibarra Ramonet, Directora de CETYS Universidad Zona Costa, destac\u00f3 que es la octava ocasi\u00f3n en que Fundaci\u00f3n IEnova hace entrega de becas a estudiantes destacados y con m\u00e9rito para ser becarios, resaltando que esta ocasi\u00f3n se increment\u00f3 a 25 el n\u00famero de estudiantes beneficiarios en total.<\/p>\n<blockquote><p>\u201cGracias por creer e impulsar el talento para que estos j\u00f3venes cumplan sus sue\u00f1os, logren transformar vidas y contribuyan de manera importante en el desarrollo econ\u00f3mico, social y cultural de Ensenada, M\u00e9xico y el mundo, gracias por confiar en CETYS\u201d.<\/p><\/blockquote>\n<p>En representaci\u00f3n de los alumnos beneficiados, Mariana Rubio de tercer semestre de la Licenciatura en Dise\u00f1o Gr\u00e1fico, agradeci\u00f3 a Fundaci\u00f3n IEnova la oportunidad de demostrar el inter\u00e9s que tienen de continuar con sus estudios universitarios a trav\u00e9s de una educaci\u00f3n de calidad.<\/p>\n<blockquote><p>\u201cTenemos que demostrar que somos dignos de recibir este apoyo, debemos comprometernos por adquirir conocimientos y participar en actividades que beneficien a nuestra comunidad, as\u00ed como tratar de sobresalir en toda actividad que se nos encomiende porque la educaci\u00f3n transforma a las personas que van a cambiar el mundo, gracias por apostar por la educaci\u00f3n de CETYS y ser parte de este cambio\u201d.<\/p><\/blockquote>\n<p>El pres\u00eddium estuvo integrado por el Lic. Mario L\u00f3pez, Gerente de Asuntos Externos de IEnova y representante de la Fundaci\u00f3n IEnova; Ing. \u00c1lvaro Mu\u00f1oz, Gerente de Planta Senior en Energ\u00eda Costa Azul; Mtra. Jessica Ibarra, Directora Zona Costa; y la Mtra. Luc\u00eda Beltr\u00e1n, Directora Acad\u00e9mica de CETYS Ensenada.<\/p>\n<div id=\"attachment_136868\" style=\"width: 601px\" class=\"wp-caption aligncenter\"><img loading=\"lazy\" decoding=\"async\" aria-describedby=\"caption-attachment-136868\" class=\"size-full wp-image-136868\" src=\"https:\/\/www.cetys.mx\/noticias\/wp-content\/uploads\/2019\/11\/Becas-IEnova-1-copy.jpg\" alt=\"\" width=\"591\" height=\"392\" \/><p id=\"caption-attachment-136868\" class=\"wp-caption-text\">La ceremonia se llev\u00f3 a en presencia de directivos de CETYS y de IEnova.<\/p><\/div>\n","protected":false},"excerpt":{"rendered":"<p>Por octava ocasi\u00f3n, y con el objetivo de impulsar la excelencia educativa para el desarrollo de la comunidad, Fundaci\u00f3n IEnova entreg\u00f3 recursos&#8230;<\/p>\n","protected":false},"author":23,"featured_media":136869,"comment_status":"open","ping_status":"closed","sticky":false,"template":"","format":"standard","meta":{"footnotes":""},"categories":[132,112,125,306,313],"tags":[],"class_list":["post-136865","post","type-post","status-publish","format-standard","has-post-thumbnail","hentry","category-campus-ensenada","category-filantropia","category-portada","category-profesional","category-vocetys-2"],"yoast_head":"<!-- This site is optimized with the Yoast SEO plugin v27.4 - https:\/\/yoast.com\/product\/yoast-seo-wordpress\/ -->\n<title>Impulsa IEnova excelencia acad\u00e9mica con 25 becas a estudiantes CETYS - CETYS<\/title>\n<meta name=\"description\" content=\"Articulo sobre Impulsa IEnova excelencia acad\u00e9mica con 25 becas a estudiantes CETYS\" \/>\n<meta name=\"robots\" content=\"index, follow, max-snippet:-1, max-image-preview:large, max-video-preview:-1\" \/>\n<link rel=\"canonical\" href=\"https:\/\/www.cetys.mx\/noticias\/impulsa-ienova-excelencia-academica-con-25-becas-a-estudiantes-cetys\/\" \/>\n<meta property=\"og:locale\" content=\"es_MX\" \/>\n<meta property=\"og:type\" content=\"article\" \/>\n<meta property=\"og:title\" content=\"Impulsa IEnova excelencia acad\u00e9mica con 25 becas a estudiantes CETYS - CETYS\" \/>\n<meta property=\"og:description\" content=\"Articulo sobre Impulsa IEnova excelencia acad\u00e9mica con 25 becas a estudiantes CETYS\" \/>\n<meta property=\"og:url\" content=\"https:\/\/www.cetys.mx\/noticias\/impulsa-ienova-excelencia-academica-con-25-becas-a-estudiantes-cetys\/\" \/>\n<meta property=\"og:site_name\" content=\"CETYS\" \/>\n<meta property=\"article:publisher\" content=\"https:\/\/www.facebook.com\/cetysuniversidadmxl\/\" \/>\n<meta property=\"article:published_time\" content=\"2019-11-06T02:00:20+00:00\" \/>\n<meta property=\"article:modified_time\" content=\"2020-03-19T03:45:28+00:00\" \/>\n<meta property=\"og:image\" content=\"https:\/\/www.cetys.mx\/noticias\/wp-content\/uploads\/2019\/11\/Becas-IEnova-4.jpg\" \/>\n\t<meta property=\"og:image:width\" content=\"591\" \/>\n\t<meta property=\"og:image:height\" content=\"392\" \/>\n\t<meta property=\"og:image:type\" content=\"image\/jpeg\" \/>\n<meta name=\"author\" content=\"Campus Ensenada\" \/>\n<meta name=\"twitter:card\" content=\"summary_large_image\" \/>\n<meta name=\"twitter:creator\" content=\"@cetysuni\" \/>\n<meta name=\"twitter:site\" content=\"@cetysuni\" \/>\n<meta name=\"twitter:label1\" content=\"Escrito por\" \/>\n\t<meta name=\"twitter:data1\" content=\"Campus Ensenada\" \/>\n\t<meta name=\"twitter:label2\" content=\"Tiempo de lectura\" \/>\n\t<meta name=\"twitter:data2\" content=\"3 minutos\" \/>\n<script type=\"application\/ld+json\" class=\"yoast-schema-graph\">{\"@context\":\"https:\\\/\\\/schema.org\",\"@graph\":[{\"@type\":\"Article\",\"@id\":\"https:\\\/\\\/www.cetys.mx\\\/noticias\\\/impulsa-ienova-excelencia-academica-con-25-becas-a-estudiantes-cetys\\\/#article\",\"isPartOf\":{\"@id\":\"https:\\\/\\\/www.cetys.mx\\\/noticias\\\/impulsa-ienova-excelencia-academica-con-25-becas-a-estudiantes-cetys\\\/\"},\"author\":{\"name\":\"Campus Ensenada\",\"@id\":\"https:\\\/\\\/www.cetys.mx\\\/noticias\\\/#\\\/schema\\\/person\\\/1a1a88c0b6586e66a2e9e88e07afc712\"},\"headline\":\"Impulsa IEnova excelencia acad\u00e9mica con 25 becas a estudiantes CETYS\",\"datePublished\":\"2019-11-06T02:00:20+00:00\",\"dateModified\":\"2020-03-19T03:45:28+00:00\",\"mainEntityOfPage\":{\"@id\":\"https:\\\/\\\/www.cetys.mx\\\/noticias\\\/impulsa-ienova-excelencia-academica-con-25-becas-a-estudiantes-cetys\\\/\"},\"wordCount\":638,\"commentCount\":0,\"image\":{\"@id\":\"https:\\\/\\\/www.cetys.mx\\\/noticias\\\/impulsa-ienova-excelencia-academica-con-25-becas-a-estudiantes-cetys\\\/#primaryimage\"},\"thumbnailUrl\":\"https:\\\/\\\/www.cetys.mx\\\/noticias\\\/wp-content\\\/uploads\\\/2019\\\/11\\\/Becas-IEnova-4.jpg\",\"articleSection\":[\"Campus Ensenada\",\"Filantrop\u00eda\",\"Portada\",\"Profesional\",\"VoCETYS\"],\"inLanguage\":\"es\",\"potentialAction\":[{\"@type\":\"CommentAction\",\"name\":\"Comment\",\"target\":[\"https:\\\/\\\/www.cetys.mx\\\/noticias\\\/impulsa-ienova-excelencia-academica-con-25-becas-a-estudiantes-cetys\\\/#respond\"]}]},{\"@type\":\"WebPage\",\"@id\":\"https:\\\/\\\/www.cetys.mx\\\/noticias\\\/impulsa-ienova-excelencia-academica-con-25-becas-a-estudiantes-cetys\\\/\",\"url\":\"https:\\\/\\\/www.cetys.mx\\\/noticias\\\/impulsa-ienova-excelencia-academica-con-25-becas-a-estudiantes-cetys\\\/\",\"name\":\"Impulsa IEnova excelencia acad\u00e9mica con 25 becas a estudiantes CETYS - CETYS\",\"isPartOf\":{\"@id\":\"https:\\\/\\\/www.cetys.mx\\\/noticias\\\/#website\"},\"primaryImageOfPage\":{\"@id\":\"https:\\\/\\\/www.cetys.mx\\\/noticias\\\/impulsa-ienova-excelencia-academica-con-25-becas-a-estudiantes-cetys\\\/#primaryimage\"},\"image\":{\"@id\":\"https:\\\/\\\/www.cetys.mx\\\/noticias\\\/impulsa-ienova-excelencia-academica-con-25-becas-a-estudiantes-cetys\\\/#primaryimage\"},\"thumbnailUrl\":\"https:\\\/\\\/www.cetys.mx\\\/noticias\\\/wp-content\\\/uploads\\\/2019\\\/11\\\/Becas-IEnova-4.jpg\",\"datePublished\":\"2019-11-06T02:00:20+00:00\",\"dateModified\":\"2020-03-19T03:45:28+00:00\",\"author\":{\"@id\":\"https:\\\/\\\/www.cetys.mx\\\/noticias\\\/#\\\/schema\\\/person\\\/1a1a88c0b6586e66a2e9e88e07afc712\"},\"description\":\"Articulo sobre Impulsa IEnova excelencia acad\u00e9mica con 25 becas a estudiantes CETYS\",\"breadcrumb\":{\"@id\":\"https:\\\/\\\/www.cetys.mx\\\/noticias\\\/impulsa-ienova-excelencia-academica-con-25-becas-a-estudiantes-cetys\\\/#breadcrumb\"},\"inLanguage\":\"es\",\"potentialAction\":[{\"@type\":\"ReadAction\",\"target\":[\"https:\\\/\\\/www.cetys.mx\\\/noticias\\\/impulsa-ienova-excelencia-academica-con-25-becas-a-estudiantes-cetys\\\/\"]}]},{\"@type\":\"ImageObject\",\"inLanguage\":\"es\",\"@id\":\"https:\\\/\\\/www.cetys.mx\\\/noticias\\\/impulsa-ienova-excelencia-academica-con-25-becas-a-estudiantes-cetys\\\/#primaryimage\",\"url\":\"https:\\\/\\\/www.cetys.mx\\\/noticias\\\/wp-content\\\/uploads\\\/2019\\\/11\\\/Becas-IEnova-4.jpg\",\"contentUrl\":\"https:\\\/\\\/www.cetys.mx\\\/noticias\\\/wp-content\\\/uploads\\\/2019\\\/11\\\/Becas-IEnova-4.jpg\",\"width\":591,\"height\":392,\"caption\":\"El objetivo de la entrega de becas es impulsar la excelencia educativa para el desarrollo de la comunidad.\"},{\"@type\":\"BreadcrumbList\",\"@id\":\"https:\\\/\\\/www.cetys.mx\\\/noticias\\\/impulsa-ienova-excelencia-academica-con-25-becas-a-estudiantes-cetys\\\/#breadcrumb\",\"itemListElement\":[{\"@type\":\"ListItem\",\"position\":1,\"name\":\"Inicio\",\"item\":\"https:\\\/\\\/www.cetys.mx\\\/noticias\\\/\"},{\"@type\":\"ListItem\",\"position\":2,\"name\":\"Impulsa IEnova excelencia acad\u00e9mica con 25 becas a estudiantes CETYS\"}]},{\"@type\":\"WebSite\",\"@id\":\"https:\\\/\\\/www.cetys.mx\\\/noticias\\\/#website\",\"url\":\"https:\\\/\\\/www.cetys.mx\\\/noticias\\\/\",\"name\":\"CETYS\",\"description\":\"\",\"potentialAction\":[{\"@type\":\"SearchAction\",\"target\":{\"@type\":\"EntryPoint\",\"urlTemplate\":\"https:\\\/\\\/www.cetys.mx\\\/noticias\\\/?s={search_term_string}\"},\"query-input\":{\"@type\":\"PropertyValueSpecification\",\"valueRequired\":true,\"valueName\":\"search_term_string\"}}],\"inLanguage\":\"es\"},{\"@type\":\"Person\",\"@id\":\"https:\\\/\\\/www.cetys.mx\\\/noticias\\\/#\\\/schema\\\/person\\\/1a1a88c0b6586e66a2e9e88e07afc712\",\"name\":\"Campus Ensenada\",\"url\":\"https:\\\/\\\/www.cetys.mx\\\/noticias\\\/author\\\/campusensenada\\\/\"}]}<\/script>\n<!-- \/ Yoast SEO plugin. -->","yoast_head_json":{"title":"Impulsa IEnova excelencia acad\u00e9mica con 25 becas a estudiantes CETYS - CETYS","description":"Articulo sobre Impulsa IEnova excelencia acad\u00e9mica con 25 becas a estudiantes CETYS","robots":{"index":"index","follow":"follow","max-snippet":"max-snippet:-1","max-image-preview":"max-image-preview:large","max-video-preview":"max-video-preview:-1"},"canonical":"https:\/\/www.cetys.mx\/noticias\/impulsa-ienova-excelencia-academica-con-25-becas-a-estudiantes-cetys\/","og_locale":"es_MX","og_type":"article","og_title":"Impulsa IEnova excelencia acad\u00e9mica con 25 becas a estudiantes CETYS - CETYS","og_description":"Articulo sobre Impulsa IEnova excelencia acad\u00e9mica con 25 becas a estudiantes CETYS","og_url":"https:\/\/www.cetys.mx\/noticias\/impulsa-ienova-excelencia-academica-con-25-becas-a-estudiantes-cetys\/","og_site_name":"CETYS","article_publisher":"https:\/\/www.facebook.com\/cetysuniversidadmxl\/","article_published_time":"2019-11-06T02:00:20+00:00","article_modified_time":"2020-03-19T03:45:28+00:00","og_image":[{"width":591,"height":392,"url":"https:\/\/www.cetys.mx\/noticias\/wp-content\/uploads\/2019\/11\/Becas-IEnova-4.jpg","type":"image\/jpeg"}],"author":"Campus Ensenada","twitter_card":"summary_large_image","twitter_creator":"@cetysuni","twitter_site":"@cetysuni","twitter_misc":{"Escrito por":"Campus Ensenada","Tiempo de lectura":"3 minutos"},"schema":{"@context":"https:\/\/schema.org","@graph":[{"@type":"Article","@id":"https:\/\/www.cetys.mx\/noticias\/impulsa-ienova-excelencia-academica-con-25-becas-a-estudiantes-cetys\/#article","isPartOf":{"@id":"https:\/\/www.cetys.mx\/noticias\/impulsa-ienova-excelencia-academica-con-25-becas-a-estudiantes-cetys\/"},"author":{"name":"Campus Ensenada","@id":"https:\/\/www.cetys.mx\/noticias\/#\/schema\/person\/1a1a88c0b6586e66a2e9e88e07afc712"},"headline":"Impulsa IEnova excelencia acad\u00e9mica con 25 becas a estudiantes CETYS","datePublished":"2019-11-06T02:00:20+00:00","dateModified":"2020-03-19T03:45:28+00:00","mainEntityOfPage":{"@id":"https:\/\/www.cetys.mx\/noticias\/impulsa-ienova-excelencia-academica-con-25-becas-a-estudiantes-cetys\/"},"wordCount":638,"commentCount":0,"image":{"@id":"https:\/\/www.cetys.mx\/noticias\/impulsa-ienova-excelencia-academica-con-25-becas-a-estudiantes-cetys\/#primaryimage"},"thumbnailUrl":"https:\/\/www.cetys.mx\/noticias\/wp-content\/uploads\/2019\/11\/Becas-IEnova-4.jpg","articleSection":["Campus Ensenada","Filantrop\u00eda","Portada","Profesional","VoCETYS"],"inLanguage":"es","potentialAction":[{"@type":"CommentAction","name":"Comment","target":["https:\/\/www.cetys.mx\/noticias\/impulsa-ienova-excelencia-academica-con-25-becas-a-estudiantes-cetys\/#respond"]}]},{"@type":"WebPage","@id":"https:\/\/www.cetys.mx\/noticias\/impulsa-ienova-excelencia-academica-con-25-becas-a-estudiantes-cetys\/","url":"https:\/\/www.cetys.mx\/noticias\/impulsa-ienova-excelencia-academica-con-25-becas-a-estudiantes-cetys\/","name":"Impulsa IEnova excelencia acad\u00e9mica con 25 becas a estudiantes CETYS - CETYS","isPartOf":{"@id":"https:\/\/www.cetys.mx\/noticias\/#website"},"primaryImageOfPage":{"@id":"https:\/\/www.cetys.mx\/noticias\/impulsa-ienova-excelencia-academica-con-25-becas-a-estudiantes-cetys\/#primaryimage"},"image":{"@id":"https:\/\/www.cetys.mx\/noticias\/impulsa-ienova-excelencia-academica-con-25-becas-a-estudiantes-cetys\/#primaryimage"},"thumbnailUrl":"https:\/\/www.cetys.mx\/noticias\/wp-content\/uploads\/2019\/11\/Becas-IEnova-4.jpg","datePublished":"2019-11-06T02:00:20+00:00","dateModified":"2020-03-19T03:45:28+00:00","author":{"@id":"https:\/\/www.cetys.mx\/noticias\/#\/schema\/person\/1a1a88c0b6586e66a2e9e88e07afc712"},"description":"Articulo sobre Impulsa IEnova excelencia acad\u00e9mica con 25 becas a estudiantes CETYS","breadcrumb":{"@id":"https:\/\/www.cetys.mx\/noticias\/impulsa-ienova-excelencia-academica-con-25-becas-a-estudiantes-cetys\/#breadcrumb"},"inLanguage":"es","potentialAction":[{"@type":"ReadAction","target":["https:\/\/www.cetys.mx\/noticias\/impulsa-ienova-excelencia-academica-con-25-becas-a-estudiantes-cetys\/"]}]},{"@type":"ImageObject","inLanguage":"es","@id":"https:\/\/www.cetys.mx\/noticias\/impulsa-ienova-excelencia-academica-con-25-becas-a-estudiantes-cetys\/#primaryimage","url":"https:\/\/www.cetys.mx\/noticias\/wp-content\/uploads\/2019\/11\/Becas-IEnova-4.jpg","contentUrl":"https:\/\/www.cetys.mx\/noticias\/wp-content\/uploads\/2019\/11\/Becas-IEnova-4.jpg","width":591,"height":392,"caption":"El objetivo de la entrega de becas es impulsar la excelencia educativa para el desarrollo de la comunidad."},{"@type":"BreadcrumbList","@id":"https:\/\/www.cetys.mx\/noticias\/impulsa-ienova-excelencia-academica-con-25-becas-a-estudiantes-cetys\/#breadcrumb","itemListElement":[{"@type":"ListItem","position":1,"name":"Inicio","item":"https:\/\/www.cetys.mx\/noticias\/"},{"@type":"ListItem","position":2,"name":"Impulsa IEnova excelencia acad\u00e9mica con 25 becas a estudiantes CETYS"}]},{"@type":"WebSite","@id":"https:\/\/www.cetys.mx\/noticias\/#website","url":"https:\/\/www.cetys.mx\/noticias\/","name":"CETYS","description":"","potentialAction":[{"@type":"SearchAction","target":{"@type":"EntryPoint","urlTemplate":"https:\/\/www.cetys.mx\/noticias\/?s={search_term_string}"},"query-input":{"@type":"PropertyValueSpecification","valueRequired":true,"valueName":"search_term_string"}}],"inLanguage":"es"},{"@type":"Person","@id":"https:\/\/www.cetys.mx\/noticias\/#\/schema\/person\/1a1a88c0b6586e66a2e9e88e07afc712","name":"Campus Ensenada","url":"https:\/\/www.cetys.mx\/noticias\/author\/campusensenada\/"}]}},"_links":{"self":[{"href":"https:\/\/www.cetys.mx\/noticias\/wp-json\/wp\/v2\/posts\/136865","targetHints":{"allow":["GET"]}}],"collection":[{"href":"https:\/\/www.cetys.mx\/noticias\/wp-json\/wp\/v2\/posts"}],"about":[{"href":"https:\/\/www.cetys.mx\/noticias\/wp-json\/wp\/v2\/types\/post"}],"author":[{"embeddable":true,"href":"https:\/\/www.cetys.mx\/noticias\/wp-json\/wp\/v2\/users\/23"}],"replies":[{"embeddable":true,"href":"https:\/\/www.cetys.mx\/noticias\/wp-json\/wp\/v2\/comments?post=136865"}],"version-history":[{"count":0,"href":"https:\/\/www.cetys.mx\/noticias\/wp-json\/wp\/v2\/posts\/136865\/revisions"}],"wp:featuredmedia":[{"embeddable":true,"href":"https:\/\/www.cetys.mx\/noticias\/wp-json\/wp\/v2\/media\/136869"}],"wp:attachment":[{"href":"https:\/\/www.cetys.mx\/noticias\/wp-json\/wp\/v2\/media?parent=136865"}],"wp:term":[{"taxonomy":"category","embeddable":true,"href":"https:\/\/www.cetys.mx\/noticias\/wp-json\/wp\/v2\/categories?post=136865"},{"taxonomy":"post_tag","embeddable":true,"href":"https:\/\/www.cetys.mx\/noticias\/wp-json\/wp\/v2\/tags?post=136865"}],"curies":[{"name":"wp","href":"https:\/\/api.w.org\/{rel}","templated":true}]}}