{"id":136696,"date":"2019-11-05T12:25:35","date_gmt":"2019-11-05T20:25:35","guid":{"rendered":"https:\/\/www.cetys.mx\/noticias\/?p=136696"},"modified":"2019-11-05T12:31:13","modified_gmt":"2019-11-05T20:31:13","slug":"promueven-ienac-y-cetys-vinculacion-para-el-desarrollo-educativo-en-visita-a-nevada","status":"publish","type":"post","link":"https:\/\/www.cetys.mx\/noticias\/promueven-ienac-y-cetys-vinculacion-para-el-desarrollo-educativo-en-visita-a-nevada\/","title":{"rendered":"Promueven IENAC y CETYS vinculaci\u00f3n para el desarrollo educativo en visita a Nevada"},"content":{"rendered":"<p style=\"text-align: justify;\">Bajo el cumplimiento del desarrollo educativo de alta calidad, asociados del<strong> Instituto Educativo del Noroeste A.C. (IENAC)<\/strong>, as\u00ed como directivos de <a href=\"https:\/\/www.cetys.mx\"><strong>CETYS Universidad<\/strong><\/a>, realizaron una visita a Nevada, Estados Unidos, donde tuvieron la oportunidad de conocer y aprender sobre las mejores pr\u00e1cticas educativas en la <strong><a href=\"https:\/\/www.unr.edu\">University of Nevada, Campus Reno<\/a> y<a href=\"https:\/\/www.unlv.edu\"> Las Vegas<\/a>, as\u00ed como de <a href=\"https:\/\/www.innevation.com\">InNevation Center<\/a>, <a href=\"https:\/\/www.dri.edu\">Desert Research Institute<\/a>, y las instalaciones de <a href=\"https:\/\/unlvtechpark.com\">Harry Reid Reseach &amp; Technology Park<\/a>, Tesla y Panasonic.<\/strong><\/p>\n<p style=\"text-align: justify;\">En <strong>University of Nevada, Reno (UNR)<\/strong>, el grupo fue recibido por el <strong>Rector Dr. Marc Johnson<\/strong> y su equipo de trabajo, donde tuvieron la oportunidad de conocer proyectos de investigaci\u00f3n sobre rob\u00f3tica aut\u00f3noma, almacenamiento de energ\u00eda, as\u00ed como energ\u00edas renovables en geot\u00e9rmica y el uso del agua.<\/p>\n<p><img loading=\"lazy\" decoding=\"async\" class=\" wp-image-136706 aligncenter\" src=\"https:\/\/www.cetys.mx\/noticias\/wp-content\/uploads\/2019\/11\/Rector\u00eda-Universidad-de-Nevada-Reno.jpg\" alt=\"\" width=\"747\" height=\"496\" srcset=\"https:\/\/www.cetys.mx\/noticias\/wp-content\/uploads\/2019\/11\/Rector\u00eda-Universidad-de-Nevada-Reno.jpg 958w, https:\/\/www.cetys.mx\/noticias\/wp-content\/uploads\/2019\/11\/Rector\u00eda-Universidad-de-Nevada-Reno-768x511.jpg 768w\" sizes=\"auto, (max-width: 747px) 100vw, 747px\" \/><\/p>\n<p style=\"text-align: justify;\">Posteriormente, asistieron a <strong>The Innevation Center<\/strong>, espacio donde se busca reforzar los lazos entre la comunidad universitaria y la industria de manera que los estudiantes de UNR tengan los recursos y la gu\u00eda para desarrollar sus proyectos.<\/p>\n<p><img loading=\"lazy\" decoding=\"async\" class=\" wp-image-136704 aligncenter\" src=\"https:\/\/www.cetys.mx\/noticias\/wp-content\/uploads\/2019\/11\/Innevation.jpg\" alt=\"\" width=\"729\" height=\"484\" srcset=\"https:\/\/www.cetys.mx\/noticias\/wp-content\/uploads\/2019\/11\/Innevation.jpg 958w, https:\/\/www.cetys.mx\/noticias\/wp-content\/uploads\/2019\/11\/Innevation-768x511.jpg 768w\" sizes=\"auto, (max-width: 729px) 100vw, 729px\" \/><\/p>\n<p style=\"text-align: justify;\">En su visita a las instalaciones de las plantas de <strong>Tesla y Panasonic en Reno,<\/strong> los asociados del IENAC y directivos de CETYS, se reunieron con los responsables de pr\u00e1cticas estudiantiles y procesos acad\u00e9micos, para conversar sobre las oportunidades que se les ofrece a estudiantes de nivel universitario.<\/p>\n<p><img loading=\"lazy\" decoding=\"async\" class=\" wp-image-136707 aligncenter\" src=\"https:\/\/www.cetys.mx\/noticias\/wp-content\/uploads\/2019\/11\/Tesla.jpg\" alt=\"\" width=\"545\" height=\"544\" srcset=\"https:\/\/www.cetys.mx\/noticias\/wp-content\/uploads\/2019\/11\/Tesla.jpg 1280w, https:\/\/www.cetys.mx\/noticias\/wp-content\/uploads\/2019\/11\/Tesla-768x768.jpg 768w, https:\/\/www.cetys.mx\/noticias\/wp-content\/uploads\/2019\/11\/Tesla-75x75.jpg 75w, https:\/\/www.cetys.mx\/noticias\/wp-content\/uploads\/2019\/11\/Tesla-300x300.jpg 300w\" sizes=\"auto, (max-width: 545px) 100vw, 545px\" \/><\/p>\n<p style=\"text-align: justify;\">Asimismo, el grupo conoci\u00f3 las instalaciones del <strong>Desert Reserch Institute (DRI<\/strong>), donde fueron recibidos por el <strong>Rector Interino Dr. Kumud Acharya<\/strong>, y su equipo de trabajo. Adem\u00e1s de conocer los proyectos de investigaci\u00f3n, el grupo plante\u00f3 los futuros pasos de colaboraci\u00f3n entre <strong>DRI y CETYS Universidad.<\/strong><\/p>\n<p><img loading=\"lazy\" decoding=\"async\" class=\" wp-image-136703 aligncenter\" src=\"https:\/\/www.cetys.mx\/noticias\/wp-content\/uploads\/2019\/11\/DRI.jpg\" alt=\"\" width=\"730\" height=\"486\" srcset=\"https:\/\/www.cetys.mx\/noticias\/wp-content\/uploads\/2019\/11\/DRI.jpg 4190w, https:\/\/www.cetys.mx\/noticias\/wp-content\/uploads\/2019\/11\/DRI-768x511.jpg 768w\" sizes=\"auto, (max-width: 730px) 100vw, 730px\" \/><\/p>\n<p style=\"text-align: justify;\">Finalmente, en el \u00faltimo d\u00eda de actividades el grupo se traslad\u00f3 a <strong>University of Reno, Campus Las Vegas (UNLV),<\/strong> en donde tuvieron conocimiento sobre los programas de humanidades, hospitalidad y liderazgo estudiantil de la instituci\u00f3n. De igual manera, conocieron las instalaciones de <strong>Harry Reid Reseach &amp; Technology Park,<\/strong> centro tecnol\u00f3gico donde empresas desarrollan programas de manera conjunta con la UNLV.<\/p>\n<p style=\"text-align: justify;\">Asimismo, los acad\u00e9micos de CETYS y UNLV presentaron planes de futuras colaboraciones, en donde se hizo firma de un acuerdo por parte de la <strong>Rectora de la Universidad de Nevada, Las Vegas, Dr. Marta Meana y del Dr. Fernando Le\u00f3n Garc\u00eda, Rector de CETYS Universidad.<\/strong><\/p>\n<p><img loading=\"lazy\" decoding=\"async\" class=\" wp-image-136705 aligncenter\" src=\"https:\/\/www.cetys.mx\/noticias\/wp-content\/uploads\/2019\/11\/Las-Vegas.jpg\" alt=\"\" width=\"422\" height=\"635\" \/><\/p>\n<p style=\"text-align: justify;\">La delegaci\u00f3n de IENAC estuvo <strong>encabezada por el presidente del Consejo, Lic. Gustavo Vild\u00f3sola Ramos, as\u00ed como el Dr. Fernando Le\u00f3n Garc\u00eda, Rector del Sistema CETYS Universidad.<\/strong> Se cont\u00f3 con la presencia de asociados del IENAC, Vicerrectores y Directivos de la Instituci\u00f3n educativa.<\/p>\n<p style=\"text-align: justify;\">Al igual que en a\u00f1os anteriores donde el IENAC ha visitado instituciones educativas en Seattle, Boston, San Francisco y Claremont, la visita a Reno y Las Vegas, permitir\u00e1 futuras colaboraciones para el desarrollo educativo transfronterizo.<\/p>\n","protected":false},"excerpt":{"rendered":"<p>Bajo el cumplimiento del desarrollo educativo de alta calidad, asociados del Instituto Educativo del Noroeste A.C. (IENAC), as\u00ed como directivos de CETYS&#8230;<\/p>\n","protected":false},"author":26,"featured_media":136702,"comment_status":"open","ping_status":"closed","sticky":false,"template":"","format":"standard","meta":{"footnotes":""},"categories":[209,108,3031,125],"tags":[2125,578,3994],"class_list":["post-136696","post","type-post","status-publish","format-standard","has-post-thumbnail","hentry","category-institucional","category-internacionales","category-liderazgo","category-portada","tag-cetys-internacional","tag-ienac","tag-visita-del-consejo"],"yoast_head":"<!-- This site is optimized with the Yoast SEO plugin v27.4 - https:\/\/yoast.com\/product\/yoast-seo-wordpress\/ -->\n<title>Promueven IENAC y CETYS vinculaci\u00f3n para el desarrollo educativo en visita a Nevada - CETYS<\/title>\n<meta name=\"description\" content=\"Asociados del IENAC A.C., realizaron una visita a Nevada, Estados Unidos, para aprender sobre las mejores pr\u00e1cticas educativas en la University of Nevada, Campus Reno.\" \/>\n<meta name=\"robots\" content=\"index, follow, max-snippet:-1, max-image-preview:large, max-video-preview:-1\" \/>\n<link rel=\"canonical\" href=\"https:\/\/www.cetys.mx\/noticias\/promueven-ienac-y-cetys-vinculacion-para-el-desarrollo-educativo-en-visita-a-nevada\/\" \/>\n<meta property=\"og:locale\" content=\"es_MX\" \/>\n<meta property=\"og:type\" content=\"article\" \/>\n<meta property=\"og:title\" content=\"Promueven IENAC y CETYS vinculaci\u00f3n para el desarrollo educativo en visita a Nevada - CETYS\" \/>\n<meta property=\"og:description\" content=\"Asociados del IENAC A.C., realizaron una visita a Nevada, Estados Unidos, para aprender sobre las mejores pr\u00e1cticas educativas en la University of Nevada, Campus Reno.\" \/>\n<meta property=\"og:url\" content=\"https:\/\/www.cetys.mx\/noticias\/promueven-ienac-y-cetys-vinculacion-para-el-desarrollo-educativo-en-visita-a-nevada\/\" \/>\n<meta property=\"og:site_name\" content=\"CETYS\" \/>\n<meta property=\"article:publisher\" content=\"https:\/\/www.facebook.com\/cetysuniversidadmxl\/\" \/>\n<meta property=\"article:published_time\" content=\"2019-11-05T20:25:35+00:00\" \/>\n<meta property=\"article:modified_time\" content=\"2019-11-05T20:31:13+00:00\" \/>\n<meta property=\"og:image\" content=\"https:\/\/www.cetys.mx\/noticias\/wp-content\/uploads\/2019\/11\/1.jpg\" \/>\n\t<meta property=\"og:image:width\" content=\"4320\" \/>\n\t<meta property=\"og:image:height\" content=\"2872\" \/>\n\t<meta property=\"og:image:type\" content=\"image\/jpeg\" \/>\n<meta name=\"author\" content=\"CETYS Institucional\" \/>\n<meta name=\"twitter:card\" content=\"summary_large_image\" \/>\n<meta name=\"twitter:creator\" content=\"@cetysuni\" \/>\n<meta name=\"twitter:site\" content=\"@cetysuni\" \/>\n<meta name=\"twitter:label1\" content=\"Escrito por\" \/>\n\t<meta name=\"twitter:data1\" content=\"CETYS Institucional\" \/>\n\t<meta name=\"twitter:label2\" content=\"Tiempo de lectura\" \/>\n\t<meta name=\"twitter:data2\" content=\"2 minutos\" \/>\n<script type=\"application\/ld+json\" class=\"yoast-schema-graph\">{\"@context\":\"https:\\\/\\\/schema.org\",\"@graph\":[{\"@type\":\"Article\",\"@id\":\"https:\\\/\\\/www.cetys.mx\\\/noticias\\\/promueven-ienac-y-cetys-vinculacion-para-el-desarrollo-educativo-en-visita-a-nevada\\\/#article\",\"isPartOf\":{\"@id\":\"https:\\\/\\\/www.cetys.mx\\\/noticias\\\/promueven-ienac-y-cetys-vinculacion-para-el-desarrollo-educativo-en-visita-a-nevada\\\/\"},\"author\":{\"name\":\"CETYS Institucional\",\"@id\":\"https:\\\/\\\/www.cetys.mx\\\/noticias\\\/#\\\/schema\\\/person\\\/e9d2b35265b64aa454df57a2828eb2ac\"},\"headline\":\"Promueven IENAC y CETYS vinculaci\u00f3n para el desarrollo educativo en visita a Nevada\",\"datePublished\":\"2019-11-05T20:25:35+00:00\",\"dateModified\":\"2019-11-05T20:31:13+00:00\",\"mainEntityOfPage\":{\"@id\":\"https:\\\/\\\/www.cetys.mx\\\/noticias\\\/promueven-ienac-y-cetys-vinculacion-para-el-desarrollo-educativo-en-visita-a-nevada\\\/\"},\"wordCount\":475,\"commentCount\":0,\"image\":{\"@id\":\"https:\\\/\\\/www.cetys.mx\\\/noticias\\\/promueven-ienac-y-cetys-vinculacion-para-el-desarrollo-educativo-en-visita-a-nevada\\\/#primaryimage\"},\"thumbnailUrl\":\"https:\\\/\\\/www.cetys.mx\\\/noticias\\\/wp-content\\\/uploads\\\/2019\\\/11\\\/1.jpg\",\"keywords\":[\"CETYS Internacional\",\"IENAC\",\"Visita del Consejo\"],\"articleSection\":[\"Institucional\",\"Internacionales\",\"Liderazgo\",\"Portada\"],\"inLanguage\":\"es\",\"potentialAction\":[{\"@type\":\"CommentAction\",\"name\":\"Comment\",\"target\":[\"https:\\\/\\\/www.cetys.mx\\\/noticias\\\/promueven-ienac-y-cetys-vinculacion-para-el-desarrollo-educativo-en-visita-a-nevada\\\/#respond\"]}]},{\"@type\":\"WebPage\",\"@id\":\"https:\\\/\\\/www.cetys.mx\\\/noticias\\\/promueven-ienac-y-cetys-vinculacion-para-el-desarrollo-educativo-en-visita-a-nevada\\\/\",\"url\":\"https:\\\/\\\/www.cetys.mx\\\/noticias\\\/promueven-ienac-y-cetys-vinculacion-para-el-desarrollo-educativo-en-visita-a-nevada\\\/\",\"name\":\"Promueven IENAC y CETYS vinculaci\u00f3n para el desarrollo educativo en visita a Nevada - CETYS\",\"isPartOf\":{\"@id\":\"https:\\\/\\\/www.cetys.mx\\\/noticias\\\/#website\"},\"primaryImageOfPage\":{\"@id\":\"https:\\\/\\\/www.cetys.mx\\\/noticias\\\/promueven-ienac-y-cetys-vinculacion-para-el-desarrollo-educativo-en-visita-a-nevada\\\/#primaryimage\"},\"image\":{\"@id\":\"https:\\\/\\\/www.cetys.mx\\\/noticias\\\/promueven-ienac-y-cetys-vinculacion-para-el-desarrollo-educativo-en-visita-a-nevada\\\/#primaryimage\"},\"thumbnailUrl\":\"https:\\\/\\\/www.cetys.mx\\\/noticias\\\/wp-content\\\/uploads\\\/2019\\\/11\\\/1.jpg\",\"datePublished\":\"2019-11-05T20:25:35+00:00\",\"dateModified\":\"2019-11-05T20:31:13+00:00\",\"author\":{\"@id\":\"https:\\\/\\\/www.cetys.mx\\\/noticias\\\/#\\\/schema\\\/person\\\/e9d2b35265b64aa454df57a2828eb2ac\"},\"description\":\"Asociados del IENAC A.C., realizaron una visita a Nevada, Estados Unidos, para aprender sobre las mejores pr\u00e1cticas educativas en la University of Nevada, Campus Reno.\",\"breadcrumb\":{\"@id\":\"https:\\\/\\\/www.cetys.mx\\\/noticias\\\/promueven-ienac-y-cetys-vinculacion-para-el-desarrollo-educativo-en-visita-a-nevada\\\/#breadcrumb\"},\"inLanguage\":\"es\",\"potentialAction\":[{\"@type\":\"ReadAction\",\"target\":[\"https:\\\/\\\/www.cetys.mx\\\/noticias\\\/promueven-ienac-y-cetys-vinculacion-para-el-desarrollo-educativo-en-visita-a-nevada\\\/\"]}]},{\"@type\":\"ImageObject\",\"inLanguage\":\"es\",\"@id\":\"https:\\\/\\\/www.cetys.mx\\\/noticias\\\/promueven-ienac-y-cetys-vinculacion-para-el-desarrollo-educativo-en-visita-a-nevada\\\/#primaryimage\",\"url\":\"https:\\\/\\\/www.cetys.mx\\\/noticias\\\/wp-content\\\/uploads\\\/2019\\\/11\\\/1.jpg\",\"contentUrl\":\"https:\\\/\\\/www.cetys.mx\\\/noticias\\\/wp-content\\\/uploads\\\/2019\\\/11\\\/1.jpg\",\"width\":4320,\"height\":2872},{\"@type\":\"BreadcrumbList\",\"@id\":\"https:\\\/\\\/www.cetys.mx\\\/noticias\\\/promueven-ienac-y-cetys-vinculacion-para-el-desarrollo-educativo-en-visita-a-nevada\\\/#breadcrumb\",\"itemListElement\":[{\"@type\":\"ListItem\",\"position\":1,\"name\":\"Inicio\",\"item\":\"https:\\\/\\\/www.cetys.mx\\\/noticias\\\/\"},{\"@type\":\"ListItem\",\"position\":2,\"name\":\"Promueven IENAC y CETYS vinculaci\u00f3n para el desarrollo educativo en visita a Nevada\"}]},{\"@type\":\"WebSite\",\"@id\":\"https:\\\/\\\/www.cetys.mx\\\/noticias\\\/#website\",\"url\":\"https:\\\/\\\/www.cetys.mx\\\/noticias\\\/\",\"name\":\"CETYS\",\"description\":\"\",\"potentialAction\":[{\"@type\":\"SearchAction\",\"target\":{\"@type\":\"EntryPoint\",\"urlTemplate\":\"https:\\\/\\\/www.cetys.mx\\\/noticias\\\/?s={search_term_string}\"},\"query-input\":{\"@type\":\"PropertyValueSpecification\",\"valueRequired\":true,\"valueName\":\"search_term_string\"}}],\"inLanguage\":\"es\"},{\"@type\":\"Person\",\"@id\":\"https:\\\/\\\/www.cetys.mx\\\/noticias\\\/#\\\/schema\\\/person\\\/e9d2b35265b64aa454df57a2828eb2ac\",\"name\":\"CETYS Institucional\",\"url\":\"https:\\\/\\\/www.cetys.mx\\\/noticias\\\/author\\\/cetysinstitucional\\\/\"}]}<\/script>\n<!-- \/ Yoast SEO plugin. -->","yoast_head_json":{"title":"Promueven IENAC y CETYS vinculaci\u00f3n para el desarrollo educativo en visita a Nevada - CETYS","description":"Asociados del IENAC A.C., realizaron una visita a Nevada, Estados Unidos, para aprender sobre las mejores pr\u00e1cticas educativas en la University of Nevada, Campus Reno.","robots":{"index":"index","follow":"follow","max-snippet":"max-snippet:-1","max-image-preview":"max-image-preview:large","max-video-preview":"max-video-preview:-1"},"canonical":"https:\/\/www.cetys.mx\/noticias\/promueven-ienac-y-cetys-vinculacion-para-el-desarrollo-educativo-en-visita-a-nevada\/","og_locale":"es_MX","og_type":"article","og_title":"Promueven IENAC y CETYS vinculaci\u00f3n para el desarrollo educativo en visita a Nevada - CETYS","og_description":"Asociados del IENAC A.C., realizaron una visita a Nevada, Estados Unidos, para aprender sobre las mejores pr\u00e1cticas educativas en la University of Nevada, Campus Reno.","og_url":"https:\/\/www.cetys.mx\/noticias\/promueven-ienac-y-cetys-vinculacion-para-el-desarrollo-educativo-en-visita-a-nevada\/","og_site_name":"CETYS","article_publisher":"https:\/\/www.facebook.com\/cetysuniversidadmxl\/","article_published_time":"2019-11-05T20:25:35+00:00","article_modified_time":"2019-11-05T20:31:13+00:00","og_image":[{"width":4320,"height":2872,"url":"https:\/\/www.cetys.mx\/noticias\/wp-content\/uploads\/2019\/11\/1.jpg","type":"image\/jpeg"}],"author":"CETYS Institucional","twitter_card":"summary_large_image","twitter_creator":"@cetysuni","twitter_site":"@cetysuni","twitter_misc":{"Escrito por":"CETYS Institucional","Tiempo de lectura":"2 minutos"},"schema":{"@context":"https:\/\/schema.org","@graph":[{"@type":"Article","@id":"https:\/\/www.cetys.mx\/noticias\/promueven-ienac-y-cetys-vinculacion-para-el-desarrollo-educativo-en-visita-a-nevada\/#article","isPartOf":{"@id":"https:\/\/www.cetys.mx\/noticias\/promueven-ienac-y-cetys-vinculacion-para-el-desarrollo-educativo-en-visita-a-nevada\/"},"author":{"name":"CETYS Institucional","@id":"https:\/\/www.cetys.mx\/noticias\/#\/schema\/person\/e9d2b35265b64aa454df57a2828eb2ac"},"headline":"Promueven IENAC y CETYS vinculaci\u00f3n para el desarrollo educativo en visita a Nevada","datePublished":"2019-11-05T20:25:35+00:00","dateModified":"2019-11-05T20:31:13+00:00","mainEntityOfPage":{"@id":"https:\/\/www.cetys.mx\/noticias\/promueven-ienac-y-cetys-vinculacion-para-el-desarrollo-educativo-en-visita-a-nevada\/"},"wordCount":475,"commentCount":0,"image":{"@id":"https:\/\/www.cetys.mx\/noticias\/promueven-ienac-y-cetys-vinculacion-para-el-desarrollo-educativo-en-visita-a-nevada\/#primaryimage"},"thumbnailUrl":"https:\/\/www.cetys.mx\/noticias\/wp-content\/uploads\/2019\/11\/1.jpg","keywords":["CETYS Internacional","IENAC","Visita del Consejo"],"articleSection":["Institucional","Internacionales","Liderazgo","Portada"],"inLanguage":"es","potentialAction":[{"@type":"CommentAction","name":"Comment","target":["https:\/\/www.cetys.mx\/noticias\/promueven-ienac-y-cetys-vinculacion-para-el-desarrollo-educativo-en-visita-a-nevada\/#respond"]}]},{"@type":"WebPage","@id":"https:\/\/www.cetys.mx\/noticias\/promueven-ienac-y-cetys-vinculacion-para-el-desarrollo-educativo-en-visita-a-nevada\/","url":"https:\/\/www.cetys.mx\/noticias\/promueven-ienac-y-cetys-vinculacion-para-el-desarrollo-educativo-en-visita-a-nevada\/","name":"Promueven IENAC y CETYS vinculaci\u00f3n para el desarrollo educativo en visita a Nevada - CETYS","isPartOf":{"@id":"https:\/\/www.cetys.mx\/noticias\/#website"},"primaryImageOfPage":{"@id":"https:\/\/www.cetys.mx\/noticias\/promueven-ienac-y-cetys-vinculacion-para-el-desarrollo-educativo-en-visita-a-nevada\/#primaryimage"},"image":{"@id":"https:\/\/www.cetys.mx\/noticias\/promueven-ienac-y-cetys-vinculacion-para-el-desarrollo-educativo-en-visita-a-nevada\/#primaryimage"},"thumbnailUrl":"https:\/\/www.cetys.mx\/noticias\/wp-content\/uploads\/2019\/11\/1.jpg","datePublished":"2019-11-05T20:25:35+00:00","dateModified":"2019-11-05T20:31:13+00:00","author":{"@id":"https:\/\/www.cetys.mx\/noticias\/#\/schema\/person\/e9d2b35265b64aa454df57a2828eb2ac"},"description":"Asociados del IENAC A.C., realizaron una visita a Nevada, Estados Unidos, para aprender sobre las mejores pr\u00e1cticas educativas en la University of Nevada, Campus Reno.","breadcrumb":{"@id":"https:\/\/www.cetys.mx\/noticias\/promueven-ienac-y-cetys-vinculacion-para-el-desarrollo-educativo-en-visita-a-nevada\/#breadcrumb"},"inLanguage":"es","potentialAction":[{"@type":"ReadAction","target":["https:\/\/www.cetys.mx\/noticias\/promueven-ienac-y-cetys-vinculacion-para-el-desarrollo-educativo-en-visita-a-nevada\/"]}]},{"@type":"ImageObject","inLanguage":"es","@id":"https:\/\/www.cetys.mx\/noticias\/promueven-ienac-y-cetys-vinculacion-para-el-desarrollo-educativo-en-visita-a-nevada\/#primaryimage","url":"https:\/\/www.cetys.mx\/noticias\/wp-content\/uploads\/2019\/11\/1.jpg","contentUrl":"https:\/\/www.cetys.mx\/noticias\/wp-content\/uploads\/2019\/11\/1.jpg","width":4320,"height":2872},{"@type":"BreadcrumbList","@id":"https:\/\/www.cetys.mx\/noticias\/promueven-ienac-y-cetys-vinculacion-para-el-desarrollo-educativo-en-visita-a-nevada\/#breadcrumb","itemListElement":[{"@type":"ListItem","position":1,"name":"Inicio","item":"https:\/\/www.cetys.mx\/noticias\/"},{"@type":"ListItem","position":2,"name":"Promueven IENAC y CETYS vinculaci\u00f3n para el desarrollo educativo en visita a Nevada"}]},{"@type":"WebSite","@id":"https:\/\/www.cetys.mx\/noticias\/#website","url":"https:\/\/www.cetys.mx\/noticias\/","name":"CETYS","description":"","potentialAction":[{"@type":"SearchAction","target":{"@type":"EntryPoint","urlTemplate":"https:\/\/www.cetys.mx\/noticias\/?s={search_term_string}"},"query-input":{"@type":"PropertyValueSpecification","valueRequired":true,"valueName":"search_term_string"}}],"inLanguage":"es"},{"@type":"Person","@id":"https:\/\/www.cetys.mx\/noticias\/#\/schema\/person\/e9d2b35265b64aa454df57a2828eb2ac","name":"CETYS Institucional","url":"https:\/\/www.cetys.mx\/noticias\/author\/cetysinstitucional\/"}]}},"_links":{"self":[{"href":"https:\/\/www.cetys.mx\/noticias\/wp-json\/wp\/v2\/posts\/136696","targetHints":{"allow":["GET"]}}],"collection":[{"href":"https:\/\/www.cetys.mx\/noticias\/wp-json\/wp\/v2\/posts"}],"about":[{"href":"https:\/\/www.cetys.mx\/noticias\/wp-json\/wp\/v2\/types\/post"}],"author":[{"embeddable":true,"href":"https:\/\/www.cetys.mx\/noticias\/wp-json\/wp\/v2\/users\/26"}],"replies":[{"embeddable":true,"href":"https:\/\/www.cetys.mx\/noticias\/wp-json\/wp\/v2\/comments?post=136696"}],"version-history":[{"count":0,"href":"https:\/\/www.cetys.mx\/noticias\/wp-json\/wp\/v2\/posts\/136696\/revisions"}],"wp:featuredmedia":[{"embeddable":true,"href":"https:\/\/www.cetys.mx\/noticias\/wp-json\/wp\/v2\/media\/136702"}],"wp:attachment":[{"href":"https:\/\/www.cetys.mx\/noticias\/wp-json\/wp\/v2\/media?parent=136696"}],"wp:term":[{"taxonomy":"category","embeddable":true,"href":"https:\/\/www.cetys.mx\/noticias\/wp-json\/wp\/v2\/categories?post=136696"},{"taxonomy":"post_tag","embeddable":true,"href":"https:\/\/www.cetys.mx\/noticias\/wp-json\/wp\/v2\/tags?post=136696"}],"curies":[{"name":"wp","href":"https:\/\/api.w.org\/{rel}","templated":true}]}}