{"id":136644,"date":"2019-11-02T12:48:40","date_gmt":"2019-11-02T19:48:40","guid":{"rendered":"https:\/\/www.cetys.mx\/noticias\/?p=136644"},"modified":"2019-11-02T12:48:40","modified_gmt":"2019-11-02T19:48:40","slug":"zorros-rumbo-nacional-fr-conadeip","status":"publish","type":"post","link":"https:\/\/www.cetys.mx\/noticias\/zorros-rumbo-nacional-fr-conadeip\/","title":{"rendered":"Zorros van rumbo al Nacional de F\u00fatbol R\u00e1pido"},"content":{"rendered":"<p>Est\u00e1 por comenzar una nueva oportunidad para que <strong>CETYS Universidad<\/strong> cuelgue un nuevo estandarte si gana el Campeonato Nacional Primera Fuerza de Futbol R\u00e1pido CONADEIP, que este a\u00f1o se disputar\u00e1 en las instalaciones de Tec Campus Estado de M\u00e9xico; al noroeste de la Capital Nacional.<\/p>\n<p>Un magno evento donde fueron monarcas en 2017 en Puebla de Zaragoza y el a\u00f1o pasado alcanzaron el tercer lugar en Morelia; ahora el equipo afrontar\u00e1 2 mil 286 metros de altitud, bajas temperaturas y probabilidad de lluvia en algunas jornadas.<\/p>\n<p><img loading=\"lazy\" decoding=\"async\" class=\"alignnone size-full wp-image-136647\" src=\"https:\/\/www.cetys.mx\/noticias\/wp-content\/uploads\/2019\/11\/image00033-e1572724085177.jpg\" alt=\"\" width=\"957\" height=\"637\" \/><\/p>\n<blockquote><p>El director t\u00e9cnico <strong>Alfredo Rodr\u00edguez<\/strong> llevar\u00e1 a Cd. L\u00f3pez Mateos a los siguientes jugadores: <strong>Alejandro Castro<\/strong>, <strong>Jorge Mej\u00eda<\/strong>, <strong>Carlo Ch\u00e1vez<\/strong>, <strong>Rafael Cepeda<\/strong>, <strong>\u00c1ngel Jurado<\/strong>, <strong>V\u00edctor Marentes<\/strong>, <strong>Guillermo Parra<\/strong>, <strong>Mario Le\u00f3n<\/strong>, <strong>Alan Rangel<\/strong>, <strong>Ricardo Olmos<\/strong>, <strong>Jos\u00e9 Luis Cort\u00e9s<\/strong>, <strong>Axel Ega\u00f1a<\/strong>, <strong>Andr\u00e9s Tapia<\/strong>, <strong>Diego Ru\u00edz<\/strong>, <strong>Jes\u00fas Valdez<\/strong>, <strong>Miguel Ortega<\/strong> y <strong>Jonathan Montoya<\/strong>.<\/p><\/blockquote>\n<p><strong>Zorros<\/strong> abren su competencia este lunes 4 de noviembre (9:00 horas) en contra de ULSA Neza, antes de medirse con UDEM (13:30 horas). Muy temprano del d\u00eda siguiente (7:30 horas) chocar\u00e1n con ULSA Baj\u00edo y cierran fase grupal el mi\u00e9rcoles 6 (12:00 horas) frente a Inter Puebla. Las rondas definitivas ser\u00e1n del 7 al 9 del mismo mes.<\/p>\n<p>Cabe mencionar que <strong>CETYS<\/strong> conserva activos a seis integrantes del plantel que fue campe\u00f3n hace dos a\u00f1os: <strong>Cepeda<\/strong>, <strong>Cort\u00e9s<\/strong>, <strong>Ch\u00e1vez<\/strong>, <strong>Le\u00f3n<\/strong>, <strong>Marentes<\/strong> y <strong>Rangel<\/strong>.<\/p>\n<p><img loading=\"lazy\" decoding=\"async\" class=\"alignnone size-full wp-image-136646\" src=\"https:\/\/www.cetys.mx\/noticias\/wp-content\/uploads\/2019\/11\/MG_3222-e1572723922180.jpg\" alt=\"\" width=\"956\" height=\"637\" \/><\/p>\n","protected":false},"excerpt":{"rendered":"<p>Est\u00e1 por comenzar una nueva oportunidad para que CETYS Universidad cuelgue un nuevo estandarte si gana el Campeonato Nacional Primera Fuerza de&#8230;<\/p>\n","protected":false},"author":26,"featured_media":136645,"comment_status":"open","ping_status":"closed","sticky":false,"template":"","format":"standard","meta":{"footnotes":""},"categories":[312,313],"tags":[1020,233,686],"class_list":["post-136644","post","type-post","status-publish","format-standard","has-post-thumbnail","hentry","category-deportes","category-vocetys-2","tag-conadeip","tag-deportes","tag-futbol-rapido","univesidades-cetys"],"yoast_head":"<!-- This site is optimized with the Yoast SEO plugin v27.4 - https:\/\/yoast.com\/product\/yoast-seo-wordpress\/ -->\n<title>Zorros van rumbo al Nacional de F\u00fatbol R\u00e1pido - CETYS<\/title>\n<meta name=\"description\" content=\"Articulo sobre Zorros van rumbo al Nacional de F\u00fatbol R\u00e1pido\" \/>\n<meta name=\"robots\" content=\"index, follow, max-snippet:-1, max-image-preview:large, max-video-preview:-1\" \/>\n<link rel=\"canonical\" href=\"https:\/\/www.cetys.mx\/noticias\/zorros-rumbo-nacional-fr-conadeip\/\" \/>\n<meta property=\"og:locale\" content=\"es_MX\" \/>\n<meta property=\"og:type\" content=\"article\" \/>\n<meta property=\"og:title\" content=\"Zorros van rumbo al Nacional de F\u00fatbol R\u00e1pido - CETYS\" \/>\n<meta property=\"og:description\" content=\"Articulo sobre Zorros van rumbo al Nacional de F\u00fatbol R\u00e1pido\" \/>\n<meta property=\"og:url\" content=\"https:\/\/www.cetys.mx\/noticias\/zorros-rumbo-nacional-fr-conadeip\/\" \/>\n<meta property=\"og:site_name\" content=\"CETYS\" \/>\n<meta property=\"article:publisher\" content=\"https:\/\/www.facebook.com\/cetysuniversidadmxl\/\" \/>\n<meta property=\"article:published_time\" content=\"2019-11-02T19:48:40+00:00\" \/>\n<meta property=\"og:image\" content=\"https:\/\/www.cetys.mx\/noticias\/wp-content\/uploads\/2019\/11\/MG_2416-e1572723678874.jpg\" \/>\n\t<meta property=\"og:image:width\" content=\"956\" \/>\n\t<meta property=\"og:image:height\" content=\"637\" \/>\n\t<meta property=\"og:image:type\" content=\"image\/jpeg\" \/>\n<meta name=\"author\" content=\"CETYS Institucional\" \/>\n<meta name=\"twitter:card\" content=\"summary_large_image\" \/>\n<meta name=\"twitter:creator\" content=\"@cetysuni\" \/>\n<meta name=\"twitter:site\" content=\"@cetysuni\" \/>\n<meta name=\"twitter:label1\" content=\"Escrito por\" \/>\n\t<meta name=\"twitter:data1\" content=\"CETYS Institucional\" \/>\n\t<meta name=\"twitter:label2\" content=\"Tiempo de lectura\" \/>\n\t<meta name=\"twitter:data2\" content=\"1 minuto\" \/>\n<script type=\"application\/ld+json\" class=\"yoast-schema-graph\">{\"@context\":\"https:\\\/\\\/schema.org\",\"@graph\":[{\"@type\":\"Article\",\"@id\":\"https:\\\/\\\/www.cetys.mx\\\/noticias\\\/zorros-rumbo-nacional-fr-conadeip\\\/#article\",\"isPartOf\":{\"@id\":\"https:\\\/\\\/www.cetys.mx\\\/noticias\\\/zorros-rumbo-nacional-fr-conadeip\\\/\"},\"author\":{\"name\":\"CETYS Institucional\",\"@id\":\"https:\\\/\\\/www.cetys.mx\\\/noticias\\\/#\\\/schema\\\/person\\\/e9d2b35265b64aa454df57a2828eb2ac\"},\"headline\":\"Zorros van rumbo al Nacional de F\u00fatbol R\u00e1pido\",\"datePublished\":\"2019-11-02T19:48:40+00:00\",\"mainEntityOfPage\":{\"@id\":\"https:\\\/\\\/www.cetys.mx\\\/noticias\\\/zorros-rumbo-nacional-fr-conadeip\\\/\"},\"wordCount\":243,\"commentCount\":0,\"image\":{\"@id\":\"https:\\\/\\\/www.cetys.mx\\\/noticias\\\/zorros-rumbo-nacional-fr-conadeip\\\/#primaryimage\"},\"thumbnailUrl\":\"https:\\\/\\\/www.cetys.mx\\\/noticias\\\/wp-content\\\/uploads\\\/2019\\\/11\\\/MG_2416-e1572723678874.jpg\",\"keywords\":[\"CONADEIP\",\"Deportes\",\"Futbol R\u00e1pido\"],\"articleSection\":[\"Deportes\",\"VoCETYS\"],\"inLanguage\":\"es\",\"potentialAction\":[{\"@type\":\"CommentAction\",\"name\":\"Comment\",\"target\":[\"https:\\\/\\\/www.cetys.mx\\\/noticias\\\/zorros-rumbo-nacional-fr-conadeip\\\/#respond\"]}]},{\"@type\":\"WebPage\",\"@id\":\"https:\\\/\\\/www.cetys.mx\\\/noticias\\\/zorros-rumbo-nacional-fr-conadeip\\\/\",\"url\":\"https:\\\/\\\/www.cetys.mx\\\/noticias\\\/zorros-rumbo-nacional-fr-conadeip\\\/\",\"name\":\"Zorros van rumbo al Nacional de F\u00fatbol R\u00e1pido - CETYS\",\"isPartOf\":{\"@id\":\"https:\\\/\\\/www.cetys.mx\\\/noticias\\\/#website\"},\"primaryImageOfPage\":{\"@id\":\"https:\\\/\\\/www.cetys.mx\\\/noticias\\\/zorros-rumbo-nacional-fr-conadeip\\\/#primaryimage\"},\"image\":{\"@id\":\"https:\\\/\\\/www.cetys.mx\\\/noticias\\\/zorros-rumbo-nacional-fr-conadeip\\\/#primaryimage\"},\"thumbnailUrl\":\"https:\\\/\\\/www.cetys.mx\\\/noticias\\\/wp-content\\\/uploads\\\/2019\\\/11\\\/MG_2416-e1572723678874.jpg\",\"datePublished\":\"2019-11-02T19:48:40+00:00\",\"author\":{\"@id\":\"https:\\\/\\\/www.cetys.mx\\\/noticias\\\/#\\\/schema\\\/person\\\/e9d2b35265b64aa454df57a2828eb2ac\"},\"description\":\"Articulo sobre Zorros van rumbo al Nacional de F\u00fatbol R\u00e1pido\",\"breadcrumb\":{\"@id\":\"https:\\\/\\\/www.cetys.mx\\\/noticias\\\/zorros-rumbo-nacional-fr-conadeip\\\/#breadcrumb\"},\"inLanguage\":\"es\",\"potentialAction\":[{\"@type\":\"ReadAction\",\"target\":[\"https:\\\/\\\/www.cetys.mx\\\/noticias\\\/zorros-rumbo-nacional-fr-conadeip\\\/\"]}]},{\"@type\":\"ImageObject\",\"inLanguage\":\"es\",\"@id\":\"https:\\\/\\\/www.cetys.mx\\\/noticias\\\/zorros-rumbo-nacional-fr-conadeip\\\/#primaryimage\",\"url\":\"https:\\\/\\\/www.cetys.mx\\\/noticias\\\/wp-content\\\/uploads\\\/2019\\\/11\\\/MG_2416-e1572723678874.jpg\",\"contentUrl\":\"https:\\\/\\\/www.cetys.mx\\\/noticias\\\/wp-content\\\/uploads\\\/2019\\\/11\\\/MG_2416-e1572723678874.jpg\",\"width\":956,\"height\":637,\"caption\":\"CETYS Universidad - F\u00fatbol R\u00e1pido\"},{\"@type\":\"BreadcrumbList\",\"@id\":\"https:\\\/\\\/www.cetys.mx\\\/noticias\\\/zorros-rumbo-nacional-fr-conadeip\\\/#breadcrumb\",\"itemListElement\":[{\"@type\":\"ListItem\",\"position\":1,\"name\":\"Inicio\",\"item\":\"https:\\\/\\\/www.cetys.mx\\\/noticias\\\/\"},{\"@type\":\"ListItem\",\"position\":2,\"name\":\"Zorros van rumbo al Nacional de F\u00fatbol R\u00e1pido\"}]},{\"@type\":\"WebSite\",\"@id\":\"https:\\\/\\\/www.cetys.mx\\\/noticias\\\/#website\",\"url\":\"https:\\\/\\\/www.cetys.mx\\\/noticias\\\/\",\"name\":\"CETYS\",\"description\":\"\",\"potentialAction\":[{\"@type\":\"SearchAction\",\"target\":{\"@type\":\"EntryPoint\",\"urlTemplate\":\"https:\\\/\\\/www.cetys.mx\\\/noticias\\\/?s={search_term_string}\"},\"query-input\":{\"@type\":\"PropertyValueSpecification\",\"valueRequired\":true,\"valueName\":\"search_term_string\"}}],\"inLanguage\":\"es\"},{\"@type\":\"Person\",\"@id\":\"https:\\\/\\\/www.cetys.mx\\\/noticias\\\/#\\\/schema\\\/person\\\/e9d2b35265b64aa454df57a2828eb2ac\",\"name\":\"CETYS Institucional\",\"url\":\"https:\\\/\\\/www.cetys.mx\\\/noticias\\\/author\\\/cetysinstitucional\\\/\"}]}<\/script>\n<!-- \/ Yoast SEO plugin. -->","yoast_head_json":{"title":"Zorros van rumbo al Nacional de F\u00fatbol R\u00e1pido - CETYS","description":"Articulo sobre Zorros van rumbo al Nacional de F\u00fatbol R\u00e1pido","robots":{"index":"index","follow":"follow","max-snippet":"max-snippet:-1","max-image-preview":"max-image-preview:large","max-video-preview":"max-video-preview:-1"},"canonical":"https:\/\/www.cetys.mx\/noticias\/zorros-rumbo-nacional-fr-conadeip\/","og_locale":"es_MX","og_type":"article","og_title":"Zorros van rumbo al Nacional de F\u00fatbol R\u00e1pido - CETYS","og_description":"Articulo sobre Zorros van rumbo al Nacional de F\u00fatbol R\u00e1pido","og_url":"https:\/\/www.cetys.mx\/noticias\/zorros-rumbo-nacional-fr-conadeip\/","og_site_name":"CETYS","article_publisher":"https:\/\/www.facebook.com\/cetysuniversidadmxl\/","article_published_time":"2019-11-02T19:48:40+00:00","og_image":[{"width":956,"height":637,"url":"https:\/\/www.cetys.mx\/noticias\/wp-content\/uploads\/2019\/11\/MG_2416-e1572723678874.jpg","type":"image\/jpeg"}],"author":"CETYS Institucional","twitter_card":"summary_large_image","twitter_creator":"@cetysuni","twitter_site":"@cetysuni","twitter_misc":{"Escrito por":"CETYS Institucional","Tiempo de lectura":"1 minuto"},"schema":{"@context":"https:\/\/schema.org","@graph":[{"@type":"Article","@id":"https:\/\/www.cetys.mx\/noticias\/zorros-rumbo-nacional-fr-conadeip\/#article","isPartOf":{"@id":"https:\/\/www.cetys.mx\/noticias\/zorros-rumbo-nacional-fr-conadeip\/"},"author":{"name":"CETYS Institucional","@id":"https:\/\/www.cetys.mx\/noticias\/#\/schema\/person\/e9d2b35265b64aa454df57a2828eb2ac"},"headline":"Zorros van rumbo al Nacional de F\u00fatbol R\u00e1pido","datePublished":"2019-11-02T19:48:40+00:00","mainEntityOfPage":{"@id":"https:\/\/www.cetys.mx\/noticias\/zorros-rumbo-nacional-fr-conadeip\/"},"wordCount":243,"commentCount":0,"image":{"@id":"https:\/\/www.cetys.mx\/noticias\/zorros-rumbo-nacional-fr-conadeip\/#primaryimage"},"thumbnailUrl":"https:\/\/www.cetys.mx\/noticias\/wp-content\/uploads\/2019\/11\/MG_2416-e1572723678874.jpg","keywords":["CONADEIP","Deportes","Futbol R\u00e1pido"],"articleSection":["Deportes","VoCETYS"],"inLanguage":"es","potentialAction":[{"@type":"CommentAction","name":"Comment","target":["https:\/\/www.cetys.mx\/noticias\/zorros-rumbo-nacional-fr-conadeip\/#respond"]}]},{"@type":"WebPage","@id":"https:\/\/www.cetys.mx\/noticias\/zorros-rumbo-nacional-fr-conadeip\/","url":"https:\/\/www.cetys.mx\/noticias\/zorros-rumbo-nacional-fr-conadeip\/","name":"Zorros van rumbo al Nacional de F\u00fatbol R\u00e1pido - CETYS","isPartOf":{"@id":"https:\/\/www.cetys.mx\/noticias\/#website"},"primaryImageOfPage":{"@id":"https:\/\/www.cetys.mx\/noticias\/zorros-rumbo-nacional-fr-conadeip\/#primaryimage"},"image":{"@id":"https:\/\/www.cetys.mx\/noticias\/zorros-rumbo-nacional-fr-conadeip\/#primaryimage"},"thumbnailUrl":"https:\/\/www.cetys.mx\/noticias\/wp-content\/uploads\/2019\/11\/MG_2416-e1572723678874.jpg","datePublished":"2019-11-02T19:48:40+00:00","author":{"@id":"https:\/\/www.cetys.mx\/noticias\/#\/schema\/person\/e9d2b35265b64aa454df57a2828eb2ac"},"description":"Articulo sobre Zorros van rumbo al Nacional de F\u00fatbol R\u00e1pido","breadcrumb":{"@id":"https:\/\/www.cetys.mx\/noticias\/zorros-rumbo-nacional-fr-conadeip\/#breadcrumb"},"inLanguage":"es","potentialAction":[{"@type":"ReadAction","target":["https:\/\/www.cetys.mx\/noticias\/zorros-rumbo-nacional-fr-conadeip\/"]}]},{"@type":"ImageObject","inLanguage":"es","@id":"https:\/\/www.cetys.mx\/noticias\/zorros-rumbo-nacional-fr-conadeip\/#primaryimage","url":"https:\/\/www.cetys.mx\/noticias\/wp-content\/uploads\/2019\/11\/MG_2416-e1572723678874.jpg","contentUrl":"https:\/\/www.cetys.mx\/noticias\/wp-content\/uploads\/2019\/11\/MG_2416-e1572723678874.jpg","width":956,"height":637,"caption":"CETYS Universidad - F\u00fatbol R\u00e1pido"},{"@type":"BreadcrumbList","@id":"https:\/\/www.cetys.mx\/noticias\/zorros-rumbo-nacional-fr-conadeip\/#breadcrumb","itemListElement":[{"@type":"ListItem","position":1,"name":"Inicio","item":"https:\/\/www.cetys.mx\/noticias\/"},{"@type":"ListItem","position":2,"name":"Zorros van rumbo al Nacional de F\u00fatbol R\u00e1pido"}]},{"@type":"WebSite","@id":"https:\/\/www.cetys.mx\/noticias\/#website","url":"https:\/\/www.cetys.mx\/noticias\/","name":"CETYS","description":"","potentialAction":[{"@type":"SearchAction","target":{"@type":"EntryPoint","urlTemplate":"https:\/\/www.cetys.mx\/noticias\/?s={search_term_string}"},"query-input":{"@type":"PropertyValueSpecification","valueRequired":true,"valueName":"search_term_string"}}],"inLanguage":"es"},{"@type":"Person","@id":"https:\/\/www.cetys.mx\/noticias\/#\/schema\/person\/e9d2b35265b64aa454df57a2828eb2ac","name":"CETYS Institucional","url":"https:\/\/www.cetys.mx\/noticias\/author\/cetysinstitucional\/"}]}},"_links":{"self":[{"href":"https:\/\/www.cetys.mx\/noticias\/wp-json\/wp\/v2\/posts\/136644","targetHints":{"allow":["GET"]}}],"collection":[{"href":"https:\/\/www.cetys.mx\/noticias\/wp-json\/wp\/v2\/posts"}],"about":[{"href":"https:\/\/www.cetys.mx\/noticias\/wp-json\/wp\/v2\/types\/post"}],"author":[{"embeddable":true,"href":"https:\/\/www.cetys.mx\/noticias\/wp-json\/wp\/v2\/users\/26"}],"replies":[{"embeddable":true,"href":"https:\/\/www.cetys.mx\/noticias\/wp-json\/wp\/v2\/comments?post=136644"}],"version-history":[{"count":0,"href":"https:\/\/www.cetys.mx\/noticias\/wp-json\/wp\/v2\/posts\/136644\/revisions"}],"wp:featuredmedia":[{"embeddable":true,"href":"https:\/\/www.cetys.mx\/noticias\/wp-json\/wp\/v2\/media\/136645"}],"wp:attachment":[{"href":"https:\/\/www.cetys.mx\/noticias\/wp-json\/wp\/v2\/media?parent=136644"}],"wp:term":[{"taxonomy":"category","embeddable":true,"href":"https:\/\/www.cetys.mx\/noticias\/wp-json\/wp\/v2\/categories?post=136644"},{"taxonomy":"post_tag","embeddable":true,"href":"https:\/\/www.cetys.mx\/noticias\/wp-json\/wp\/v2\/tags?post=136644"}],"curies":[{"name":"wp","href":"https:\/\/api.w.org\/{rel}","templated":true}]}}