{"id":136438,"date":"2019-10-29T10:48:36","date_gmt":"2019-10-29T17:48:36","guid":{"rendered":"https:\/\/www.cetys.mx\/noticias\/?p=136438"},"modified":"2019-10-29T15:33:59","modified_gmt":"2019-10-29T22:33:59","slug":"cetys-logra-subcampeonato-nacional-de-natacion","status":"publish","type":"post","link":"https:\/\/www.cetys.mx\/noticias\/cetys-logra-subcampeonato-nacional-de-natacion\/","title":{"rendered":"CETYS logra subcampeonato nacional de nataci\u00f3n"},"content":{"rendered":"<div align=\"justify\">Con 24 medallas en total (10 Oros, 8 Platas y 6 Bronces) as\u00ed como el Sub Campeonato Femenil Juvenil C, CETYS Universidad culmin\u00f3 su participaci\u00f3n en los Campeonatos Nacionales de\u00a0<span class=\"il\">Nataci\u00f3n<\/span>\u00a0CONADEIP 2019.<\/div>\n<div align=\"justify\"><\/div>\n<div align=\"justify\">El evento realizado en el complejo acu\u00e1tico del INDE en Ciudad Deportiva que alberg\u00f3 a cerca de 300 atletas de 23 escuelas de M\u00e9xico, se llev\u00f3 a cabo del 21 al 25 de octubre, siendo CETYS Universidad la instituci\u00f3n educativa anfitriona.<\/div>\n<div align=\"justify\"><\/div>\n<div align=\"justify\">En el primer d\u00eda de competencias, las hermanas Aid\u00e9 (Juvenil C) y Martha Sandoval (Primera Fuerza) obtuvieron Oro en 800 metros libres, as\u00ed como Romina Carmona, Sof\u00eda Ch\u00e1vez, Ver\u00f3nica Mac\u00edas y de nuevo Aid\u00e9 en el relevo combinado Juvenil C.<\/div>\n<div align=\"justify\"><\/div>\n<div align=\"justify\">Sof\u00eda Ch\u00e1vez obtuvo Plata en 100 metros pecho, Ver\u00f3nica Mac\u00edas en 800 metros libres y Emiliano Ortiz en 1500 libres todos ellos en Juvenil C.<\/div>\n<div align=\"justify\"><\/div>\n<div align=\"justify\">Para el d\u00eda 2, Martha volvi\u00f3 a ba\u00f1arse en Oro en 200 metros libres Primera Fuerza, mientras que el relevo 4&#215;200 libre Juvenil C integrado por Aid\u00e9 Sandoval, Romina Carmona, Ver\u00f3nica Mac\u00edas y F\u00e1tima Rodr\u00edguez, obtuvo la Plata.<\/div>\n<div align=\"justify\"><\/div>\n<div align=\"justify\">En el d\u00eda 3 Sof\u00eda Ch\u00e1vez obtuvo dos preseas doradas, en 400 metros combinados y 200 metros pecho Juvenil C, mientras que Aid\u00e9 Sandoval obtuvo Plata en los 400 metros combinados; Ver\u00f3nica Mac\u00edas tambi\u00e9n subi\u00f3 al podio en los 400, por lo que CETYS hizo el 1,2,3 en la prueba.<\/div>\n<div align=\"justify\"><\/div>\n<div align=\"justify\">F\u00e1tima Rodr\u00edguez concluyo la cosecha diaria de medallas con un Bronce en 200 metros pecho Juvenil C.<\/div>\n<div align=\"justify\"><\/div>\n<div align=\"justify\">Para el cuarto d\u00eda, Sof\u00eda de nuevo subi\u00f3 a lo m\u00e1s alto del podio, ahora en la prueba de 50 metros pecho, mientras que Ver\u00f3nica Mac\u00edas lograba la Plata en 200 metros mariposa Juvenil C, al igual que Sergio Ocampo en 50 metros pecho Primera Fuerza.<\/div>\n<div align=\"justify\"><\/div>\n<div align=\"justify\">Tambi\u00e9n hubo 3 Bronces ese d\u00eda: F\u00e1tima Rodr\u00edguez en 50 metros pecho y Romina Carmona en 100 metros combinado Juvenil C, as\u00ed como Sergio Ocampo en 100 metros combinado de la categor\u00eda Primera Fuerza.<\/div>\n<div align=\"justify\"><\/div>\n<div align=\"justify\">Para el \u00faltimo d\u00eda de competencias Sof\u00eda Ch\u00e1vez obtuvo su quinta presea dorada al quedar en primer lugar de los 200 metros combinados, mientras que Aid\u00e9 Sandoval (Juvenil C) y Martha Sandoval (Primera Fuerza) obten\u00edan cada una su tercer metal dorado en los 400 metros libres de sus respectivas categor\u00edas.<\/div>\n<div align=\"justify\"><\/div>\n<div align=\"justify\">Para cerrar el medallero de CETYS, F\u00e1tima Rodr\u00edguez obtuvo Plata en 200 metros combinado y Romina Carmona el Bronce en 50 metros; dada la suma del puntaje, CETYS Universidad logr\u00f3 quedar en segundo lugar de la competencia en categor\u00eda Femenil Juvenil C, solo superado por el equipo de Prepa TEC Monterrey.<\/div>\n<div align=\"justify\"><\/div>\n","protected":false},"excerpt":{"rendered":"<p>Con 24 medallas en total (10 Oros, 8 Platas y 6 Bronces) as\u00ed como el Sub Campeonato Femenil Juvenil C, CETYS Universidad&#8230;<\/p>\n","protected":false},"author":20,"featured_media":136439,"comment_status":"open","ping_status":"closed","sticky":false,"template":"","format":"standard","meta":{"footnotes":""},"categories":[1],"tags":[],"class_list":["post-136438","post","type-post","status-publish","format-standard","has-post-thumbnail","hentry","category-uncategorized"],"yoast_head":"<!-- This site is optimized with the Yoast SEO plugin v27.4 - https:\/\/yoast.com\/product\/yoast-seo-wordpress\/ -->\n<title>CETYS logra subcampeonato nacional de nataci\u00f3n - CETYS<\/title>\n<meta name=\"description\" content=\"Articulo sobre CETYS logra subcampeonato nacional de nataci\u00f3n\" \/>\n<meta name=\"robots\" content=\"index, follow, max-snippet:-1, max-image-preview:large, max-video-preview:-1\" \/>\n<link rel=\"canonical\" href=\"https:\/\/www.cetys.mx\/noticias\/cetys-logra-subcampeonato-nacional-de-natacion\/\" \/>\n<meta property=\"og:locale\" content=\"es_MX\" \/>\n<meta property=\"og:type\" content=\"article\" \/>\n<meta property=\"og:title\" content=\"CETYS logra subcampeonato nacional de nataci\u00f3n - CETYS\" \/>\n<meta property=\"og:description\" content=\"Articulo sobre CETYS logra subcampeonato nacional de nataci\u00f3n\" \/>\n<meta property=\"og:url\" content=\"https:\/\/www.cetys.mx\/noticias\/cetys-logra-subcampeonato-nacional-de-natacion\/\" \/>\n<meta property=\"og:site_name\" content=\"CETYS\" \/>\n<meta property=\"article:publisher\" content=\"https:\/\/www.facebook.com\/cetysuniversidadmxl\/\" \/>\n<meta property=\"article:published_time\" content=\"2019-10-29T17:48:36+00:00\" \/>\n<meta property=\"article:modified_time\" content=\"2019-10-29T22:33:59+00:00\" \/>\n<meta property=\"og:image\" content=\"https:\/\/www.cetys.mx\/noticias\/wp-content\/uploads\/2019\/10\/subcampeonato-1.jpg\" \/>\n\t<meta property=\"og:image:width\" content=\"958\" \/>\n\t<meta property=\"og:image:height\" content=\"637\" \/>\n\t<meta property=\"og:image:type\" content=\"image\/jpeg\" \/>\n<meta name=\"author\" content=\"Campus Mexicali\" \/>\n<meta name=\"twitter:card\" content=\"summary_large_image\" \/>\n<meta name=\"twitter:creator\" content=\"@cetysuni\" \/>\n<meta name=\"twitter:site\" content=\"@cetysuni\" \/>\n<meta name=\"twitter:label1\" content=\"Escrito por\" \/>\n\t<meta name=\"twitter:data1\" content=\"Campus Mexicali\" \/>\n\t<meta name=\"twitter:label2\" content=\"Tiempo de lectura\" \/>\n\t<meta name=\"twitter:data2\" content=\"2 minutos\" \/>\n<script type=\"application\/ld+json\" class=\"yoast-schema-graph\">{\"@context\":\"https:\\\/\\\/schema.org\",\"@graph\":[{\"@type\":\"Article\",\"@id\":\"https:\\\/\\\/www.cetys.mx\\\/noticias\\\/cetys-logra-subcampeonato-nacional-de-natacion\\\/#article\",\"isPartOf\":{\"@id\":\"https:\\\/\\\/www.cetys.mx\\\/noticias\\\/cetys-logra-subcampeonato-nacional-de-natacion\\\/\"},\"author\":{\"name\":\"Campus Mexicali\",\"@id\":\"https:\\\/\\\/www.cetys.mx\\\/noticias\\\/#\\\/schema\\\/person\\\/79a95c4ac185f3705cf1b9c9340a5f70\"},\"headline\":\"CETYS logra subcampeonato nacional de nataci\u00f3n\",\"datePublished\":\"2019-10-29T17:48:36+00:00\",\"dateModified\":\"2019-10-29T22:33:59+00:00\",\"mainEntityOfPage\":{\"@id\":\"https:\\\/\\\/www.cetys.mx\\\/noticias\\\/cetys-logra-subcampeonato-nacional-de-natacion\\\/\"},\"wordCount\":445,\"commentCount\":0,\"image\":{\"@id\":\"https:\\\/\\\/www.cetys.mx\\\/noticias\\\/cetys-logra-subcampeonato-nacional-de-natacion\\\/#primaryimage\"},\"thumbnailUrl\":\"https:\\\/\\\/www.cetys.mx\\\/noticias\\\/wp-content\\\/uploads\\\/2019\\\/10\\\/subcampeonato-1.jpg\",\"articleSection\":[\"Uncategorized\"],\"inLanguage\":\"es\",\"potentialAction\":[{\"@type\":\"CommentAction\",\"name\":\"Comment\",\"target\":[\"https:\\\/\\\/www.cetys.mx\\\/noticias\\\/cetys-logra-subcampeonato-nacional-de-natacion\\\/#respond\"]}]},{\"@type\":\"WebPage\",\"@id\":\"https:\\\/\\\/www.cetys.mx\\\/noticias\\\/cetys-logra-subcampeonato-nacional-de-natacion\\\/\",\"url\":\"https:\\\/\\\/www.cetys.mx\\\/noticias\\\/cetys-logra-subcampeonato-nacional-de-natacion\\\/\",\"name\":\"CETYS logra subcampeonato nacional de nataci\u00f3n - CETYS\",\"isPartOf\":{\"@id\":\"https:\\\/\\\/www.cetys.mx\\\/noticias\\\/#website\"},\"primaryImageOfPage\":{\"@id\":\"https:\\\/\\\/www.cetys.mx\\\/noticias\\\/cetys-logra-subcampeonato-nacional-de-natacion\\\/#primaryimage\"},\"image\":{\"@id\":\"https:\\\/\\\/www.cetys.mx\\\/noticias\\\/cetys-logra-subcampeonato-nacional-de-natacion\\\/#primaryimage\"},\"thumbnailUrl\":\"https:\\\/\\\/www.cetys.mx\\\/noticias\\\/wp-content\\\/uploads\\\/2019\\\/10\\\/subcampeonato-1.jpg\",\"datePublished\":\"2019-10-29T17:48:36+00:00\",\"dateModified\":\"2019-10-29T22:33:59+00:00\",\"author\":{\"@id\":\"https:\\\/\\\/www.cetys.mx\\\/noticias\\\/#\\\/schema\\\/person\\\/79a95c4ac185f3705cf1b9c9340a5f70\"},\"description\":\"Articulo sobre CETYS logra subcampeonato nacional de nataci\u00f3n\",\"breadcrumb\":{\"@id\":\"https:\\\/\\\/www.cetys.mx\\\/noticias\\\/cetys-logra-subcampeonato-nacional-de-natacion\\\/#breadcrumb\"},\"inLanguage\":\"es\",\"potentialAction\":[{\"@type\":\"ReadAction\",\"target\":[\"https:\\\/\\\/www.cetys.mx\\\/noticias\\\/cetys-logra-subcampeonato-nacional-de-natacion\\\/\"]}]},{\"@type\":\"ImageObject\",\"inLanguage\":\"es\",\"@id\":\"https:\\\/\\\/www.cetys.mx\\\/noticias\\\/cetys-logra-subcampeonato-nacional-de-natacion\\\/#primaryimage\",\"url\":\"https:\\\/\\\/www.cetys.mx\\\/noticias\\\/wp-content\\\/uploads\\\/2019\\\/10\\\/subcampeonato-1.jpg\",\"contentUrl\":\"https:\\\/\\\/www.cetys.mx\\\/noticias\\\/wp-content\\\/uploads\\\/2019\\\/10\\\/subcampeonato-1.jpg\",\"width\":958,\"height\":637},{\"@type\":\"BreadcrumbList\",\"@id\":\"https:\\\/\\\/www.cetys.mx\\\/noticias\\\/cetys-logra-subcampeonato-nacional-de-natacion\\\/#breadcrumb\",\"itemListElement\":[{\"@type\":\"ListItem\",\"position\":1,\"name\":\"Inicio\",\"item\":\"https:\\\/\\\/www.cetys.mx\\\/noticias\\\/\"},{\"@type\":\"ListItem\",\"position\":2,\"name\":\"CETYS logra subcampeonato nacional de nataci\u00f3n\"}]},{\"@type\":\"WebSite\",\"@id\":\"https:\\\/\\\/www.cetys.mx\\\/noticias\\\/#website\",\"url\":\"https:\\\/\\\/www.cetys.mx\\\/noticias\\\/\",\"name\":\"CETYS\",\"description\":\"\",\"potentialAction\":[{\"@type\":\"SearchAction\",\"target\":{\"@type\":\"EntryPoint\",\"urlTemplate\":\"https:\\\/\\\/www.cetys.mx\\\/noticias\\\/?s={search_term_string}\"},\"query-input\":{\"@type\":\"PropertyValueSpecification\",\"valueRequired\":true,\"valueName\":\"search_term_string\"}}],\"inLanguage\":\"es\"},{\"@type\":\"Person\",\"@id\":\"https:\\\/\\\/www.cetys.mx\\\/noticias\\\/#\\\/schema\\\/person\\\/79a95c4ac185f3705cf1b9c9340a5f70\",\"name\":\"Campus Mexicali\",\"url\":\"https:\\\/\\\/www.cetys.mx\\\/noticias\\\/author\\\/campusmexicali\\\/\"}]}<\/script>\n<!-- \/ Yoast SEO plugin. -->","yoast_head_json":{"title":"CETYS logra subcampeonato nacional de nataci\u00f3n - CETYS","description":"Articulo sobre CETYS logra subcampeonato nacional de nataci\u00f3n","robots":{"index":"index","follow":"follow","max-snippet":"max-snippet:-1","max-image-preview":"max-image-preview:large","max-video-preview":"max-video-preview:-1"},"canonical":"https:\/\/www.cetys.mx\/noticias\/cetys-logra-subcampeonato-nacional-de-natacion\/","og_locale":"es_MX","og_type":"article","og_title":"CETYS logra subcampeonato nacional de nataci\u00f3n - CETYS","og_description":"Articulo sobre CETYS logra subcampeonato nacional de nataci\u00f3n","og_url":"https:\/\/www.cetys.mx\/noticias\/cetys-logra-subcampeonato-nacional-de-natacion\/","og_site_name":"CETYS","article_publisher":"https:\/\/www.facebook.com\/cetysuniversidadmxl\/","article_published_time":"2019-10-29T17:48:36+00:00","article_modified_time":"2019-10-29T22:33:59+00:00","og_image":[{"width":958,"height":637,"url":"https:\/\/www.cetys.mx\/noticias\/wp-content\/uploads\/2019\/10\/subcampeonato-1.jpg","type":"image\/jpeg"}],"author":"Campus Mexicali","twitter_card":"summary_large_image","twitter_creator":"@cetysuni","twitter_site":"@cetysuni","twitter_misc":{"Escrito por":"Campus Mexicali","Tiempo de lectura":"2 minutos"},"schema":{"@context":"https:\/\/schema.org","@graph":[{"@type":"Article","@id":"https:\/\/www.cetys.mx\/noticias\/cetys-logra-subcampeonato-nacional-de-natacion\/#article","isPartOf":{"@id":"https:\/\/www.cetys.mx\/noticias\/cetys-logra-subcampeonato-nacional-de-natacion\/"},"author":{"name":"Campus Mexicali","@id":"https:\/\/www.cetys.mx\/noticias\/#\/schema\/person\/79a95c4ac185f3705cf1b9c9340a5f70"},"headline":"CETYS logra subcampeonato nacional de nataci\u00f3n","datePublished":"2019-10-29T17:48:36+00:00","dateModified":"2019-10-29T22:33:59+00:00","mainEntityOfPage":{"@id":"https:\/\/www.cetys.mx\/noticias\/cetys-logra-subcampeonato-nacional-de-natacion\/"},"wordCount":445,"commentCount":0,"image":{"@id":"https:\/\/www.cetys.mx\/noticias\/cetys-logra-subcampeonato-nacional-de-natacion\/#primaryimage"},"thumbnailUrl":"https:\/\/www.cetys.mx\/noticias\/wp-content\/uploads\/2019\/10\/subcampeonato-1.jpg","articleSection":["Uncategorized"],"inLanguage":"es","potentialAction":[{"@type":"CommentAction","name":"Comment","target":["https:\/\/www.cetys.mx\/noticias\/cetys-logra-subcampeonato-nacional-de-natacion\/#respond"]}]},{"@type":"WebPage","@id":"https:\/\/www.cetys.mx\/noticias\/cetys-logra-subcampeonato-nacional-de-natacion\/","url":"https:\/\/www.cetys.mx\/noticias\/cetys-logra-subcampeonato-nacional-de-natacion\/","name":"CETYS logra subcampeonato nacional de nataci\u00f3n - CETYS","isPartOf":{"@id":"https:\/\/www.cetys.mx\/noticias\/#website"},"primaryImageOfPage":{"@id":"https:\/\/www.cetys.mx\/noticias\/cetys-logra-subcampeonato-nacional-de-natacion\/#primaryimage"},"image":{"@id":"https:\/\/www.cetys.mx\/noticias\/cetys-logra-subcampeonato-nacional-de-natacion\/#primaryimage"},"thumbnailUrl":"https:\/\/www.cetys.mx\/noticias\/wp-content\/uploads\/2019\/10\/subcampeonato-1.jpg","datePublished":"2019-10-29T17:48:36+00:00","dateModified":"2019-10-29T22:33:59+00:00","author":{"@id":"https:\/\/www.cetys.mx\/noticias\/#\/schema\/person\/79a95c4ac185f3705cf1b9c9340a5f70"},"description":"Articulo sobre CETYS logra subcampeonato nacional de nataci\u00f3n","breadcrumb":{"@id":"https:\/\/www.cetys.mx\/noticias\/cetys-logra-subcampeonato-nacional-de-natacion\/#breadcrumb"},"inLanguage":"es","potentialAction":[{"@type":"ReadAction","target":["https:\/\/www.cetys.mx\/noticias\/cetys-logra-subcampeonato-nacional-de-natacion\/"]}]},{"@type":"ImageObject","inLanguage":"es","@id":"https:\/\/www.cetys.mx\/noticias\/cetys-logra-subcampeonato-nacional-de-natacion\/#primaryimage","url":"https:\/\/www.cetys.mx\/noticias\/wp-content\/uploads\/2019\/10\/subcampeonato-1.jpg","contentUrl":"https:\/\/www.cetys.mx\/noticias\/wp-content\/uploads\/2019\/10\/subcampeonato-1.jpg","width":958,"height":637},{"@type":"BreadcrumbList","@id":"https:\/\/www.cetys.mx\/noticias\/cetys-logra-subcampeonato-nacional-de-natacion\/#breadcrumb","itemListElement":[{"@type":"ListItem","position":1,"name":"Inicio","item":"https:\/\/www.cetys.mx\/noticias\/"},{"@type":"ListItem","position":2,"name":"CETYS logra subcampeonato nacional de nataci\u00f3n"}]},{"@type":"WebSite","@id":"https:\/\/www.cetys.mx\/noticias\/#website","url":"https:\/\/www.cetys.mx\/noticias\/","name":"CETYS","description":"","potentialAction":[{"@type":"SearchAction","target":{"@type":"EntryPoint","urlTemplate":"https:\/\/www.cetys.mx\/noticias\/?s={search_term_string}"},"query-input":{"@type":"PropertyValueSpecification","valueRequired":true,"valueName":"search_term_string"}}],"inLanguage":"es"},{"@type":"Person","@id":"https:\/\/www.cetys.mx\/noticias\/#\/schema\/person\/79a95c4ac185f3705cf1b9c9340a5f70","name":"Campus Mexicali","url":"https:\/\/www.cetys.mx\/noticias\/author\/campusmexicali\/"}]}},"_links":{"self":[{"href":"https:\/\/www.cetys.mx\/noticias\/wp-json\/wp\/v2\/posts\/136438","targetHints":{"allow":["GET"]}}],"collection":[{"href":"https:\/\/www.cetys.mx\/noticias\/wp-json\/wp\/v2\/posts"}],"about":[{"href":"https:\/\/www.cetys.mx\/noticias\/wp-json\/wp\/v2\/types\/post"}],"author":[{"embeddable":true,"href":"https:\/\/www.cetys.mx\/noticias\/wp-json\/wp\/v2\/users\/20"}],"replies":[{"embeddable":true,"href":"https:\/\/www.cetys.mx\/noticias\/wp-json\/wp\/v2\/comments?post=136438"}],"version-history":[{"count":0,"href":"https:\/\/www.cetys.mx\/noticias\/wp-json\/wp\/v2\/posts\/136438\/revisions"}],"wp:featuredmedia":[{"embeddable":true,"href":"https:\/\/www.cetys.mx\/noticias\/wp-json\/wp\/v2\/media\/136439"}],"wp:attachment":[{"href":"https:\/\/www.cetys.mx\/noticias\/wp-json\/wp\/v2\/media?parent=136438"}],"wp:term":[{"taxonomy":"category","embeddable":true,"href":"https:\/\/www.cetys.mx\/noticias\/wp-json\/wp\/v2\/categories?post=136438"},{"taxonomy":"post_tag","embeddable":true,"href":"https:\/\/www.cetys.mx\/noticias\/wp-json\/wp\/v2\/tags?post=136438"}],"curies":[{"name":"wp","href":"https:\/\/api.w.org\/{rel}","templated":true}]}}