{"id":136180,"date":"2019-10-23T10:10:54","date_gmt":"2019-10-23T17:10:54","guid":{"rendered":"https:\/\/www.cetys.mx\/noticias\/?p=136180"},"modified":"2019-10-24T19:17:07","modified_gmt":"2019-10-25T02:17:07","slug":"martha-sandoval-da-el-cuarto-oro-a-cetys","status":"publish","type":"post","link":"https:\/\/www.cetys.mx\/noticias\/martha-sandoval-da-el-cuarto-oro-a-cetys\/","title":{"rendered":"Martha Sandoval da el cuarto oro a CETYS"},"content":{"rendered":"<p style=\"text-align: justify;\">Martha Sandoval Ayala, estudiante de Ingenier\u00eda Industrial, conquist\u00f3 la cuarta medalla de oro para Zorros de CETYS Universidad luego de dos d\u00edas de competencia en el Campeonato Nacional de Nataci\u00f3n de la Conadeip que se realiza en el Complejo Acu\u00e1tico de la Ciudad Deportiva.<\/p>\n<p style=\"text-align: justify;\">La nadadora internacional, especialista en las pruebas de fondo, sorprendi\u00f3 al ganar el martes la prueba de los 200 metros estilo libre en la categor\u00eda de Primera Fuerza y lo hizo con autoridad al venir de atr\u00e1s para cerrar con fuerza.<\/p>\n<p style=\"text-align: justify;\"><img loading=\"lazy\" decoding=\"async\" class=\"aligncenter size-full wp-image-136183\" src=\"https:\/\/www.cetys.mx\/noticias\/wp-content\/uploads\/2019\/10\/Martha-ha-ganado-las-pruebas-de-200-y-800-libres.jpeg\" alt=\"\" width=\"970\" height=\"647\" srcset=\"https:\/\/www.cetys.mx\/noticias\/wp-content\/uploads\/2019\/10\/Martha-ha-ganado-las-pruebas-de-200-y-800-libres.jpeg 970w, https:\/\/www.cetys.mx\/noticias\/wp-content\/uploads\/2019\/10\/Martha-ha-ganado-las-pruebas-de-200-y-800-libres-768x512.jpeg 768w\" sizes=\"auto, (max-width: 970px) 100vw, 970px\" \/><\/p>\n<p style=\"text-align: justify;\">Esta es la segunda medalla dorada para Sandoval Ayala ya que un d\u00eda antes conquist\u00f3 los 800 metros estilo libre, tambi\u00e9n con amplia ventaja.<\/p>\n<blockquote>\n<p style=\"text-align: justify;\">\u201cEstoy muy contenta de representar a CETYS en casa\u201d, expres\u00f3 Martha al conceder una entrevista luego de ganar su prueba.<\/p>\n<\/blockquote>\n<p style=\"text-align: justify;\">Los Zorros tambi\u00e9n ganaron una medalla de plata en los relevos 4&#215;200 estilo libre en la categor\u00eda Juvenil, el equipo lo conformaron Aid\u00e9 Sandoval, Romina Carmona, Ver\u00f3nica Mac\u00edas y F\u00e1tima Rodr\u00edguez.<\/p>\n<p style=\"text-align: justify;\">En el caso de las hermanas Sandoval Ayala, acumulan cinco medallas para CETYS, Martha que compite en Primera Fuerza suma dos primeros lugares individuales, mientras que Aid\u00e9 que participa en Juvenil C, tiene oro en 800 libres, oro en relevos combinados y plata en relevos 4&#215;200 estilo libre.<\/p>\n<p style=\"text-align: justify;\">A\u00fan quedan tres d\u00edas de competencia, con eliminatorias a partir de las 9:00 horas y finales desde las 18:00 horas, todo en la Ciudad Deportiva a cargo del Instituto del Deporte de Baja California.<\/p>\n","protected":false},"excerpt":{"rendered":"<p>Martha Sandoval Ayala, estudiante de Ingenier\u00eda Industrial, conquist\u00f3 la cuarta medalla de oro para Zorros de CETYS Universidad luego de dos d\u00edas&#8230;<\/p>\n","protected":false},"author":26,"featured_media":136182,"comment_status":"open","ping_status":"closed","sticky":false,"template":"","format":"standard","meta":{"footnotes":""},"categories":[312,209],"tags":[3046,984,138,168,1020,233,3969,202,238,1523],"class_list":["post-136180","post","type-post","status-publish","format-standard","has-post-thumbnail","hentry","category-deportes","category-institucional","tag-gozorros","tag-orgullocetys","tag-cetys","tag-cetys-universidad","tag-conadeip","tag-deportes","tag-nacional-natacion","tag-sports","tag-zorros","tag-zorros-del-cetys"],"yoast_head":"<!-- This site is optimized with the Yoast SEO plugin v27.4 - https:\/\/yoast.com\/product\/yoast-seo-wordpress\/ -->\n<title>Martha Sandoval da el cuarto oro a CETYS - CETYS<\/title>\n<meta name=\"description\" content=\"Articulo sobre Martha Sandoval da el cuarto oro a CETYS\" \/>\n<meta name=\"robots\" content=\"index, follow, max-snippet:-1, max-image-preview:large, max-video-preview:-1\" \/>\n<link rel=\"canonical\" href=\"https:\/\/www.cetys.mx\/noticias\/martha-sandoval-da-el-cuarto-oro-a-cetys\/\" \/>\n<meta property=\"og:locale\" content=\"es_MX\" \/>\n<meta property=\"og:type\" content=\"article\" \/>\n<meta property=\"og:title\" content=\"Martha Sandoval da el cuarto oro a CETYS - CETYS\" \/>\n<meta property=\"og:description\" content=\"Articulo sobre Martha Sandoval da el cuarto oro a CETYS\" \/>\n<meta property=\"og:url\" content=\"https:\/\/www.cetys.mx\/noticias\/martha-sandoval-da-el-cuarto-oro-a-cetys\/\" \/>\n<meta property=\"og:site_name\" content=\"CETYS\" \/>\n<meta property=\"article:publisher\" content=\"https:\/\/www.facebook.com\/cetysuniversidadmxl\/\" \/>\n<meta property=\"article:published_time\" content=\"2019-10-23T17:10:54+00:00\" \/>\n<meta property=\"article:modified_time\" content=\"2019-10-25T02:17:07+00:00\" \/>\n<meta property=\"og:image\" content=\"https:\/\/www.cetys.mx\/noticias\/wp-content\/uploads\/2019\/10\/Martha-suma-dos-preseas-doradas.jpeg\" \/>\n\t<meta property=\"og:image:width\" content=\"850\" \/>\n\t<meta property=\"og:image:height\" content=\"566\" \/>\n\t<meta property=\"og:image:type\" content=\"image\/jpeg\" \/>\n<meta name=\"author\" content=\"CETYS Institucional\" \/>\n<meta name=\"twitter:card\" content=\"summary_large_image\" \/>\n<meta name=\"twitter:creator\" content=\"@cetysuni\" \/>\n<meta name=\"twitter:site\" content=\"@cetysuni\" \/>\n<meta name=\"twitter:label1\" content=\"Escrito por\" \/>\n\t<meta name=\"twitter:data1\" content=\"CETYS Institucional\" \/>\n\t<meta name=\"twitter:label2\" content=\"Tiempo de lectura\" \/>\n\t<meta name=\"twitter:data2\" content=\"1 minuto\" \/>\n<script type=\"application\/ld+json\" class=\"yoast-schema-graph\">{\"@context\":\"https:\\\/\\\/schema.org\",\"@graph\":[{\"@type\":\"Article\",\"@id\":\"https:\\\/\\\/www.cetys.mx\\\/noticias\\\/martha-sandoval-da-el-cuarto-oro-a-cetys\\\/#article\",\"isPartOf\":{\"@id\":\"https:\\\/\\\/www.cetys.mx\\\/noticias\\\/martha-sandoval-da-el-cuarto-oro-a-cetys\\\/\"},\"author\":{\"name\":\"CETYS Institucional\",\"@id\":\"https:\\\/\\\/www.cetys.mx\\\/noticias\\\/#\\\/schema\\\/person\\\/e9d2b35265b64aa454df57a2828eb2ac\"},\"headline\":\"Martha Sandoval da el cuarto oro a CETYS\",\"datePublished\":\"2019-10-23T17:10:54+00:00\",\"dateModified\":\"2019-10-25T02:17:07+00:00\",\"mainEntityOfPage\":{\"@id\":\"https:\\\/\\\/www.cetys.mx\\\/noticias\\\/martha-sandoval-da-el-cuarto-oro-a-cetys\\\/\"},\"wordCount\":261,\"commentCount\":0,\"image\":{\"@id\":\"https:\\\/\\\/www.cetys.mx\\\/noticias\\\/martha-sandoval-da-el-cuarto-oro-a-cetys\\\/#primaryimage\"},\"thumbnailUrl\":\"https:\\\/\\\/www.cetys.mx\\\/noticias\\\/wp-content\\\/uploads\\\/2019\\\/10\\\/Martha-suma-dos-preseas-doradas.jpeg\",\"keywords\":[\"#GoZorros\",\"#orgulloCETYS\",\"Cetys\",\"CETYS Universidad\",\"CONADEIP\",\"Deportes\",\"Nacional Nataci\u00f3n\",\"sports\",\"zorros\",\"zorros del CETYS\"],\"articleSection\":[\"Deportes\",\"Institucional\"],\"inLanguage\":\"es\",\"potentialAction\":[{\"@type\":\"CommentAction\",\"name\":\"Comment\",\"target\":[\"https:\\\/\\\/www.cetys.mx\\\/noticias\\\/martha-sandoval-da-el-cuarto-oro-a-cetys\\\/#respond\"]}]},{\"@type\":\"WebPage\",\"@id\":\"https:\\\/\\\/www.cetys.mx\\\/noticias\\\/martha-sandoval-da-el-cuarto-oro-a-cetys\\\/\",\"url\":\"https:\\\/\\\/www.cetys.mx\\\/noticias\\\/martha-sandoval-da-el-cuarto-oro-a-cetys\\\/\",\"name\":\"Martha Sandoval da el cuarto oro a CETYS - CETYS\",\"isPartOf\":{\"@id\":\"https:\\\/\\\/www.cetys.mx\\\/noticias\\\/#website\"},\"primaryImageOfPage\":{\"@id\":\"https:\\\/\\\/www.cetys.mx\\\/noticias\\\/martha-sandoval-da-el-cuarto-oro-a-cetys\\\/#primaryimage\"},\"image\":{\"@id\":\"https:\\\/\\\/www.cetys.mx\\\/noticias\\\/martha-sandoval-da-el-cuarto-oro-a-cetys\\\/#primaryimage\"},\"thumbnailUrl\":\"https:\\\/\\\/www.cetys.mx\\\/noticias\\\/wp-content\\\/uploads\\\/2019\\\/10\\\/Martha-suma-dos-preseas-doradas.jpeg\",\"datePublished\":\"2019-10-23T17:10:54+00:00\",\"dateModified\":\"2019-10-25T02:17:07+00:00\",\"author\":{\"@id\":\"https:\\\/\\\/www.cetys.mx\\\/noticias\\\/#\\\/schema\\\/person\\\/e9d2b35265b64aa454df57a2828eb2ac\"},\"description\":\"Articulo sobre Martha Sandoval da el cuarto oro a CETYS\",\"breadcrumb\":{\"@id\":\"https:\\\/\\\/www.cetys.mx\\\/noticias\\\/martha-sandoval-da-el-cuarto-oro-a-cetys\\\/#breadcrumb\"},\"inLanguage\":\"es\",\"potentialAction\":[{\"@type\":\"ReadAction\",\"target\":[\"https:\\\/\\\/www.cetys.mx\\\/noticias\\\/martha-sandoval-da-el-cuarto-oro-a-cetys\\\/\"]}]},{\"@type\":\"ImageObject\",\"inLanguage\":\"es\",\"@id\":\"https:\\\/\\\/www.cetys.mx\\\/noticias\\\/martha-sandoval-da-el-cuarto-oro-a-cetys\\\/#primaryimage\",\"url\":\"https:\\\/\\\/www.cetys.mx\\\/noticias\\\/wp-content\\\/uploads\\\/2019\\\/10\\\/Martha-suma-dos-preseas-doradas.jpeg\",\"contentUrl\":\"https:\\\/\\\/www.cetys.mx\\\/noticias\\\/wp-content\\\/uploads\\\/2019\\\/10\\\/Martha-suma-dos-preseas-doradas.jpeg\",\"width\":850,\"height\":566},{\"@type\":\"BreadcrumbList\",\"@id\":\"https:\\\/\\\/www.cetys.mx\\\/noticias\\\/martha-sandoval-da-el-cuarto-oro-a-cetys\\\/#breadcrumb\",\"itemListElement\":[{\"@type\":\"ListItem\",\"position\":1,\"name\":\"Inicio\",\"item\":\"https:\\\/\\\/www.cetys.mx\\\/noticias\\\/\"},{\"@type\":\"ListItem\",\"position\":2,\"name\":\"Martha Sandoval da el cuarto oro a CETYS\"}]},{\"@type\":\"WebSite\",\"@id\":\"https:\\\/\\\/www.cetys.mx\\\/noticias\\\/#website\",\"url\":\"https:\\\/\\\/www.cetys.mx\\\/noticias\\\/\",\"name\":\"CETYS\",\"description\":\"\",\"potentialAction\":[{\"@type\":\"SearchAction\",\"target\":{\"@type\":\"EntryPoint\",\"urlTemplate\":\"https:\\\/\\\/www.cetys.mx\\\/noticias\\\/?s={search_term_string}\"},\"query-input\":{\"@type\":\"PropertyValueSpecification\",\"valueRequired\":true,\"valueName\":\"search_term_string\"}}],\"inLanguage\":\"es\"},{\"@type\":\"Person\",\"@id\":\"https:\\\/\\\/www.cetys.mx\\\/noticias\\\/#\\\/schema\\\/person\\\/e9d2b35265b64aa454df57a2828eb2ac\",\"name\":\"CETYS Institucional\",\"url\":\"https:\\\/\\\/www.cetys.mx\\\/noticias\\\/author\\\/cetysinstitucional\\\/\"}]}<\/script>\n<!-- \/ Yoast SEO plugin. -->","yoast_head_json":{"title":"Martha Sandoval da el cuarto oro a CETYS - CETYS","description":"Articulo sobre Martha Sandoval da el cuarto oro a CETYS","robots":{"index":"index","follow":"follow","max-snippet":"max-snippet:-1","max-image-preview":"max-image-preview:large","max-video-preview":"max-video-preview:-1"},"canonical":"https:\/\/www.cetys.mx\/noticias\/martha-sandoval-da-el-cuarto-oro-a-cetys\/","og_locale":"es_MX","og_type":"article","og_title":"Martha Sandoval da el cuarto oro a CETYS - CETYS","og_description":"Articulo sobre Martha Sandoval da el cuarto oro a CETYS","og_url":"https:\/\/www.cetys.mx\/noticias\/martha-sandoval-da-el-cuarto-oro-a-cetys\/","og_site_name":"CETYS","article_publisher":"https:\/\/www.facebook.com\/cetysuniversidadmxl\/","article_published_time":"2019-10-23T17:10:54+00:00","article_modified_time":"2019-10-25T02:17:07+00:00","og_image":[{"width":850,"height":566,"url":"https:\/\/www.cetys.mx\/noticias\/wp-content\/uploads\/2019\/10\/Martha-suma-dos-preseas-doradas.jpeg","type":"image\/jpeg"}],"author":"CETYS Institucional","twitter_card":"summary_large_image","twitter_creator":"@cetysuni","twitter_site":"@cetysuni","twitter_misc":{"Escrito por":"CETYS Institucional","Tiempo de lectura":"1 minuto"},"schema":{"@context":"https:\/\/schema.org","@graph":[{"@type":"Article","@id":"https:\/\/www.cetys.mx\/noticias\/martha-sandoval-da-el-cuarto-oro-a-cetys\/#article","isPartOf":{"@id":"https:\/\/www.cetys.mx\/noticias\/martha-sandoval-da-el-cuarto-oro-a-cetys\/"},"author":{"name":"CETYS Institucional","@id":"https:\/\/www.cetys.mx\/noticias\/#\/schema\/person\/e9d2b35265b64aa454df57a2828eb2ac"},"headline":"Martha Sandoval da el cuarto oro a CETYS","datePublished":"2019-10-23T17:10:54+00:00","dateModified":"2019-10-25T02:17:07+00:00","mainEntityOfPage":{"@id":"https:\/\/www.cetys.mx\/noticias\/martha-sandoval-da-el-cuarto-oro-a-cetys\/"},"wordCount":261,"commentCount":0,"image":{"@id":"https:\/\/www.cetys.mx\/noticias\/martha-sandoval-da-el-cuarto-oro-a-cetys\/#primaryimage"},"thumbnailUrl":"https:\/\/www.cetys.mx\/noticias\/wp-content\/uploads\/2019\/10\/Martha-suma-dos-preseas-doradas.jpeg","keywords":["#GoZorros","#orgulloCETYS","Cetys","CETYS Universidad","CONADEIP","Deportes","Nacional Nataci\u00f3n","sports","zorros","zorros del CETYS"],"articleSection":["Deportes","Institucional"],"inLanguage":"es","potentialAction":[{"@type":"CommentAction","name":"Comment","target":["https:\/\/www.cetys.mx\/noticias\/martha-sandoval-da-el-cuarto-oro-a-cetys\/#respond"]}]},{"@type":"WebPage","@id":"https:\/\/www.cetys.mx\/noticias\/martha-sandoval-da-el-cuarto-oro-a-cetys\/","url":"https:\/\/www.cetys.mx\/noticias\/martha-sandoval-da-el-cuarto-oro-a-cetys\/","name":"Martha Sandoval da el cuarto oro a CETYS - CETYS","isPartOf":{"@id":"https:\/\/www.cetys.mx\/noticias\/#website"},"primaryImageOfPage":{"@id":"https:\/\/www.cetys.mx\/noticias\/martha-sandoval-da-el-cuarto-oro-a-cetys\/#primaryimage"},"image":{"@id":"https:\/\/www.cetys.mx\/noticias\/martha-sandoval-da-el-cuarto-oro-a-cetys\/#primaryimage"},"thumbnailUrl":"https:\/\/www.cetys.mx\/noticias\/wp-content\/uploads\/2019\/10\/Martha-suma-dos-preseas-doradas.jpeg","datePublished":"2019-10-23T17:10:54+00:00","dateModified":"2019-10-25T02:17:07+00:00","author":{"@id":"https:\/\/www.cetys.mx\/noticias\/#\/schema\/person\/e9d2b35265b64aa454df57a2828eb2ac"},"description":"Articulo sobre Martha Sandoval da el cuarto oro a CETYS","breadcrumb":{"@id":"https:\/\/www.cetys.mx\/noticias\/martha-sandoval-da-el-cuarto-oro-a-cetys\/#breadcrumb"},"inLanguage":"es","potentialAction":[{"@type":"ReadAction","target":["https:\/\/www.cetys.mx\/noticias\/martha-sandoval-da-el-cuarto-oro-a-cetys\/"]}]},{"@type":"ImageObject","inLanguage":"es","@id":"https:\/\/www.cetys.mx\/noticias\/martha-sandoval-da-el-cuarto-oro-a-cetys\/#primaryimage","url":"https:\/\/www.cetys.mx\/noticias\/wp-content\/uploads\/2019\/10\/Martha-suma-dos-preseas-doradas.jpeg","contentUrl":"https:\/\/www.cetys.mx\/noticias\/wp-content\/uploads\/2019\/10\/Martha-suma-dos-preseas-doradas.jpeg","width":850,"height":566},{"@type":"BreadcrumbList","@id":"https:\/\/www.cetys.mx\/noticias\/martha-sandoval-da-el-cuarto-oro-a-cetys\/#breadcrumb","itemListElement":[{"@type":"ListItem","position":1,"name":"Inicio","item":"https:\/\/www.cetys.mx\/noticias\/"},{"@type":"ListItem","position":2,"name":"Martha Sandoval da el cuarto oro a CETYS"}]},{"@type":"WebSite","@id":"https:\/\/www.cetys.mx\/noticias\/#website","url":"https:\/\/www.cetys.mx\/noticias\/","name":"CETYS","description":"","potentialAction":[{"@type":"SearchAction","target":{"@type":"EntryPoint","urlTemplate":"https:\/\/www.cetys.mx\/noticias\/?s={search_term_string}"},"query-input":{"@type":"PropertyValueSpecification","valueRequired":true,"valueName":"search_term_string"}}],"inLanguage":"es"},{"@type":"Person","@id":"https:\/\/www.cetys.mx\/noticias\/#\/schema\/person\/e9d2b35265b64aa454df57a2828eb2ac","name":"CETYS Institucional","url":"https:\/\/www.cetys.mx\/noticias\/author\/cetysinstitucional\/"}]}},"_links":{"self":[{"href":"https:\/\/www.cetys.mx\/noticias\/wp-json\/wp\/v2\/posts\/136180","targetHints":{"allow":["GET"]}}],"collection":[{"href":"https:\/\/www.cetys.mx\/noticias\/wp-json\/wp\/v2\/posts"}],"about":[{"href":"https:\/\/www.cetys.mx\/noticias\/wp-json\/wp\/v2\/types\/post"}],"author":[{"embeddable":true,"href":"https:\/\/www.cetys.mx\/noticias\/wp-json\/wp\/v2\/users\/26"}],"replies":[{"embeddable":true,"href":"https:\/\/www.cetys.mx\/noticias\/wp-json\/wp\/v2\/comments?post=136180"}],"version-history":[{"count":0,"href":"https:\/\/www.cetys.mx\/noticias\/wp-json\/wp\/v2\/posts\/136180\/revisions"}],"wp:featuredmedia":[{"embeddable":true,"href":"https:\/\/www.cetys.mx\/noticias\/wp-json\/wp\/v2\/media\/136182"}],"wp:attachment":[{"href":"https:\/\/www.cetys.mx\/noticias\/wp-json\/wp\/v2\/media?parent=136180"}],"wp:term":[{"taxonomy":"category","embeddable":true,"href":"https:\/\/www.cetys.mx\/noticias\/wp-json\/wp\/v2\/categories?post=136180"},{"taxonomy":"post_tag","embeddable":true,"href":"https:\/\/www.cetys.mx\/noticias\/wp-json\/wp\/v2\/tags?post=136180"}],"curies":[{"name":"wp","href":"https:\/\/api.w.org\/{rel}","templated":true}]}}