{"id":135508,"date":"2019-10-08T17:00:38","date_gmt":"2019-10-09T00:00:38","guid":{"rendered":"https:\/\/www.cetys.mx\/noticias\/?p=135508"},"modified":"2019-10-08T17:00:38","modified_gmt":"2019-10-09T00:00:38","slug":"como-nos-mata-la-ansiedad","status":"publish","type":"post","link":"https:\/\/www.cetys.mx\/noticias\/como-nos-mata-la-ansiedad\/","title":{"rendered":"\u00bfC\u00f3mo nos mata la ansiedad?"},"content":{"rendered":"<p style=\"text-align: justify;\">M\u00e1s de una vez hemos escuchado o dicho la frase: \u201ces que estoy estresado\u201d, seguramente si, por lo que al parecer perteneces al mundo que se preocupa por el bienestar y la salud de una manera a veces hasta obsesiva, encontramos en todos lados consejos para comer sano, sugerencias para hacer ejercicio, aplicaciones para encontrar la paz y la calma en el celular, sin embargo, con eso y m\u00e1s preocupaciones por estar bien, seguimos sufriendo de un tema que al parecer es invisible a los simples ojos: la ansiedad. Seg\u00fan la OMS, alrededor de 260 millones de personas en el mundo sufrieron trastornos asociados a esta emoci\u00f3n durante 2017. Pero hay que recordar que la ansiedad es un mecanismo natural de protecci\u00f3n, es un sistema psicol\u00f3gico de alerta que anticipa posibles amenazas; sin embargo, es importante saber que es tan s\u00f3lo una idea que surge en nuestra mente la que es necesaria para provocar el estr\u00e9s suficiente para resolver lo que nos preocupa antes de que sea demasiado tarde.<\/p>\n<p style=\"text-align: justify;\">Existen varios tipos de ansiedad, est\u00e1 la general que no va asociada a ninguna situaci\u00f3n concreta, est\u00e1 la ansiedad inespec\u00edfica cuando no sabemos muy bien su origen y la espec\u00edfica cuando conocemos el motivo de la misma. En todos los casos se produce: aturdimiento, nerviosismo, taquicardia, sudoraci\u00f3n, temblores, ahogo, opresi\u00f3n en el pecho, n\u00e1usea, molestia abdominal, mareos, hormigueos (parestesias), escalofr\u00edos o sofocos, miedo a perder el control, a volverse loco o morir, lo que produce conductas de aislamiento. En su mayor\u00eda son sensaciones lo suficientemente desagradables como para que se tenga, muchas veces, m\u00e1s miedo a la ansiedad en s\u00ed misma que al problema que se intenta resolver, es lo que llamamos: \u201cel miedo al miedo\u201d.<\/p>\n<p style=\"text-align: justify;\">Entonces \u00bfa qu\u00e9 le tenemos tanto miedo?, pues tristemente vivimos en una sociedad que controla a trav\u00e9s del miedo, y los medios de comunicaci\u00f3n, los discursos pol\u00edticos, los mandatos familiares, entre tantas cosas influyen el comportamiento de las personas, sumado a esto, hemos fomentado y desarrollado y terror a la incertidumbre, se nos ha generado una man\u00eda por el control obsesivo de las cosas y las personas, a tal nivel que ya no somos claros donde empieza lo que controlamos y lo que nos controla.<\/p>\n<p style=\"text-align: justify;\">La respuesta del estr\u00e9s es un proceso neurobiol\u00f3gico que activa primero la adrenalina y la noradrenalina, en el caso de la primera, aumenta el ritmo card\u00edaco y respiratorio, oxigena la sangre y aumenta la tensi\u00f3n arterial, en el caso de la segunda, incrementa la capacidad de an\u00e1lisis y la coordinaci\u00f3n motriz. Posteriormente, se activa la secreci\u00f3n de cortisol que favorece la creaci\u00f3n de la glucosa circulante asegurando el alimento al cerebro, favorece la movilizaci\u00f3n de los dep\u00f3sitos de grasa para que los m\u00fasculos se movilicen hacia la huida o la lucha. Solo recordar que la persistencia de esta hormona (cortisol) puede ser muy perjudicial, seg\u00fan el psiquiatra Sergio Oliveros<a href=\"#_ftn1\" name=\"_ftnref1\">[1]<\/a>, los sistemas que pueden da\u00f1arse por la respuesta ansiosa y el estr\u00e9s son: 1. Inmunitario (alergias); 2. Gen\u00e9tico (modificaciones en los cromosomas); 3. Neurol\u00f3gico (cefaleas, p\u00e9rdida de memoria, mareos); 4. Digestivo (dolor abdominal, gastritis, diarrea y estre\u00f1imiento); 5. Cardiovascular (taquicardia, hipertensi\u00f3n, palpitaciones); 6. Respiratorio (aumento de la frecuencia respiratoria, tos, rinitis); 7. Cut\u00e1neo (sudoraci\u00f3n, hormigueo, eccemas, alopecia); 8. Genitourinario (micci\u00f3n frecuente, eyaculaci\u00f3n precoz, impotencia y frigidez). Ante todas estas afectaciones, la pregunta l\u00f3gica es si algo de esto nos ocasionar\u00eda la muerte, la es respuesta es que de manera directa: NO, pero supone un desgaste f\u00edsico que favorece estas enfermedades de manera cr\u00f3nica.<\/p>\n<p style=\"text-align: justify;\">Y pensar que todo esto lo provoca uno de nuestros pensamientos, es correcto, seg\u00fan la psicolog\u00eda cognitiva, son \u00e9stos los que producen distorsiones a la hora de enfrentar el mundo. Es la forma con la que vemos al mundo la que nos coloca en riesgo constante de presentar todos o algunos de estos s\u00edntomas provocados por la ansiedad. \u00bfQu\u00e9 tipo de pensamientos son con los que vives tu vida?<\/p>\n<ul style=\"text-align: justify;\">\n<li>Pesimismo: tendencia a focalizarse en el problema sin ser capaz de ver las soluciones.<\/li>\n<li>Generalizaci\u00f3n: los pensamientos son tipo siempre\/nunca, todo\/nada.<\/li>\n<li>Pensamiento negativo: el foco est\u00e1 en los aspectos negativos y se olvidan o descalifican los positivos.<\/li>\n<li>Catastrofismo: ver los aspectos negativos de una manera excesiva y exagerada.<\/li>\n<li>Leer el pensamiento: creen saber lo que los otros est\u00e1n pensando y sus motivos negativos ocultos.<\/li>\n<li>Adivinar el futuro: tendencia a anticipar que las cosas van a salir mal.<\/li>\n<li>Comparaci\u00f3n: medirse con los dem\u00e1s para acabar siempre perdiendo y sinti\u00e9ndose inferior.<\/li>\n<li>Exageraci\u00f3n: si alguien se equivoca una vez pasa a ser un torpe o si le sale mal una cosa le llama fracasado en todas las \u00e1reas.<\/li>\n<li>Culpabilidad: sentir que las circunstancias desagradables que suceden siempre est\u00e1n en relaci\u00f3n con uno mismo.<\/li>\n<li>Perfeccionismo: establecer exigencias a los dem\u00e1s, a uno mismo o a c\u00f3mo deber\u00edan ser las cosas.<\/li>\n<\/ul>\n<p style=\"text-align: justify;\">\n<p style=\"text-align: justify;\">\u00bfTe identificaste con alguno de ellos o con varios?, est\u00e1 en ti que tus s\u00edntomas cambien y terminen desapareciendo, no es normal vivir con ellos y menos acostumbrarse, tener miedo a enfrentarlo si lo es, pero si pides ayuda a un profesional definitivamente ser\u00e1 mucho m\u00e1s f\u00e1cil, as\u00ed que deja de morir lentamente y empieza hoy mismo.<\/p>\n<p style=\"text-align: justify;\">\n<p style=\"text-align: justify;\"><a href=\"#_ftnref1\" name=\"_ftn1\">[1]<\/a> Serrano (2019). As\u00ed te mata la ansiedad. Recuperado de: <a href=\"https:\/\/www.elmundo.es\/vida-sana\/mente\/2019\/01\/05\/5c2f2d4221efa0826c8b45f1.html\">https:\/\/www.elmundo.es\/vida-sana\/mente\/2019\/01\/05\/5c2f2d4221efa0826c8b45f1.html<\/a>, el 25 de septiembre de 2019.<\/p>\n<hr \/>\n<p style=\"text-align: justify;\">Autor: Dr.\u00a0Josman Espinosa G\u00f3mez, docente de tiempo completo de la Escuela de Psicolog\u00eda de CETYS Universidad Campus Mexicali.<\/p>\n","protected":false},"excerpt":{"rendered":"<p>M\u00e1s de una vez hemos escuchado o dicho la frase: \u201ces que estoy estresado\u201d, seguramente si, por lo que al parecer perteneces&#8230;<\/p>\n","protected":false},"author":20,"featured_media":126018,"comment_status":"open","ping_status":"closed","sticky":false,"template":"","format":"standard","meta":{"footnotes":""},"categories":[114],"tags":[],"class_list":["post-135508","post","type-post","status-publish","format-standard","has-post-thumbnail","hentry","category-opinion"],"yoast_head":"<!-- This site is optimized with the Yoast SEO plugin v27.4 - https:\/\/yoast.com\/product\/yoast-seo-wordpress\/ -->\n<title>\u00bfC\u00f3mo nos mata la ansiedad? - CETYS<\/title>\n<meta name=\"description\" content=\"Articulo sobre \u00bfC\u00f3mo nos mata la ansiedad?\" \/>\n<meta name=\"robots\" content=\"index, follow, max-snippet:-1, max-image-preview:large, max-video-preview:-1\" \/>\n<link rel=\"canonical\" href=\"https:\/\/www.cetys.mx\/noticias\/como-nos-mata-la-ansiedad\/\" \/>\n<meta property=\"og:locale\" content=\"es_MX\" \/>\n<meta property=\"og:type\" content=\"article\" \/>\n<meta property=\"og:title\" content=\"\u00bfC\u00f3mo nos mata la ansiedad? - CETYS\" \/>\n<meta property=\"og:description\" content=\"Articulo sobre \u00bfC\u00f3mo nos mata la ansiedad?\" \/>\n<meta property=\"og:url\" content=\"https:\/\/www.cetys.mx\/noticias\/como-nos-mata-la-ansiedad\/\" \/>\n<meta property=\"og:site_name\" content=\"CETYS\" \/>\n<meta property=\"article:publisher\" content=\"https:\/\/www.facebook.com\/cetysuniversidadmxl\/\" \/>\n<meta property=\"article:published_time\" content=\"2019-10-09T00:00:38+00:00\" \/>\n<meta property=\"og:image\" content=\"https:\/\/www.cetys.mx\/noticias\/wp-content\/uploads\/2019\/02\/JosmanEspiniosa.jpg\" \/>\n\t<meta property=\"og:image:width\" content=\"958\" \/>\n\t<meta property=\"og:image:height\" content=\"637\" \/>\n\t<meta property=\"og:image:type\" content=\"image\/jpeg\" \/>\n<meta name=\"author\" content=\"Campus Mexicali\" \/>\n<meta name=\"twitter:card\" content=\"summary_large_image\" \/>\n<meta name=\"twitter:creator\" content=\"@cetysuni\" \/>\n<meta name=\"twitter:site\" content=\"@cetysuni\" \/>\n<meta name=\"twitter:label1\" content=\"Escrito por\" \/>\n\t<meta name=\"twitter:data1\" content=\"Campus Mexicali\" \/>\n\t<meta name=\"twitter:label2\" content=\"Tiempo de lectura\" \/>\n\t<meta name=\"twitter:data2\" content=\"5 minutos\" \/>\n<script type=\"application\/ld+json\" class=\"yoast-schema-graph\">{\"@context\":\"https:\\\/\\\/schema.org\",\"@graph\":[{\"@type\":\"Article\",\"@id\":\"https:\\\/\\\/www.cetys.mx\\\/noticias\\\/como-nos-mata-la-ansiedad\\\/#article\",\"isPartOf\":{\"@id\":\"https:\\\/\\\/www.cetys.mx\\\/noticias\\\/como-nos-mata-la-ansiedad\\\/\"},\"author\":{\"name\":\"Campus Mexicali\",\"@id\":\"https:\\\/\\\/www.cetys.mx\\\/noticias\\\/#\\\/schema\\\/person\\\/79a95c4ac185f3705cf1b9c9340a5f70\"},\"headline\":\"\u00bfC\u00f3mo nos mata la ansiedad?\",\"datePublished\":\"2019-10-09T00:00:38+00:00\",\"mainEntityOfPage\":{\"@id\":\"https:\\\/\\\/www.cetys.mx\\\/noticias\\\/como-nos-mata-la-ansiedad\\\/\"},\"wordCount\":964,\"commentCount\":0,\"image\":{\"@id\":\"https:\\\/\\\/www.cetys.mx\\\/noticias\\\/como-nos-mata-la-ansiedad\\\/#primaryimage\"},\"thumbnailUrl\":\"https:\\\/\\\/www.cetys.mx\\\/noticias\\\/wp-content\\\/uploads\\\/2019\\\/02\\\/JosmanEspiniosa.jpg\",\"articleSection\":[\"Opini\u00f3n\"],\"inLanguage\":\"es\",\"potentialAction\":[{\"@type\":\"CommentAction\",\"name\":\"Comment\",\"target\":[\"https:\\\/\\\/www.cetys.mx\\\/noticias\\\/como-nos-mata-la-ansiedad\\\/#respond\"]}]},{\"@type\":\"WebPage\",\"@id\":\"https:\\\/\\\/www.cetys.mx\\\/noticias\\\/como-nos-mata-la-ansiedad\\\/\",\"url\":\"https:\\\/\\\/www.cetys.mx\\\/noticias\\\/como-nos-mata-la-ansiedad\\\/\",\"name\":\"\u00bfC\u00f3mo nos mata la ansiedad? - CETYS\",\"isPartOf\":{\"@id\":\"https:\\\/\\\/www.cetys.mx\\\/noticias\\\/#website\"},\"primaryImageOfPage\":{\"@id\":\"https:\\\/\\\/www.cetys.mx\\\/noticias\\\/como-nos-mata-la-ansiedad\\\/#primaryimage\"},\"image\":{\"@id\":\"https:\\\/\\\/www.cetys.mx\\\/noticias\\\/como-nos-mata-la-ansiedad\\\/#primaryimage\"},\"thumbnailUrl\":\"https:\\\/\\\/www.cetys.mx\\\/noticias\\\/wp-content\\\/uploads\\\/2019\\\/02\\\/JosmanEspiniosa.jpg\",\"datePublished\":\"2019-10-09T00:00:38+00:00\",\"author\":{\"@id\":\"https:\\\/\\\/www.cetys.mx\\\/noticias\\\/#\\\/schema\\\/person\\\/79a95c4ac185f3705cf1b9c9340a5f70\"},\"description\":\"Articulo sobre \u00bfC\u00f3mo nos mata la ansiedad?\",\"breadcrumb\":{\"@id\":\"https:\\\/\\\/www.cetys.mx\\\/noticias\\\/como-nos-mata-la-ansiedad\\\/#breadcrumb\"},\"inLanguage\":\"es\",\"potentialAction\":[{\"@type\":\"ReadAction\",\"target\":[\"https:\\\/\\\/www.cetys.mx\\\/noticias\\\/como-nos-mata-la-ansiedad\\\/\"]}]},{\"@type\":\"ImageObject\",\"inLanguage\":\"es\",\"@id\":\"https:\\\/\\\/www.cetys.mx\\\/noticias\\\/como-nos-mata-la-ansiedad\\\/#primaryimage\",\"url\":\"https:\\\/\\\/www.cetys.mx\\\/noticias\\\/wp-content\\\/uploads\\\/2019\\\/02\\\/JosmanEspiniosa.jpg\",\"contentUrl\":\"https:\\\/\\\/www.cetys.mx\\\/noticias\\\/wp-content\\\/uploads\\\/2019\\\/02\\\/JosmanEspiniosa.jpg\",\"width\":958,\"height\":637},{\"@type\":\"BreadcrumbList\",\"@id\":\"https:\\\/\\\/www.cetys.mx\\\/noticias\\\/como-nos-mata-la-ansiedad\\\/#breadcrumb\",\"itemListElement\":[{\"@type\":\"ListItem\",\"position\":1,\"name\":\"Inicio\",\"item\":\"https:\\\/\\\/www.cetys.mx\\\/noticias\\\/\"},{\"@type\":\"ListItem\",\"position\":2,\"name\":\"\u00bfC\u00f3mo nos mata la ansiedad?\"}]},{\"@type\":\"WebSite\",\"@id\":\"https:\\\/\\\/www.cetys.mx\\\/noticias\\\/#website\",\"url\":\"https:\\\/\\\/www.cetys.mx\\\/noticias\\\/\",\"name\":\"CETYS\",\"description\":\"\",\"potentialAction\":[{\"@type\":\"SearchAction\",\"target\":{\"@type\":\"EntryPoint\",\"urlTemplate\":\"https:\\\/\\\/www.cetys.mx\\\/noticias\\\/?s={search_term_string}\"},\"query-input\":{\"@type\":\"PropertyValueSpecification\",\"valueRequired\":true,\"valueName\":\"search_term_string\"}}],\"inLanguage\":\"es\"},{\"@type\":\"Person\",\"@id\":\"https:\\\/\\\/www.cetys.mx\\\/noticias\\\/#\\\/schema\\\/person\\\/79a95c4ac185f3705cf1b9c9340a5f70\",\"name\":\"Campus Mexicali\",\"url\":\"https:\\\/\\\/www.cetys.mx\\\/noticias\\\/author\\\/campusmexicali\\\/\"}]}<\/script>\n<!-- \/ Yoast SEO plugin. -->","yoast_head_json":{"title":"\u00bfC\u00f3mo nos mata la ansiedad? - CETYS","description":"Articulo sobre \u00bfC\u00f3mo nos mata la ansiedad?","robots":{"index":"index","follow":"follow","max-snippet":"max-snippet:-1","max-image-preview":"max-image-preview:large","max-video-preview":"max-video-preview:-1"},"canonical":"https:\/\/www.cetys.mx\/noticias\/como-nos-mata-la-ansiedad\/","og_locale":"es_MX","og_type":"article","og_title":"\u00bfC\u00f3mo nos mata la ansiedad? - CETYS","og_description":"Articulo sobre \u00bfC\u00f3mo nos mata la ansiedad?","og_url":"https:\/\/www.cetys.mx\/noticias\/como-nos-mata-la-ansiedad\/","og_site_name":"CETYS","article_publisher":"https:\/\/www.facebook.com\/cetysuniversidadmxl\/","article_published_time":"2019-10-09T00:00:38+00:00","og_image":[{"width":958,"height":637,"url":"https:\/\/www.cetys.mx\/noticias\/wp-content\/uploads\/2019\/02\/JosmanEspiniosa.jpg","type":"image\/jpeg"}],"author":"Campus Mexicali","twitter_card":"summary_large_image","twitter_creator":"@cetysuni","twitter_site":"@cetysuni","twitter_misc":{"Escrito por":"Campus Mexicali","Tiempo de lectura":"5 minutos"},"schema":{"@context":"https:\/\/schema.org","@graph":[{"@type":"Article","@id":"https:\/\/www.cetys.mx\/noticias\/como-nos-mata-la-ansiedad\/#article","isPartOf":{"@id":"https:\/\/www.cetys.mx\/noticias\/como-nos-mata-la-ansiedad\/"},"author":{"name":"Campus Mexicali","@id":"https:\/\/www.cetys.mx\/noticias\/#\/schema\/person\/79a95c4ac185f3705cf1b9c9340a5f70"},"headline":"\u00bfC\u00f3mo nos mata la ansiedad?","datePublished":"2019-10-09T00:00:38+00:00","mainEntityOfPage":{"@id":"https:\/\/www.cetys.mx\/noticias\/como-nos-mata-la-ansiedad\/"},"wordCount":964,"commentCount":0,"image":{"@id":"https:\/\/www.cetys.mx\/noticias\/como-nos-mata-la-ansiedad\/#primaryimage"},"thumbnailUrl":"https:\/\/www.cetys.mx\/noticias\/wp-content\/uploads\/2019\/02\/JosmanEspiniosa.jpg","articleSection":["Opini\u00f3n"],"inLanguage":"es","potentialAction":[{"@type":"CommentAction","name":"Comment","target":["https:\/\/www.cetys.mx\/noticias\/como-nos-mata-la-ansiedad\/#respond"]}]},{"@type":"WebPage","@id":"https:\/\/www.cetys.mx\/noticias\/como-nos-mata-la-ansiedad\/","url":"https:\/\/www.cetys.mx\/noticias\/como-nos-mata-la-ansiedad\/","name":"\u00bfC\u00f3mo nos mata la ansiedad? - CETYS","isPartOf":{"@id":"https:\/\/www.cetys.mx\/noticias\/#website"},"primaryImageOfPage":{"@id":"https:\/\/www.cetys.mx\/noticias\/como-nos-mata-la-ansiedad\/#primaryimage"},"image":{"@id":"https:\/\/www.cetys.mx\/noticias\/como-nos-mata-la-ansiedad\/#primaryimage"},"thumbnailUrl":"https:\/\/www.cetys.mx\/noticias\/wp-content\/uploads\/2019\/02\/JosmanEspiniosa.jpg","datePublished":"2019-10-09T00:00:38+00:00","author":{"@id":"https:\/\/www.cetys.mx\/noticias\/#\/schema\/person\/79a95c4ac185f3705cf1b9c9340a5f70"},"description":"Articulo sobre \u00bfC\u00f3mo nos mata la ansiedad?","breadcrumb":{"@id":"https:\/\/www.cetys.mx\/noticias\/como-nos-mata-la-ansiedad\/#breadcrumb"},"inLanguage":"es","potentialAction":[{"@type":"ReadAction","target":["https:\/\/www.cetys.mx\/noticias\/como-nos-mata-la-ansiedad\/"]}]},{"@type":"ImageObject","inLanguage":"es","@id":"https:\/\/www.cetys.mx\/noticias\/como-nos-mata-la-ansiedad\/#primaryimage","url":"https:\/\/www.cetys.mx\/noticias\/wp-content\/uploads\/2019\/02\/JosmanEspiniosa.jpg","contentUrl":"https:\/\/www.cetys.mx\/noticias\/wp-content\/uploads\/2019\/02\/JosmanEspiniosa.jpg","width":958,"height":637},{"@type":"BreadcrumbList","@id":"https:\/\/www.cetys.mx\/noticias\/como-nos-mata-la-ansiedad\/#breadcrumb","itemListElement":[{"@type":"ListItem","position":1,"name":"Inicio","item":"https:\/\/www.cetys.mx\/noticias\/"},{"@type":"ListItem","position":2,"name":"\u00bfC\u00f3mo nos mata la ansiedad?"}]},{"@type":"WebSite","@id":"https:\/\/www.cetys.mx\/noticias\/#website","url":"https:\/\/www.cetys.mx\/noticias\/","name":"CETYS","description":"","potentialAction":[{"@type":"SearchAction","target":{"@type":"EntryPoint","urlTemplate":"https:\/\/www.cetys.mx\/noticias\/?s={search_term_string}"},"query-input":{"@type":"PropertyValueSpecification","valueRequired":true,"valueName":"search_term_string"}}],"inLanguage":"es"},{"@type":"Person","@id":"https:\/\/www.cetys.mx\/noticias\/#\/schema\/person\/79a95c4ac185f3705cf1b9c9340a5f70","name":"Campus Mexicali","url":"https:\/\/www.cetys.mx\/noticias\/author\/campusmexicali\/"}]}},"_links":{"self":[{"href":"https:\/\/www.cetys.mx\/noticias\/wp-json\/wp\/v2\/posts\/135508","targetHints":{"allow":["GET"]}}],"collection":[{"href":"https:\/\/www.cetys.mx\/noticias\/wp-json\/wp\/v2\/posts"}],"about":[{"href":"https:\/\/www.cetys.mx\/noticias\/wp-json\/wp\/v2\/types\/post"}],"author":[{"embeddable":true,"href":"https:\/\/www.cetys.mx\/noticias\/wp-json\/wp\/v2\/users\/20"}],"replies":[{"embeddable":true,"href":"https:\/\/www.cetys.mx\/noticias\/wp-json\/wp\/v2\/comments?post=135508"}],"version-history":[{"count":0,"href":"https:\/\/www.cetys.mx\/noticias\/wp-json\/wp\/v2\/posts\/135508\/revisions"}],"wp:featuredmedia":[{"embeddable":true,"href":"https:\/\/www.cetys.mx\/noticias\/wp-json\/wp\/v2\/media\/126018"}],"wp:attachment":[{"href":"https:\/\/www.cetys.mx\/noticias\/wp-json\/wp\/v2\/media?parent=135508"}],"wp:term":[{"taxonomy":"category","embeddable":true,"href":"https:\/\/www.cetys.mx\/noticias\/wp-json\/wp\/v2\/categories?post=135508"},{"taxonomy":"post_tag","embeddable":true,"href":"https:\/\/www.cetys.mx\/noticias\/wp-json\/wp\/v2\/tags?post=135508"}],"curies":[{"name":"wp","href":"https:\/\/api.w.org\/{rel}","templated":true}]}}