{"id":135290,"date":"2019-10-02T12:25:08","date_gmt":"2019-10-02T19:25:08","guid":{"rendered":"https:\/\/www.cetys.mx\/noticias\/?p=135290"},"modified":"2020-05-25T23:52:22","modified_gmt":"2020-05-26T06:52:22","slug":"135290-2","status":"publish","type":"post","link":"https:\/\/www.cetys.mx\/noticias\/135290-2\/","title":{"rendered":"Estudiantes ofrecen pl\u00e1ticas de prevenci\u00f3n del suicidio"},"content":{"rendered":"<p>El Centro de Apoyo y Orientaci\u00f3n Psicol\u00f3gica (<strong>C.A.O.P.)<\/strong>, Campus Tijuana, a trav\u00e9s de estudiantes de la carrera de Psicolog\u00eda Cl\u00ednica brindaron una pl\u00e1tica preventiva entorno a la prevenci\u00f3n del Suicidio, el cual fue dirigido a educandos de nivel bachillerato al interior de su plantel. De manera que los representantes del C.A.O.P. proporcionaron informaci\u00f3n en alusi\u00f3n a lo que son las conductas de riesgo en el tema de suicidio as\u00ed como los factores de protecci\u00f3n y acciones de respuesta.\u00a0 La conferencia fue atendida por 85 j\u00f3venes preparatorianos.<\/p>\n<p><em>La Coordinadora del Centr<\/em>o, la <strong>Mtra. Elizabeth M. Aguilar Guzm\u00e1n<\/strong> se\u00f1al\u00f3 que, de acuerdo a cifras de INEGI, Baja California es el cuarto estado con mayor \u00edndice de suicidios. En donde ocho de cada diez suicidios son cometidos por hombres siendo entre los 20 y 29 a\u00f1os de edad que se presentan las tasas m\u00e1s altas de suicidios. De ah\u00ed, la importancia de haberse acercado en esta ocasi\u00f3n a poblaci\u00f3n preparatoriana.<\/p>\n<blockquote><p>Tanto los representantes del centro como su coordinadora se\u00f1alaron\u00a0 como signos de riesgo suicida \u201clos periodos prolongados de sensaciones profundas de desesperanza, verbalizaciones de deseos de muerte, o en su defecto, visualizaciones entorno a la muerte como el \u00fanico camino para terminar con el sufrimiento,\u00a0 abandono repentino de las actividades cotidianas, aislamiento social\u00a0\u00a0\u00a0 as\u00ed como haber ideado y\/o contar con un plan para terminar con la vida, o bien, intentos previos de suicidio\u201d,<\/p>\n<p><img loading=\"lazy\" decoding=\"async\" class=\"wp-image-135292 aligncenter\" src=\"https:\/\/www.cetys.mx\/noticias\/wp-content\/uploads\/2019\/10\/caop-platicas.jpg\" alt=\"\" width=\"626\" height=\"416\" srcset=\"https:\/\/www.cetys.mx\/noticias\/wp-content\/uploads\/2019\/10\/caop-platicas.jpg 958w, https:\/\/www.cetys.mx\/noticias\/wp-content\/uploads\/2019\/10\/caop-platicas-768x511.jpg 768w\" sizes=\"auto, (max-width: 626px) 100vw, 626px\" \/><\/p><\/blockquote>\n<p>La Mtra. <strong>Elizabeth Aguilar Guzm\u00e1n<\/strong> destaca que de identificarse algunos de estos signos en familiares, amigos o conocidos, resulta de vital importancia prestar atenci\u00f3n a estos signos y acercar a quienes los presentan a los servicios de atenci\u00f3n psicol\u00f3gica y\/o psiqui\u00e1trica de tal forma, que se establezca la red de apoyo necesaria, se inicie la atenci\u00f3n de salud necesaria y se lleve a cabo el seguimiento de cada uno de los casos.<\/p>\n<p>La Asociaci\u00f3n Internacional para la Prevenci\u00f3n del Suicidio (IASP) en conjunto con la Federaci\u00f3n Mundial de la Salud Mental (WFMH) y la Organizaci\u00f3n Mundial de la Salud (OMS) han establecido el 10 de septiembre como el D\u00eda Mundial para el Prevenci\u00f3n del Suicidio. De manera que asociaciones dedicadas a la prevenci\u00f3n del suicidio, hospitales de salud mental y profesionistas de la salud destinan este d\u00eda para llevar a cabo acciones de concientizaci\u00f3n en torno a las conductas que pueden sugerir riesgo de suicidio. Asimismo, se suelen abordar mitos y realidades entorno a dicha problem\u00e1tica, a efectos de que la poblaci\u00f3n cuente con nociones sobre c\u00f3mo prevenir, atender y\/o reaccionar ante eventualidades de este tipo.<\/p>\n<p>El Centro de Apoyo y Orientaci\u00f3n Psicol\u00f3gica (C.A.O.P) Campus Tijuana, ofrece sus servicios los d\u00edas martes y jueves en horario de 9:00 a.m. a 1:00 p.m. y de 3:00 a 7:00 p.m.<\/p>\n","protected":false},"excerpt":{"rendered":"<p>El Centro de Apoyo y Orientaci\u00f3n Psicol\u00f3gica (C.A.O.P.), Campus Tijuana, a trav\u00e9s de estudiantes de la carrera de Psicolog\u00eda Cl\u00ednica brindaron una&#8230;<\/p>\n","protected":false},"author":109,"featured_media":135291,"comment_status":"open","ping_status":"closed","sticky":false,"template":"","format":"standard","meta":{"footnotes":""},"categories":[134,313],"tags":[3933],"class_list":["post-135290","post","type-post","status-publish","format-standard","has-post-thumbnail","hentry","category-campus-tijuana","category-vocetys-2","tag-vocetys-2019-10-03"],"yoast_head":"<!-- This site is optimized with the Yoast SEO plugin v27.4 - https:\/\/yoast.com\/product\/yoast-seo-wordpress\/ -->\n<title>Estudiantes ofrecen pl\u00e1ticas de prevenci\u00f3n del suicidio - CETYS<\/title>\n<meta name=\"description\" content=\"Articulo sobre Estudiantes ofrecen pl\u00e1ticas de prevenci\u00f3n del suicidio\" \/>\n<meta name=\"robots\" content=\"index, follow, max-snippet:-1, max-image-preview:large, max-video-preview:-1\" \/>\n<link rel=\"canonical\" href=\"https:\/\/www.cetys.mx\/noticias\/135290-2\/\" \/>\n<meta property=\"og:locale\" content=\"es_MX\" \/>\n<meta property=\"og:type\" content=\"article\" \/>\n<meta property=\"og:title\" content=\"Estudiantes ofrecen pl\u00e1ticas de prevenci\u00f3n del suicidio - CETYS\" \/>\n<meta property=\"og:description\" content=\"Articulo sobre Estudiantes ofrecen pl\u00e1ticas de prevenci\u00f3n del suicidio\" \/>\n<meta property=\"og:url\" content=\"https:\/\/www.cetys.mx\/noticias\/135290-2\/\" \/>\n<meta property=\"og:site_name\" content=\"CETYS\" \/>\n<meta property=\"article:publisher\" content=\"https:\/\/www.facebook.com\/cetysuniversidadmxl\/\" \/>\n<meta property=\"article:published_time\" content=\"2019-10-02T19:25:08+00:00\" \/>\n<meta property=\"article:modified_time\" content=\"2020-05-26T06:52:22+00:00\" \/>\n<meta property=\"og:image\" content=\"https:\/\/www.cetys.mx\/noticias\/wp-content\/uploads\/2019\/10\/caop-platicas-02.jpg\" \/>\n\t<meta property=\"og:image:width\" content=\"958\" \/>\n\t<meta property=\"og:image:height\" content=\"637\" \/>\n\t<meta property=\"og:image:type\" content=\"image\/jpeg\" \/>\n<meta name=\"author\" content=\"Esteban Merlo\" \/>\n<meta name=\"twitter:card\" content=\"summary_large_image\" \/>\n<meta name=\"twitter:creator\" content=\"@cetysuni\" \/>\n<meta name=\"twitter:site\" content=\"@cetysuni\" \/>\n<meta name=\"twitter:label1\" content=\"Escrito por\" \/>\n\t<meta name=\"twitter:data1\" content=\"Esteban Merlo\" \/>\n\t<meta name=\"twitter:label2\" content=\"Tiempo de lectura\" \/>\n\t<meta name=\"twitter:data2\" content=\"2 minutos\" \/>\n<script type=\"application\/ld+json\" class=\"yoast-schema-graph\">{\"@context\":\"https:\\\/\\\/schema.org\",\"@graph\":[{\"@type\":\"Article\",\"@id\":\"https:\\\/\\\/www.cetys.mx\\\/noticias\\\/135290-2\\\/#article\",\"isPartOf\":{\"@id\":\"https:\\\/\\\/www.cetys.mx\\\/noticias\\\/135290-2\\\/\"},\"author\":{\"name\":\"Esteban Merlo\",\"@id\":\"https:\\\/\\\/www.cetys.mx\\\/noticias\\\/#\\\/schema\\\/person\\\/23d4ea78bce828b446aa45741e50aa03\"},\"headline\":\"Estudiantes ofrecen pl\u00e1ticas de prevenci\u00f3n del suicidio\",\"datePublished\":\"2019-10-02T19:25:08+00:00\",\"dateModified\":\"2020-05-26T06:52:22+00:00\",\"mainEntityOfPage\":{\"@id\":\"https:\\\/\\\/www.cetys.mx\\\/noticias\\\/135290-2\\\/\"},\"wordCount\":503,\"commentCount\":0,\"image\":{\"@id\":\"https:\\\/\\\/www.cetys.mx\\\/noticias\\\/135290-2\\\/#primaryimage\"},\"thumbnailUrl\":\"https:\\\/\\\/www.cetys.mx\\\/noticias\\\/wp-content\\\/uploads\\\/2019\\\/10\\\/caop-platicas-02.jpg\",\"keywords\":[\"VOCETYS-2019-10-03\"],\"articleSection\":[\"Campus Tijuana\",\"VoCETYS\"],\"inLanguage\":\"es\",\"potentialAction\":[{\"@type\":\"CommentAction\",\"name\":\"Comment\",\"target\":[\"https:\\\/\\\/www.cetys.mx\\\/noticias\\\/135290-2\\\/#respond\"]}]},{\"@type\":\"WebPage\",\"@id\":\"https:\\\/\\\/www.cetys.mx\\\/noticias\\\/135290-2\\\/\",\"url\":\"https:\\\/\\\/www.cetys.mx\\\/noticias\\\/135290-2\\\/\",\"name\":\"Estudiantes ofrecen pl\u00e1ticas de prevenci\u00f3n del suicidio - CETYS\",\"isPartOf\":{\"@id\":\"https:\\\/\\\/www.cetys.mx\\\/noticias\\\/#website\"},\"primaryImageOfPage\":{\"@id\":\"https:\\\/\\\/www.cetys.mx\\\/noticias\\\/135290-2\\\/#primaryimage\"},\"image\":{\"@id\":\"https:\\\/\\\/www.cetys.mx\\\/noticias\\\/135290-2\\\/#primaryimage\"},\"thumbnailUrl\":\"https:\\\/\\\/www.cetys.mx\\\/noticias\\\/wp-content\\\/uploads\\\/2019\\\/10\\\/caop-platicas-02.jpg\",\"datePublished\":\"2019-10-02T19:25:08+00:00\",\"dateModified\":\"2020-05-26T06:52:22+00:00\",\"author\":{\"@id\":\"https:\\\/\\\/www.cetys.mx\\\/noticias\\\/#\\\/schema\\\/person\\\/23d4ea78bce828b446aa45741e50aa03\"},\"description\":\"Articulo sobre Estudiantes ofrecen pl\u00e1ticas de prevenci\u00f3n del suicidio\",\"breadcrumb\":{\"@id\":\"https:\\\/\\\/www.cetys.mx\\\/noticias\\\/135290-2\\\/#breadcrumb\"},\"inLanguage\":\"es\",\"potentialAction\":[{\"@type\":\"ReadAction\",\"target\":[\"https:\\\/\\\/www.cetys.mx\\\/noticias\\\/135290-2\\\/\"]}]},{\"@type\":\"ImageObject\",\"inLanguage\":\"es\",\"@id\":\"https:\\\/\\\/www.cetys.mx\\\/noticias\\\/135290-2\\\/#primaryimage\",\"url\":\"https:\\\/\\\/www.cetys.mx\\\/noticias\\\/wp-content\\\/uploads\\\/2019\\\/10\\\/caop-platicas-02.jpg\",\"contentUrl\":\"https:\\\/\\\/www.cetys.mx\\\/noticias\\\/wp-content\\\/uploads\\\/2019\\\/10\\\/caop-platicas-02.jpg\",\"width\":958,\"height\":637},{\"@type\":\"BreadcrumbList\",\"@id\":\"https:\\\/\\\/www.cetys.mx\\\/noticias\\\/135290-2\\\/#breadcrumb\",\"itemListElement\":[{\"@type\":\"ListItem\",\"position\":1,\"name\":\"Inicio\",\"item\":\"https:\\\/\\\/www.cetys.mx\\\/noticias\\\/\"},{\"@type\":\"ListItem\",\"position\":2,\"name\":\"Estudiantes ofrecen pl\u00e1ticas de prevenci\u00f3n del suicidio\"}]},{\"@type\":\"WebSite\",\"@id\":\"https:\\\/\\\/www.cetys.mx\\\/noticias\\\/#website\",\"url\":\"https:\\\/\\\/www.cetys.mx\\\/noticias\\\/\",\"name\":\"CETYS\",\"description\":\"\",\"potentialAction\":[{\"@type\":\"SearchAction\",\"target\":{\"@type\":\"EntryPoint\",\"urlTemplate\":\"https:\\\/\\\/www.cetys.mx\\\/noticias\\\/?s={search_term_string}\"},\"query-input\":{\"@type\":\"PropertyValueSpecification\",\"valueRequired\":true,\"valueName\":\"search_term_string\"}}],\"inLanguage\":\"es\"},{\"@type\":\"Person\",\"@id\":\"https:\\\/\\\/www.cetys.mx\\\/noticias\\\/#\\\/schema\\\/person\\\/23d4ea78bce828b446aa45741e50aa03\",\"name\":\"Esteban Merlo\",\"url\":\"https:\\\/\\\/www.cetys.mx\\\/noticias\\\/author\\\/esteban-merlo\\\/\"}]}<\/script>\n<!-- \/ Yoast SEO plugin. -->","yoast_head_json":{"title":"Estudiantes ofrecen pl\u00e1ticas de prevenci\u00f3n del suicidio - CETYS","description":"Articulo sobre Estudiantes ofrecen pl\u00e1ticas de prevenci\u00f3n del suicidio","robots":{"index":"index","follow":"follow","max-snippet":"max-snippet:-1","max-image-preview":"max-image-preview:large","max-video-preview":"max-video-preview:-1"},"canonical":"https:\/\/www.cetys.mx\/noticias\/135290-2\/","og_locale":"es_MX","og_type":"article","og_title":"Estudiantes ofrecen pl\u00e1ticas de prevenci\u00f3n del suicidio - CETYS","og_description":"Articulo sobre Estudiantes ofrecen pl\u00e1ticas de prevenci\u00f3n del suicidio","og_url":"https:\/\/www.cetys.mx\/noticias\/135290-2\/","og_site_name":"CETYS","article_publisher":"https:\/\/www.facebook.com\/cetysuniversidadmxl\/","article_published_time":"2019-10-02T19:25:08+00:00","article_modified_time":"2020-05-26T06:52:22+00:00","og_image":[{"width":958,"height":637,"url":"https:\/\/www.cetys.mx\/noticias\/wp-content\/uploads\/2019\/10\/caop-platicas-02.jpg","type":"image\/jpeg"}],"author":"Esteban Merlo","twitter_card":"summary_large_image","twitter_creator":"@cetysuni","twitter_site":"@cetysuni","twitter_misc":{"Escrito por":"Esteban Merlo","Tiempo de lectura":"2 minutos"},"schema":{"@context":"https:\/\/schema.org","@graph":[{"@type":"Article","@id":"https:\/\/www.cetys.mx\/noticias\/135290-2\/#article","isPartOf":{"@id":"https:\/\/www.cetys.mx\/noticias\/135290-2\/"},"author":{"name":"Esteban Merlo","@id":"https:\/\/www.cetys.mx\/noticias\/#\/schema\/person\/23d4ea78bce828b446aa45741e50aa03"},"headline":"Estudiantes ofrecen pl\u00e1ticas de prevenci\u00f3n del suicidio","datePublished":"2019-10-02T19:25:08+00:00","dateModified":"2020-05-26T06:52:22+00:00","mainEntityOfPage":{"@id":"https:\/\/www.cetys.mx\/noticias\/135290-2\/"},"wordCount":503,"commentCount":0,"image":{"@id":"https:\/\/www.cetys.mx\/noticias\/135290-2\/#primaryimage"},"thumbnailUrl":"https:\/\/www.cetys.mx\/noticias\/wp-content\/uploads\/2019\/10\/caop-platicas-02.jpg","keywords":["VOCETYS-2019-10-03"],"articleSection":["Campus Tijuana","VoCETYS"],"inLanguage":"es","potentialAction":[{"@type":"CommentAction","name":"Comment","target":["https:\/\/www.cetys.mx\/noticias\/135290-2\/#respond"]}]},{"@type":"WebPage","@id":"https:\/\/www.cetys.mx\/noticias\/135290-2\/","url":"https:\/\/www.cetys.mx\/noticias\/135290-2\/","name":"Estudiantes ofrecen pl\u00e1ticas de prevenci\u00f3n del suicidio - CETYS","isPartOf":{"@id":"https:\/\/www.cetys.mx\/noticias\/#website"},"primaryImageOfPage":{"@id":"https:\/\/www.cetys.mx\/noticias\/135290-2\/#primaryimage"},"image":{"@id":"https:\/\/www.cetys.mx\/noticias\/135290-2\/#primaryimage"},"thumbnailUrl":"https:\/\/www.cetys.mx\/noticias\/wp-content\/uploads\/2019\/10\/caop-platicas-02.jpg","datePublished":"2019-10-02T19:25:08+00:00","dateModified":"2020-05-26T06:52:22+00:00","author":{"@id":"https:\/\/www.cetys.mx\/noticias\/#\/schema\/person\/23d4ea78bce828b446aa45741e50aa03"},"description":"Articulo sobre Estudiantes ofrecen pl\u00e1ticas de prevenci\u00f3n del suicidio","breadcrumb":{"@id":"https:\/\/www.cetys.mx\/noticias\/135290-2\/#breadcrumb"},"inLanguage":"es","potentialAction":[{"@type":"ReadAction","target":["https:\/\/www.cetys.mx\/noticias\/135290-2\/"]}]},{"@type":"ImageObject","inLanguage":"es","@id":"https:\/\/www.cetys.mx\/noticias\/135290-2\/#primaryimage","url":"https:\/\/www.cetys.mx\/noticias\/wp-content\/uploads\/2019\/10\/caop-platicas-02.jpg","contentUrl":"https:\/\/www.cetys.mx\/noticias\/wp-content\/uploads\/2019\/10\/caop-platicas-02.jpg","width":958,"height":637},{"@type":"BreadcrumbList","@id":"https:\/\/www.cetys.mx\/noticias\/135290-2\/#breadcrumb","itemListElement":[{"@type":"ListItem","position":1,"name":"Inicio","item":"https:\/\/www.cetys.mx\/noticias\/"},{"@type":"ListItem","position":2,"name":"Estudiantes ofrecen pl\u00e1ticas de prevenci\u00f3n del suicidio"}]},{"@type":"WebSite","@id":"https:\/\/www.cetys.mx\/noticias\/#website","url":"https:\/\/www.cetys.mx\/noticias\/","name":"CETYS","description":"","potentialAction":[{"@type":"SearchAction","target":{"@type":"EntryPoint","urlTemplate":"https:\/\/www.cetys.mx\/noticias\/?s={search_term_string}"},"query-input":{"@type":"PropertyValueSpecification","valueRequired":true,"valueName":"search_term_string"}}],"inLanguage":"es"},{"@type":"Person","@id":"https:\/\/www.cetys.mx\/noticias\/#\/schema\/person\/23d4ea78bce828b446aa45741e50aa03","name":"Esteban Merlo","url":"https:\/\/www.cetys.mx\/noticias\/author\/esteban-merlo\/"}]}},"_links":{"self":[{"href":"https:\/\/www.cetys.mx\/noticias\/wp-json\/wp\/v2\/posts\/135290","targetHints":{"allow":["GET"]}}],"collection":[{"href":"https:\/\/www.cetys.mx\/noticias\/wp-json\/wp\/v2\/posts"}],"about":[{"href":"https:\/\/www.cetys.mx\/noticias\/wp-json\/wp\/v2\/types\/post"}],"author":[{"embeddable":true,"href":"https:\/\/www.cetys.mx\/noticias\/wp-json\/wp\/v2\/users\/109"}],"replies":[{"embeddable":true,"href":"https:\/\/www.cetys.mx\/noticias\/wp-json\/wp\/v2\/comments?post=135290"}],"version-history":[{"count":1,"href":"https:\/\/www.cetys.mx\/noticias\/wp-json\/wp\/v2\/posts\/135290\/revisions"}],"predecessor-version":[{"id":144533,"href":"https:\/\/www.cetys.mx\/noticias\/wp-json\/wp\/v2\/posts\/135290\/revisions\/144533"}],"wp:featuredmedia":[{"embeddable":true,"href":"https:\/\/www.cetys.mx\/noticias\/wp-json\/wp\/v2\/media\/135291"}],"wp:attachment":[{"href":"https:\/\/www.cetys.mx\/noticias\/wp-json\/wp\/v2\/media?parent=135290"}],"wp:term":[{"taxonomy":"category","embeddable":true,"href":"https:\/\/www.cetys.mx\/noticias\/wp-json\/wp\/v2\/categories?post=135290"},{"taxonomy":"post_tag","embeddable":true,"href":"https:\/\/www.cetys.mx\/noticias\/wp-json\/wp\/v2\/tags?post=135290"}],"curies":[{"name":"wp","href":"https:\/\/api.w.org\/{rel}","templated":true}]}}