{"id":135137,"date":"2019-09-25T12:30:36","date_gmt":"2019-09-25T19:30:36","guid":{"rendered":"https:\/\/www.cetys.mx\/noticias\/?p=135137"},"modified":"2020-03-17T16:46:08","modified_gmt":"2020-03-17T23:46:08","slug":"de-brasil-hasta-mexicali","status":"publish","type":"post","link":"https:\/\/www.cetys.mx\/noticias\/de-brasil-hasta-mexicali\/","title":{"rendered":"De Brasil hasta Mexicali"},"content":{"rendered":"<p style=\"text-align: justify;\">Recorrer el mundo, aprender nuevos idiomas y hacer nuevos amigos es lo que motivo a Victor Dos Santos Torres Calder\u00f3n a emprender un viaje de 6924km entre Brasil a M\u00e9xico, para hacer un intercambio estudiantil en la Prepa <a href=\"https:\/\/www.cetys.mx\">CETYS Universidad Campus Mexicali<\/a>.<\/p>\n<p style=\"text-align: justify;\">El destino de Victor, fue <strong>Mexicali<\/strong>, ya que le interes\u00f3 poder ver el contraste entre pa\u00edses, as\u00ed como la cercan\u00eda con Estados Unidos. <em>\u201cEn Mexicali la gente me ha tratado muy bien, me gusta lo amables que son\u201d<\/em> coment\u00f3.<\/p>\n<p style=\"text-align: justify;\">Actualmente cursa el quinto semestre del Bachillerato General de la Prepa CETYS, lo que le ha permito conocer la experiencia CETYS, vivir en un gran ambiente estudiantil y compartir vivencias con sus compa\u00f1eros de clase, adem\u00e1s de contar con el apoyo de sus profesores.<\/p>\n<p style=\"text-align: justify;\">Victor tiene facilidad para los idiomas pues adem\u00e1s del portugu\u00e9s que es su lengua madre, puede comunicarse en espa\u00f1ol, ingl\u00e9s e incursiona en el franc\u00e9s.<\/p>\n<blockquote><p><img loading=\"lazy\" decoding=\"async\" class=\"alignnone size-full wp-image-135140\" src=\"https:\/\/www.cetys.mx\/noticias\/wp-content\/uploads\/2019\/09\/IMG_20190830_090333.jpg\" alt=\"\" width=\"2461\" height=\"3281\" srcset=\"https:\/\/www.cetys.mx\/noticias\/wp-content\/uploads\/2019\/09\/IMG_20190830_090333.jpg 2461w, https:\/\/www.cetys.mx\/noticias\/wp-content\/uploads\/2019\/09\/IMG_20190830_090333-768x1024.jpg 768w\" sizes=\"auto, (max-width: 2461px) 100vw, 2461px\" \/><\/p>\n<p style=\"text-align: justify;\">\u201cMe llam\u00f3 la atenci\u00f3n esta escuela CETYS por las materias de administraci\u00f3n que imparten desde la Prepa, eso me permitir\u00e1 descubrir mi vocaci\u00f3n antes de elegir una carrera profesional\u201d detall\u00f3.<\/p>\n<\/blockquote>\n<p style=\"text-align: justify;\">La presencia de V\u00edctor en CETYS y Mexicali, se extender\u00e1 hasta junio de 2020 por lo que, a lo largo de este a\u00f1o, planea afianzar sus conocimientos en ciencia, qu\u00edmica y administraci\u00f3n.<\/p>\n","protected":false},"excerpt":{"rendered":"<p>Recorrer el mundo, aprender nuevos idiomas y hacer nuevos amigos es lo que motivo a Victor Dos Santos Torres Calder\u00f3n a emprender&#8230;<\/p>\n","protected":false},"author":20,"featured_media":135138,"comment_status":"open","ping_status":"closed","sticky":false,"template":"","format":"standard","meta":{"footnotes":""},"categories":[133,125,318,313],"tags":[3921],"class_list":["post-135137","post","type-post","status-publish","format-standard","has-post-thumbnail","hentry","category-campus-mexicali","category-portada","category-preparatoria","category-vocetys-2","tag-vocetys-2019-10-01"],"yoast_head":"<!-- This site is optimized with the Yoast SEO plugin v27.4 - https:\/\/yoast.com\/product\/yoast-seo-wordpress\/ -->\n<title>De Brasil hasta Mexicali - CETYS<\/title>\n<meta name=\"description\" content=\"Articulo sobre De Brasil hasta Mexicali\" \/>\n<meta name=\"robots\" content=\"index, follow, max-snippet:-1, max-image-preview:large, max-video-preview:-1\" \/>\n<link rel=\"canonical\" href=\"https:\/\/www.cetys.mx\/noticias\/de-brasil-hasta-mexicali\/\" \/>\n<meta property=\"og:locale\" content=\"es_MX\" \/>\n<meta property=\"og:type\" content=\"article\" \/>\n<meta property=\"og:title\" content=\"De Brasil hasta Mexicali - CETYS\" \/>\n<meta property=\"og:description\" content=\"Articulo sobre De Brasil hasta Mexicali\" \/>\n<meta property=\"og:url\" content=\"https:\/\/www.cetys.mx\/noticias\/de-brasil-hasta-mexicali\/\" \/>\n<meta property=\"og:site_name\" content=\"CETYS\" \/>\n<meta property=\"article:publisher\" content=\"https:\/\/www.facebook.com\/cetysuniversidadmxl\/\" \/>\n<meta property=\"article:published_time\" content=\"2019-09-25T19:30:36+00:00\" \/>\n<meta property=\"article:modified_time\" content=\"2020-03-17T23:46:08+00:00\" \/>\n<meta property=\"og:image\" content=\"https:\/\/www.cetys.mx\/noticias\/wp-content\/uploads\/2019\/09\/VictorGrupal.jpg\" \/>\n\t<meta property=\"og:image:width\" content=\"958\" \/>\n\t<meta property=\"og:image:height\" content=\"637\" \/>\n\t<meta property=\"og:image:type\" content=\"image\/jpeg\" \/>\n<meta name=\"author\" content=\"Campus Mexicali\" \/>\n<meta name=\"twitter:card\" content=\"summary_large_image\" \/>\n<meta name=\"twitter:creator\" content=\"@cetysuni\" \/>\n<meta name=\"twitter:site\" content=\"@cetysuni\" \/>\n<meta name=\"twitter:label1\" content=\"Escrito por\" \/>\n\t<meta name=\"twitter:data1\" content=\"Campus Mexicali\" \/>\n\t<meta name=\"twitter:label2\" content=\"Tiempo de lectura\" \/>\n\t<meta name=\"twitter:data2\" content=\"1 minuto\" \/>\n<script type=\"application\/ld+json\" class=\"yoast-schema-graph\">{\"@context\":\"https:\\\/\\\/schema.org\",\"@graph\":[{\"@type\":\"Article\",\"@id\":\"https:\\\/\\\/www.cetys.mx\\\/noticias\\\/de-brasil-hasta-mexicali\\\/#article\",\"isPartOf\":{\"@id\":\"https:\\\/\\\/www.cetys.mx\\\/noticias\\\/de-brasil-hasta-mexicali\\\/\"},\"author\":{\"name\":\"Campus Mexicali\",\"@id\":\"https:\\\/\\\/www.cetys.mx\\\/noticias\\\/#\\\/schema\\\/person\\\/79a95c4ac185f3705cf1b9c9340a5f70\"},\"headline\":\"De Brasil hasta Mexicali\",\"datePublished\":\"2019-09-25T19:30:36+00:00\",\"dateModified\":\"2020-03-17T23:46:08+00:00\",\"mainEntityOfPage\":{\"@id\":\"https:\\\/\\\/www.cetys.mx\\\/noticias\\\/de-brasil-hasta-mexicali\\\/\"},\"wordCount\":233,\"commentCount\":0,\"image\":{\"@id\":\"https:\\\/\\\/www.cetys.mx\\\/noticias\\\/de-brasil-hasta-mexicali\\\/#primaryimage\"},\"thumbnailUrl\":\"https:\\\/\\\/www.cetys.mx\\\/noticias\\\/wp-content\\\/uploads\\\/2019\\\/09\\\/VictorGrupal.jpg\",\"keywords\":[\"vocetys-2019-10-01\"],\"articleSection\":[\"Campus Mexicali\",\"Portada\",\"Preparatoria\",\"VoCETYS\"],\"inLanguage\":\"es\",\"potentialAction\":[{\"@type\":\"CommentAction\",\"name\":\"Comment\",\"target\":[\"https:\\\/\\\/www.cetys.mx\\\/noticias\\\/de-brasil-hasta-mexicali\\\/#respond\"]}]},{\"@type\":\"WebPage\",\"@id\":\"https:\\\/\\\/www.cetys.mx\\\/noticias\\\/de-brasil-hasta-mexicali\\\/\",\"url\":\"https:\\\/\\\/www.cetys.mx\\\/noticias\\\/de-brasil-hasta-mexicali\\\/\",\"name\":\"De Brasil hasta Mexicali - CETYS\",\"isPartOf\":{\"@id\":\"https:\\\/\\\/www.cetys.mx\\\/noticias\\\/#website\"},\"primaryImageOfPage\":{\"@id\":\"https:\\\/\\\/www.cetys.mx\\\/noticias\\\/de-brasil-hasta-mexicali\\\/#primaryimage\"},\"image\":{\"@id\":\"https:\\\/\\\/www.cetys.mx\\\/noticias\\\/de-brasil-hasta-mexicali\\\/#primaryimage\"},\"thumbnailUrl\":\"https:\\\/\\\/www.cetys.mx\\\/noticias\\\/wp-content\\\/uploads\\\/2019\\\/09\\\/VictorGrupal.jpg\",\"datePublished\":\"2019-09-25T19:30:36+00:00\",\"dateModified\":\"2020-03-17T23:46:08+00:00\",\"author\":{\"@id\":\"https:\\\/\\\/www.cetys.mx\\\/noticias\\\/#\\\/schema\\\/person\\\/79a95c4ac185f3705cf1b9c9340a5f70\"},\"description\":\"Articulo sobre De Brasil hasta Mexicali\",\"breadcrumb\":{\"@id\":\"https:\\\/\\\/www.cetys.mx\\\/noticias\\\/de-brasil-hasta-mexicali\\\/#breadcrumb\"},\"inLanguage\":\"es\",\"potentialAction\":[{\"@type\":\"ReadAction\",\"target\":[\"https:\\\/\\\/www.cetys.mx\\\/noticias\\\/de-brasil-hasta-mexicali\\\/\"]}]},{\"@type\":\"ImageObject\",\"inLanguage\":\"es\",\"@id\":\"https:\\\/\\\/www.cetys.mx\\\/noticias\\\/de-brasil-hasta-mexicali\\\/#primaryimage\",\"url\":\"https:\\\/\\\/www.cetys.mx\\\/noticias\\\/wp-content\\\/uploads\\\/2019\\\/09\\\/VictorGrupal.jpg\",\"contentUrl\":\"https:\\\/\\\/www.cetys.mx\\\/noticias\\\/wp-content\\\/uploads\\\/2019\\\/09\\\/VictorGrupal.jpg\",\"width\":958,\"height\":637,\"caption\":\"nor\"},{\"@type\":\"BreadcrumbList\",\"@id\":\"https:\\\/\\\/www.cetys.mx\\\/noticias\\\/de-brasil-hasta-mexicali\\\/#breadcrumb\",\"itemListElement\":[{\"@type\":\"ListItem\",\"position\":1,\"name\":\"Inicio\",\"item\":\"https:\\\/\\\/www.cetys.mx\\\/noticias\\\/\"},{\"@type\":\"ListItem\",\"position\":2,\"name\":\"De Brasil hasta Mexicali\"}]},{\"@type\":\"WebSite\",\"@id\":\"https:\\\/\\\/www.cetys.mx\\\/noticias\\\/#website\",\"url\":\"https:\\\/\\\/www.cetys.mx\\\/noticias\\\/\",\"name\":\"CETYS\",\"description\":\"\",\"potentialAction\":[{\"@type\":\"SearchAction\",\"target\":{\"@type\":\"EntryPoint\",\"urlTemplate\":\"https:\\\/\\\/www.cetys.mx\\\/noticias\\\/?s={search_term_string}\"},\"query-input\":{\"@type\":\"PropertyValueSpecification\",\"valueRequired\":true,\"valueName\":\"search_term_string\"}}],\"inLanguage\":\"es\"},{\"@type\":\"Person\",\"@id\":\"https:\\\/\\\/www.cetys.mx\\\/noticias\\\/#\\\/schema\\\/person\\\/79a95c4ac185f3705cf1b9c9340a5f70\",\"name\":\"Campus Mexicali\",\"url\":\"https:\\\/\\\/www.cetys.mx\\\/noticias\\\/author\\\/campusmexicali\\\/\"}]}<\/script>\n<!-- \/ Yoast SEO plugin. -->","yoast_head_json":{"title":"De Brasil hasta Mexicali - CETYS","description":"Articulo sobre De Brasil hasta Mexicali","robots":{"index":"index","follow":"follow","max-snippet":"max-snippet:-1","max-image-preview":"max-image-preview:large","max-video-preview":"max-video-preview:-1"},"canonical":"https:\/\/www.cetys.mx\/noticias\/de-brasil-hasta-mexicali\/","og_locale":"es_MX","og_type":"article","og_title":"De Brasil hasta Mexicali - CETYS","og_description":"Articulo sobre De Brasil hasta Mexicali","og_url":"https:\/\/www.cetys.mx\/noticias\/de-brasil-hasta-mexicali\/","og_site_name":"CETYS","article_publisher":"https:\/\/www.facebook.com\/cetysuniversidadmxl\/","article_published_time":"2019-09-25T19:30:36+00:00","article_modified_time":"2020-03-17T23:46:08+00:00","og_image":[{"width":958,"height":637,"url":"https:\/\/www.cetys.mx\/noticias\/wp-content\/uploads\/2019\/09\/VictorGrupal.jpg","type":"image\/jpeg"}],"author":"Campus Mexicali","twitter_card":"summary_large_image","twitter_creator":"@cetysuni","twitter_site":"@cetysuni","twitter_misc":{"Escrito por":"Campus Mexicali","Tiempo de lectura":"1 minuto"},"schema":{"@context":"https:\/\/schema.org","@graph":[{"@type":"Article","@id":"https:\/\/www.cetys.mx\/noticias\/de-brasil-hasta-mexicali\/#article","isPartOf":{"@id":"https:\/\/www.cetys.mx\/noticias\/de-brasil-hasta-mexicali\/"},"author":{"name":"Campus Mexicali","@id":"https:\/\/www.cetys.mx\/noticias\/#\/schema\/person\/79a95c4ac185f3705cf1b9c9340a5f70"},"headline":"De Brasil hasta Mexicali","datePublished":"2019-09-25T19:30:36+00:00","dateModified":"2020-03-17T23:46:08+00:00","mainEntityOfPage":{"@id":"https:\/\/www.cetys.mx\/noticias\/de-brasil-hasta-mexicali\/"},"wordCount":233,"commentCount":0,"image":{"@id":"https:\/\/www.cetys.mx\/noticias\/de-brasil-hasta-mexicali\/#primaryimage"},"thumbnailUrl":"https:\/\/www.cetys.mx\/noticias\/wp-content\/uploads\/2019\/09\/VictorGrupal.jpg","keywords":["vocetys-2019-10-01"],"articleSection":["Campus Mexicali","Portada","Preparatoria","VoCETYS"],"inLanguage":"es","potentialAction":[{"@type":"CommentAction","name":"Comment","target":["https:\/\/www.cetys.mx\/noticias\/de-brasil-hasta-mexicali\/#respond"]}]},{"@type":"WebPage","@id":"https:\/\/www.cetys.mx\/noticias\/de-brasil-hasta-mexicali\/","url":"https:\/\/www.cetys.mx\/noticias\/de-brasil-hasta-mexicali\/","name":"De Brasil hasta Mexicali - CETYS","isPartOf":{"@id":"https:\/\/www.cetys.mx\/noticias\/#website"},"primaryImageOfPage":{"@id":"https:\/\/www.cetys.mx\/noticias\/de-brasil-hasta-mexicali\/#primaryimage"},"image":{"@id":"https:\/\/www.cetys.mx\/noticias\/de-brasil-hasta-mexicali\/#primaryimage"},"thumbnailUrl":"https:\/\/www.cetys.mx\/noticias\/wp-content\/uploads\/2019\/09\/VictorGrupal.jpg","datePublished":"2019-09-25T19:30:36+00:00","dateModified":"2020-03-17T23:46:08+00:00","author":{"@id":"https:\/\/www.cetys.mx\/noticias\/#\/schema\/person\/79a95c4ac185f3705cf1b9c9340a5f70"},"description":"Articulo sobre De Brasil hasta Mexicali","breadcrumb":{"@id":"https:\/\/www.cetys.mx\/noticias\/de-brasil-hasta-mexicali\/#breadcrumb"},"inLanguage":"es","potentialAction":[{"@type":"ReadAction","target":["https:\/\/www.cetys.mx\/noticias\/de-brasil-hasta-mexicali\/"]}]},{"@type":"ImageObject","inLanguage":"es","@id":"https:\/\/www.cetys.mx\/noticias\/de-brasil-hasta-mexicali\/#primaryimage","url":"https:\/\/www.cetys.mx\/noticias\/wp-content\/uploads\/2019\/09\/VictorGrupal.jpg","contentUrl":"https:\/\/www.cetys.mx\/noticias\/wp-content\/uploads\/2019\/09\/VictorGrupal.jpg","width":958,"height":637,"caption":"nor"},{"@type":"BreadcrumbList","@id":"https:\/\/www.cetys.mx\/noticias\/de-brasil-hasta-mexicali\/#breadcrumb","itemListElement":[{"@type":"ListItem","position":1,"name":"Inicio","item":"https:\/\/www.cetys.mx\/noticias\/"},{"@type":"ListItem","position":2,"name":"De Brasil hasta Mexicali"}]},{"@type":"WebSite","@id":"https:\/\/www.cetys.mx\/noticias\/#website","url":"https:\/\/www.cetys.mx\/noticias\/","name":"CETYS","description":"","potentialAction":[{"@type":"SearchAction","target":{"@type":"EntryPoint","urlTemplate":"https:\/\/www.cetys.mx\/noticias\/?s={search_term_string}"},"query-input":{"@type":"PropertyValueSpecification","valueRequired":true,"valueName":"search_term_string"}}],"inLanguage":"es"},{"@type":"Person","@id":"https:\/\/www.cetys.mx\/noticias\/#\/schema\/person\/79a95c4ac185f3705cf1b9c9340a5f70","name":"Campus Mexicali","url":"https:\/\/www.cetys.mx\/noticias\/author\/campusmexicali\/"}]}},"_links":{"self":[{"href":"https:\/\/www.cetys.mx\/noticias\/wp-json\/wp\/v2\/posts\/135137","targetHints":{"allow":["GET"]}}],"collection":[{"href":"https:\/\/www.cetys.mx\/noticias\/wp-json\/wp\/v2\/posts"}],"about":[{"href":"https:\/\/www.cetys.mx\/noticias\/wp-json\/wp\/v2\/types\/post"}],"author":[{"embeddable":true,"href":"https:\/\/www.cetys.mx\/noticias\/wp-json\/wp\/v2\/users\/20"}],"replies":[{"embeddable":true,"href":"https:\/\/www.cetys.mx\/noticias\/wp-json\/wp\/v2\/comments?post=135137"}],"version-history":[{"count":0,"href":"https:\/\/www.cetys.mx\/noticias\/wp-json\/wp\/v2\/posts\/135137\/revisions"}],"wp:featuredmedia":[{"embeddable":true,"href":"https:\/\/www.cetys.mx\/noticias\/wp-json\/wp\/v2\/media\/135138"}],"wp:attachment":[{"href":"https:\/\/www.cetys.mx\/noticias\/wp-json\/wp\/v2\/media?parent=135137"}],"wp:term":[{"taxonomy":"category","embeddable":true,"href":"https:\/\/www.cetys.mx\/noticias\/wp-json\/wp\/v2\/categories?post=135137"},{"taxonomy":"post_tag","embeddable":true,"href":"https:\/\/www.cetys.mx\/noticias\/wp-json\/wp\/v2\/tags?post=135137"}],"curies":[{"name":"wp","href":"https:\/\/api.w.org\/{rel}","templated":true}]}}