{"id":134052,"date":"2019-09-04T10:01:10","date_gmt":"2019-09-04T17:01:10","guid":{"rendered":"https:\/\/www.cetys.mx\/noticias\/?p=134052"},"modified":"2019-09-05T15:27:24","modified_gmt":"2019-09-05T22:27:24","slug":"aterrizo-el-modulo-del-programa-editorial-en-el-campus-tijuana","status":"publish","type":"post","link":"https:\/\/www.cetys.mx\/noticias\/aterrizo-el-modulo-del-programa-editorial-en-el-campus-tijuana\/","title":{"rendered":"Aterriz\u00f3 el M\u00f3dulo del Programa Editorial en el Campus Tijuana"},"content":{"rendered":"<p>\u2022\u00a0<b>Un esfuerzo de promoci\u00f3n de lectura del Programa Editorial, Difusi\u00f3n Cultural y Biblioteca de CETYS<\/b><\/p>\n<p><span style=\"font-weight: 400;\">El pasado mi\u00e9rcoles 21 de agosto de 2019 se inaugur\u00f3 el M\u00f3dulo del Programa Editorial, durante una ceremonia en donde estuvieron presentes Pablo Murad\u00e1s y Michell L\u00f3pez, de Difusi\u00f3n Cultural, Jorge Ortega y N\u00e9stor Robles, del Programa Editorial, as\u00ed como Fulvia Reyes, Montserrat Esp\u00edndola y David Estrada, de la Biblioteca Luis Fimbres Moreno.<\/span><\/p>\n<p><span style=\"font-weight: 400;\">El M\u00f3dulo del Programa Editorial, que anteriormente se estren\u00f3 en la pasada Feria del Libro de Tijuana, exhibe las publicaciones del CETYS a la comunidad, adem\u00e1s de que difunde el acervo de la Biblioteca para su lectura <\/span><i><span style=\"font-weight: 400;\">in situ<\/span><\/i><span style=\"font-weight: 400;\"> o el pr\u00e9stamo a domicilio. Aunado a esto, el m\u00f3dulo es un espacio para la lectura por placer, en donde habr\u00e1 actividades como charlas, talleres e intervenciones art\u00edsticas en torno a las colecciones presentadas mes a mes. En esta ocasi\u00f3n (hasta el 13 de septiembre) podr\u00e1n encontrar libros de autores de Baja California, para luego poder hojear una selecci\u00f3n de lecturas en torno a movimientos contraculturales, terror y ciencia ficci\u00f3n.<\/span><\/p>\n<p><span style=\"font-weight: 400;\">El m\u00f3dulo est\u00e1 instalado frente a la Biblioteca y Centro de Informaci\u00f3n \u201cLuis Fimbres Moreno\u201d del campus Tijuana, y estar\u00e1 abierto al p\u00fablico durante el semestre 2019-2 en un horario de lunes a viernes de 9:00 a 11:30 horas y de 12:00 a 15:30 horas. Te invitamos a estar al tanto de la programaci\u00f3n de actividades.<\/span><\/p>\n","protected":false},"excerpt":{"rendered":"<p>\u2022\u00a0Un esfuerzo de promoci\u00f3n de lectura del Programa Editorial, Difusi\u00f3n Cultural y Biblioteca de CETYS El pasado mi\u00e9rcoles 21 de agosto de&#8230;<\/p>\n","protected":false},"author":24,"featured_media":134054,"comment_status":"open","ping_status":"closed","sticky":false,"template":"","format":"standard","meta":{"footnotes":""},"categories":[134,323,313],"tags":[297,791,221,3835],"class_list":["post-134052","post","type-post","status-publish","format-standard","has-post-thumbnail","hentry","category-campus-tijuana","category-difusion-cultural","category-vocetys-2","tag-campus-tijuana","tag-difusion-cultural","tag-internacional","tag-vocetys-2019-09-05"],"yoast_head":"<!-- This site is optimized with the Yoast SEO plugin v27.4 - https:\/\/yoast.com\/product\/yoast-seo-wordpress\/ -->\n<title>Aterriz\u00f3 el M\u00f3dulo del Programa Editorial en el Campus Tijuana - CETYS<\/title>\n<meta name=\"description\" content=\"Un esfuerzo de promoci\u00f3n de lectura del Programa Editorial, Difusi\u00f3n Cultural y Biblioteca de CETYS.\" \/>\n<meta name=\"robots\" content=\"index, follow, max-snippet:-1, max-image-preview:large, max-video-preview:-1\" \/>\n<link rel=\"canonical\" href=\"https:\/\/www.cetys.mx\/noticias\/aterrizo-el-modulo-del-programa-editorial-en-el-campus-tijuana\/\" \/>\n<meta property=\"og:locale\" content=\"es_MX\" \/>\n<meta property=\"og:type\" content=\"article\" \/>\n<meta property=\"og:title\" content=\"Aterriz\u00f3 el M\u00f3dulo del Programa Editorial en el Campus Tijuana - CETYS\" \/>\n<meta property=\"og:description\" content=\"Un esfuerzo de promoci\u00f3n de lectura del Programa Editorial, Difusi\u00f3n Cultural y Biblioteca de CETYS.\" \/>\n<meta property=\"og:url\" content=\"https:\/\/www.cetys.mx\/noticias\/aterrizo-el-modulo-del-programa-editorial-en-el-campus-tijuana\/\" \/>\n<meta property=\"og:site_name\" content=\"CETYS\" \/>\n<meta property=\"article:publisher\" content=\"https:\/\/www.facebook.com\/cetysuniversidadmxl\/\" \/>\n<meta property=\"article:published_time\" content=\"2019-09-04T17:01:10+00:00\" \/>\n<meta property=\"article:modified_time\" content=\"2019-09-05T22:27:24+00:00\" \/>\n<meta property=\"og:image\" content=\"https:\/\/www.cetys.mx\/noticias\/wp-content\/uploads\/2019\/09\/programas-editoriales.jpg\" \/>\n\t<meta property=\"og:image:width\" content=\"958\" \/>\n\t<meta property=\"og:image:height\" content=\"637\" \/>\n\t<meta property=\"og:image:type\" content=\"image\/jpeg\" \/>\n<meta name=\"author\" content=\"Campus Tijuana\" \/>\n<meta name=\"twitter:card\" content=\"summary_large_image\" \/>\n<meta name=\"twitter:creator\" content=\"@cetysuni\" \/>\n<meta name=\"twitter:site\" content=\"@cetysuni\" \/>\n<meta name=\"twitter:label1\" content=\"Escrito por\" \/>\n\t<meta name=\"twitter:data1\" content=\"Campus Tijuana\" \/>\n\t<meta name=\"twitter:label2\" content=\"Tiempo de lectura\" \/>\n\t<meta name=\"twitter:data2\" content=\"1 minuto\" \/>\n<script type=\"application\/ld+json\" class=\"yoast-schema-graph\">{\"@context\":\"https:\\\/\\\/schema.org\",\"@graph\":[{\"@type\":\"Article\",\"@id\":\"https:\\\/\\\/www.cetys.mx\\\/noticias\\\/aterrizo-el-modulo-del-programa-editorial-en-el-campus-tijuana\\\/#article\",\"isPartOf\":{\"@id\":\"https:\\\/\\\/www.cetys.mx\\\/noticias\\\/aterrizo-el-modulo-del-programa-editorial-en-el-campus-tijuana\\\/\"},\"author\":{\"name\":\"Campus Tijuana\",\"@id\":\"https:\\\/\\\/www.cetys.mx\\\/noticias\\\/#\\\/schema\\\/person\\\/e790051ce60e18ae47cfa87011c8653f\"},\"headline\":\"Aterriz\u00f3 el M\u00f3dulo del Programa Editorial en el Campus Tijuana\",\"datePublished\":\"2019-09-04T17:01:10+00:00\",\"dateModified\":\"2019-09-05T22:27:24+00:00\",\"mainEntityOfPage\":{\"@id\":\"https:\\\/\\\/www.cetys.mx\\\/noticias\\\/aterrizo-el-modulo-del-programa-editorial-en-el-campus-tijuana\\\/\"},\"wordCount\":259,\"commentCount\":0,\"image\":{\"@id\":\"https:\\\/\\\/www.cetys.mx\\\/noticias\\\/aterrizo-el-modulo-del-programa-editorial-en-el-campus-tijuana\\\/#primaryimage\"},\"thumbnailUrl\":\"https:\\\/\\\/www.cetys.mx\\\/noticias\\\/wp-content\\\/uploads\\\/2019\\\/09\\\/programas-editoriales.jpg\",\"keywords\":[\"Campus Tijuana\",\"Difusi\u00f3n Cultural\",\"internacional\",\"VOCETYS-2019-09-05\"],\"articleSection\":[\"Campus Tijuana\",\"Difusion cultural\",\"VoCETYS\"],\"inLanguage\":\"es\",\"potentialAction\":[{\"@type\":\"CommentAction\",\"name\":\"Comment\",\"target\":[\"https:\\\/\\\/www.cetys.mx\\\/noticias\\\/aterrizo-el-modulo-del-programa-editorial-en-el-campus-tijuana\\\/#respond\"]}]},{\"@type\":\"WebPage\",\"@id\":\"https:\\\/\\\/www.cetys.mx\\\/noticias\\\/aterrizo-el-modulo-del-programa-editorial-en-el-campus-tijuana\\\/\",\"url\":\"https:\\\/\\\/www.cetys.mx\\\/noticias\\\/aterrizo-el-modulo-del-programa-editorial-en-el-campus-tijuana\\\/\",\"name\":\"Aterriz\u00f3 el M\u00f3dulo del Programa Editorial en el Campus Tijuana - CETYS\",\"isPartOf\":{\"@id\":\"https:\\\/\\\/www.cetys.mx\\\/noticias\\\/#website\"},\"primaryImageOfPage\":{\"@id\":\"https:\\\/\\\/www.cetys.mx\\\/noticias\\\/aterrizo-el-modulo-del-programa-editorial-en-el-campus-tijuana\\\/#primaryimage\"},\"image\":{\"@id\":\"https:\\\/\\\/www.cetys.mx\\\/noticias\\\/aterrizo-el-modulo-del-programa-editorial-en-el-campus-tijuana\\\/#primaryimage\"},\"thumbnailUrl\":\"https:\\\/\\\/www.cetys.mx\\\/noticias\\\/wp-content\\\/uploads\\\/2019\\\/09\\\/programas-editoriales.jpg\",\"datePublished\":\"2019-09-04T17:01:10+00:00\",\"dateModified\":\"2019-09-05T22:27:24+00:00\",\"author\":{\"@id\":\"https:\\\/\\\/www.cetys.mx\\\/noticias\\\/#\\\/schema\\\/person\\\/e790051ce60e18ae47cfa87011c8653f\"},\"description\":\"Un esfuerzo de promoci\u00f3n de lectura del Programa Editorial, Difusi\u00f3n Cultural y Biblioteca de CETYS.\",\"breadcrumb\":{\"@id\":\"https:\\\/\\\/www.cetys.mx\\\/noticias\\\/aterrizo-el-modulo-del-programa-editorial-en-el-campus-tijuana\\\/#breadcrumb\"},\"inLanguage\":\"es\",\"potentialAction\":[{\"@type\":\"ReadAction\",\"target\":[\"https:\\\/\\\/www.cetys.mx\\\/noticias\\\/aterrizo-el-modulo-del-programa-editorial-en-el-campus-tijuana\\\/\"]}]},{\"@type\":\"ImageObject\",\"inLanguage\":\"es\",\"@id\":\"https:\\\/\\\/www.cetys.mx\\\/noticias\\\/aterrizo-el-modulo-del-programa-editorial-en-el-campus-tijuana\\\/#primaryimage\",\"url\":\"https:\\\/\\\/www.cetys.mx\\\/noticias\\\/wp-content\\\/uploads\\\/2019\\\/09\\\/programas-editoriales.jpg\",\"contentUrl\":\"https:\\\/\\\/www.cetys.mx\\\/noticias\\\/wp-content\\\/uploads\\\/2019\\\/09\\\/programas-editoriales.jpg\",\"width\":958,\"height\":637},{\"@type\":\"BreadcrumbList\",\"@id\":\"https:\\\/\\\/www.cetys.mx\\\/noticias\\\/aterrizo-el-modulo-del-programa-editorial-en-el-campus-tijuana\\\/#breadcrumb\",\"itemListElement\":[{\"@type\":\"ListItem\",\"position\":1,\"name\":\"Inicio\",\"item\":\"https:\\\/\\\/www.cetys.mx\\\/noticias\\\/\"},{\"@type\":\"ListItem\",\"position\":2,\"name\":\"Aterriz\u00f3 el M\u00f3dulo del Programa Editorial en el Campus Tijuana\"}]},{\"@type\":\"WebSite\",\"@id\":\"https:\\\/\\\/www.cetys.mx\\\/noticias\\\/#website\",\"url\":\"https:\\\/\\\/www.cetys.mx\\\/noticias\\\/\",\"name\":\"CETYS\",\"description\":\"\",\"potentialAction\":[{\"@type\":\"SearchAction\",\"target\":{\"@type\":\"EntryPoint\",\"urlTemplate\":\"https:\\\/\\\/www.cetys.mx\\\/noticias\\\/?s={search_term_string}\"},\"query-input\":{\"@type\":\"PropertyValueSpecification\",\"valueRequired\":true,\"valueName\":\"search_term_string\"}}],\"inLanguage\":\"es\"},{\"@type\":\"Person\",\"@id\":\"https:\\\/\\\/www.cetys.mx\\\/noticias\\\/#\\\/schema\\\/person\\\/e790051ce60e18ae47cfa87011c8653f\",\"name\":\"Campus Tijuana\",\"url\":\"https:\\\/\\\/www.cetys.mx\\\/noticias\\\/author\\\/campustijuana\\\/\"}]}<\/script>\n<!-- \/ Yoast SEO plugin. -->","yoast_head_json":{"title":"Aterriz\u00f3 el M\u00f3dulo del Programa Editorial en el Campus Tijuana - CETYS","description":"Un esfuerzo de promoci\u00f3n de lectura del Programa Editorial, Difusi\u00f3n Cultural y Biblioteca de CETYS.","robots":{"index":"index","follow":"follow","max-snippet":"max-snippet:-1","max-image-preview":"max-image-preview:large","max-video-preview":"max-video-preview:-1"},"canonical":"https:\/\/www.cetys.mx\/noticias\/aterrizo-el-modulo-del-programa-editorial-en-el-campus-tijuana\/","og_locale":"es_MX","og_type":"article","og_title":"Aterriz\u00f3 el M\u00f3dulo del Programa Editorial en el Campus Tijuana - CETYS","og_description":"Un esfuerzo de promoci\u00f3n de lectura del Programa Editorial, Difusi\u00f3n Cultural y Biblioteca de CETYS.","og_url":"https:\/\/www.cetys.mx\/noticias\/aterrizo-el-modulo-del-programa-editorial-en-el-campus-tijuana\/","og_site_name":"CETYS","article_publisher":"https:\/\/www.facebook.com\/cetysuniversidadmxl\/","article_published_time":"2019-09-04T17:01:10+00:00","article_modified_time":"2019-09-05T22:27:24+00:00","og_image":[{"width":958,"height":637,"url":"https:\/\/www.cetys.mx\/noticias\/wp-content\/uploads\/2019\/09\/programas-editoriales.jpg","type":"image\/jpeg"}],"author":"Campus Tijuana","twitter_card":"summary_large_image","twitter_creator":"@cetysuni","twitter_site":"@cetysuni","twitter_misc":{"Escrito por":"Campus Tijuana","Tiempo de lectura":"1 minuto"},"schema":{"@context":"https:\/\/schema.org","@graph":[{"@type":"Article","@id":"https:\/\/www.cetys.mx\/noticias\/aterrizo-el-modulo-del-programa-editorial-en-el-campus-tijuana\/#article","isPartOf":{"@id":"https:\/\/www.cetys.mx\/noticias\/aterrizo-el-modulo-del-programa-editorial-en-el-campus-tijuana\/"},"author":{"name":"Campus Tijuana","@id":"https:\/\/www.cetys.mx\/noticias\/#\/schema\/person\/e790051ce60e18ae47cfa87011c8653f"},"headline":"Aterriz\u00f3 el M\u00f3dulo del Programa Editorial en el Campus Tijuana","datePublished":"2019-09-04T17:01:10+00:00","dateModified":"2019-09-05T22:27:24+00:00","mainEntityOfPage":{"@id":"https:\/\/www.cetys.mx\/noticias\/aterrizo-el-modulo-del-programa-editorial-en-el-campus-tijuana\/"},"wordCount":259,"commentCount":0,"image":{"@id":"https:\/\/www.cetys.mx\/noticias\/aterrizo-el-modulo-del-programa-editorial-en-el-campus-tijuana\/#primaryimage"},"thumbnailUrl":"https:\/\/www.cetys.mx\/noticias\/wp-content\/uploads\/2019\/09\/programas-editoriales.jpg","keywords":["Campus Tijuana","Difusi\u00f3n Cultural","internacional","VOCETYS-2019-09-05"],"articleSection":["Campus Tijuana","Difusion cultural","VoCETYS"],"inLanguage":"es","potentialAction":[{"@type":"CommentAction","name":"Comment","target":["https:\/\/www.cetys.mx\/noticias\/aterrizo-el-modulo-del-programa-editorial-en-el-campus-tijuana\/#respond"]}]},{"@type":"WebPage","@id":"https:\/\/www.cetys.mx\/noticias\/aterrizo-el-modulo-del-programa-editorial-en-el-campus-tijuana\/","url":"https:\/\/www.cetys.mx\/noticias\/aterrizo-el-modulo-del-programa-editorial-en-el-campus-tijuana\/","name":"Aterriz\u00f3 el M\u00f3dulo del Programa Editorial en el Campus Tijuana - CETYS","isPartOf":{"@id":"https:\/\/www.cetys.mx\/noticias\/#website"},"primaryImageOfPage":{"@id":"https:\/\/www.cetys.mx\/noticias\/aterrizo-el-modulo-del-programa-editorial-en-el-campus-tijuana\/#primaryimage"},"image":{"@id":"https:\/\/www.cetys.mx\/noticias\/aterrizo-el-modulo-del-programa-editorial-en-el-campus-tijuana\/#primaryimage"},"thumbnailUrl":"https:\/\/www.cetys.mx\/noticias\/wp-content\/uploads\/2019\/09\/programas-editoriales.jpg","datePublished":"2019-09-04T17:01:10+00:00","dateModified":"2019-09-05T22:27:24+00:00","author":{"@id":"https:\/\/www.cetys.mx\/noticias\/#\/schema\/person\/e790051ce60e18ae47cfa87011c8653f"},"description":"Un esfuerzo de promoci\u00f3n de lectura del Programa Editorial, Difusi\u00f3n Cultural y Biblioteca de CETYS.","breadcrumb":{"@id":"https:\/\/www.cetys.mx\/noticias\/aterrizo-el-modulo-del-programa-editorial-en-el-campus-tijuana\/#breadcrumb"},"inLanguage":"es","potentialAction":[{"@type":"ReadAction","target":["https:\/\/www.cetys.mx\/noticias\/aterrizo-el-modulo-del-programa-editorial-en-el-campus-tijuana\/"]}]},{"@type":"ImageObject","inLanguage":"es","@id":"https:\/\/www.cetys.mx\/noticias\/aterrizo-el-modulo-del-programa-editorial-en-el-campus-tijuana\/#primaryimage","url":"https:\/\/www.cetys.mx\/noticias\/wp-content\/uploads\/2019\/09\/programas-editoriales.jpg","contentUrl":"https:\/\/www.cetys.mx\/noticias\/wp-content\/uploads\/2019\/09\/programas-editoriales.jpg","width":958,"height":637},{"@type":"BreadcrumbList","@id":"https:\/\/www.cetys.mx\/noticias\/aterrizo-el-modulo-del-programa-editorial-en-el-campus-tijuana\/#breadcrumb","itemListElement":[{"@type":"ListItem","position":1,"name":"Inicio","item":"https:\/\/www.cetys.mx\/noticias\/"},{"@type":"ListItem","position":2,"name":"Aterriz\u00f3 el M\u00f3dulo del Programa Editorial en el Campus Tijuana"}]},{"@type":"WebSite","@id":"https:\/\/www.cetys.mx\/noticias\/#website","url":"https:\/\/www.cetys.mx\/noticias\/","name":"CETYS","description":"","potentialAction":[{"@type":"SearchAction","target":{"@type":"EntryPoint","urlTemplate":"https:\/\/www.cetys.mx\/noticias\/?s={search_term_string}"},"query-input":{"@type":"PropertyValueSpecification","valueRequired":true,"valueName":"search_term_string"}}],"inLanguage":"es"},{"@type":"Person","@id":"https:\/\/www.cetys.mx\/noticias\/#\/schema\/person\/e790051ce60e18ae47cfa87011c8653f","name":"Campus Tijuana","url":"https:\/\/www.cetys.mx\/noticias\/author\/campustijuana\/"}]}},"_links":{"self":[{"href":"https:\/\/www.cetys.mx\/noticias\/wp-json\/wp\/v2\/posts\/134052","targetHints":{"allow":["GET"]}}],"collection":[{"href":"https:\/\/www.cetys.mx\/noticias\/wp-json\/wp\/v2\/posts"}],"about":[{"href":"https:\/\/www.cetys.mx\/noticias\/wp-json\/wp\/v2\/types\/post"}],"author":[{"embeddable":true,"href":"https:\/\/www.cetys.mx\/noticias\/wp-json\/wp\/v2\/users\/24"}],"replies":[{"embeddable":true,"href":"https:\/\/www.cetys.mx\/noticias\/wp-json\/wp\/v2\/comments?post=134052"}],"version-history":[{"count":0,"href":"https:\/\/www.cetys.mx\/noticias\/wp-json\/wp\/v2\/posts\/134052\/revisions"}],"wp:featuredmedia":[{"embeddable":true,"href":"https:\/\/www.cetys.mx\/noticias\/wp-json\/wp\/v2\/media\/134054"}],"wp:attachment":[{"href":"https:\/\/www.cetys.mx\/noticias\/wp-json\/wp\/v2\/media?parent=134052"}],"wp:term":[{"taxonomy":"category","embeddable":true,"href":"https:\/\/www.cetys.mx\/noticias\/wp-json\/wp\/v2\/categories?post=134052"},{"taxonomy":"post_tag","embeddable":true,"href":"https:\/\/www.cetys.mx\/noticias\/wp-json\/wp\/v2\/tags?post=134052"}],"curies":[{"name":"wp","href":"https:\/\/api.w.org\/{rel}","templated":true}]}}