{"id":133942,"date":"2019-09-02T11:54:05","date_gmt":"2019-09-02T18:54:05","guid":{"rendered":"https:\/\/www.cetys.mx\/noticias\/?p=133942"},"modified":"2019-09-02T17:10:26","modified_gmt":"2019-09-03T00:10:26","slug":"potencial-voleyfem-cetys","status":"publish","type":"post","link":"https:\/\/www.cetys.mx\/noticias\/potencial-voleyfem-cetys\/","title":{"rendered":"Hay potencial en el voleibol femenil de CETYS"},"content":{"rendered":"<p><em><strong>SAN MARCOS, CALIFORNIA.-<\/strong><\/em> Despu\u00e9s del segundo lugar en la pen\u00faltima fecha de la actual temporada en CIBAVOL (<em>Circuito Bajacaliforniano de Voleibol<\/em>), <strong>Zorros Femenil<\/strong> volvieron al norte de San Diego para conquistar el <em>USK Tournament<\/em> por segundo a\u00f1o consecutivo.<\/p>\n<p>Todav\u00eda faltan algunas semanas para el arranque oficial, pero el representativo de <strong>CETYS Universidad<\/strong> se mantiene ocupado en su preparaci\u00f3n y con resultados prometedores. La mejor noticia es que su nueva base preparatoriana comienza a funcionar rumbo al <em><a href=\"https:\/\/www.cutelmex.com\/2018\/voleibolFemenil\">Campeonato Universitario &#8220;Telmex\/Telcel CONADEIP&#8221;<\/a>.<\/em><\/p>\n<p><img loading=\"lazy\" decoding=\"async\" class=\"alignnone size-full wp-image-133948\" src=\"https:\/\/www.cetys.mx\/noticias\/wp-content\/uploads\/2019\/09\/DSC_0385-e1567450194892.jpg\" alt=\"\" width=\"955\" height=\"637\" \/><\/p>\n<p><em>&#8220;Estoy muy contento por el esfuerzo de las muchachas. Esta pretemporada me ha permitido hacer variantes frente a la red, de tal modo que todas lleguen listas al Campeonato. Tenemos jugadoras nuevas: siete de Preparatoria, tres de Universidad y dos de Posgrado. Me gusta trabajar en el aspecto f\u00edsico y quiero que todas lleguen al cien por ciento&#8221;,<\/em> dijo el entrenador <strong>Eduardo Murgu\u00eda<\/strong>.<\/p>\n<p>El primer partido en el Gimnasio &#8220;City of San Marcos&#8221; fue frente a las anfitrionas, St. Katherine Firebirds, domin\u00e1ndolo en tres sets (25-17, 25-21, 25-5); el segundo triunfo fue sobre Antelope Valley Pioneers en cuatro turnos (26-24, 25-18, 24-26, 25-14), donde salieron adelante en un momento cr\u00edtico.<\/p>\n<p><img loading=\"lazy\" decoding=\"async\" class=\"alignnone size-full wp-image-133946\" src=\"https:\/\/www.cetys.mx\/noticias\/wp-content\/uploads\/2019\/09\/DSC_0211-e1567450128140.jpg\" alt=\"\" width=\"955\" height=\"637\" \/><\/p>\n<blockquote><p><em>&#8220;Es importante adaptarnos pronto al plan del entrenador y que las nuevas compa\u00f1eras se integren igual<\/em> -agreg\u00f3 la capitana <strong>Daianne \u00c1lvarez<\/strong>-. <em>Nosotras, las de experiencia, tenemos el compromiso arroparlas dentro y fuera del partido. Desde mi punto de vista vamos bien&#8221;. <\/em><\/p><\/blockquote>\n<p>Adem\u00e1s de<strong> \u00c1lvarez<\/strong>, seis integrantes m\u00e1s que disputaron el &#8220;Final Four CONADEIP 2019&#8221; o la &#8220;Universiada Nacional CONDDE&#8221; viajaron a San Marcos: <strong>Carolina Nev\u00e1rez<\/strong>, <strong>Ximena Tona<\/strong>, <strong>Natalia Escoto<\/strong>, <strong>Erika Orozco<\/strong> y <strong>Karely Castro<\/strong>. Hay que destacar el regreso de <strong>Marla Arreola<\/strong>, ausente en el semestre anterior por asuntos personales.<\/p>\n<p><img loading=\"lazy\" decoding=\"async\" class=\"alignnone size-full wp-image-133945\" src=\"https:\/\/www.cetys.mx\/noticias\/wp-content\/uploads\/2019\/09\/DSC_0198-e1567450060862.jpg\" alt=\"\" width=\"955\" height=\"637\" \/><\/p>\n<p><strong>Luisa Fernanda Rodr\u00edguez<\/strong>, <strong>Anna Arreola<\/strong>, <strong>Hevila Watson<\/strong>,<strong> Katherine Ram\u00edrez<\/strong> y <strong>Jezabel Sauceda<\/strong>\u00a0completaron la lista que conquist\u00f3 de nuevo este torneo invitacional; <strong>Mare Rodr\u00edguez<\/strong> suma un a\u00f1o m\u00e1s como asistente t\u00e9cnica.<\/p>\n<p><em>&#8220;Veo mucho potencial en las nuevas compa\u00f1eras y eso nos motiva, pienso que tendremos buen nivel de competencia. Hay un nuevo formato de competencia y todas debemos estar listas, porque cada partido cuenta como si fuera el \u00faltimo&#8221;<\/em>, concluy\u00f3 <strong>Nev\u00e1rez<\/strong>.<\/p>\n<p>Esta vez se ausentaron cuatro jugadoras: <strong>Izabella Ceratti<\/strong> (concentrada con la Selecci\u00f3n Mexicana Sub-18),\u00a0<strong>Lorna Contreras<\/strong>,<strong> Wendy Rodr\u00edguez <\/strong>y<strong> Camila Silva<\/strong> (las tres por compromisos acad\u00e9micos). La campa\u00f1a regular comienza el pr\u00f3ximo 27 de septiembre en Monterrey, Nuevo Le\u00f3n.<\/p>\n<p><img loading=\"lazy\" decoding=\"async\" class=\"alignnone size-full wp-image-133944\" src=\"https:\/\/www.cetys.mx\/noticias\/wp-content\/uploads\/2019\/09\/DSC_0449-e1567449937779.jpg\" alt=\"\" width=\"955\" height=\"637\" \/><\/p>\n<p>&nbsp;<\/p>\n","protected":false},"excerpt":{"rendered":"<p>SAN MARCOS, CALIFORNIA.- Despu\u00e9s del segundo lugar en la pen\u00faltima fecha de la actual temporada en CIBAVOL (Circuito Bajacaliforniano de Voleibol), Zorros&#8230;<\/p>\n","protected":false},"author":26,"featured_media":133943,"comment_status":"open","ping_status":"closed","sticky":false,"template":"","format":"standard","meta":{"footnotes":""},"categories":[312,209,125,313],"tags":[1020,327,233,658],"class_list":["post-133942","post","type-post","status-publish","format-standard","has-post-thumbnail","hentry","category-deportes","category-institucional","category-portada","category-vocetys-2","tag-conadeip","tag-condde","tag-deportes","tag-voleibol","univesidades-antelope-valley","univesidades-cetys","univesidades-st-katherine"],"yoast_head":"<!-- This site is optimized with the Yoast SEO plugin v27.4 - https:\/\/yoast.com\/product\/yoast-seo-wordpress\/ -->\n<title>Hay potencial en el voleibol femenil de CETYS - CETYS<\/title>\n<meta name=\"description\" content=\"Articulo sobre Hay potencial en el voleibol femenil de CETYS\" \/>\n<meta name=\"robots\" content=\"index, follow, max-snippet:-1, max-image-preview:large, max-video-preview:-1\" \/>\n<link rel=\"canonical\" href=\"https:\/\/www.cetys.mx\/noticias\/potencial-voleyfem-cetys\/\" \/>\n<meta property=\"og:locale\" content=\"es_MX\" \/>\n<meta property=\"og:type\" content=\"article\" \/>\n<meta property=\"og:title\" content=\"Hay potencial en el voleibol femenil de CETYS - CETYS\" \/>\n<meta property=\"og:description\" content=\"Articulo sobre Hay potencial en el voleibol femenil de CETYS\" \/>\n<meta property=\"og:url\" content=\"https:\/\/www.cetys.mx\/noticias\/potencial-voleyfem-cetys\/\" \/>\n<meta property=\"og:site_name\" content=\"CETYS\" \/>\n<meta property=\"article:publisher\" content=\"https:\/\/www.facebook.com\/cetysuniversidadmxl\/\" \/>\n<meta property=\"article:published_time\" content=\"2019-09-02T18:54:05+00:00\" \/>\n<meta property=\"article:modified_time\" content=\"2019-09-03T00:10:26+00:00\" \/>\n<meta property=\"og:image\" content=\"https:\/\/www.cetys.mx\/noticias\/wp-content\/uploads\/2019\/09\/DSC_0243-e1567449859113.jpg\" \/>\n\t<meta property=\"og:image:width\" content=\"955\" \/>\n\t<meta property=\"og:image:height\" content=\"637\" \/>\n\t<meta property=\"og:image:type\" content=\"image\/jpeg\" \/>\n<meta name=\"author\" content=\"CETYS Institucional\" \/>\n<meta name=\"twitter:card\" content=\"summary_large_image\" \/>\n<meta name=\"twitter:creator\" content=\"@cetysuni\" \/>\n<meta name=\"twitter:site\" content=\"@cetysuni\" \/>\n<meta name=\"twitter:label1\" content=\"Escrito por\" \/>\n\t<meta name=\"twitter:data1\" content=\"CETYS Institucional\" \/>\n\t<meta name=\"twitter:label2\" content=\"Tiempo de lectura\" \/>\n\t<meta name=\"twitter:data2\" content=\"2 minutos\" \/>\n<script type=\"application\/ld+json\" class=\"yoast-schema-graph\">{\"@context\":\"https:\\\/\\\/schema.org\",\"@graph\":[{\"@type\":\"Article\",\"@id\":\"https:\\\/\\\/www.cetys.mx\\\/noticias\\\/potencial-voleyfem-cetys\\\/#article\",\"isPartOf\":{\"@id\":\"https:\\\/\\\/www.cetys.mx\\\/noticias\\\/potencial-voleyfem-cetys\\\/\"},\"author\":{\"name\":\"CETYS Institucional\",\"@id\":\"https:\\\/\\\/www.cetys.mx\\\/noticias\\\/#\\\/schema\\\/person\\\/e9d2b35265b64aa454df57a2828eb2ac\"},\"headline\":\"Hay potencial en el voleibol femenil de CETYS\",\"datePublished\":\"2019-09-02T18:54:05+00:00\",\"dateModified\":\"2019-09-03T00:10:26+00:00\",\"mainEntityOfPage\":{\"@id\":\"https:\\\/\\\/www.cetys.mx\\\/noticias\\\/potencial-voleyfem-cetys\\\/\"},\"wordCount\":426,\"commentCount\":0,\"image\":{\"@id\":\"https:\\\/\\\/www.cetys.mx\\\/noticias\\\/potencial-voleyfem-cetys\\\/#primaryimage\"},\"thumbnailUrl\":\"https:\\\/\\\/www.cetys.mx\\\/noticias\\\/wp-content\\\/uploads\\\/2019\\\/09\\\/DSC_0243-e1567449859113.jpg\",\"keywords\":[\"CONADEIP\",\"condde\",\"Deportes\",\"voleibol\"],\"articleSection\":[\"Deportes\",\"Institucional\",\"Portada\",\"VoCETYS\"],\"inLanguage\":\"es\",\"potentialAction\":[{\"@type\":\"CommentAction\",\"name\":\"Comment\",\"target\":[\"https:\\\/\\\/www.cetys.mx\\\/noticias\\\/potencial-voleyfem-cetys\\\/#respond\"]}]},{\"@type\":\"WebPage\",\"@id\":\"https:\\\/\\\/www.cetys.mx\\\/noticias\\\/potencial-voleyfem-cetys\\\/\",\"url\":\"https:\\\/\\\/www.cetys.mx\\\/noticias\\\/potencial-voleyfem-cetys\\\/\",\"name\":\"Hay potencial en el voleibol femenil de CETYS - CETYS\",\"isPartOf\":{\"@id\":\"https:\\\/\\\/www.cetys.mx\\\/noticias\\\/#website\"},\"primaryImageOfPage\":{\"@id\":\"https:\\\/\\\/www.cetys.mx\\\/noticias\\\/potencial-voleyfem-cetys\\\/#primaryimage\"},\"image\":{\"@id\":\"https:\\\/\\\/www.cetys.mx\\\/noticias\\\/potencial-voleyfem-cetys\\\/#primaryimage\"},\"thumbnailUrl\":\"https:\\\/\\\/www.cetys.mx\\\/noticias\\\/wp-content\\\/uploads\\\/2019\\\/09\\\/DSC_0243-e1567449859113.jpg\",\"datePublished\":\"2019-09-02T18:54:05+00:00\",\"dateModified\":\"2019-09-03T00:10:26+00:00\",\"author\":{\"@id\":\"https:\\\/\\\/www.cetys.mx\\\/noticias\\\/#\\\/schema\\\/person\\\/e9d2b35265b64aa454df57a2828eb2ac\"},\"description\":\"Articulo sobre Hay potencial en el voleibol femenil de CETYS\",\"breadcrumb\":{\"@id\":\"https:\\\/\\\/www.cetys.mx\\\/noticias\\\/potencial-voleyfem-cetys\\\/#breadcrumb\"},\"inLanguage\":\"es\",\"potentialAction\":[{\"@type\":\"ReadAction\",\"target\":[\"https:\\\/\\\/www.cetys.mx\\\/noticias\\\/potencial-voleyfem-cetys\\\/\"]}]},{\"@type\":\"ImageObject\",\"inLanguage\":\"es\",\"@id\":\"https:\\\/\\\/www.cetys.mx\\\/noticias\\\/potencial-voleyfem-cetys\\\/#primaryimage\",\"url\":\"https:\\\/\\\/www.cetys.mx\\\/noticias\\\/wp-content\\\/uploads\\\/2019\\\/09\\\/DSC_0243-e1567449859113.jpg\",\"contentUrl\":\"https:\\\/\\\/www.cetys.mx\\\/noticias\\\/wp-content\\\/uploads\\\/2019\\\/09\\\/DSC_0243-e1567449859113.jpg\",\"width\":955,\"height\":637,\"caption\":\"CETYS Universidad - Voleibol\"},{\"@type\":\"BreadcrumbList\",\"@id\":\"https:\\\/\\\/www.cetys.mx\\\/noticias\\\/potencial-voleyfem-cetys\\\/#breadcrumb\",\"itemListElement\":[{\"@type\":\"ListItem\",\"position\":1,\"name\":\"Inicio\",\"item\":\"https:\\\/\\\/www.cetys.mx\\\/noticias\\\/\"},{\"@type\":\"ListItem\",\"position\":2,\"name\":\"Hay potencial en el voleibol femenil de CETYS\"}]},{\"@type\":\"WebSite\",\"@id\":\"https:\\\/\\\/www.cetys.mx\\\/noticias\\\/#website\",\"url\":\"https:\\\/\\\/www.cetys.mx\\\/noticias\\\/\",\"name\":\"CETYS\",\"description\":\"\",\"potentialAction\":[{\"@type\":\"SearchAction\",\"target\":{\"@type\":\"EntryPoint\",\"urlTemplate\":\"https:\\\/\\\/www.cetys.mx\\\/noticias\\\/?s={search_term_string}\"},\"query-input\":{\"@type\":\"PropertyValueSpecification\",\"valueRequired\":true,\"valueName\":\"search_term_string\"}}],\"inLanguage\":\"es\"},{\"@type\":\"Person\",\"@id\":\"https:\\\/\\\/www.cetys.mx\\\/noticias\\\/#\\\/schema\\\/person\\\/e9d2b35265b64aa454df57a2828eb2ac\",\"name\":\"CETYS Institucional\",\"url\":\"https:\\\/\\\/www.cetys.mx\\\/noticias\\\/author\\\/cetysinstitucional\\\/\"}]}<\/script>\n<!-- \/ Yoast SEO plugin. -->","yoast_head_json":{"title":"Hay potencial en el voleibol femenil de CETYS - CETYS","description":"Articulo sobre Hay potencial en el voleibol femenil de CETYS","robots":{"index":"index","follow":"follow","max-snippet":"max-snippet:-1","max-image-preview":"max-image-preview:large","max-video-preview":"max-video-preview:-1"},"canonical":"https:\/\/www.cetys.mx\/noticias\/potencial-voleyfem-cetys\/","og_locale":"es_MX","og_type":"article","og_title":"Hay potencial en el voleibol femenil de CETYS - CETYS","og_description":"Articulo sobre Hay potencial en el voleibol femenil de CETYS","og_url":"https:\/\/www.cetys.mx\/noticias\/potencial-voleyfem-cetys\/","og_site_name":"CETYS","article_publisher":"https:\/\/www.facebook.com\/cetysuniversidadmxl\/","article_published_time":"2019-09-02T18:54:05+00:00","article_modified_time":"2019-09-03T00:10:26+00:00","og_image":[{"width":955,"height":637,"url":"https:\/\/www.cetys.mx\/noticias\/wp-content\/uploads\/2019\/09\/DSC_0243-e1567449859113.jpg","type":"image\/jpeg"}],"author":"CETYS Institucional","twitter_card":"summary_large_image","twitter_creator":"@cetysuni","twitter_site":"@cetysuni","twitter_misc":{"Escrito por":"CETYS Institucional","Tiempo de lectura":"2 minutos"},"schema":{"@context":"https:\/\/schema.org","@graph":[{"@type":"Article","@id":"https:\/\/www.cetys.mx\/noticias\/potencial-voleyfem-cetys\/#article","isPartOf":{"@id":"https:\/\/www.cetys.mx\/noticias\/potencial-voleyfem-cetys\/"},"author":{"name":"CETYS Institucional","@id":"https:\/\/www.cetys.mx\/noticias\/#\/schema\/person\/e9d2b35265b64aa454df57a2828eb2ac"},"headline":"Hay potencial en el voleibol femenil de CETYS","datePublished":"2019-09-02T18:54:05+00:00","dateModified":"2019-09-03T00:10:26+00:00","mainEntityOfPage":{"@id":"https:\/\/www.cetys.mx\/noticias\/potencial-voleyfem-cetys\/"},"wordCount":426,"commentCount":0,"image":{"@id":"https:\/\/www.cetys.mx\/noticias\/potencial-voleyfem-cetys\/#primaryimage"},"thumbnailUrl":"https:\/\/www.cetys.mx\/noticias\/wp-content\/uploads\/2019\/09\/DSC_0243-e1567449859113.jpg","keywords":["CONADEIP","condde","Deportes","voleibol"],"articleSection":["Deportes","Institucional","Portada","VoCETYS"],"inLanguage":"es","potentialAction":[{"@type":"CommentAction","name":"Comment","target":["https:\/\/www.cetys.mx\/noticias\/potencial-voleyfem-cetys\/#respond"]}]},{"@type":"WebPage","@id":"https:\/\/www.cetys.mx\/noticias\/potencial-voleyfem-cetys\/","url":"https:\/\/www.cetys.mx\/noticias\/potencial-voleyfem-cetys\/","name":"Hay potencial en el voleibol femenil de CETYS - CETYS","isPartOf":{"@id":"https:\/\/www.cetys.mx\/noticias\/#website"},"primaryImageOfPage":{"@id":"https:\/\/www.cetys.mx\/noticias\/potencial-voleyfem-cetys\/#primaryimage"},"image":{"@id":"https:\/\/www.cetys.mx\/noticias\/potencial-voleyfem-cetys\/#primaryimage"},"thumbnailUrl":"https:\/\/www.cetys.mx\/noticias\/wp-content\/uploads\/2019\/09\/DSC_0243-e1567449859113.jpg","datePublished":"2019-09-02T18:54:05+00:00","dateModified":"2019-09-03T00:10:26+00:00","author":{"@id":"https:\/\/www.cetys.mx\/noticias\/#\/schema\/person\/e9d2b35265b64aa454df57a2828eb2ac"},"description":"Articulo sobre Hay potencial en el voleibol femenil de CETYS","breadcrumb":{"@id":"https:\/\/www.cetys.mx\/noticias\/potencial-voleyfem-cetys\/#breadcrumb"},"inLanguage":"es","potentialAction":[{"@type":"ReadAction","target":["https:\/\/www.cetys.mx\/noticias\/potencial-voleyfem-cetys\/"]}]},{"@type":"ImageObject","inLanguage":"es","@id":"https:\/\/www.cetys.mx\/noticias\/potencial-voleyfem-cetys\/#primaryimage","url":"https:\/\/www.cetys.mx\/noticias\/wp-content\/uploads\/2019\/09\/DSC_0243-e1567449859113.jpg","contentUrl":"https:\/\/www.cetys.mx\/noticias\/wp-content\/uploads\/2019\/09\/DSC_0243-e1567449859113.jpg","width":955,"height":637,"caption":"CETYS Universidad - Voleibol"},{"@type":"BreadcrumbList","@id":"https:\/\/www.cetys.mx\/noticias\/potencial-voleyfem-cetys\/#breadcrumb","itemListElement":[{"@type":"ListItem","position":1,"name":"Inicio","item":"https:\/\/www.cetys.mx\/noticias\/"},{"@type":"ListItem","position":2,"name":"Hay potencial en el voleibol femenil de CETYS"}]},{"@type":"WebSite","@id":"https:\/\/www.cetys.mx\/noticias\/#website","url":"https:\/\/www.cetys.mx\/noticias\/","name":"CETYS","description":"","potentialAction":[{"@type":"SearchAction","target":{"@type":"EntryPoint","urlTemplate":"https:\/\/www.cetys.mx\/noticias\/?s={search_term_string}"},"query-input":{"@type":"PropertyValueSpecification","valueRequired":true,"valueName":"search_term_string"}}],"inLanguage":"es"},{"@type":"Person","@id":"https:\/\/www.cetys.mx\/noticias\/#\/schema\/person\/e9d2b35265b64aa454df57a2828eb2ac","name":"CETYS Institucional","url":"https:\/\/www.cetys.mx\/noticias\/author\/cetysinstitucional\/"}]}},"_links":{"self":[{"href":"https:\/\/www.cetys.mx\/noticias\/wp-json\/wp\/v2\/posts\/133942","targetHints":{"allow":["GET"]}}],"collection":[{"href":"https:\/\/www.cetys.mx\/noticias\/wp-json\/wp\/v2\/posts"}],"about":[{"href":"https:\/\/www.cetys.mx\/noticias\/wp-json\/wp\/v2\/types\/post"}],"author":[{"embeddable":true,"href":"https:\/\/www.cetys.mx\/noticias\/wp-json\/wp\/v2\/users\/26"}],"replies":[{"embeddable":true,"href":"https:\/\/www.cetys.mx\/noticias\/wp-json\/wp\/v2\/comments?post=133942"}],"version-history":[{"count":0,"href":"https:\/\/www.cetys.mx\/noticias\/wp-json\/wp\/v2\/posts\/133942\/revisions"}],"wp:featuredmedia":[{"embeddable":true,"href":"https:\/\/www.cetys.mx\/noticias\/wp-json\/wp\/v2\/media\/133943"}],"wp:attachment":[{"href":"https:\/\/www.cetys.mx\/noticias\/wp-json\/wp\/v2\/media?parent=133942"}],"wp:term":[{"taxonomy":"category","embeddable":true,"href":"https:\/\/www.cetys.mx\/noticias\/wp-json\/wp\/v2\/categories?post=133942"},{"taxonomy":"post_tag","embeddable":true,"href":"https:\/\/www.cetys.mx\/noticias\/wp-json\/wp\/v2\/tags?post=133942"}],"curies":[{"name":"wp","href":"https:\/\/api.w.org\/{rel}","templated":true}]}}