{"id":133899,"date":"2019-08-30T16:14:51","date_gmt":"2019-08-30T23:14:51","guid":{"rendered":"https:\/\/www.cetys.mx\/noticias\/?p=133899"},"modified":"2019-08-30T16:17:15","modified_gmt":"2019-08-30T23:17:15","slug":"une-futbol-americano-a-dos-paises","status":"publish","type":"post","link":"https:\/\/www.cetys.mx\/noticias\/une-futbol-americano-a-dos-paises\/","title":{"rendered":"Une Futbol Americano a dos pa\u00edses"},"content":{"rendered":"<p style=\"text-align: justify;\">El d\u00eda s\u00e1bado 31 de agosto de 2019, marcar\u00e1 un hito en la historia del Futbol Americano estudiantil de dos pa\u00edses: Zorros de CETYS Universidad recibir\u00e1n en su Campus de Mexicali al equipo Leopards de la Universidad de La Verne, para un juego de pretemporada que abona a la diplomacia internacional.<\/p>\n<p style=\"text-align: justify;\"><img loading=\"lazy\" decoding=\"async\" class=\"alignnone size-full wp-image-133905\" src=\"https:\/\/www.cetys.mx\/noticias\/wp-content\/uploads\/2019\/08\/final01.jpg\" alt=\"\" width=\"4048\" height=\"1120\" srcset=\"https:\/\/www.cetys.mx\/noticias\/wp-content\/uploads\/2019\/08\/final01.jpg 4048w, https:\/\/www.cetys.mx\/noticias\/wp-content\/uploads\/2019\/08\/final01-768x212.jpg 768w\" sizes=\"auto, (max-width: 4048px) 100vw, 4048px\" \/><\/p>\n<p style=\"text-align: justify;\">La \u00faltima vez que un equipo de La Verne cruz\u00f3 la frontera con M\u00e9xico, fue hace m\u00e1s de medio siglo, en 1953 cuando el equipo de Futbol Americano viaj\u00f3 a la Ciudad de M\u00e9xico; vuelven a nuestro pa\u00eds gracias a las relaciones amistosas entre ambas escuelas, pues La Verne ha recibido a CETYS para juegos amistosos de beisbol, voleibol y futbol americano. Ahora, CETYS regresa la hospitalidad recibida y abren la Guarida de los Zorros en Campus Mexicali para dar la bienvenida al equipo de Leopards.<\/p>\n<p style=\"text-align: justify;\"><img loading=\"lazy\" decoding=\"async\" class=\"alignnone size-full wp-image-133902\" src=\"https:\/\/www.cetys.mx\/noticias\/wp-content\/uploads\/2019\/08\/laverne2.jpg\" alt=\"\" width=\"2560\" height=\"1706\" srcset=\"https:\/\/www.cetys.mx\/noticias\/wp-content\/uploads\/2019\/08\/laverne2.jpg 2560w, https:\/\/www.cetys.mx\/noticias\/wp-content\/uploads\/2019\/08\/laverne2-768x512.jpg 768w\" sizes=\"auto, (max-width: 2560px) 100vw, 2560px\" \/><\/p>\n<blockquote><p>El Headcoach del equipo, Chris Krich, se mostr\u00f3 entusiasmado de que los deportistas y staff a su cargo sean embajadores en M\u00e9xico de La Verne y Estados Unidos: \u201cEs una oportunidad de experimentar una nueva cultura\u2026 en tiempos de divisiones pol\u00edticas, el futbol americano nos une, es realmente una situaci\u00f3n \u00fanica donde podemos jugar fuerte y dif\u00edcil y luego conectar de una manera que construya buenas relaciones\u201d.<\/p><\/blockquote>\n<p style=\"text-align: justify;\"><img loading=\"lazy\" decoding=\"async\" class=\"alignnone size-full wp-image-133901\" src=\"https:\/\/www.cetys.mx\/noticias\/wp-content\/uploads\/2019\/08\/ChrisKrichHCLaVerne.jpg\" alt=\"\" width=\"3602\" height=\"2401\" srcset=\"https:\/\/www.cetys.mx\/noticias\/wp-content\/uploads\/2019\/08\/ChrisKrichHCLaVerne.jpg 3602w, https:\/\/www.cetys.mx\/noticias\/wp-content\/uploads\/2019\/08\/ChrisKrichHCLaVerne-768x512.jpg 768w\" sizes=\"auto, (max-width: 3602px) 100vw, 3602px\" \/><\/p>\n<p style=\"text-align: justify;\"><strong>Entregan Jerseys a Zorros<\/strong><\/p>\n<p style=\"text-align: justify;\">En la Ceremonia de entrega de Jerseys previa al partido del s\u00e1bado, el Maestro Mario Dipp N\u00fa\u00f1ez, Director de CETYS Universidad Campus Mexicali, se\u00f1al\u00f3: \u201cEsta temporada la tenemos dedicada a un jugador, a un l\u00edder que realmente represent\u00f3 los m\u00e1ximos valores de lo que es CETYS y el equipo de Zorros: Miguel \u00c1ngel Posada Gallego, \u201cEl Repo\u201d.<\/p>\n<p style=\"text-align: justify;\"><img loading=\"lazy\" decoding=\"async\" class=\"alignnone size-full wp-image-133903\" src=\"https:\/\/www.cetys.mx\/noticias\/wp-content\/uploads\/2019\/08\/DSC_8897.jpg\" alt=\"\" width=\"5432\" height=\"2435\" srcset=\"https:\/\/www.cetys.mx\/noticias\/wp-content\/uploads\/2019\/08\/DSC_8897.jpg 5432w, https:\/\/www.cetys.mx\/noticias\/wp-content\/uploads\/2019\/08\/DSC_8897-768x344.jpg 768w\" sizes=\"auto, (max-width: 5432px) 100vw, 5432px\" \/><\/p>\n<p style=\"text-align: justify;\">Cabe mencionar que en d\u00edas pasados se cre\u00f3 la Beca \u201cMiguel \u00c1ngel Posada Gallego\u201d, la cual cuenta con el 100% de apoyo para la colegiatura de un destacado deportista, adem\u00e1s de retirar oficialmente su n\u00famero de jersey del emparrillado (15), por su destacada actuaci\u00f3n como mariscal de campo de Zorros.<\/p>\n<p style=\"text-align: justify;\">\n<p style=\"text-align: justify;\">\u201cNosotros como instituci\u00f3n queremos que se formen como gente de bien, gente que contribuye con la comunidad; eso es lo que les pido a lo que los reto y que vean el ejemplo de lo que hizo \u201cEl Repo\u201d y \u00a0las generaciones pasadas, que lograron que ustedes est\u00e9n aqu\u00ed ahorita\u201d, coment\u00f3 Dipp.<\/p>\n<p style=\"text-align: justify;\"><img loading=\"lazy\" decoding=\"async\" class=\"alignnone size-full wp-image-133904\" src=\"https:\/\/www.cetys.mx\/noticias\/wp-content\/uploads\/2019\/08\/mariodipp.jpg\" alt=\"\" width=\"4016\" height=\"6016\" srcset=\"https:\/\/www.cetys.mx\/noticias\/wp-content\/uploads\/2019\/08\/mariodipp.jpg 4016w, https:\/\/www.cetys.mx\/noticias\/wp-content\/uploads\/2019\/08\/mariodipp-768x1150.jpg 768w\" sizes=\"auto, (max-width: 4016px) 100vw, 4016px\" \/><\/p>\n<blockquote><p>Para finalizar, el Maestro Dipp coment\u00f3 a los j\u00f3venes atletas: \u201cDen todo en la cancha, den todo en los entrenamientos, den todo en el sal\u00f3n de clase, en cada momento enf\u00f3quense en lo que les toca; si dejan todo en la cancha, estaremos siempre apoy\u00e1ndolos \u00a0y orgullosos de ustedes, sabiendo que las victorias se seguir\u00e1n dando, pero no debe quedar duda de su entrega y su desempe\u00f1o\u201d.<\/p><\/blockquote>\n<p style=\"text-align: justify;\">\n<p style=\"text-align: justify;\"><strong>Invitaci\u00f3n de talla internacional<\/strong><\/p>\n<p style=\"text-align: justify;\">El partido de pretemporada entre Zorros de CETYS Universidad y Leopards de la Universidad de La Verne, se llevar\u00e1 a cabo este s\u00e1bado 31 de agosto a las 19:00 horas tiempo local (21:00 Centro) en el estadio del Campus Mexicali y ser\u00e1 transmitido en vivo por la p\u00e1gina de Facebook Deportes CETYS MXL.<\/p>\n<p style=\"text-align: justify;\">\n<p style=\"text-align: justify;\">* Con informaci\u00f3n de Anthony Avila, Director de Comunicaci\u00f3n Deportiva, University of La Verne<\/p>\n","protected":false},"excerpt":{"rendered":"<p>El d\u00eda s\u00e1bado 31 de agosto de 2019, marcar\u00e1 un hito en la historia del Futbol Americano estudiantil de dos pa\u00edses: Zorros&#8230;<\/p>\n","protected":false},"author":26,"featured_media":133900,"comment_status":"open","ping_status":"closed","sticky":false,"template":"","format":"standard","meta":{"footnotes":""},"categories":[312,209,125,105],"tags":[933,680,2822,3818,3726,2381],"class_list":["post-133899","post","type-post","status-publish","format-standard","has-post-thumbnail","hentry","category-deportes","category-institucional","category-portada","category-vida-estudiantil","tag-futbol-americano","tag-la-verne","tag-leopards","tag-madriguera","tag-temporada-2019","tag-zorros-de-cetys","univesidades-la-verne"],"yoast_head":"<!-- This site is optimized with the Yoast SEO plugin v27.4 - https:\/\/yoast.com\/product\/yoast-seo-wordpress\/ -->\n<title>Une Futbol Americano a dos pa\u00edses - CETYS<\/title>\n<meta name=\"description\" content=\"Articulo sobre Une Futbol Americano a dos pa\u00edses\" \/>\n<meta name=\"robots\" content=\"index, follow, max-snippet:-1, max-image-preview:large, max-video-preview:-1\" \/>\n<link rel=\"canonical\" href=\"https:\/\/www.cetys.mx\/noticias\/une-futbol-americano-a-dos-paises\/\" \/>\n<meta property=\"og:locale\" content=\"es_MX\" \/>\n<meta property=\"og:type\" content=\"article\" \/>\n<meta property=\"og:title\" content=\"Une Futbol Americano a dos pa\u00edses - CETYS\" \/>\n<meta property=\"og:description\" content=\"Articulo sobre Une Futbol Americano a dos pa\u00edses\" \/>\n<meta property=\"og:url\" content=\"https:\/\/www.cetys.mx\/noticias\/une-futbol-americano-a-dos-paises\/\" \/>\n<meta property=\"og:site_name\" content=\"CETYS\" \/>\n<meta property=\"article:publisher\" content=\"https:\/\/www.facebook.com\/cetysuniversidadmxl\/\" \/>\n<meta property=\"article:published_time\" content=\"2019-08-30T23:14:51+00:00\" \/>\n<meta property=\"article:modified_time\" content=\"2019-08-30T23:17:15+00:00\" \/>\n<meta property=\"og:image\" content=\"https:\/\/www.cetys.mx\/noticias\/wp-content\/uploads\/2019\/08\/CETYSvsLAVERNE-69.jpg\" \/>\n\t<meta property=\"og:image:width\" content=\"3039\" \/>\n\t<meta property=\"og:image:height\" content=\"2026\" \/>\n\t<meta property=\"og:image:type\" content=\"image\/jpeg\" \/>\n<meta name=\"author\" content=\"CETYS Institucional\" \/>\n<meta name=\"twitter:card\" content=\"summary_large_image\" \/>\n<meta name=\"twitter:creator\" content=\"@cetysuni\" \/>\n<meta name=\"twitter:site\" content=\"@cetysuni\" \/>\n<meta name=\"twitter:label1\" content=\"Escrito por\" \/>\n\t<meta name=\"twitter:data1\" content=\"CETYS Institucional\" \/>\n\t<meta name=\"twitter:label2\" content=\"Tiempo de lectura\" \/>\n\t<meta name=\"twitter:data2\" content=\"3 minutos\" \/>\n<script type=\"application\/ld+json\" class=\"yoast-schema-graph\">{\"@context\":\"https:\\\/\\\/schema.org\",\"@graph\":[{\"@type\":\"Article\",\"@id\":\"https:\\\/\\\/www.cetys.mx\\\/noticias\\\/une-futbol-americano-a-dos-paises\\\/#article\",\"isPartOf\":{\"@id\":\"https:\\\/\\\/www.cetys.mx\\\/noticias\\\/une-futbol-americano-a-dos-paises\\\/\"},\"author\":{\"name\":\"CETYS Institucional\",\"@id\":\"https:\\\/\\\/www.cetys.mx\\\/noticias\\\/#\\\/schema\\\/person\\\/e9d2b35265b64aa454df57a2828eb2ac\"},\"headline\":\"Une Futbol Americano a dos pa\u00edses\",\"datePublished\":\"2019-08-30T23:14:51+00:00\",\"dateModified\":\"2019-08-30T23:17:15+00:00\",\"mainEntityOfPage\":{\"@id\":\"https:\\\/\\\/www.cetys.mx\\\/noticias\\\/une-futbol-americano-a-dos-paises\\\/\"},\"wordCount\":537,\"commentCount\":0,\"image\":{\"@id\":\"https:\\\/\\\/www.cetys.mx\\\/noticias\\\/une-futbol-americano-a-dos-paises\\\/#primaryimage\"},\"thumbnailUrl\":\"https:\\\/\\\/www.cetys.mx\\\/noticias\\\/wp-content\\\/uploads\\\/2019\\\/08\\\/CETYSvsLAVERNE-69.jpg\",\"keywords\":[\"Futbol Americano\",\"la verne\",\"Leopards\",\"Madriguera\",\"Temporada 2019\",\"Zorros de CETYS\"],\"articleSection\":[\"Deportes\",\"Institucional\",\"Portada\",\"Vida Estudiantil\"],\"inLanguage\":\"es\",\"potentialAction\":[{\"@type\":\"CommentAction\",\"name\":\"Comment\",\"target\":[\"https:\\\/\\\/www.cetys.mx\\\/noticias\\\/une-futbol-americano-a-dos-paises\\\/#respond\"]}]},{\"@type\":\"WebPage\",\"@id\":\"https:\\\/\\\/www.cetys.mx\\\/noticias\\\/une-futbol-americano-a-dos-paises\\\/\",\"url\":\"https:\\\/\\\/www.cetys.mx\\\/noticias\\\/une-futbol-americano-a-dos-paises\\\/\",\"name\":\"Une Futbol Americano a dos pa\u00edses - CETYS\",\"isPartOf\":{\"@id\":\"https:\\\/\\\/www.cetys.mx\\\/noticias\\\/#website\"},\"primaryImageOfPage\":{\"@id\":\"https:\\\/\\\/www.cetys.mx\\\/noticias\\\/une-futbol-americano-a-dos-paises\\\/#primaryimage\"},\"image\":{\"@id\":\"https:\\\/\\\/www.cetys.mx\\\/noticias\\\/une-futbol-americano-a-dos-paises\\\/#primaryimage\"},\"thumbnailUrl\":\"https:\\\/\\\/www.cetys.mx\\\/noticias\\\/wp-content\\\/uploads\\\/2019\\\/08\\\/CETYSvsLAVERNE-69.jpg\",\"datePublished\":\"2019-08-30T23:14:51+00:00\",\"dateModified\":\"2019-08-30T23:17:15+00:00\",\"author\":{\"@id\":\"https:\\\/\\\/www.cetys.mx\\\/noticias\\\/#\\\/schema\\\/person\\\/e9d2b35265b64aa454df57a2828eb2ac\"},\"description\":\"Articulo sobre Une Futbol Americano a dos pa\u00edses\",\"breadcrumb\":{\"@id\":\"https:\\\/\\\/www.cetys.mx\\\/noticias\\\/une-futbol-americano-a-dos-paises\\\/#breadcrumb\"},\"inLanguage\":\"es\",\"potentialAction\":[{\"@type\":\"ReadAction\",\"target\":[\"https:\\\/\\\/www.cetys.mx\\\/noticias\\\/une-futbol-americano-a-dos-paises\\\/\"]}]},{\"@type\":\"ImageObject\",\"inLanguage\":\"es\",\"@id\":\"https:\\\/\\\/www.cetys.mx\\\/noticias\\\/une-futbol-americano-a-dos-paises\\\/#primaryimage\",\"url\":\"https:\\\/\\\/www.cetys.mx\\\/noticias\\\/wp-content\\\/uploads\\\/2019\\\/08\\\/CETYSvsLAVERNE-69.jpg\",\"contentUrl\":\"https:\\\/\\\/www.cetys.mx\\\/noticias\\\/wp-content\\\/uploads\\\/2019\\\/08\\\/CETYSvsLAVERNE-69.jpg\",\"width\":3039,\"height\":2026},{\"@type\":\"BreadcrumbList\",\"@id\":\"https:\\\/\\\/www.cetys.mx\\\/noticias\\\/une-futbol-americano-a-dos-paises\\\/#breadcrumb\",\"itemListElement\":[{\"@type\":\"ListItem\",\"position\":1,\"name\":\"Inicio\",\"item\":\"https:\\\/\\\/www.cetys.mx\\\/noticias\\\/\"},{\"@type\":\"ListItem\",\"position\":2,\"name\":\"Une Futbol Americano a dos pa\u00edses\"}]},{\"@type\":\"WebSite\",\"@id\":\"https:\\\/\\\/www.cetys.mx\\\/noticias\\\/#website\",\"url\":\"https:\\\/\\\/www.cetys.mx\\\/noticias\\\/\",\"name\":\"CETYS\",\"description\":\"\",\"potentialAction\":[{\"@type\":\"SearchAction\",\"target\":{\"@type\":\"EntryPoint\",\"urlTemplate\":\"https:\\\/\\\/www.cetys.mx\\\/noticias\\\/?s={search_term_string}\"},\"query-input\":{\"@type\":\"PropertyValueSpecification\",\"valueRequired\":true,\"valueName\":\"search_term_string\"}}],\"inLanguage\":\"es\"},{\"@type\":\"Person\",\"@id\":\"https:\\\/\\\/www.cetys.mx\\\/noticias\\\/#\\\/schema\\\/person\\\/e9d2b35265b64aa454df57a2828eb2ac\",\"name\":\"CETYS Institucional\",\"url\":\"https:\\\/\\\/www.cetys.mx\\\/noticias\\\/author\\\/cetysinstitucional\\\/\"}]}<\/script>\n<!-- \/ Yoast SEO plugin. -->","yoast_head_json":{"title":"Une Futbol Americano a dos pa\u00edses - CETYS","description":"Articulo sobre Une Futbol Americano a dos pa\u00edses","robots":{"index":"index","follow":"follow","max-snippet":"max-snippet:-1","max-image-preview":"max-image-preview:large","max-video-preview":"max-video-preview:-1"},"canonical":"https:\/\/www.cetys.mx\/noticias\/une-futbol-americano-a-dos-paises\/","og_locale":"es_MX","og_type":"article","og_title":"Une Futbol Americano a dos pa\u00edses - CETYS","og_description":"Articulo sobre Une Futbol Americano a dos pa\u00edses","og_url":"https:\/\/www.cetys.mx\/noticias\/une-futbol-americano-a-dos-paises\/","og_site_name":"CETYS","article_publisher":"https:\/\/www.facebook.com\/cetysuniversidadmxl\/","article_published_time":"2019-08-30T23:14:51+00:00","article_modified_time":"2019-08-30T23:17:15+00:00","og_image":[{"width":3039,"height":2026,"url":"https:\/\/www.cetys.mx\/noticias\/wp-content\/uploads\/2019\/08\/CETYSvsLAVERNE-69.jpg","type":"image\/jpeg"}],"author":"CETYS Institucional","twitter_card":"summary_large_image","twitter_creator":"@cetysuni","twitter_site":"@cetysuni","twitter_misc":{"Escrito por":"CETYS Institucional","Tiempo de lectura":"3 minutos"},"schema":{"@context":"https:\/\/schema.org","@graph":[{"@type":"Article","@id":"https:\/\/www.cetys.mx\/noticias\/une-futbol-americano-a-dos-paises\/#article","isPartOf":{"@id":"https:\/\/www.cetys.mx\/noticias\/une-futbol-americano-a-dos-paises\/"},"author":{"name":"CETYS Institucional","@id":"https:\/\/www.cetys.mx\/noticias\/#\/schema\/person\/e9d2b35265b64aa454df57a2828eb2ac"},"headline":"Une Futbol Americano a dos pa\u00edses","datePublished":"2019-08-30T23:14:51+00:00","dateModified":"2019-08-30T23:17:15+00:00","mainEntityOfPage":{"@id":"https:\/\/www.cetys.mx\/noticias\/une-futbol-americano-a-dos-paises\/"},"wordCount":537,"commentCount":0,"image":{"@id":"https:\/\/www.cetys.mx\/noticias\/une-futbol-americano-a-dos-paises\/#primaryimage"},"thumbnailUrl":"https:\/\/www.cetys.mx\/noticias\/wp-content\/uploads\/2019\/08\/CETYSvsLAVERNE-69.jpg","keywords":["Futbol Americano","la verne","Leopards","Madriguera","Temporada 2019","Zorros de CETYS"],"articleSection":["Deportes","Institucional","Portada","Vida Estudiantil"],"inLanguage":"es","potentialAction":[{"@type":"CommentAction","name":"Comment","target":["https:\/\/www.cetys.mx\/noticias\/une-futbol-americano-a-dos-paises\/#respond"]}]},{"@type":"WebPage","@id":"https:\/\/www.cetys.mx\/noticias\/une-futbol-americano-a-dos-paises\/","url":"https:\/\/www.cetys.mx\/noticias\/une-futbol-americano-a-dos-paises\/","name":"Une Futbol Americano a dos pa\u00edses - CETYS","isPartOf":{"@id":"https:\/\/www.cetys.mx\/noticias\/#website"},"primaryImageOfPage":{"@id":"https:\/\/www.cetys.mx\/noticias\/une-futbol-americano-a-dos-paises\/#primaryimage"},"image":{"@id":"https:\/\/www.cetys.mx\/noticias\/une-futbol-americano-a-dos-paises\/#primaryimage"},"thumbnailUrl":"https:\/\/www.cetys.mx\/noticias\/wp-content\/uploads\/2019\/08\/CETYSvsLAVERNE-69.jpg","datePublished":"2019-08-30T23:14:51+00:00","dateModified":"2019-08-30T23:17:15+00:00","author":{"@id":"https:\/\/www.cetys.mx\/noticias\/#\/schema\/person\/e9d2b35265b64aa454df57a2828eb2ac"},"description":"Articulo sobre Une Futbol Americano a dos pa\u00edses","breadcrumb":{"@id":"https:\/\/www.cetys.mx\/noticias\/une-futbol-americano-a-dos-paises\/#breadcrumb"},"inLanguage":"es","potentialAction":[{"@type":"ReadAction","target":["https:\/\/www.cetys.mx\/noticias\/une-futbol-americano-a-dos-paises\/"]}]},{"@type":"ImageObject","inLanguage":"es","@id":"https:\/\/www.cetys.mx\/noticias\/une-futbol-americano-a-dos-paises\/#primaryimage","url":"https:\/\/www.cetys.mx\/noticias\/wp-content\/uploads\/2019\/08\/CETYSvsLAVERNE-69.jpg","contentUrl":"https:\/\/www.cetys.mx\/noticias\/wp-content\/uploads\/2019\/08\/CETYSvsLAVERNE-69.jpg","width":3039,"height":2026},{"@type":"BreadcrumbList","@id":"https:\/\/www.cetys.mx\/noticias\/une-futbol-americano-a-dos-paises\/#breadcrumb","itemListElement":[{"@type":"ListItem","position":1,"name":"Inicio","item":"https:\/\/www.cetys.mx\/noticias\/"},{"@type":"ListItem","position":2,"name":"Une Futbol Americano a dos pa\u00edses"}]},{"@type":"WebSite","@id":"https:\/\/www.cetys.mx\/noticias\/#website","url":"https:\/\/www.cetys.mx\/noticias\/","name":"CETYS","description":"","potentialAction":[{"@type":"SearchAction","target":{"@type":"EntryPoint","urlTemplate":"https:\/\/www.cetys.mx\/noticias\/?s={search_term_string}"},"query-input":{"@type":"PropertyValueSpecification","valueRequired":true,"valueName":"search_term_string"}}],"inLanguage":"es"},{"@type":"Person","@id":"https:\/\/www.cetys.mx\/noticias\/#\/schema\/person\/e9d2b35265b64aa454df57a2828eb2ac","name":"CETYS Institucional","url":"https:\/\/www.cetys.mx\/noticias\/author\/cetysinstitucional\/"}]}},"_links":{"self":[{"href":"https:\/\/www.cetys.mx\/noticias\/wp-json\/wp\/v2\/posts\/133899","targetHints":{"allow":["GET"]}}],"collection":[{"href":"https:\/\/www.cetys.mx\/noticias\/wp-json\/wp\/v2\/posts"}],"about":[{"href":"https:\/\/www.cetys.mx\/noticias\/wp-json\/wp\/v2\/types\/post"}],"author":[{"embeddable":true,"href":"https:\/\/www.cetys.mx\/noticias\/wp-json\/wp\/v2\/users\/26"}],"replies":[{"embeddable":true,"href":"https:\/\/www.cetys.mx\/noticias\/wp-json\/wp\/v2\/comments?post=133899"}],"version-history":[{"count":0,"href":"https:\/\/www.cetys.mx\/noticias\/wp-json\/wp\/v2\/posts\/133899\/revisions"}],"wp:featuredmedia":[{"embeddable":true,"href":"https:\/\/www.cetys.mx\/noticias\/wp-json\/wp\/v2\/media\/133900"}],"wp:attachment":[{"href":"https:\/\/www.cetys.mx\/noticias\/wp-json\/wp\/v2\/media?parent=133899"}],"wp:term":[{"taxonomy":"category","embeddable":true,"href":"https:\/\/www.cetys.mx\/noticias\/wp-json\/wp\/v2\/categories?post=133899"},{"taxonomy":"post_tag","embeddable":true,"href":"https:\/\/www.cetys.mx\/noticias\/wp-json\/wp\/v2\/tags?post=133899"}],"curies":[{"name":"wp","href":"https:\/\/api.w.org\/{rel}","templated":true}]}}