{"id":133841,"date":"2019-08-29T20:03:29","date_gmt":"2019-08-30T03:03:29","guid":{"rendered":"https:\/\/www.cetys.mx\/noticias\/?p=133841"},"modified":"2019-09-02T11:56:23","modified_gmt":"2019-09-02T18:56:23","slug":"enmarcha-pretem-cetys-abe","status":"publish","type":"post","link":"https:\/\/www.cetys.mx\/noticias\/enmarcha-pretem-cetys-abe\/","title":{"rendered":"En marcha la pretemporada de Zorros Femenil rumbo a Liga ABE"},"content":{"rendered":"<p>Poco a poco se ha ido formando el plantel que representar\u00e1 a <strong>CETYS Universidad<\/strong> en la pr\u00f3xima Temporada 2019-20 de Liga ABE, la cual comienza el 21 y 22 de septiembre en el <strong>Gimnasio-Auditorio &#8220;Rodrigo Valle Hern\u00e1ndez&#8221;.<\/strong><\/p>\n<p>Hay 19 basquetbolistas registradas para este a\u00f1o: 12 convocadas por partido y 7 que estar\u00edan en la reserva inmediata. Con un talento colectivo probado, <strong>Zorros Femenil<\/strong> luce como uno de los m\u00e1s prometedores en la Divisi\u00f3n Uno.<\/p>\n<blockquote><p><em>&#8220;Pienso que vamos bien, me ha gustado el esfuerzo de las jugadoras sobre la duela<\/em> -describi\u00f3 el entrenador <strong>C\u00e9sar Valencia<\/strong>-. <em>Los marcadores finales no son lo importante, sino que se vayan adaptando al plan de juego que pretendemos funcionar. Y otro factor es que se sientan comprometidas, pero no presionadas; apenas es la pretemporada&#8221;.<\/em><\/p><\/blockquote>\n<p><img loading=\"lazy\" decoding=\"async\" class=\"alignnone size-full wp-image-133846\" src=\"https:\/\/www.cetys.mx\/noticias\/wp-content\/uploads\/2019\/08\/image00008-e1567133768327.jpg\" alt=\"\" width=\"956\" height=\"637\" \/><\/p>\n<ul>\n<li>Valencia contar\u00e1 con la asistencia t\u00e9cnica de <strong>Ver\u00f3nica Mac\u00edas<\/strong> y <strong>Edgar Miranda<\/strong> como auxiliar m\u00e9dico, cuadrilla que ya funciona de algunos meses atr\u00e1s.<\/li>\n<li>Trece integrantes del torneo anterior contin\u00faan en el proyecto: entre ellas\u00a0<strong>Valeria Padilla<\/strong>, <strong>Sara\u00ed Flores<\/strong>, <strong>Daryana D\u00edaz<\/strong>, <strong>Andrea Rocha<\/strong>, <strong>Itzel Figueroa<\/strong> y <strong>Lilia Trujillo<\/strong>.<\/li>\n<li>Dos regresaron a la instituci\u00f3n: <strong>Mayte Valencia<\/strong> y una m\u00e1s por confirmar.<\/li>\n<li>Cuatro son de primer a\u00f1o: <strong>Alejandra Arreola<\/strong>, <strong>Mariann Morlet<\/strong>, <strong>Sara M\u00e1rquez<\/strong> y <strong>Anayantzin Galv\u00e1n<\/strong>.<\/li>\n<\/ul>\n<p><img loading=\"lazy\" decoding=\"async\" class=\"alignnone size-full wp-image-133845\" src=\"https:\/\/www.cetys.mx\/noticias\/wp-content\/uploads\/2019\/08\/image00013-e1567133677776.jpg\" alt=\"\" width=\"956\" height=\"637\" \/><\/p>\n<p><strong>&#8220;Quiero aportar al equipo en la medida de lo posible<\/strong> \u2013agreg\u00f3 <strong>Arreola<\/strong>-. <em>Pudiera ser en el tiro ganador o simplemente animando a mis compa\u00f1eras desde la banca; todas somos parte del equipo. Hay que estar juntas siempre porque queremos volver a triunfar en los eventos nacionales que tenemos en el radar&#8221;.<\/em><\/p>\n<p>Hasta el momento son tres partidos de exhibici\u00f3n los que <strong>Zorros Femenil<\/strong> han enfrentado, todos con resultados positivos. Por ahora se han confirmado otros dos para que todas las integrantes tengan minutos en la cancha.<\/p>\n<p><img loading=\"lazy\" decoding=\"async\" class=\"alignnone size-full wp-image-133844\" src=\"https:\/\/www.cetys.mx\/noticias\/wp-content\/uploads\/2019\/08\/image00002-e1567133594586.jpg\" alt=\"\" width=\"957\" height=\"637\" \/><\/p>\n<p><em>&#8220;Estoy en un sistema<\/em> (de juego) <em>nuevo, adapt\u00e1ndome al ritmo de mis compa\u00f1eras y de las indicaciones del entrenador. \u00c9l me pide b\u00e1sicamente estar en la jugada precisa, donde sabe que puedo aportar mucho. Estoy muy emocionada por comenzar una nueva etapa deportiva y ac\u00e1demica en CETYS&#8221;,<\/em> concluy\u00f3 <strong>Galv\u00e1n<\/strong>.<\/p>\n<p>Cabe mencionar que quienes permanecen de la generaci\u00f3n que gan\u00f3 el <em>Campeonato Nacional de los \u201cOcho Grandes\u201d<\/em> en 2018 son: <strong>Jessica Garc\u00eda<\/strong>, <strong>Estefan\u00eda Flores<\/strong>, <strong>Stephania Liz\u00e1rraga<\/strong>, <strong>Ang\u00e9lica Ochoa<\/strong>, <strong>Lizeth Fitch<\/strong>, <strong>Fernanda Gil<\/strong> y <strong>Andrea Rosales<\/strong>.<\/p>\n<p><img loading=\"lazy\" decoding=\"async\" class=\"alignnone size-full wp-image-133843\" src=\"https:\/\/www.cetys.mx\/noticias\/wp-content\/uploads\/2019\/08\/image00007-e1567133455580.jpg\" alt=\"\" width=\"957\" height=\"637\" \/><\/p>\n","protected":false},"excerpt":{"rendered":"<p>Poco a poco se ha ido formando el plantel que representar\u00e1 a CETYS Universidad en la pr\u00f3xima Temporada 2019-20 de Liga ABE,&#8230;<\/p>\n","protected":false},"author":26,"featured_media":133842,"comment_status":"open","ping_status":"closed","sticky":false,"template":"","format":"standard","meta":{"footnotes":""},"categories":[312,209,313],"tags":[438,233,1404],"class_list":["post-133841","post","type-post","status-publish","format-standard","has-post-thumbnail","hentry","category-deportes","category-institucional","category-vocetys-2","tag-basquetbol","tag-deportes","tag-liga-abe","univesidades-cetys"],"yoast_head":"<!-- This site is optimized with the Yoast SEO plugin v27.4 - https:\/\/yoast.com\/product\/yoast-seo-wordpress\/ -->\n<title>En marcha la pretemporada de Zorros Femenil rumbo a Liga ABE - CETYS<\/title>\n<meta name=\"description\" content=\"Articulo sobre En marcha la pretemporada de Zorros Femenil rumbo a Liga ABE\" \/>\n<meta name=\"robots\" content=\"index, follow, max-snippet:-1, max-image-preview:large, max-video-preview:-1\" \/>\n<link rel=\"canonical\" href=\"https:\/\/www.cetys.mx\/noticias\/enmarcha-pretem-cetys-abe\/\" \/>\n<meta property=\"og:locale\" content=\"es_MX\" \/>\n<meta property=\"og:type\" content=\"article\" \/>\n<meta property=\"og:title\" content=\"En marcha la pretemporada de Zorros Femenil rumbo a Liga ABE - CETYS\" \/>\n<meta property=\"og:description\" content=\"Articulo sobre En marcha la pretemporada de Zorros Femenil rumbo a Liga ABE\" \/>\n<meta property=\"og:url\" content=\"https:\/\/www.cetys.mx\/noticias\/enmarcha-pretem-cetys-abe\/\" \/>\n<meta property=\"og:site_name\" content=\"CETYS\" \/>\n<meta property=\"article:publisher\" content=\"https:\/\/www.facebook.com\/cetysuniversidadmxl\/\" \/>\n<meta property=\"article:published_time\" content=\"2019-08-30T03:03:29+00:00\" \/>\n<meta property=\"article:modified_time\" content=\"2019-09-02T18:56:23+00:00\" \/>\n<meta property=\"og:image\" content=\"https:\/\/www.cetys.mx\/noticias\/wp-content\/uploads\/2019\/08\/image00012-e1567132666308.jpg\" \/>\n\t<meta property=\"og:image:width\" content=\"956\" \/>\n\t<meta property=\"og:image:height\" content=\"637\" \/>\n\t<meta property=\"og:image:type\" content=\"image\/jpeg\" \/>\n<meta name=\"author\" content=\"CETYS Institucional\" \/>\n<meta name=\"twitter:card\" content=\"summary_large_image\" \/>\n<meta name=\"twitter:creator\" content=\"@cetysuni\" \/>\n<meta name=\"twitter:site\" content=\"@cetysuni\" \/>\n<meta name=\"twitter:label1\" content=\"Escrito por\" \/>\n\t<meta name=\"twitter:data1\" content=\"CETYS Institucional\" \/>\n\t<meta name=\"twitter:label2\" content=\"Tiempo de lectura\" \/>\n\t<meta name=\"twitter:data2\" content=\"2 minutos\" \/>\n<script type=\"application\/ld+json\" class=\"yoast-schema-graph\">{\"@context\":\"https:\\\/\\\/schema.org\",\"@graph\":[{\"@type\":\"Article\",\"@id\":\"https:\\\/\\\/www.cetys.mx\\\/noticias\\\/enmarcha-pretem-cetys-abe\\\/#article\",\"isPartOf\":{\"@id\":\"https:\\\/\\\/www.cetys.mx\\\/noticias\\\/enmarcha-pretem-cetys-abe\\\/\"},\"author\":{\"name\":\"CETYS Institucional\",\"@id\":\"https:\\\/\\\/www.cetys.mx\\\/noticias\\\/#\\\/schema\\\/person\\\/e9d2b35265b64aa454df57a2828eb2ac\"},\"headline\":\"En marcha la pretemporada de Zorros Femenil rumbo a Liga ABE\",\"datePublished\":\"2019-08-30T03:03:29+00:00\",\"dateModified\":\"2019-09-02T18:56:23+00:00\",\"mainEntityOfPage\":{\"@id\":\"https:\\\/\\\/www.cetys.mx\\\/noticias\\\/enmarcha-pretem-cetys-abe\\\/\"},\"wordCount\":407,\"commentCount\":0,\"image\":{\"@id\":\"https:\\\/\\\/www.cetys.mx\\\/noticias\\\/enmarcha-pretem-cetys-abe\\\/#primaryimage\"},\"thumbnailUrl\":\"https:\\\/\\\/www.cetys.mx\\\/noticias\\\/wp-content\\\/uploads\\\/2019\\\/08\\\/image00012-e1567132666308.jpg\",\"keywords\":[\"Basquetbol\",\"Deportes\",\"Liga ABE\"],\"articleSection\":[\"Deportes\",\"Institucional\",\"VoCETYS\"],\"inLanguage\":\"es\",\"potentialAction\":[{\"@type\":\"CommentAction\",\"name\":\"Comment\",\"target\":[\"https:\\\/\\\/www.cetys.mx\\\/noticias\\\/enmarcha-pretem-cetys-abe\\\/#respond\"]}]},{\"@type\":\"WebPage\",\"@id\":\"https:\\\/\\\/www.cetys.mx\\\/noticias\\\/enmarcha-pretem-cetys-abe\\\/\",\"url\":\"https:\\\/\\\/www.cetys.mx\\\/noticias\\\/enmarcha-pretem-cetys-abe\\\/\",\"name\":\"En marcha la pretemporada de Zorros Femenil rumbo a Liga ABE - CETYS\",\"isPartOf\":{\"@id\":\"https:\\\/\\\/www.cetys.mx\\\/noticias\\\/#website\"},\"primaryImageOfPage\":{\"@id\":\"https:\\\/\\\/www.cetys.mx\\\/noticias\\\/enmarcha-pretem-cetys-abe\\\/#primaryimage\"},\"image\":{\"@id\":\"https:\\\/\\\/www.cetys.mx\\\/noticias\\\/enmarcha-pretem-cetys-abe\\\/#primaryimage\"},\"thumbnailUrl\":\"https:\\\/\\\/www.cetys.mx\\\/noticias\\\/wp-content\\\/uploads\\\/2019\\\/08\\\/image00012-e1567132666308.jpg\",\"datePublished\":\"2019-08-30T03:03:29+00:00\",\"dateModified\":\"2019-09-02T18:56:23+00:00\",\"author\":{\"@id\":\"https:\\\/\\\/www.cetys.mx\\\/noticias\\\/#\\\/schema\\\/person\\\/e9d2b35265b64aa454df57a2828eb2ac\"},\"description\":\"Articulo sobre En marcha la pretemporada de Zorros Femenil rumbo a Liga ABE\",\"breadcrumb\":{\"@id\":\"https:\\\/\\\/www.cetys.mx\\\/noticias\\\/enmarcha-pretem-cetys-abe\\\/#breadcrumb\"},\"inLanguage\":\"es\",\"potentialAction\":[{\"@type\":\"ReadAction\",\"target\":[\"https:\\\/\\\/www.cetys.mx\\\/noticias\\\/enmarcha-pretem-cetys-abe\\\/\"]}]},{\"@type\":\"ImageObject\",\"inLanguage\":\"es\",\"@id\":\"https:\\\/\\\/www.cetys.mx\\\/noticias\\\/enmarcha-pretem-cetys-abe\\\/#primaryimage\",\"url\":\"https:\\\/\\\/www.cetys.mx\\\/noticias\\\/wp-content\\\/uploads\\\/2019\\\/08\\\/image00012-e1567132666308.jpg\",\"contentUrl\":\"https:\\\/\\\/www.cetys.mx\\\/noticias\\\/wp-content\\\/uploads\\\/2019\\\/08\\\/image00012-e1567132666308.jpg\",\"width\":956,\"height\":637,\"caption\":\"CETYS Universidad - B\u00e1squetbol\"},{\"@type\":\"BreadcrumbList\",\"@id\":\"https:\\\/\\\/www.cetys.mx\\\/noticias\\\/enmarcha-pretem-cetys-abe\\\/#breadcrumb\",\"itemListElement\":[{\"@type\":\"ListItem\",\"position\":1,\"name\":\"Inicio\",\"item\":\"https:\\\/\\\/www.cetys.mx\\\/noticias\\\/\"},{\"@type\":\"ListItem\",\"position\":2,\"name\":\"En marcha la pretemporada de Zorros Femenil rumbo a Liga ABE\"}]},{\"@type\":\"WebSite\",\"@id\":\"https:\\\/\\\/www.cetys.mx\\\/noticias\\\/#website\",\"url\":\"https:\\\/\\\/www.cetys.mx\\\/noticias\\\/\",\"name\":\"CETYS\",\"description\":\"\",\"potentialAction\":[{\"@type\":\"SearchAction\",\"target\":{\"@type\":\"EntryPoint\",\"urlTemplate\":\"https:\\\/\\\/www.cetys.mx\\\/noticias\\\/?s={search_term_string}\"},\"query-input\":{\"@type\":\"PropertyValueSpecification\",\"valueRequired\":true,\"valueName\":\"search_term_string\"}}],\"inLanguage\":\"es\"},{\"@type\":\"Person\",\"@id\":\"https:\\\/\\\/www.cetys.mx\\\/noticias\\\/#\\\/schema\\\/person\\\/e9d2b35265b64aa454df57a2828eb2ac\",\"name\":\"CETYS Institucional\",\"url\":\"https:\\\/\\\/www.cetys.mx\\\/noticias\\\/author\\\/cetysinstitucional\\\/\"}]}<\/script>\n<!-- \/ Yoast SEO plugin. -->","yoast_head_json":{"title":"En marcha la pretemporada de Zorros Femenil rumbo a Liga ABE - CETYS","description":"Articulo sobre En marcha la pretemporada de Zorros Femenil rumbo a Liga ABE","robots":{"index":"index","follow":"follow","max-snippet":"max-snippet:-1","max-image-preview":"max-image-preview:large","max-video-preview":"max-video-preview:-1"},"canonical":"https:\/\/www.cetys.mx\/noticias\/enmarcha-pretem-cetys-abe\/","og_locale":"es_MX","og_type":"article","og_title":"En marcha la pretemporada de Zorros Femenil rumbo a Liga ABE - CETYS","og_description":"Articulo sobre En marcha la pretemporada de Zorros Femenil rumbo a Liga ABE","og_url":"https:\/\/www.cetys.mx\/noticias\/enmarcha-pretem-cetys-abe\/","og_site_name":"CETYS","article_publisher":"https:\/\/www.facebook.com\/cetysuniversidadmxl\/","article_published_time":"2019-08-30T03:03:29+00:00","article_modified_time":"2019-09-02T18:56:23+00:00","og_image":[{"width":956,"height":637,"url":"https:\/\/www.cetys.mx\/noticias\/wp-content\/uploads\/2019\/08\/image00012-e1567132666308.jpg","type":"image\/jpeg"}],"author":"CETYS Institucional","twitter_card":"summary_large_image","twitter_creator":"@cetysuni","twitter_site":"@cetysuni","twitter_misc":{"Escrito por":"CETYS Institucional","Tiempo de lectura":"2 minutos"},"schema":{"@context":"https:\/\/schema.org","@graph":[{"@type":"Article","@id":"https:\/\/www.cetys.mx\/noticias\/enmarcha-pretem-cetys-abe\/#article","isPartOf":{"@id":"https:\/\/www.cetys.mx\/noticias\/enmarcha-pretem-cetys-abe\/"},"author":{"name":"CETYS Institucional","@id":"https:\/\/www.cetys.mx\/noticias\/#\/schema\/person\/e9d2b35265b64aa454df57a2828eb2ac"},"headline":"En marcha la pretemporada de Zorros Femenil rumbo a Liga ABE","datePublished":"2019-08-30T03:03:29+00:00","dateModified":"2019-09-02T18:56:23+00:00","mainEntityOfPage":{"@id":"https:\/\/www.cetys.mx\/noticias\/enmarcha-pretem-cetys-abe\/"},"wordCount":407,"commentCount":0,"image":{"@id":"https:\/\/www.cetys.mx\/noticias\/enmarcha-pretem-cetys-abe\/#primaryimage"},"thumbnailUrl":"https:\/\/www.cetys.mx\/noticias\/wp-content\/uploads\/2019\/08\/image00012-e1567132666308.jpg","keywords":["Basquetbol","Deportes","Liga ABE"],"articleSection":["Deportes","Institucional","VoCETYS"],"inLanguage":"es","potentialAction":[{"@type":"CommentAction","name":"Comment","target":["https:\/\/www.cetys.mx\/noticias\/enmarcha-pretem-cetys-abe\/#respond"]}]},{"@type":"WebPage","@id":"https:\/\/www.cetys.mx\/noticias\/enmarcha-pretem-cetys-abe\/","url":"https:\/\/www.cetys.mx\/noticias\/enmarcha-pretem-cetys-abe\/","name":"En marcha la pretemporada de Zorros Femenil rumbo a Liga ABE - CETYS","isPartOf":{"@id":"https:\/\/www.cetys.mx\/noticias\/#website"},"primaryImageOfPage":{"@id":"https:\/\/www.cetys.mx\/noticias\/enmarcha-pretem-cetys-abe\/#primaryimage"},"image":{"@id":"https:\/\/www.cetys.mx\/noticias\/enmarcha-pretem-cetys-abe\/#primaryimage"},"thumbnailUrl":"https:\/\/www.cetys.mx\/noticias\/wp-content\/uploads\/2019\/08\/image00012-e1567132666308.jpg","datePublished":"2019-08-30T03:03:29+00:00","dateModified":"2019-09-02T18:56:23+00:00","author":{"@id":"https:\/\/www.cetys.mx\/noticias\/#\/schema\/person\/e9d2b35265b64aa454df57a2828eb2ac"},"description":"Articulo sobre En marcha la pretemporada de Zorros Femenil rumbo a Liga ABE","breadcrumb":{"@id":"https:\/\/www.cetys.mx\/noticias\/enmarcha-pretem-cetys-abe\/#breadcrumb"},"inLanguage":"es","potentialAction":[{"@type":"ReadAction","target":["https:\/\/www.cetys.mx\/noticias\/enmarcha-pretem-cetys-abe\/"]}]},{"@type":"ImageObject","inLanguage":"es","@id":"https:\/\/www.cetys.mx\/noticias\/enmarcha-pretem-cetys-abe\/#primaryimage","url":"https:\/\/www.cetys.mx\/noticias\/wp-content\/uploads\/2019\/08\/image00012-e1567132666308.jpg","contentUrl":"https:\/\/www.cetys.mx\/noticias\/wp-content\/uploads\/2019\/08\/image00012-e1567132666308.jpg","width":956,"height":637,"caption":"CETYS Universidad - B\u00e1squetbol"},{"@type":"BreadcrumbList","@id":"https:\/\/www.cetys.mx\/noticias\/enmarcha-pretem-cetys-abe\/#breadcrumb","itemListElement":[{"@type":"ListItem","position":1,"name":"Inicio","item":"https:\/\/www.cetys.mx\/noticias\/"},{"@type":"ListItem","position":2,"name":"En marcha la pretemporada de Zorros Femenil rumbo a Liga ABE"}]},{"@type":"WebSite","@id":"https:\/\/www.cetys.mx\/noticias\/#website","url":"https:\/\/www.cetys.mx\/noticias\/","name":"CETYS","description":"","potentialAction":[{"@type":"SearchAction","target":{"@type":"EntryPoint","urlTemplate":"https:\/\/www.cetys.mx\/noticias\/?s={search_term_string}"},"query-input":{"@type":"PropertyValueSpecification","valueRequired":true,"valueName":"search_term_string"}}],"inLanguage":"es"},{"@type":"Person","@id":"https:\/\/www.cetys.mx\/noticias\/#\/schema\/person\/e9d2b35265b64aa454df57a2828eb2ac","name":"CETYS Institucional","url":"https:\/\/www.cetys.mx\/noticias\/author\/cetysinstitucional\/"}]}},"_links":{"self":[{"href":"https:\/\/www.cetys.mx\/noticias\/wp-json\/wp\/v2\/posts\/133841","targetHints":{"allow":["GET"]}}],"collection":[{"href":"https:\/\/www.cetys.mx\/noticias\/wp-json\/wp\/v2\/posts"}],"about":[{"href":"https:\/\/www.cetys.mx\/noticias\/wp-json\/wp\/v2\/types\/post"}],"author":[{"embeddable":true,"href":"https:\/\/www.cetys.mx\/noticias\/wp-json\/wp\/v2\/users\/26"}],"replies":[{"embeddable":true,"href":"https:\/\/www.cetys.mx\/noticias\/wp-json\/wp\/v2\/comments?post=133841"}],"version-history":[{"count":0,"href":"https:\/\/www.cetys.mx\/noticias\/wp-json\/wp\/v2\/posts\/133841\/revisions"}],"wp:featuredmedia":[{"embeddable":true,"href":"https:\/\/www.cetys.mx\/noticias\/wp-json\/wp\/v2\/media\/133842"}],"wp:attachment":[{"href":"https:\/\/www.cetys.mx\/noticias\/wp-json\/wp\/v2\/media?parent=133841"}],"wp:term":[{"taxonomy":"category","embeddable":true,"href":"https:\/\/www.cetys.mx\/noticias\/wp-json\/wp\/v2\/categories?post=133841"},{"taxonomy":"post_tag","embeddable":true,"href":"https:\/\/www.cetys.mx\/noticias\/wp-json\/wp\/v2\/tags?post=133841"}],"curies":[{"name":"wp","href":"https:\/\/api.w.org\/{rel}","templated":true}]}}