{"id":133638,"date":"2019-08-26T12:55:12","date_gmt":"2019-08-26T19:55:12","guid":{"rendered":"https:\/\/www.cetys.mx\/noticias\/?p=133638"},"modified":"2019-08-27T17:23:00","modified_gmt":"2019-08-28T00:23:00","slug":"estar-saludable-entre-el-bienestar-fisico-y-psicologico-de-todos","status":"publish","type":"post","link":"https:\/\/www.cetys.mx\/noticias\/estar-saludable-entre-el-bienestar-fisico-y-psicologico-de-todos\/","title":{"rendered":"Estar saludable, entre el bienestar f\u00edsico y psicol\u00f3gico de todos"},"content":{"rendered":"<p style=\"text-align: justify;\">Datos de la Organizaci\u00f3n para la Cooperaci\u00f3n y el Desarrollo Econ\u00f3micos (OCDE) en el 2014 reportaron a M\u00e9xico como uno de los pa\u00edses con m\u00e1s factores de riesgo en temas de salud. El 88.6% de las defunciones de nuestro pa\u00eds se deben a enfermedades y problemas relacionados con la salud (Instituto Nacional de Estad\u00edstica y Geograf\u00eda, 2017). De igual forma, lamentablemente, tambi\u00e9n ocupamos el primer lugar a nivel mundial en diabetes, obesidad en adultos e infantes, violencia sexual e infantil, feminicidios y homicidios, todos estos relacionados con factores biol\u00f3gicos, psicol\u00f3gicos y sociales.<\/p>\n<p style=\"text-align: justify;\">Frente a la demanda poblacional en cuestiones relacionadas con el bienestar f\u00edsico y mental, es imperativo el abordaje biopsicosocial en dichos temas, por lo que cada vez es m\u00e1s frecuente el trabajo multi e interdisciplinar de los profesionales de la salud para mejorar la calidad de vida de nuestra sociedad; espec\u00edficamente, el psic\u00f3logo de la salud colabora en la promoci\u00f3n y mantenimiento de la salud, as\u00ed como en la prevenci\u00f3n y el tratamiento de la enfermedad. Dicho esto, se refleja la importancia del rol del psic\u00f3logo dentro de organismos hospitalarios, empresariales, educativos y pol\u00edticos.<\/p>\n<p style=\"text-align: justify;\">Como psic\u00f3loga de la salud, he visto la importancia de la intervenci\u00f3n psicol\u00f3gica en el abordaje de las enfermedades mentales, f\u00edsicas y sociales, con tales intervenciones, la mayor\u00eda de las veces, se logra aumentar la esperanza y calidad de vida, as\u00ed como la adherencia al tratamiento m\u00e9dico. Esto demuestra la relaci\u00f3n significativa entre la emoci\u00f3n, cognici\u00f3n, comportamiento y el estado f\u00edsico del paciente. En la pr\u00e1ctica, analizamos la psique, valoramos la red de apoyo, intervenimos en procesos de duelos y en caso de ser necesario, acompa\u00f1amos en el transcurso de cuidados paliativos.<\/p>\n<p style=\"text-align: justify;\">Por otra parte, nuestra sociedad mexicana tiende a subestimar la conexi\u00f3n entre el cuerpo y la mente. La obesidad, por ejemplo, va m\u00e1s all\u00e1 de una condici\u00f3n f\u00edsica, tiene elementos mentales como la ansiedad, el miedo, el rechazo, entre otros; al igual que la violencia y los homicidios, estos en aumento los \u00faltimos a\u00f1os, donde se normaliza vivir con temor, ansiedad, inseguridad y niveles de estr\u00e9s elevados que causan malestares cl\u00ednicamente significativos en cualquier ambiente donde nos desarrollemos. El peor de los casos es que tales malestares llegan a somatizarse, es decir pasan de ser una emoci\u00f3n o cognici\u00f3n a un comportamiento u habito no saludable como fumar, comer en exceso, abusar de alcohol o drogas, retraimiento social, ataques de ira, etc. que finalmente, si no son tratados, terminan siendo s\u00edntomas f\u00edsicos como el dolor de cabeza, colitis, tensi\u00f3n muscular, la hipertensi\u00f3n, problemas del coraz\u00f3n, e incluso infarto de miocardio o algunas otras enfermedades cr\u00f3nicas.<\/p>\n<p style=\"text-align: justify;\">La mayor\u00eda de nosotros estamos conscientes de cu\u00e1les son los comportamientos saludables o nocivos que afectan nuestra salud, sin embargo, algunas veces se carece de motivaci\u00f3n o tenemos una percepci\u00f3n de barreras para el tratamiento o prevenci\u00f3n de la enfermedad, y se opta inconscientemente la espera de un diagn\u00f3stico para responsabilizarnos de nuestro actual estilo de vida. Desafortunadamente puede ser muy tarde; los cambios que se sugieren realizar tienen que ser de forma paulatina y progresiva, para as\u00ed crear h\u00e1bitos saludables que finalmente favorecer\u00e1n su calidad de vida, como por ejemplo beber agua, hacer 30 minutos de ejercicio diarios, meditar\/ orar, realizar actividades recreacionales, entre otras.<\/p>\n<p style=\"text-align: justify;\">En caso de que su salud se est\u00e9 viendo afectada de forma significativa, los psic\u00f3logos contamos con instrumentaci\u00f3n y t\u00e9cnicas de intervenci\u00f3n espec\u00edficas para cada enfermedad, donde se le brinda psicoeducaci\u00f3n a usted y su familia, as\u00ed como herramientas eficaces para mejorar su estilo y calidad de vida.<\/p>\n<hr \/>\n<p style=\"text-align: justify;\">Autora: La <a href=\"mailto: marylin.martinez.13@gmail.com\">Mtra.\u00a0Marilyn L. Mart\u00ednez Larios<\/a> es maestra de asignatura en la Escuela de Psicolog\u00eda de CETYS Campus Mexicali.<\/p>\n","protected":false},"excerpt":{"rendered":"<p>Datos de la Organizaci\u00f3n para la Cooperaci\u00f3n y el Desarrollo Econ\u00f3micos (OCDE) en el 2014 reportaron a M\u00e9xico como uno de los&#8230;<\/p>\n","protected":false},"author":20,"featured_media":133750,"comment_status":"open","ping_status":"closed","sticky":false,"template":"","format":"standard","meta":{"footnotes":""},"categories":[114],"tags":[179,3792,530],"class_list":["post-133638","post","type-post","status-publish","format-standard","has-post-thumbnail","hentry","category-opinion","tag-psicologia","tag-psicologia-y-salud","tag-salud-mental"],"yoast_head":"<!-- This site is optimized with the Yoast SEO plugin v27.4 - https:\/\/yoast.com\/product\/yoast-seo-wordpress\/ -->\n<title>Estar saludable, entre el bienestar f\u00edsico y psicol\u00f3gico de todos - CETYS<\/title>\n<meta name=\"description\" content=\"Articulo sobre Estar saludable, entre el bienestar f\u00edsico y psicol\u00f3gico de todos\" \/>\n<meta name=\"robots\" content=\"index, follow, max-snippet:-1, max-image-preview:large, max-video-preview:-1\" \/>\n<link rel=\"canonical\" href=\"https:\/\/www.cetys.mx\/noticias\/estar-saludable-entre-el-bienestar-fisico-y-psicologico-de-todos\/\" \/>\n<meta property=\"og:locale\" content=\"es_MX\" \/>\n<meta property=\"og:type\" content=\"article\" \/>\n<meta property=\"og:title\" content=\"Estar saludable, entre el bienestar f\u00edsico y psicol\u00f3gico de todos - CETYS\" \/>\n<meta property=\"og:description\" content=\"Articulo sobre Estar saludable, entre el bienestar f\u00edsico y psicol\u00f3gico de todos\" \/>\n<meta property=\"og:url\" content=\"https:\/\/www.cetys.mx\/noticias\/estar-saludable-entre-el-bienestar-fisico-y-psicologico-de-todos\/\" \/>\n<meta property=\"og:site_name\" content=\"CETYS\" \/>\n<meta property=\"article:publisher\" content=\"https:\/\/www.facebook.com\/cetysuniversidadmxl\/\" \/>\n<meta property=\"article:published_time\" content=\"2019-08-26T19:55:12+00:00\" \/>\n<meta property=\"article:modified_time\" content=\"2019-08-28T00:23:00+00:00\" \/>\n<meta property=\"og:image\" content=\"https:\/\/www.cetys.mx\/noticias\/wp-content\/uploads\/2019\/08\/Columna.jpg\" \/>\n\t<meta property=\"og:image:width\" content=\"373\" \/>\n\t<meta property=\"og:image:height\" content=\"300\" \/>\n\t<meta property=\"og:image:type\" content=\"image\/jpeg\" \/>\n<meta name=\"author\" content=\"Campus Mexicali\" \/>\n<meta name=\"twitter:card\" content=\"summary_large_image\" \/>\n<meta name=\"twitter:creator\" content=\"@cetysuni\" \/>\n<meta name=\"twitter:site\" content=\"@cetysuni\" \/>\n<meta name=\"twitter:label1\" content=\"Escrito por\" \/>\n\t<meta name=\"twitter:data1\" content=\"Campus Mexicali\" \/>\n\t<meta name=\"twitter:label2\" content=\"Tiempo de lectura\" \/>\n\t<meta name=\"twitter:data2\" content=\"3 minutos\" \/>\n<script type=\"application\/ld+json\" class=\"yoast-schema-graph\">{\"@context\":\"https:\\\/\\\/schema.org\",\"@graph\":[{\"@type\":\"Article\",\"@id\":\"https:\\\/\\\/www.cetys.mx\\\/noticias\\\/estar-saludable-entre-el-bienestar-fisico-y-psicologico-de-todos\\\/#article\",\"isPartOf\":{\"@id\":\"https:\\\/\\\/www.cetys.mx\\\/noticias\\\/estar-saludable-entre-el-bienestar-fisico-y-psicologico-de-todos\\\/\"},\"author\":{\"name\":\"Campus Mexicali\",\"@id\":\"https:\\\/\\\/www.cetys.mx\\\/noticias\\\/#\\\/schema\\\/person\\\/79a95c4ac185f3705cf1b9c9340a5f70\"},\"headline\":\"Estar saludable, entre el bienestar f\u00edsico y psicol\u00f3gico de todos\",\"datePublished\":\"2019-08-26T19:55:12+00:00\",\"dateModified\":\"2019-08-28T00:23:00+00:00\",\"mainEntityOfPage\":{\"@id\":\"https:\\\/\\\/www.cetys.mx\\\/noticias\\\/estar-saludable-entre-el-bienestar-fisico-y-psicologico-de-todos\\\/\"},\"wordCount\":678,\"commentCount\":0,\"image\":{\"@id\":\"https:\\\/\\\/www.cetys.mx\\\/noticias\\\/estar-saludable-entre-el-bienestar-fisico-y-psicologico-de-todos\\\/#primaryimage\"},\"thumbnailUrl\":\"https:\\\/\\\/www.cetys.mx\\\/noticias\\\/wp-content\\\/uploads\\\/2019\\\/08\\\/Columna.jpg\",\"keywords\":[\"psicolog\u00eda\",\"Psicolog\u00eda y Salud\",\"Salud Mental\"],\"articleSection\":[\"Opini\u00f3n\"],\"inLanguage\":\"es\",\"potentialAction\":[{\"@type\":\"CommentAction\",\"name\":\"Comment\",\"target\":[\"https:\\\/\\\/www.cetys.mx\\\/noticias\\\/estar-saludable-entre-el-bienestar-fisico-y-psicologico-de-todos\\\/#respond\"]}]},{\"@type\":\"WebPage\",\"@id\":\"https:\\\/\\\/www.cetys.mx\\\/noticias\\\/estar-saludable-entre-el-bienestar-fisico-y-psicologico-de-todos\\\/\",\"url\":\"https:\\\/\\\/www.cetys.mx\\\/noticias\\\/estar-saludable-entre-el-bienestar-fisico-y-psicologico-de-todos\\\/\",\"name\":\"Estar saludable, entre el bienestar f\u00edsico y psicol\u00f3gico de todos - CETYS\",\"isPartOf\":{\"@id\":\"https:\\\/\\\/www.cetys.mx\\\/noticias\\\/#website\"},\"primaryImageOfPage\":{\"@id\":\"https:\\\/\\\/www.cetys.mx\\\/noticias\\\/estar-saludable-entre-el-bienestar-fisico-y-psicologico-de-todos\\\/#primaryimage\"},\"image\":{\"@id\":\"https:\\\/\\\/www.cetys.mx\\\/noticias\\\/estar-saludable-entre-el-bienestar-fisico-y-psicologico-de-todos\\\/#primaryimage\"},\"thumbnailUrl\":\"https:\\\/\\\/www.cetys.mx\\\/noticias\\\/wp-content\\\/uploads\\\/2019\\\/08\\\/Columna.jpg\",\"datePublished\":\"2019-08-26T19:55:12+00:00\",\"dateModified\":\"2019-08-28T00:23:00+00:00\",\"author\":{\"@id\":\"https:\\\/\\\/www.cetys.mx\\\/noticias\\\/#\\\/schema\\\/person\\\/79a95c4ac185f3705cf1b9c9340a5f70\"},\"description\":\"Articulo sobre Estar saludable, entre el bienestar f\u00edsico y psicol\u00f3gico de todos\",\"breadcrumb\":{\"@id\":\"https:\\\/\\\/www.cetys.mx\\\/noticias\\\/estar-saludable-entre-el-bienestar-fisico-y-psicologico-de-todos\\\/#breadcrumb\"},\"inLanguage\":\"es\",\"potentialAction\":[{\"@type\":\"ReadAction\",\"target\":[\"https:\\\/\\\/www.cetys.mx\\\/noticias\\\/estar-saludable-entre-el-bienestar-fisico-y-psicologico-de-todos\\\/\"]}]},{\"@type\":\"ImageObject\",\"inLanguage\":\"es\",\"@id\":\"https:\\\/\\\/www.cetys.mx\\\/noticias\\\/estar-saludable-entre-el-bienestar-fisico-y-psicologico-de-todos\\\/#primaryimage\",\"url\":\"https:\\\/\\\/www.cetys.mx\\\/noticias\\\/wp-content\\\/uploads\\\/2019\\\/08\\\/Columna.jpg\",\"contentUrl\":\"https:\\\/\\\/www.cetys.mx\\\/noticias\\\/wp-content\\\/uploads\\\/2019\\\/08\\\/Columna.jpg\",\"width\":373,\"height\":300},{\"@type\":\"BreadcrumbList\",\"@id\":\"https:\\\/\\\/www.cetys.mx\\\/noticias\\\/estar-saludable-entre-el-bienestar-fisico-y-psicologico-de-todos\\\/#breadcrumb\",\"itemListElement\":[{\"@type\":\"ListItem\",\"position\":1,\"name\":\"Inicio\",\"item\":\"https:\\\/\\\/www.cetys.mx\\\/noticias\\\/\"},{\"@type\":\"ListItem\",\"position\":2,\"name\":\"Estar saludable, entre el bienestar f\u00edsico y psicol\u00f3gico de todos\"}]},{\"@type\":\"WebSite\",\"@id\":\"https:\\\/\\\/www.cetys.mx\\\/noticias\\\/#website\",\"url\":\"https:\\\/\\\/www.cetys.mx\\\/noticias\\\/\",\"name\":\"CETYS\",\"description\":\"\",\"potentialAction\":[{\"@type\":\"SearchAction\",\"target\":{\"@type\":\"EntryPoint\",\"urlTemplate\":\"https:\\\/\\\/www.cetys.mx\\\/noticias\\\/?s={search_term_string}\"},\"query-input\":{\"@type\":\"PropertyValueSpecification\",\"valueRequired\":true,\"valueName\":\"search_term_string\"}}],\"inLanguage\":\"es\"},{\"@type\":\"Person\",\"@id\":\"https:\\\/\\\/www.cetys.mx\\\/noticias\\\/#\\\/schema\\\/person\\\/79a95c4ac185f3705cf1b9c9340a5f70\",\"name\":\"Campus Mexicali\",\"url\":\"https:\\\/\\\/www.cetys.mx\\\/noticias\\\/author\\\/campusmexicali\\\/\"}]}<\/script>\n<!-- \/ Yoast SEO plugin. -->","yoast_head_json":{"title":"Estar saludable, entre el bienestar f\u00edsico y psicol\u00f3gico de todos - CETYS","description":"Articulo sobre Estar saludable, entre el bienestar f\u00edsico y psicol\u00f3gico de todos","robots":{"index":"index","follow":"follow","max-snippet":"max-snippet:-1","max-image-preview":"max-image-preview:large","max-video-preview":"max-video-preview:-1"},"canonical":"https:\/\/www.cetys.mx\/noticias\/estar-saludable-entre-el-bienestar-fisico-y-psicologico-de-todos\/","og_locale":"es_MX","og_type":"article","og_title":"Estar saludable, entre el bienestar f\u00edsico y psicol\u00f3gico de todos - CETYS","og_description":"Articulo sobre Estar saludable, entre el bienestar f\u00edsico y psicol\u00f3gico de todos","og_url":"https:\/\/www.cetys.mx\/noticias\/estar-saludable-entre-el-bienestar-fisico-y-psicologico-de-todos\/","og_site_name":"CETYS","article_publisher":"https:\/\/www.facebook.com\/cetysuniversidadmxl\/","article_published_time":"2019-08-26T19:55:12+00:00","article_modified_time":"2019-08-28T00:23:00+00:00","og_image":[{"width":373,"height":300,"url":"https:\/\/www.cetys.mx\/noticias\/wp-content\/uploads\/2019\/08\/Columna.jpg","type":"image\/jpeg"}],"author":"Campus Mexicali","twitter_card":"summary_large_image","twitter_creator":"@cetysuni","twitter_site":"@cetysuni","twitter_misc":{"Escrito por":"Campus Mexicali","Tiempo de lectura":"3 minutos"},"schema":{"@context":"https:\/\/schema.org","@graph":[{"@type":"Article","@id":"https:\/\/www.cetys.mx\/noticias\/estar-saludable-entre-el-bienestar-fisico-y-psicologico-de-todos\/#article","isPartOf":{"@id":"https:\/\/www.cetys.mx\/noticias\/estar-saludable-entre-el-bienestar-fisico-y-psicologico-de-todos\/"},"author":{"name":"Campus Mexicali","@id":"https:\/\/www.cetys.mx\/noticias\/#\/schema\/person\/79a95c4ac185f3705cf1b9c9340a5f70"},"headline":"Estar saludable, entre el bienestar f\u00edsico y psicol\u00f3gico de todos","datePublished":"2019-08-26T19:55:12+00:00","dateModified":"2019-08-28T00:23:00+00:00","mainEntityOfPage":{"@id":"https:\/\/www.cetys.mx\/noticias\/estar-saludable-entre-el-bienestar-fisico-y-psicologico-de-todos\/"},"wordCount":678,"commentCount":0,"image":{"@id":"https:\/\/www.cetys.mx\/noticias\/estar-saludable-entre-el-bienestar-fisico-y-psicologico-de-todos\/#primaryimage"},"thumbnailUrl":"https:\/\/www.cetys.mx\/noticias\/wp-content\/uploads\/2019\/08\/Columna.jpg","keywords":["psicolog\u00eda","Psicolog\u00eda y Salud","Salud Mental"],"articleSection":["Opini\u00f3n"],"inLanguage":"es","potentialAction":[{"@type":"CommentAction","name":"Comment","target":["https:\/\/www.cetys.mx\/noticias\/estar-saludable-entre-el-bienestar-fisico-y-psicologico-de-todos\/#respond"]}]},{"@type":"WebPage","@id":"https:\/\/www.cetys.mx\/noticias\/estar-saludable-entre-el-bienestar-fisico-y-psicologico-de-todos\/","url":"https:\/\/www.cetys.mx\/noticias\/estar-saludable-entre-el-bienestar-fisico-y-psicologico-de-todos\/","name":"Estar saludable, entre el bienestar f\u00edsico y psicol\u00f3gico de todos - CETYS","isPartOf":{"@id":"https:\/\/www.cetys.mx\/noticias\/#website"},"primaryImageOfPage":{"@id":"https:\/\/www.cetys.mx\/noticias\/estar-saludable-entre-el-bienestar-fisico-y-psicologico-de-todos\/#primaryimage"},"image":{"@id":"https:\/\/www.cetys.mx\/noticias\/estar-saludable-entre-el-bienestar-fisico-y-psicologico-de-todos\/#primaryimage"},"thumbnailUrl":"https:\/\/www.cetys.mx\/noticias\/wp-content\/uploads\/2019\/08\/Columna.jpg","datePublished":"2019-08-26T19:55:12+00:00","dateModified":"2019-08-28T00:23:00+00:00","author":{"@id":"https:\/\/www.cetys.mx\/noticias\/#\/schema\/person\/79a95c4ac185f3705cf1b9c9340a5f70"},"description":"Articulo sobre Estar saludable, entre el bienestar f\u00edsico y psicol\u00f3gico de todos","breadcrumb":{"@id":"https:\/\/www.cetys.mx\/noticias\/estar-saludable-entre-el-bienestar-fisico-y-psicologico-de-todos\/#breadcrumb"},"inLanguage":"es","potentialAction":[{"@type":"ReadAction","target":["https:\/\/www.cetys.mx\/noticias\/estar-saludable-entre-el-bienestar-fisico-y-psicologico-de-todos\/"]}]},{"@type":"ImageObject","inLanguage":"es","@id":"https:\/\/www.cetys.mx\/noticias\/estar-saludable-entre-el-bienestar-fisico-y-psicologico-de-todos\/#primaryimage","url":"https:\/\/www.cetys.mx\/noticias\/wp-content\/uploads\/2019\/08\/Columna.jpg","contentUrl":"https:\/\/www.cetys.mx\/noticias\/wp-content\/uploads\/2019\/08\/Columna.jpg","width":373,"height":300},{"@type":"BreadcrumbList","@id":"https:\/\/www.cetys.mx\/noticias\/estar-saludable-entre-el-bienestar-fisico-y-psicologico-de-todos\/#breadcrumb","itemListElement":[{"@type":"ListItem","position":1,"name":"Inicio","item":"https:\/\/www.cetys.mx\/noticias\/"},{"@type":"ListItem","position":2,"name":"Estar saludable, entre el bienestar f\u00edsico y psicol\u00f3gico de todos"}]},{"@type":"WebSite","@id":"https:\/\/www.cetys.mx\/noticias\/#website","url":"https:\/\/www.cetys.mx\/noticias\/","name":"CETYS","description":"","potentialAction":[{"@type":"SearchAction","target":{"@type":"EntryPoint","urlTemplate":"https:\/\/www.cetys.mx\/noticias\/?s={search_term_string}"},"query-input":{"@type":"PropertyValueSpecification","valueRequired":true,"valueName":"search_term_string"}}],"inLanguage":"es"},{"@type":"Person","@id":"https:\/\/www.cetys.mx\/noticias\/#\/schema\/person\/79a95c4ac185f3705cf1b9c9340a5f70","name":"Campus Mexicali","url":"https:\/\/www.cetys.mx\/noticias\/author\/campusmexicali\/"}]}},"_links":{"self":[{"href":"https:\/\/www.cetys.mx\/noticias\/wp-json\/wp\/v2\/posts\/133638","targetHints":{"allow":["GET"]}}],"collection":[{"href":"https:\/\/www.cetys.mx\/noticias\/wp-json\/wp\/v2\/posts"}],"about":[{"href":"https:\/\/www.cetys.mx\/noticias\/wp-json\/wp\/v2\/types\/post"}],"author":[{"embeddable":true,"href":"https:\/\/www.cetys.mx\/noticias\/wp-json\/wp\/v2\/users\/20"}],"replies":[{"embeddable":true,"href":"https:\/\/www.cetys.mx\/noticias\/wp-json\/wp\/v2\/comments?post=133638"}],"version-history":[{"count":0,"href":"https:\/\/www.cetys.mx\/noticias\/wp-json\/wp\/v2\/posts\/133638\/revisions"}],"wp:featuredmedia":[{"embeddable":true,"href":"https:\/\/www.cetys.mx\/noticias\/wp-json\/wp\/v2\/media\/133750"}],"wp:attachment":[{"href":"https:\/\/www.cetys.mx\/noticias\/wp-json\/wp\/v2\/media?parent=133638"}],"wp:term":[{"taxonomy":"category","embeddable":true,"href":"https:\/\/www.cetys.mx\/noticias\/wp-json\/wp\/v2\/categories?post=133638"},{"taxonomy":"post_tag","embeddable":true,"href":"https:\/\/www.cetys.mx\/noticias\/wp-json\/wp\/v2\/tags?post=133638"}],"curies":[{"name":"wp","href":"https:\/\/api.w.org\/{rel}","templated":true}]}}