{"id":133534,"date":"2019-08-22T19:59:01","date_gmt":"2019-08-23T02:59:01","guid":{"rendered":"https:\/\/www.cetys.mx\/noticias\/?p=133534"},"modified":"2019-08-27T11:28:42","modified_gmt":"2019-08-27T18:28:42","slug":"cetys-honra-talento-exitoso-1819","status":"publish","type":"post","link":"https:\/\/www.cetys.mx\/noticias\/cetys-honra-talento-exitoso-1819\/","title":{"rendered":"CETYS honra talento y esfuerzo de deportistas tras un ciclo existoso"},"content":{"rendered":"<p>El <strong>Gimnasio Auditorio &#8220;Quimical&#8221;<\/strong> de <em>Campus Internacional Ensenada<\/em> fue el escenario para la <em>Ceremonia Anual de Reconocimientos a Deportistas Destacados<\/em> en <strong>CETYS Universidad<\/strong>, durante el periodo de agosto de 2018 a julio de 2019.<\/p>\n<blockquote><p><em>&#8220;Esta ceremonia nos permite reflejar lo que somos: un solo <strong>CETYS<\/strong>. Somos una comunidad y la fuerza que nos da esta uni\u00f3n es evidente en todas nuestras competencias, con el orgullo compartido y el sentido de pertenencia. Invito a todos a seguir poniendo el mejor esfuerzo en un marco de disciplina, fraternidad y una conducta deportiva amable&#8221;,<\/em> declar\u00f3 el <strong>Dr. Fernando Le\u00f3n Garc\u00eda<\/strong>, Rector del <strong>Sistema<\/strong> <strong>CETYS Universidad<\/strong>.<\/p><\/blockquote>\n<p>Doce meses donde la <em>&#8220;Naci\u00f3n Zorros&#8221;<\/em> se hizo presente en eventos regionales, nacionales e internacionales y con excelentes resultados. Principalmente citando la <em>&#8220;Universiada Mundial&#8221; FISU<\/em>, la <em>&#8220;Universiada Nacional&#8221; CONDDE<\/em>, los <em>Juegos Nacionales CONADEMS<\/em>, los <em>Campeonatos Nacionales de CONADEIP<\/em> y <em>Juegos Panamericanos &#8220;Lima 2019&#8221;<\/em>, entre otros.<\/p>\n<p><img loading=\"lazy\" decoding=\"async\" class=\"alignnone size-full wp-image-133538\" src=\"https:\/\/www.cetys.mx\/noticias\/wp-content\/uploads\/2019\/08\/02-e1566527132321.jpg\" alt=\"\" width=\"956\" height=\"637\" \/><\/p>\n<p><em>&#8220;Reconocemos a todos los atletas que destacaron en el \u00faltimo a\u00f1o que comprende de 13 disciplinas y 16 equipos<\/em> -agreg\u00f3 el <strong>Lic. Enrique Lechuga<\/strong>, Director de Deportes del <strong>Sistema CETYS Universidad-<\/strong>. <em>Se trata de la primera vez que lo celebramos en Campus Ensenada tambi\u00e9n. Todo el tiempo hay que reconocerles, es muy importante darles su lugar y valorar el esfuerzo y logros de los muchachos&#8221;.<\/em><\/p>\n<p>En representaci\u00f3n de los homenajeados ofreci\u00f3 un mensaje <strong>Lili\u00e1n Borja P\u00e9rez<\/strong>. Ella fue otra vez medallista de oro en <em>&#8220;Universiada Nacional&#8221;<\/em>, poseedora de la nueva marca mexicana de heptatl\u00f3n y s\u00e9ptimo lugar en la <em>&#8220;Universiada Mundial&#8221;<\/em> en N\u00e1poles, Italia.<\/p>\n<p><img loading=\"lazy\" decoding=\"async\" class=\"alignnone size-full wp-image-133537\" src=\"https:\/\/www.cetys.mx\/noticias\/wp-content\/uploads\/2019\/08\/12-e1566527002963.jpg\" alt=\"\" width=\"955\" height=\"637\" \/><\/p>\n<p><em>&#8220;<strong>CETYS<\/strong> no s\u00f3lo nos provee de grandes experiencias educativas y de una calidad de educaci\u00f3n de primer nivel, sino que adem\u00e1s nos cobija como deportistas<\/em> -agreg\u00f3 <strong>Borja<\/strong>-. <em>Nos brinda la oportunidad de poder desarrollar nuestras capacidades tanto intelectuales como f\u00edsicas y nos permite forjarnos como atletas, encontrando un equilibrio entre la escuela y el deporte&#8221;.<\/em><\/p>\n<p>Uno a uno subieron al escenario representantes de disciplinas como atletismo, halterofilia, nataci\u00f3n, taekwondo, tiro con arco, baloncesto, b\u00e9isbol, flag football, f\u00fatbol americano, f\u00fatbol r\u00e1pido, porras y voleibol; todos recibiendo sus respectivos galardones. <strong>Jocelyn Barrera<\/strong>, medallista de bronce en <em>&#8220;Universiada Nacional&#8221;,<\/em> a\u00f1adi\u00f3 lo siguiente:<\/p>\n<p><em>&#8220;Estoy muy contenta con el cierre de mis cuatros a\u00f1os en esta instituci\u00f3n. Fue un proceso muy largo y lleno de entrenamientos, tareas, organizaci\u00f3n de tiempo, levantarme temprano y entrenar. Este reconocimiento es tambi\u00e9n para todas las personas que estuvieron conmigo apoy\u00e1ndome: mi familia, mi entrenadora, mis amigos, mis maestros y por supuesto <strong>CETYS<\/strong>. De verdad que todo esfuerzo vale la pena&#8221;.<\/em><\/p>\n<p><img loading=\"lazy\" decoding=\"async\" class=\"alignnone size-full wp-image-133536\" src=\"https:\/\/www.cetys.mx\/noticias\/wp-content\/uploads\/2019\/08\/20-e1566526938462.jpg\" alt=\"\" width=\"955\" height=\"637\" \/><\/p>\n<p>En la mesa de honor tambi\u00e9n estuvieron presentes la <strong>Mtra. Jessica Ibarra Ramonet<\/strong>, Dir. de Zona Costa de <strong>CETYS Universidad<\/strong>; <strong>Mtro. Luis Batista<\/strong>, Dir. de Asuntos Estudiantiles de <strong>CETYS Universidad Campus Internacional Ensenada<\/strong>; y el <strong>Profr. C\u00e9sar Osuna Brambila<\/strong>, Coord. de Eventos Especiales del <em>INDE (Instituto del Deporte y Cultura F\u00edsica de Baja California). <\/em><\/p>\n<p>Al protocolo asistieron sobresalientes deportistas (por citar algunos) como el arquero <strong>Luis &#8220;Abuelo&#8221; \u00c1lvarez<\/strong>, el nadador <strong>Arturo P\u00e9rez-Vertti<\/strong>, la atleta <strong>Maritza Carre\u00f3n<\/strong>, el artemarcialista <strong>Alfonso M\u00e1rquez<\/strong>, la basquetbolista<strong> Alejandra Arreola<\/strong>, el beisbolista<strong> Marcos Almonte<\/strong>\u00a0y el voleibolista <strong>Christian Ventura<\/strong>.<\/p>\n<p><img loading=\"lazy\" decoding=\"async\" class=\"alignnone size-full wp-image-133535\" src=\"https:\/\/www.cetys.mx\/noticias\/wp-content\/uploads\/2019\/08\/01-1-e1566526733442.jpg\" alt=\"\" width=\"955\" height=\"637\" \/><\/p>\n","protected":false},"excerpt":{"rendered":"<p>El Gimnasio Auditorio &#8220;Quimical&#8221; de Campus Internacional Ensenada fue el escenario para la Ceremonia Anual de Reconocimientos a Deportistas Destacados en CETYS&#8230;<\/p>\n","protected":false},"author":26,"featured_media":133539,"comment_status":"open","ping_status":"closed","sticky":false,"template":"","format":"standard","meta":{"footnotes":""},"categories":[312,209,125,313],"tags":[984,1020,519,327,233,3793],"class_list":["post-133534","post","type-post","status-publish","format-standard","has-post-thumbnail","hentry","category-deportes","category-institucional","category-portada","category-vocetys-2","tag-orgullocetys","tag-conadeip","tag-conadems","tag-condde","tag-deportes","tag-vocetys-2019-08-27","univesidades-cetys"],"yoast_head":"<!-- This site is optimized with the Yoast SEO plugin v27.4 - https:\/\/yoast.com\/product\/yoast-seo-wordpress\/ -->\n<title>CETYS honra talento y esfuerzo de deportistas tras un ciclo existoso - CETYS<\/title>\n<meta name=\"description\" content=\"Articulo sobre CETYS honra talento y esfuerzo de deportistas tras un ciclo existoso\" \/>\n<meta name=\"robots\" content=\"index, follow, max-snippet:-1, max-image-preview:large, max-video-preview:-1\" \/>\n<link rel=\"canonical\" href=\"https:\/\/www.cetys.mx\/noticias\/cetys-honra-talento-exitoso-1819\/\" \/>\n<meta property=\"og:locale\" content=\"es_MX\" \/>\n<meta property=\"og:type\" content=\"article\" \/>\n<meta property=\"og:title\" content=\"CETYS honra talento y esfuerzo de deportistas tras un ciclo existoso - CETYS\" \/>\n<meta property=\"og:description\" content=\"Articulo sobre CETYS honra talento y esfuerzo de deportistas tras un ciclo existoso\" \/>\n<meta property=\"og:url\" content=\"https:\/\/www.cetys.mx\/noticias\/cetys-honra-talento-exitoso-1819\/\" \/>\n<meta property=\"og:site_name\" content=\"CETYS\" \/>\n<meta property=\"article:publisher\" content=\"https:\/\/www.facebook.com\/cetysuniversidadmxl\/\" \/>\n<meta property=\"article:published_time\" content=\"2019-08-23T02:59:01+00:00\" \/>\n<meta property=\"article:modified_time\" content=\"2019-08-27T18:28:42+00:00\" \/>\n<meta property=\"og:image\" content=\"https:\/\/www.cetys.mx\/noticias\/wp-content\/uploads\/2019\/08\/WhatsApp-Image-2019-08-22-at-7.26.00-PM.jpeg\" \/>\n\t<meta property=\"og:image:width\" content=\"956\" \/>\n\t<meta property=\"og:image:height\" content=\"638\" \/>\n\t<meta property=\"og:image:type\" content=\"image\/jpeg\" \/>\n<meta name=\"author\" content=\"CETYS Institucional\" \/>\n<meta name=\"twitter:card\" content=\"summary_large_image\" \/>\n<meta name=\"twitter:creator\" content=\"@cetysuni\" \/>\n<meta name=\"twitter:site\" content=\"@cetysuni\" \/>\n<meta name=\"twitter:label1\" content=\"Escrito por\" \/>\n\t<meta name=\"twitter:data1\" content=\"CETYS Institucional\" \/>\n\t<meta name=\"twitter:label2\" content=\"Tiempo de lectura\" \/>\n\t<meta name=\"twitter:data2\" content=\"3 minutos\" \/>\n<script type=\"application\/ld+json\" class=\"yoast-schema-graph\">{\"@context\":\"https:\\\/\\\/schema.org\",\"@graph\":[{\"@type\":\"Article\",\"@id\":\"https:\\\/\\\/www.cetys.mx\\\/noticias\\\/cetys-honra-talento-exitoso-1819\\\/#article\",\"isPartOf\":{\"@id\":\"https:\\\/\\\/www.cetys.mx\\\/noticias\\\/cetys-honra-talento-exitoso-1819\\\/\"},\"author\":{\"name\":\"CETYS Institucional\",\"@id\":\"https:\\\/\\\/www.cetys.mx\\\/noticias\\\/#\\\/schema\\\/person\\\/e9d2b35265b64aa454df57a2828eb2ac\"},\"headline\":\"CETYS honra talento y esfuerzo de deportistas tras un ciclo existoso\",\"datePublished\":\"2019-08-23T02:59:01+00:00\",\"dateModified\":\"2019-08-27T18:28:42+00:00\",\"mainEntityOfPage\":{\"@id\":\"https:\\\/\\\/www.cetys.mx\\\/noticias\\\/cetys-honra-talento-exitoso-1819\\\/\"},\"wordCount\":544,\"commentCount\":0,\"image\":{\"@id\":\"https:\\\/\\\/www.cetys.mx\\\/noticias\\\/cetys-honra-talento-exitoso-1819\\\/#primaryimage\"},\"thumbnailUrl\":\"https:\\\/\\\/www.cetys.mx\\\/noticias\\\/wp-content\\\/uploads\\\/2019\\\/08\\\/WhatsApp-Image-2019-08-22-at-7.26.00-PM.jpeg\",\"keywords\":[\"#orgulloCETYS\",\"CONADEIP\",\"Conadems\",\"condde\",\"Deportes\",\"vocetys-2019-08-27\"],\"articleSection\":[\"Deportes\",\"Institucional\",\"Portada\",\"VoCETYS\"],\"inLanguage\":\"es\",\"potentialAction\":[{\"@type\":\"CommentAction\",\"name\":\"Comment\",\"target\":[\"https:\\\/\\\/www.cetys.mx\\\/noticias\\\/cetys-honra-talento-exitoso-1819\\\/#respond\"]}]},{\"@type\":\"WebPage\",\"@id\":\"https:\\\/\\\/www.cetys.mx\\\/noticias\\\/cetys-honra-talento-exitoso-1819\\\/\",\"url\":\"https:\\\/\\\/www.cetys.mx\\\/noticias\\\/cetys-honra-talento-exitoso-1819\\\/\",\"name\":\"CETYS honra talento y esfuerzo de deportistas tras un ciclo existoso - CETYS\",\"isPartOf\":{\"@id\":\"https:\\\/\\\/www.cetys.mx\\\/noticias\\\/#website\"},\"primaryImageOfPage\":{\"@id\":\"https:\\\/\\\/www.cetys.mx\\\/noticias\\\/cetys-honra-talento-exitoso-1819\\\/#primaryimage\"},\"image\":{\"@id\":\"https:\\\/\\\/www.cetys.mx\\\/noticias\\\/cetys-honra-talento-exitoso-1819\\\/#primaryimage\"},\"thumbnailUrl\":\"https:\\\/\\\/www.cetys.mx\\\/noticias\\\/wp-content\\\/uploads\\\/2019\\\/08\\\/WhatsApp-Image-2019-08-22-at-7.26.00-PM.jpeg\",\"datePublished\":\"2019-08-23T02:59:01+00:00\",\"dateModified\":\"2019-08-27T18:28:42+00:00\",\"author\":{\"@id\":\"https:\\\/\\\/www.cetys.mx\\\/noticias\\\/#\\\/schema\\\/person\\\/e9d2b35265b64aa454df57a2828eb2ac\"},\"description\":\"Articulo sobre CETYS honra talento y esfuerzo de deportistas tras un ciclo existoso\",\"breadcrumb\":{\"@id\":\"https:\\\/\\\/www.cetys.mx\\\/noticias\\\/cetys-honra-talento-exitoso-1819\\\/#breadcrumb\"},\"inLanguage\":\"es\",\"potentialAction\":[{\"@type\":\"ReadAction\",\"target\":[\"https:\\\/\\\/www.cetys.mx\\\/noticias\\\/cetys-honra-talento-exitoso-1819\\\/\"]}]},{\"@type\":\"ImageObject\",\"inLanguage\":\"es\",\"@id\":\"https:\\\/\\\/www.cetys.mx\\\/noticias\\\/cetys-honra-talento-exitoso-1819\\\/#primaryimage\",\"url\":\"https:\\\/\\\/www.cetys.mx\\\/noticias\\\/wp-content\\\/uploads\\\/2019\\\/08\\\/WhatsApp-Image-2019-08-22-at-7.26.00-PM.jpeg\",\"contentUrl\":\"https:\\\/\\\/www.cetys.mx\\\/noticias\\\/wp-content\\\/uploads\\\/2019\\\/08\\\/WhatsApp-Image-2019-08-22-at-7.26.00-PM.jpeg\",\"width\":956,\"height\":638,\"caption\":\"CETYS Universidad - Deportes\"},{\"@type\":\"BreadcrumbList\",\"@id\":\"https:\\\/\\\/www.cetys.mx\\\/noticias\\\/cetys-honra-talento-exitoso-1819\\\/#breadcrumb\",\"itemListElement\":[{\"@type\":\"ListItem\",\"position\":1,\"name\":\"Inicio\",\"item\":\"https:\\\/\\\/www.cetys.mx\\\/noticias\\\/\"},{\"@type\":\"ListItem\",\"position\":2,\"name\":\"CETYS honra talento y esfuerzo de deportistas tras un ciclo existoso\"}]},{\"@type\":\"WebSite\",\"@id\":\"https:\\\/\\\/www.cetys.mx\\\/noticias\\\/#website\",\"url\":\"https:\\\/\\\/www.cetys.mx\\\/noticias\\\/\",\"name\":\"CETYS\",\"description\":\"\",\"potentialAction\":[{\"@type\":\"SearchAction\",\"target\":{\"@type\":\"EntryPoint\",\"urlTemplate\":\"https:\\\/\\\/www.cetys.mx\\\/noticias\\\/?s={search_term_string}\"},\"query-input\":{\"@type\":\"PropertyValueSpecification\",\"valueRequired\":true,\"valueName\":\"search_term_string\"}}],\"inLanguage\":\"es\"},{\"@type\":\"Person\",\"@id\":\"https:\\\/\\\/www.cetys.mx\\\/noticias\\\/#\\\/schema\\\/person\\\/e9d2b35265b64aa454df57a2828eb2ac\",\"name\":\"CETYS Institucional\",\"url\":\"https:\\\/\\\/www.cetys.mx\\\/noticias\\\/author\\\/cetysinstitucional\\\/\"}]}<\/script>\n<!-- \/ Yoast SEO plugin. -->","yoast_head_json":{"title":"CETYS honra talento y esfuerzo de deportistas tras un ciclo existoso - CETYS","description":"Articulo sobre CETYS honra talento y esfuerzo de deportistas tras un ciclo existoso","robots":{"index":"index","follow":"follow","max-snippet":"max-snippet:-1","max-image-preview":"max-image-preview:large","max-video-preview":"max-video-preview:-1"},"canonical":"https:\/\/www.cetys.mx\/noticias\/cetys-honra-talento-exitoso-1819\/","og_locale":"es_MX","og_type":"article","og_title":"CETYS honra talento y esfuerzo de deportistas tras un ciclo existoso - CETYS","og_description":"Articulo sobre CETYS honra talento y esfuerzo de deportistas tras un ciclo existoso","og_url":"https:\/\/www.cetys.mx\/noticias\/cetys-honra-talento-exitoso-1819\/","og_site_name":"CETYS","article_publisher":"https:\/\/www.facebook.com\/cetysuniversidadmxl\/","article_published_time":"2019-08-23T02:59:01+00:00","article_modified_time":"2019-08-27T18:28:42+00:00","og_image":[{"width":956,"height":638,"url":"https:\/\/www.cetys.mx\/noticias\/wp-content\/uploads\/2019\/08\/WhatsApp-Image-2019-08-22-at-7.26.00-PM.jpeg","type":"image\/jpeg"}],"author":"CETYS Institucional","twitter_card":"summary_large_image","twitter_creator":"@cetysuni","twitter_site":"@cetysuni","twitter_misc":{"Escrito por":"CETYS Institucional","Tiempo de lectura":"3 minutos"},"schema":{"@context":"https:\/\/schema.org","@graph":[{"@type":"Article","@id":"https:\/\/www.cetys.mx\/noticias\/cetys-honra-talento-exitoso-1819\/#article","isPartOf":{"@id":"https:\/\/www.cetys.mx\/noticias\/cetys-honra-talento-exitoso-1819\/"},"author":{"name":"CETYS Institucional","@id":"https:\/\/www.cetys.mx\/noticias\/#\/schema\/person\/e9d2b35265b64aa454df57a2828eb2ac"},"headline":"CETYS honra talento y esfuerzo de deportistas tras un ciclo existoso","datePublished":"2019-08-23T02:59:01+00:00","dateModified":"2019-08-27T18:28:42+00:00","mainEntityOfPage":{"@id":"https:\/\/www.cetys.mx\/noticias\/cetys-honra-talento-exitoso-1819\/"},"wordCount":544,"commentCount":0,"image":{"@id":"https:\/\/www.cetys.mx\/noticias\/cetys-honra-talento-exitoso-1819\/#primaryimage"},"thumbnailUrl":"https:\/\/www.cetys.mx\/noticias\/wp-content\/uploads\/2019\/08\/WhatsApp-Image-2019-08-22-at-7.26.00-PM.jpeg","keywords":["#orgulloCETYS","CONADEIP","Conadems","condde","Deportes","vocetys-2019-08-27"],"articleSection":["Deportes","Institucional","Portada","VoCETYS"],"inLanguage":"es","potentialAction":[{"@type":"CommentAction","name":"Comment","target":["https:\/\/www.cetys.mx\/noticias\/cetys-honra-talento-exitoso-1819\/#respond"]}]},{"@type":"WebPage","@id":"https:\/\/www.cetys.mx\/noticias\/cetys-honra-talento-exitoso-1819\/","url":"https:\/\/www.cetys.mx\/noticias\/cetys-honra-talento-exitoso-1819\/","name":"CETYS honra talento y esfuerzo de deportistas tras un ciclo existoso - CETYS","isPartOf":{"@id":"https:\/\/www.cetys.mx\/noticias\/#website"},"primaryImageOfPage":{"@id":"https:\/\/www.cetys.mx\/noticias\/cetys-honra-talento-exitoso-1819\/#primaryimage"},"image":{"@id":"https:\/\/www.cetys.mx\/noticias\/cetys-honra-talento-exitoso-1819\/#primaryimage"},"thumbnailUrl":"https:\/\/www.cetys.mx\/noticias\/wp-content\/uploads\/2019\/08\/WhatsApp-Image-2019-08-22-at-7.26.00-PM.jpeg","datePublished":"2019-08-23T02:59:01+00:00","dateModified":"2019-08-27T18:28:42+00:00","author":{"@id":"https:\/\/www.cetys.mx\/noticias\/#\/schema\/person\/e9d2b35265b64aa454df57a2828eb2ac"},"description":"Articulo sobre CETYS honra talento y esfuerzo de deportistas tras un ciclo existoso","breadcrumb":{"@id":"https:\/\/www.cetys.mx\/noticias\/cetys-honra-talento-exitoso-1819\/#breadcrumb"},"inLanguage":"es","potentialAction":[{"@type":"ReadAction","target":["https:\/\/www.cetys.mx\/noticias\/cetys-honra-talento-exitoso-1819\/"]}]},{"@type":"ImageObject","inLanguage":"es","@id":"https:\/\/www.cetys.mx\/noticias\/cetys-honra-talento-exitoso-1819\/#primaryimage","url":"https:\/\/www.cetys.mx\/noticias\/wp-content\/uploads\/2019\/08\/WhatsApp-Image-2019-08-22-at-7.26.00-PM.jpeg","contentUrl":"https:\/\/www.cetys.mx\/noticias\/wp-content\/uploads\/2019\/08\/WhatsApp-Image-2019-08-22-at-7.26.00-PM.jpeg","width":956,"height":638,"caption":"CETYS Universidad - Deportes"},{"@type":"BreadcrumbList","@id":"https:\/\/www.cetys.mx\/noticias\/cetys-honra-talento-exitoso-1819\/#breadcrumb","itemListElement":[{"@type":"ListItem","position":1,"name":"Inicio","item":"https:\/\/www.cetys.mx\/noticias\/"},{"@type":"ListItem","position":2,"name":"CETYS honra talento y esfuerzo de deportistas tras un ciclo existoso"}]},{"@type":"WebSite","@id":"https:\/\/www.cetys.mx\/noticias\/#website","url":"https:\/\/www.cetys.mx\/noticias\/","name":"CETYS","description":"","potentialAction":[{"@type":"SearchAction","target":{"@type":"EntryPoint","urlTemplate":"https:\/\/www.cetys.mx\/noticias\/?s={search_term_string}"},"query-input":{"@type":"PropertyValueSpecification","valueRequired":true,"valueName":"search_term_string"}}],"inLanguage":"es"},{"@type":"Person","@id":"https:\/\/www.cetys.mx\/noticias\/#\/schema\/person\/e9d2b35265b64aa454df57a2828eb2ac","name":"CETYS Institucional","url":"https:\/\/www.cetys.mx\/noticias\/author\/cetysinstitucional\/"}]}},"_links":{"self":[{"href":"https:\/\/www.cetys.mx\/noticias\/wp-json\/wp\/v2\/posts\/133534","targetHints":{"allow":["GET"]}}],"collection":[{"href":"https:\/\/www.cetys.mx\/noticias\/wp-json\/wp\/v2\/posts"}],"about":[{"href":"https:\/\/www.cetys.mx\/noticias\/wp-json\/wp\/v2\/types\/post"}],"author":[{"embeddable":true,"href":"https:\/\/www.cetys.mx\/noticias\/wp-json\/wp\/v2\/users\/26"}],"replies":[{"embeddable":true,"href":"https:\/\/www.cetys.mx\/noticias\/wp-json\/wp\/v2\/comments?post=133534"}],"version-history":[{"count":0,"href":"https:\/\/www.cetys.mx\/noticias\/wp-json\/wp\/v2\/posts\/133534\/revisions"}],"wp:featuredmedia":[{"embeddable":true,"href":"https:\/\/www.cetys.mx\/noticias\/wp-json\/wp\/v2\/media\/133539"}],"wp:attachment":[{"href":"https:\/\/www.cetys.mx\/noticias\/wp-json\/wp\/v2\/media?parent=133534"}],"wp:term":[{"taxonomy":"category","embeddable":true,"href":"https:\/\/www.cetys.mx\/noticias\/wp-json\/wp\/v2\/categories?post=133534"},{"taxonomy":"post_tag","embeddable":true,"href":"https:\/\/www.cetys.mx\/noticias\/wp-json\/wp\/v2\/tags?post=133534"}],"curies":[{"name":"wp","href":"https:\/\/api.w.org\/{rel}","templated":true}]}}