{"id":133330,"date":"2019-08-15T16:12:59","date_gmt":"2019-08-15T23:12:59","guid":{"rendered":"https:\/\/www.cetys.mx\/noticias\/?p=133330"},"modified":"2019-08-15T16:22:26","modified_gmt":"2019-08-15T23:22:26","slug":"mevoy-agradecido-cetys-sanay","status":"publish","type":"post","link":"https:\/\/www.cetys.mx\/noticias\/mevoy-agradecido-cetys-sanay\/","title":{"rendered":"Me voy de CETYS muy agradecido, fueron 3 a\u00f1os maravillosos: Yasutaka Sanay"},"content":{"rendered":"<p>Luego de tres exitosos a\u00f1os defendiendo la camiseta de <strong>CETYS Universidad<\/strong>, <strong>Yasutaka Sanay<\/strong> acept\u00f3 la invitaci\u00f3n para emigrar a otro pa\u00eds para continuar con sus estudios y probar suerte en el voleibol profesional.<\/p>\n<p>El joven virtuoso de 18 a\u00f1os se gradu\u00f3 de <em>Preparatoria<\/em> y se mudar\u00e1 a Uberlandia, al norte de Sao Paulo, para estudiar Ingenier\u00eda Mec\u00e1nica en UNIPAC; al mismo tiempo jugar\u00e1 para el <em>Club Academia<\/em> en la Serie &#8220;C&#8221; de <em>Superliga Brasile\u00f1a<\/em>\u00a0<em>de Voleibol<\/em>.<\/p>\n<p><img loading=\"lazy\" decoding=\"async\" class=\"alignnone size-full wp-image-133339\" src=\"https:\/\/www.cetys.mx\/noticias\/wp-content\/uploads\/2019\/08\/57004927_976281805902461_1528811858327240704_o-e1565909611336.jpg\" alt=\"\" width=\"956\" height=\"637\" \/><\/p>\n<p><em>&#8220;La organizaci\u00f3n HPA (High Performance Athletes) nos invit\u00f3 a unas visor\u00edas en Cd. de M\u00e9xico, donde hubo representantes de clubes de Brasil, Alemania y Portugal<\/em> -explic\u00f3 <strong>Sanay<\/strong> en entrevista-. <em>Convenc\u00ed a los tres equipos, as\u00ed que tuve suerte para elegir. Quer\u00eda estudiar y jugar profesionalmente al mismo tiempo, as\u00ed que el \u00fanico que me garantiz\u00f3 eso fue el de Brasil&#8221;.<\/em><\/p>\n<p><strong>Sanay<\/strong> gan\u00f3 casi todo con la camiseta de <strong>Zorros<\/strong> durante los pasados seis semestres: dos veces el &#8220;Final Four&#8221; de la Conferencia Nacional de Primera Fuerza CONADEIP, tres el Campeonato Nacional Juvenil &#8220;C&#8221;, tres iguales el Nacional Juvenil &#8220;C&#8221; de Voleibol de Playa y otros eventos importantes.<\/p>\n<p><img loading=\"lazy\" decoding=\"async\" class=\"alignnone size-full wp-image-133337\" src=\"https:\/\/www.cetys.mx\/noticias\/wp-content\/uploads\/2019\/08\/29873325_1639624132821996_2317069814582368020_o-e1565909246787.jpg\" alt=\"\" width=\"956\" height=\"637\" \/><\/p>\n<blockquote><p><em>&#8220;Entren\u00e9 a la orden de <strong>\u00d3scar Licea<\/strong>\u00a0desde antes de llegar a <strong>CETYS<\/strong><\/em> -agreg\u00f3 <strong>Yasutaka<\/strong>-. <em>Pienso que me hizo mejor voleibolista cada d\u00eda en teor\u00eda y pr\u00e1ctica. Me dio una ense\u00f1anza deportiva y de vida al mismo tiempo&#8221;.<\/em><\/p><\/blockquote>\n<p><strong>&#8211; \u00bfFue dif\u00edcil tomar la decisi\u00f3n de emigrar a otra parte del mundo?<\/strong><\/p>\n<p><em>&#8220;Desde peque\u00f1o tuve la inquietud por jugar voleibol profesional, pero priorizando siempre el estudiar. A los 15 tuve una posibilidad de irme a Estados Unidos, no se concret\u00f3 y me qued\u00e9 en <strong>CETYS<\/strong> para estudiar &#8216;Prepa&#8217;. Se abri\u00f3 esta segunda puerta y revivi\u00f3 ese sue\u00f1o de emigrar. No quise desaprovecharla, no creo que se vuelva a repetir&#8221;<\/em>, a\u00f1adi\u00f3.<\/p>\n<p><strong>Sanay Heredia<\/strong> form\u00f3 parte de una dinast\u00eda de voleibolistas que han puesto el nombre de <strong>CETYS<\/strong> en lo m\u00e1s alto: con\u00a0<strong>Christian Ventura<\/strong>, <strong>Mauro Isaac Fuentes<\/strong>, <strong>Jaime L\u00f3pez Gaxiola<\/strong>, <strong>Carlos Brise\u00f1o<\/strong>, <strong>Jorge Hern\u00e1ndez<\/strong> o <strong>Isa\u00ed Casta\u00f1eda<\/strong> (por citar algunos).<\/p>\n<p>Tambi\u00e9n se gradu\u00f3 dentro de una generaci\u00f3n de deportistas que cosecharon excelentes resultados para la instituci\u00f3n como <strong>Alejandra Arreola<\/strong> (baloncesto), <strong>Alberto Vel\u00e1zquez<\/strong> (atletismo), <strong>Michelle Sandoval<\/strong> (flag football), <strong>Emiliano Rodr\u00edguez<\/strong> (f\u00fatbol americano) o <strong>Juan Pablo Romero<\/strong> (b\u00e9isbol).<\/p>\n<p><img loading=\"lazy\" decoding=\"async\" class=\"alignnone size-full wp-image-133336\" src=\"https:\/\/www.cetys.mx\/noticias\/wp-content\/uploads\/2019\/08\/WhatsApp-Image-2018-10-28-at-12.51.09-PM-e1565908983800.jpeg\" alt=\"\" width=\"956\" height=\"637\" \/><\/p>\n<p><em>&#8220;Me voy muy satisfecho en lo deportivo, creo que lo ganamos casi todo a nivel estatal y nacional tanto en sala como en playa. Nom\u00e1s nos hizo falta cosechar una medalla de oro en <\/em>(Juegos Nacionales)<em> CONADEMS, pero estoy contento&#8221;.<\/em><\/p>\n<p><strong>&#8211; \u00bfQu\u00e9 es lo m\u00e1s especial que te llevas de aqu\u00ed?<\/strong><\/p>\n<p><em>&#8220;Voy a extra\u00f1ar mucho el ambiente de <strong>CETYS<\/strong>, las amistades que hice en Preparatoria no las voy a olvidar nunca. Estoy profundamente agradecido con la instituci\u00f3n por su apoyo y comprensi\u00f3n: directores, profesores, entrenadores, compa\u00f1eros de sal\u00f3n y compa\u00f1eros de equipo. Aqu\u00ed me desarroll\u00e9 como estudiante, deportista y ser humano&#8221;<\/em>, concluy\u00f3.<\/p>\n<p><img loading=\"lazy\" decoding=\"async\" class=\"alignnone size-full wp-image-133332\" src=\"https:\/\/www.cetys.mx\/noticias\/wp-content\/uploads\/2019\/08\/x_MG_9001-e1565898791875.jpg\" alt=\"\" width=\"956\" height=\"637\" \/><\/p>\n","protected":false},"excerpt":{"rendered":"<p>Luego de tres exitosos a\u00f1os defendiendo la camiseta de CETYS Universidad, Yasutaka Sanay acept\u00f3 la invitaci\u00f3n para emigrar a otro pa\u00eds para&#8230;<\/p>\n","protected":false},"author":24,"featured_media":133331,"comment_status":"open","ping_status":"closed","sticky":false,"template":"","format":"standard","meta":{"footnotes":""},"categories":[134,312,125,313],"tags":[984,233,658],"class_list":["post-133330","post","type-post","status-publish","format-standard","has-post-thumbnail","hentry","category-campus-tijuana","category-deportes","category-portada","category-vocetys-2","tag-orgullocetys","tag-deportes","tag-voleibol","univesidades-cetys"],"yoast_head":"<!-- This site is optimized with the Yoast SEO plugin v27.4 - https:\/\/yoast.com\/product\/yoast-seo-wordpress\/ -->\n<title>Me voy de CETYS muy agradecido, fueron 3 a\u00f1os maravillosos: Yasutaka Sanay - CETYS<\/title>\n<meta name=\"description\" content=\"Articulo sobre Me voy de CETYS muy agradecido, fueron 3 a\u00f1os maravillosos: Yasutaka Sanay\" \/>\n<meta name=\"robots\" content=\"index, follow, max-snippet:-1, max-image-preview:large, max-video-preview:-1\" \/>\n<link rel=\"canonical\" href=\"https:\/\/www.cetys.mx\/noticias\/mevoy-agradecido-cetys-sanay\/\" \/>\n<meta property=\"og:locale\" content=\"es_MX\" \/>\n<meta property=\"og:type\" content=\"article\" \/>\n<meta property=\"og:title\" content=\"Me voy de CETYS muy agradecido, fueron 3 a\u00f1os maravillosos: Yasutaka Sanay - CETYS\" \/>\n<meta property=\"og:description\" content=\"Articulo sobre Me voy de CETYS muy agradecido, fueron 3 a\u00f1os maravillosos: Yasutaka Sanay\" \/>\n<meta property=\"og:url\" content=\"https:\/\/www.cetys.mx\/noticias\/mevoy-agradecido-cetys-sanay\/\" \/>\n<meta property=\"og:site_name\" content=\"CETYS\" \/>\n<meta property=\"article:publisher\" content=\"https:\/\/www.facebook.com\/cetysuniversidadmxl\/\" \/>\n<meta property=\"article:published_time\" content=\"2019-08-15T23:12:59+00:00\" \/>\n<meta property=\"article:modified_time\" content=\"2019-08-15T23:22:26+00:00\" \/>\n<meta property=\"og:image\" content=\"https:\/\/www.cetys.mx\/noticias\/wp-content\/uploads\/2019\/08\/image00318-e1565898466672.jpg\" \/>\n\t<meta property=\"og:image:width\" content=\"956\" \/>\n\t<meta property=\"og:image:height\" content=\"637\" \/>\n\t<meta property=\"og:image:type\" content=\"image\/jpeg\" \/>\n<meta name=\"author\" content=\"Campus Tijuana\" \/>\n<meta name=\"twitter:card\" content=\"summary_large_image\" \/>\n<meta name=\"twitter:creator\" content=\"@cetysuni\" \/>\n<meta name=\"twitter:site\" content=\"@cetysuni\" \/>\n<meta name=\"twitter:label1\" content=\"Escrito por\" \/>\n\t<meta name=\"twitter:data1\" content=\"Campus Tijuana\" \/>\n\t<meta name=\"twitter:label2\" content=\"Tiempo de lectura\" \/>\n\t<meta name=\"twitter:data2\" content=\"3 minutos\" \/>\n<script type=\"application\/ld+json\" class=\"yoast-schema-graph\">{\"@context\":\"https:\\\/\\\/schema.org\",\"@graph\":[{\"@type\":\"Article\",\"@id\":\"https:\\\/\\\/www.cetys.mx\\\/noticias\\\/mevoy-agradecido-cetys-sanay\\\/#article\",\"isPartOf\":{\"@id\":\"https:\\\/\\\/www.cetys.mx\\\/noticias\\\/mevoy-agradecido-cetys-sanay\\\/\"},\"author\":{\"name\":\"Campus Tijuana\",\"@id\":\"https:\\\/\\\/www.cetys.mx\\\/noticias\\\/#\\\/schema\\\/person\\\/e790051ce60e18ae47cfa87011c8653f\"},\"headline\":\"Me voy de CETYS muy agradecido, fueron 3 a\u00f1os maravillosos: Yasutaka Sanay\",\"datePublished\":\"2019-08-15T23:12:59+00:00\",\"dateModified\":\"2019-08-15T23:22:26+00:00\",\"mainEntityOfPage\":{\"@id\":\"https:\\\/\\\/www.cetys.mx\\\/noticias\\\/mevoy-agradecido-cetys-sanay\\\/\"},\"wordCount\":520,\"commentCount\":0,\"image\":{\"@id\":\"https:\\\/\\\/www.cetys.mx\\\/noticias\\\/mevoy-agradecido-cetys-sanay\\\/#primaryimage\"},\"thumbnailUrl\":\"https:\\\/\\\/www.cetys.mx\\\/noticias\\\/wp-content\\\/uploads\\\/2019\\\/08\\\/image00318-e1565898466672.jpg\",\"keywords\":[\"#orgulloCETYS\",\"Deportes\",\"voleibol\"],\"articleSection\":[\"Campus Tijuana\",\"Deportes\",\"Portada\",\"VoCETYS\"],\"inLanguage\":\"es\",\"potentialAction\":[{\"@type\":\"CommentAction\",\"name\":\"Comment\",\"target\":[\"https:\\\/\\\/www.cetys.mx\\\/noticias\\\/mevoy-agradecido-cetys-sanay\\\/#respond\"]}]},{\"@type\":\"WebPage\",\"@id\":\"https:\\\/\\\/www.cetys.mx\\\/noticias\\\/mevoy-agradecido-cetys-sanay\\\/\",\"url\":\"https:\\\/\\\/www.cetys.mx\\\/noticias\\\/mevoy-agradecido-cetys-sanay\\\/\",\"name\":\"Me voy de CETYS muy agradecido, fueron 3 a\u00f1os maravillosos: Yasutaka Sanay - CETYS\",\"isPartOf\":{\"@id\":\"https:\\\/\\\/www.cetys.mx\\\/noticias\\\/#website\"},\"primaryImageOfPage\":{\"@id\":\"https:\\\/\\\/www.cetys.mx\\\/noticias\\\/mevoy-agradecido-cetys-sanay\\\/#primaryimage\"},\"image\":{\"@id\":\"https:\\\/\\\/www.cetys.mx\\\/noticias\\\/mevoy-agradecido-cetys-sanay\\\/#primaryimage\"},\"thumbnailUrl\":\"https:\\\/\\\/www.cetys.mx\\\/noticias\\\/wp-content\\\/uploads\\\/2019\\\/08\\\/image00318-e1565898466672.jpg\",\"datePublished\":\"2019-08-15T23:12:59+00:00\",\"dateModified\":\"2019-08-15T23:22:26+00:00\",\"author\":{\"@id\":\"https:\\\/\\\/www.cetys.mx\\\/noticias\\\/#\\\/schema\\\/person\\\/e790051ce60e18ae47cfa87011c8653f\"},\"description\":\"Articulo sobre Me voy de CETYS muy agradecido, fueron 3 a\u00f1os maravillosos: Yasutaka Sanay\",\"breadcrumb\":{\"@id\":\"https:\\\/\\\/www.cetys.mx\\\/noticias\\\/mevoy-agradecido-cetys-sanay\\\/#breadcrumb\"},\"inLanguage\":\"es\",\"potentialAction\":[{\"@type\":\"ReadAction\",\"target\":[\"https:\\\/\\\/www.cetys.mx\\\/noticias\\\/mevoy-agradecido-cetys-sanay\\\/\"]}]},{\"@type\":\"ImageObject\",\"inLanguage\":\"es\",\"@id\":\"https:\\\/\\\/www.cetys.mx\\\/noticias\\\/mevoy-agradecido-cetys-sanay\\\/#primaryimage\",\"url\":\"https:\\\/\\\/www.cetys.mx\\\/noticias\\\/wp-content\\\/uploads\\\/2019\\\/08\\\/image00318-e1565898466672.jpg\",\"contentUrl\":\"https:\\\/\\\/www.cetys.mx\\\/noticias\\\/wp-content\\\/uploads\\\/2019\\\/08\\\/image00318-e1565898466672.jpg\",\"width\":956,\"height\":637},{\"@type\":\"BreadcrumbList\",\"@id\":\"https:\\\/\\\/www.cetys.mx\\\/noticias\\\/mevoy-agradecido-cetys-sanay\\\/#breadcrumb\",\"itemListElement\":[{\"@type\":\"ListItem\",\"position\":1,\"name\":\"Inicio\",\"item\":\"https:\\\/\\\/www.cetys.mx\\\/noticias\\\/\"},{\"@type\":\"ListItem\",\"position\":2,\"name\":\"Me voy de CETYS muy agradecido, fueron 3 a\u00f1os maravillosos: Yasutaka Sanay\"}]},{\"@type\":\"WebSite\",\"@id\":\"https:\\\/\\\/www.cetys.mx\\\/noticias\\\/#website\",\"url\":\"https:\\\/\\\/www.cetys.mx\\\/noticias\\\/\",\"name\":\"CETYS\",\"description\":\"\",\"potentialAction\":[{\"@type\":\"SearchAction\",\"target\":{\"@type\":\"EntryPoint\",\"urlTemplate\":\"https:\\\/\\\/www.cetys.mx\\\/noticias\\\/?s={search_term_string}\"},\"query-input\":{\"@type\":\"PropertyValueSpecification\",\"valueRequired\":true,\"valueName\":\"search_term_string\"}}],\"inLanguage\":\"es\"},{\"@type\":\"Person\",\"@id\":\"https:\\\/\\\/www.cetys.mx\\\/noticias\\\/#\\\/schema\\\/person\\\/e790051ce60e18ae47cfa87011c8653f\",\"name\":\"Campus Tijuana\",\"url\":\"https:\\\/\\\/www.cetys.mx\\\/noticias\\\/author\\\/campustijuana\\\/\"}]}<\/script>\n<!-- \/ Yoast SEO plugin. -->","yoast_head_json":{"title":"Me voy de CETYS muy agradecido, fueron 3 a\u00f1os maravillosos: Yasutaka Sanay - CETYS","description":"Articulo sobre Me voy de CETYS muy agradecido, fueron 3 a\u00f1os maravillosos: Yasutaka Sanay","robots":{"index":"index","follow":"follow","max-snippet":"max-snippet:-1","max-image-preview":"max-image-preview:large","max-video-preview":"max-video-preview:-1"},"canonical":"https:\/\/www.cetys.mx\/noticias\/mevoy-agradecido-cetys-sanay\/","og_locale":"es_MX","og_type":"article","og_title":"Me voy de CETYS muy agradecido, fueron 3 a\u00f1os maravillosos: Yasutaka Sanay - CETYS","og_description":"Articulo sobre Me voy de CETYS muy agradecido, fueron 3 a\u00f1os maravillosos: Yasutaka Sanay","og_url":"https:\/\/www.cetys.mx\/noticias\/mevoy-agradecido-cetys-sanay\/","og_site_name":"CETYS","article_publisher":"https:\/\/www.facebook.com\/cetysuniversidadmxl\/","article_published_time":"2019-08-15T23:12:59+00:00","article_modified_time":"2019-08-15T23:22:26+00:00","og_image":[{"width":956,"height":637,"url":"https:\/\/www.cetys.mx\/noticias\/wp-content\/uploads\/2019\/08\/image00318-e1565898466672.jpg","type":"image\/jpeg"}],"author":"Campus Tijuana","twitter_card":"summary_large_image","twitter_creator":"@cetysuni","twitter_site":"@cetysuni","twitter_misc":{"Escrito por":"Campus Tijuana","Tiempo de lectura":"3 minutos"},"schema":{"@context":"https:\/\/schema.org","@graph":[{"@type":"Article","@id":"https:\/\/www.cetys.mx\/noticias\/mevoy-agradecido-cetys-sanay\/#article","isPartOf":{"@id":"https:\/\/www.cetys.mx\/noticias\/mevoy-agradecido-cetys-sanay\/"},"author":{"name":"Campus Tijuana","@id":"https:\/\/www.cetys.mx\/noticias\/#\/schema\/person\/e790051ce60e18ae47cfa87011c8653f"},"headline":"Me voy de CETYS muy agradecido, fueron 3 a\u00f1os maravillosos: Yasutaka Sanay","datePublished":"2019-08-15T23:12:59+00:00","dateModified":"2019-08-15T23:22:26+00:00","mainEntityOfPage":{"@id":"https:\/\/www.cetys.mx\/noticias\/mevoy-agradecido-cetys-sanay\/"},"wordCount":520,"commentCount":0,"image":{"@id":"https:\/\/www.cetys.mx\/noticias\/mevoy-agradecido-cetys-sanay\/#primaryimage"},"thumbnailUrl":"https:\/\/www.cetys.mx\/noticias\/wp-content\/uploads\/2019\/08\/image00318-e1565898466672.jpg","keywords":["#orgulloCETYS","Deportes","voleibol"],"articleSection":["Campus Tijuana","Deportes","Portada","VoCETYS"],"inLanguage":"es","potentialAction":[{"@type":"CommentAction","name":"Comment","target":["https:\/\/www.cetys.mx\/noticias\/mevoy-agradecido-cetys-sanay\/#respond"]}]},{"@type":"WebPage","@id":"https:\/\/www.cetys.mx\/noticias\/mevoy-agradecido-cetys-sanay\/","url":"https:\/\/www.cetys.mx\/noticias\/mevoy-agradecido-cetys-sanay\/","name":"Me voy de CETYS muy agradecido, fueron 3 a\u00f1os maravillosos: Yasutaka Sanay - CETYS","isPartOf":{"@id":"https:\/\/www.cetys.mx\/noticias\/#website"},"primaryImageOfPage":{"@id":"https:\/\/www.cetys.mx\/noticias\/mevoy-agradecido-cetys-sanay\/#primaryimage"},"image":{"@id":"https:\/\/www.cetys.mx\/noticias\/mevoy-agradecido-cetys-sanay\/#primaryimage"},"thumbnailUrl":"https:\/\/www.cetys.mx\/noticias\/wp-content\/uploads\/2019\/08\/image00318-e1565898466672.jpg","datePublished":"2019-08-15T23:12:59+00:00","dateModified":"2019-08-15T23:22:26+00:00","author":{"@id":"https:\/\/www.cetys.mx\/noticias\/#\/schema\/person\/e790051ce60e18ae47cfa87011c8653f"},"description":"Articulo sobre Me voy de CETYS muy agradecido, fueron 3 a\u00f1os maravillosos: Yasutaka Sanay","breadcrumb":{"@id":"https:\/\/www.cetys.mx\/noticias\/mevoy-agradecido-cetys-sanay\/#breadcrumb"},"inLanguage":"es","potentialAction":[{"@type":"ReadAction","target":["https:\/\/www.cetys.mx\/noticias\/mevoy-agradecido-cetys-sanay\/"]}]},{"@type":"ImageObject","inLanguage":"es","@id":"https:\/\/www.cetys.mx\/noticias\/mevoy-agradecido-cetys-sanay\/#primaryimage","url":"https:\/\/www.cetys.mx\/noticias\/wp-content\/uploads\/2019\/08\/image00318-e1565898466672.jpg","contentUrl":"https:\/\/www.cetys.mx\/noticias\/wp-content\/uploads\/2019\/08\/image00318-e1565898466672.jpg","width":956,"height":637},{"@type":"BreadcrumbList","@id":"https:\/\/www.cetys.mx\/noticias\/mevoy-agradecido-cetys-sanay\/#breadcrumb","itemListElement":[{"@type":"ListItem","position":1,"name":"Inicio","item":"https:\/\/www.cetys.mx\/noticias\/"},{"@type":"ListItem","position":2,"name":"Me voy de CETYS muy agradecido, fueron 3 a\u00f1os maravillosos: Yasutaka Sanay"}]},{"@type":"WebSite","@id":"https:\/\/www.cetys.mx\/noticias\/#website","url":"https:\/\/www.cetys.mx\/noticias\/","name":"CETYS","description":"","potentialAction":[{"@type":"SearchAction","target":{"@type":"EntryPoint","urlTemplate":"https:\/\/www.cetys.mx\/noticias\/?s={search_term_string}"},"query-input":{"@type":"PropertyValueSpecification","valueRequired":true,"valueName":"search_term_string"}}],"inLanguage":"es"},{"@type":"Person","@id":"https:\/\/www.cetys.mx\/noticias\/#\/schema\/person\/e790051ce60e18ae47cfa87011c8653f","name":"Campus Tijuana","url":"https:\/\/www.cetys.mx\/noticias\/author\/campustijuana\/"}]}},"_links":{"self":[{"href":"https:\/\/www.cetys.mx\/noticias\/wp-json\/wp\/v2\/posts\/133330","targetHints":{"allow":["GET"]}}],"collection":[{"href":"https:\/\/www.cetys.mx\/noticias\/wp-json\/wp\/v2\/posts"}],"about":[{"href":"https:\/\/www.cetys.mx\/noticias\/wp-json\/wp\/v2\/types\/post"}],"author":[{"embeddable":true,"href":"https:\/\/www.cetys.mx\/noticias\/wp-json\/wp\/v2\/users\/24"}],"replies":[{"embeddable":true,"href":"https:\/\/www.cetys.mx\/noticias\/wp-json\/wp\/v2\/comments?post=133330"}],"version-history":[{"count":0,"href":"https:\/\/www.cetys.mx\/noticias\/wp-json\/wp\/v2\/posts\/133330\/revisions"}],"wp:featuredmedia":[{"embeddable":true,"href":"https:\/\/www.cetys.mx\/noticias\/wp-json\/wp\/v2\/media\/133331"}],"wp:attachment":[{"href":"https:\/\/www.cetys.mx\/noticias\/wp-json\/wp\/v2\/media?parent=133330"}],"wp:term":[{"taxonomy":"category","embeddable":true,"href":"https:\/\/www.cetys.mx\/noticias\/wp-json\/wp\/v2\/categories?post=133330"},{"taxonomy":"post_tag","embeddable":true,"href":"https:\/\/www.cetys.mx\/noticias\/wp-json\/wp\/v2\/tags?post=133330"}],"curies":[{"name":"wp","href":"https:\/\/api.w.org\/{rel}","templated":true}]}}