{"id":133306,"date":"2019-08-15T09:39:11","date_gmt":"2019-08-15T16:39:11","guid":{"rendered":"https:\/\/www.cetys.mx\/noticias\/?p=133306"},"modified":"2019-08-20T12:32:06","modified_gmt":"2019-08-20T19:32:06","slug":"kevin-barak-listo-y-motivado-para-los-juegos-de-futbol-americano","status":"publish","type":"post","link":"https:\/\/www.cetys.mx\/noticias\/kevin-barak-listo-y-motivado-para-los-juegos-de-futbol-americano\/","title":{"rendered":"Kevin Barak, listo y motivado para los juegos de Futbol Americano"},"content":{"rendered":"<p style=\"text-align: justify;\">Con la motivaci\u00f3n en todo lo alto y con tremendas ganar de iniciar el calendario de juegos, se encuentra el mariscal de campo de Zorros de CETYS Universidad, Kevin Barak Borboa, a diez d\u00edas de su primer juego de pretemporada ante Borregos del ITESM campus Guadalajara.<\/p>\n<div id=\"attachment_133307\" style=\"width: 1928px\" class=\"wp-caption alignnone\"><img loading=\"lazy\" decoding=\"async\" aria-describedby=\"caption-attachment-133307\" class=\"size-full wp-image-133307\" src=\"https:\/\/www.cetys.mx\/noticias\/wp-content\/uploads\/2019\/08\/06_Barak_Burboa.jpg\" alt=\"\" width=\"1918\" height=\"2884\" srcset=\"https:\/\/www.cetys.mx\/noticias\/wp-content\/uploads\/2019\/08\/06_Barak_Burboa.jpg 1918w, https:\/\/www.cetys.mx\/noticias\/wp-content\/uploads\/2019\/08\/06_Barak_Burboa-768x1155.jpg 768w\" sizes=\"auto, (max-width: 1918px) 100vw, 1918px\" \/><p id=\"caption-attachment-133307\" class=\"wp-caption-text\">La posici\u00f3n de Kevin Barak dentro del equipo es de Quarterback.<\/p><\/div>\n<p style=\"text-align: justify;\">Quien es uno de los capitanes del equipo que dirige el Head Coach Luis Cervantes, dijo que jugar futbol americano es una actividad que ama y que dicho sentimiento crece conforme se acerca una nueva temporada.<\/p>\n<p style=\"text-align: justify;\">\u201cMotivado en el aspecto de que ya soy de los veteranos del equipo y siento que como veteranos tenemos que marcar el ritmo del equipo, no solo yo, sino tambi\u00e9n mis compa\u00f1eros de equipo en las diferentes posiciones\u201d, detall\u00f3 el quarterback de Zorros.<\/p>\n<p style=\"text-align: justify;\">Para Kevin el contar con m\u00e1s experiencia le brinda cierta comodidad, pues mira las cosas con m\u00e1s claridad y se le facilita el entendimiento del juego.<\/p>\n<p style=\"text-align: justify;\">A lo que a\u00f1adi\u00f3, \u201cCon el equipo, me siento muy c\u00f3modo debido a la relaci\u00f3n que hemos estado formando, los novatos est\u00e1n llenos de energ\u00eda y los veteranos con toda la disponibilidad de ayudarlos a crecer y de esa manera crecer todos como equipo\u201d.<\/p>\n<p style=\"text-align: justify;\">Respecto a la expectativa de CETYS de cara a la nueva campa\u00f1a, Barak Borboa coincide con el sentir de sus coaches y compa\u00f1eros, \u201cganar el tricampeonato\u201d.<\/p>\n<p style=\"text-align: justify;\">\u201cTambi\u00e9n demostrar que como equipo e instituci\u00f3n podemos competir con los grandes y en un futuro muy cercano, estar dentro de las mejores escuelas y equipos a nivel nacional, dejar en claro el nivel de competencia que los Zorros tenemos\u201d, recalc\u00f3.<\/p>\n<p style=\"text-align: justify;\">Zorros de CETYS tendr\u00e1n el s\u00e1bado 24 de agosto su primer juego de pretemporada, ser\u00e1 en la capital jalisciense ante Borregos, una semana despu\u00e9s recibir\u00e1n en su madriguera a Leopards of La Verne University (Los \u00c1ngeles, California) y el 7 de septiembre visitar\u00e1n a Tigers of Occidental College -OXY- (Los \u00c1ngeles, California).<\/p>\n<p style=\"text-align: justify;\">Sobre estos importantes compromisos, el mariscal de campo extern\u00f3; \u201ctenemos que dar de hablar, hay muchos ojos puestos en los Zorros y m\u00e1s que nada, hay muchas personas que hablar\u00e1n o simplemente callar\u00e1n\u201d.<\/p>\n<p style=\"text-align: justify;\">Describi\u00f3 a Borregos Guadalajara como un equipo muy compacto, por lo que espera un buen juego ante ellos. Respecto a los juegos internacionales, apunt\u00f3 que los equipos californianos brindar\u00e1n una oportunidad para probarse como equipo e individualmente.<\/p>\n<p style=\"text-align: justify;\">\u201cDebemos demostrar que podemos competir y m\u00e1s que nada, decir que CETYS est\u00e1 presente y tiene recursos y piezas con las cuales participar. No queda m\u00e1s que decir que seguramente se disfrutar\u00e1n esos juegos y creceremos con ellos\u201d, puntualiz\u00f3.<\/p>\n<p style=\"text-align: justify;\"><a href=\"https:\/\/www.facebook.com\/barak201596\">\u00a0<\/a><\/p>\n","protected":false},"excerpt":{"rendered":"<p>Con la motivaci\u00f3n en todo lo alto y con tremendas ganar de iniciar el calendario de juegos, se encuentra el mariscal de&#8230;<\/p>\n","protected":false},"author":26,"featured_media":133310,"comment_status":"open","ping_status":"closed","sticky":false,"template":"","format":"standard","meta":{"footnotes":""},"categories":[312,125,299,105,313],"tags":[3171,933,3726,3774,3781,1523],"class_list":["post-133306","post","type-post","status-publish","format-standard","has-post-thumbnail","hentry","category-deportes","category-portada","category-sistema","category-vida-estudiantil","category-vocetys-2","tag-bicampeones","tag-futbol-americano","tag-temporada-2019","tag-tricampeonato","tag-vocetys-2019-08-20","tag-zorros-del-cetys"],"yoast_head":"<!-- This site is optimized with the Yoast SEO plugin v27.4 - https:\/\/yoast.com\/product\/yoast-seo-wordpress\/ -->\n<title>Kevin Barak, listo y motivado para los juegos de Futbol Americano - CETYS<\/title>\n<meta name=\"description\" content=\"Articulo sobre Kevin Barak, listo y motivado para los juegos de Futbol Americano\" \/>\n<meta name=\"robots\" content=\"index, follow, max-snippet:-1, max-image-preview:large, max-video-preview:-1\" \/>\n<link rel=\"canonical\" href=\"https:\/\/www.cetys.mx\/noticias\/kevin-barak-listo-y-motivado-para-los-juegos-de-futbol-americano\/\" \/>\n<meta property=\"og:locale\" content=\"es_MX\" \/>\n<meta property=\"og:type\" content=\"article\" \/>\n<meta property=\"og:title\" content=\"Kevin Barak, listo y motivado para los juegos de Futbol Americano - CETYS\" \/>\n<meta property=\"og:description\" content=\"Articulo sobre Kevin Barak, listo y motivado para los juegos de Futbol Americano\" \/>\n<meta property=\"og:url\" content=\"https:\/\/www.cetys.mx\/noticias\/kevin-barak-listo-y-motivado-para-los-juegos-de-futbol-americano\/\" \/>\n<meta property=\"og:site_name\" content=\"CETYS\" \/>\n<meta property=\"article:publisher\" content=\"https:\/\/www.facebook.com\/cetysuniversidadmxl\/\" \/>\n<meta property=\"article:published_time\" content=\"2019-08-15T16:39:11+00:00\" \/>\n<meta property=\"article:modified_time\" content=\"2019-08-20T19:32:06+00:00\" \/>\n<meta property=\"og:image\" content=\"https:\/\/www.cetys.mx\/noticias\/wp-content\/uploads\/2019\/08\/kevinBarak.jpg\" \/>\n\t<meta property=\"og:image:width\" content=\"890\" \/>\n\t<meta property=\"og:image:height\" content=\"594\" \/>\n\t<meta property=\"og:image:type\" content=\"image\/jpeg\" \/>\n<meta name=\"author\" content=\"CETYS Institucional\" \/>\n<meta name=\"twitter:card\" content=\"summary_large_image\" \/>\n<meta name=\"twitter:creator\" content=\"@cetysuni\" \/>\n<meta name=\"twitter:site\" content=\"@cetysuni\" \/>\n<meta name=\"twitter:label1\" content=\"Escrito por\" \/>\n\t<meta name=\"twitter:data1\" content=\"CETYS Institucional\" \/>\n\t<meta name=\"twitter:label2\" content=\"Tiempo de lectura\" \/>\n\t<meta name=\"twitter:data2\" content=\"2 minutos\" \/>\n<script type=\"application\/ld+json\" class=\"yoast-schema-graph\">{\"@context\":\"https:\\\/\\\/schema.org\",\"@graph\":[{\"@type\":\"Article\",\"@id\":\"https:\\\/\\\/www.cetys.mx\\\/noticias\\\/kevin-barak-listo-y-motivado-para-los-juegos-de-futbol-americano\\\/#article\",\"isPartOf\":{\"@id\":\"https:\\\/\\\/www.cetys.mx\\\/noticias\\\/kevin-barak-listo-y-motivado-para-los-juegos-de-futbol-americano\\\/\"},\"author\":{\"name\":\"CETYS Institucional\",\"@id\":\"https:\\\/\\\/www.cetys.mx\\\/noticias\\\/#\\\/schema\\\/person\\\/e9d2b35265b64aa454df57a2828eb2ac\"},\"headline\":\"Kevin Barak, listo y motivado para los juegos de Futbol Americano\",\"datePublished\":\"2019-08-15T16:39:11+00:00\",\"dateModified\":\"2019-08-20T19:32:06+00:00\",\"mainEntityOfPage\":{\"@id\":\"https:\\\/\\\/www.cetys.mx\\\/noticias\\\/kevin-barak-listo-y-motivado-para-los-juegos-de-futbol-americano\\\/\"},\"wordCount\":478,\"commentCount\":0,\"image\":{\"@id\":\"https:\\\/\\\/www.cetys.mx\\\/noticias\\\/kevin-barak-listo-y-motivado-para-los-juegos-de-futbol-americano\\\/#primaryimage\"},\"thumbnailUrl\":\"https:\\\/\\\/www.cetys.mx\\\/noticias\\\/wp-content\\\/uploads\\\/2019\\\/08\\\/kevinBarak.jpg\",\"keywords\":[\"Bicampeones\",\"Futbol Americano\",\"Temporada 2019\",\"Tricampeonato\",\"vocetys-2019-08-20\",\"zorros del CETYS\"],\"articleSection\":[\"Deportes\",\"Portada\",\"Sistema\",\"Vida Estudiantil\",\"VoCETYS\"],\"inLanguage\":\"es\",\"potentialAction\":[{\"@type\":\"CommentAction\",\"name\":\"Comment\",\"target\":[\"https:\\\/\\\/www.cetys.mx\\\/noticias\\\/kevin-barak-listo-y-motivado-para-los-juegos-de-futbol-americano\\\/#respond\"]}]},{\"@type\":\"WebPage\",\"@id\":\"https:\\\/\\\/www.cetys.mx\\\/noticias\\\/kevin-barak-listo-y-motivado-para-los-juegos-de-futbol-americano\\\/\",\"url\":\"https:\\\/\\\/www.cetys.mx\\\/noticias\\\/kevin-barak-listo-y-motivado-para-los-juegos-de-futbol-americano\\\/\",\"name\":\"Kevin Barak, listo y motivado para los juegos de Futbol Americano - CETYS\",\"isPartOf\":{\"@id\":\"https:\\\/\\\/www.cetys.mx\\\/noticias\\\/#website\"},\"primaryImageOfPage\":{\"@id\":\"https:\\\/\\\/www.cetys.mx\\\/noticias\\\/kevin-barak-listo-y-motivado-para-los-juegos-de-futbol-americano\\\/#primaryimage\"},\"image\":{\"@id\":\"https:\\\/\\\/www.cetys.mx\\\/noticias\\\/kevin-barak-listo-y-motivado-para-los-juegos-de-futbol-americano\\\/#primaryimage\"},\"thumbnailUrl\":\"https:\\\/\\\/www.cetys.mx\\\/noticias\\\/wp-content\\\/uploads\\\/2019\\\/08\\\/kevinBarak.jpg\",\"datePublished\":\"2019-08-15T16:39:11+00:00\",\"dateModified\":\"2019-08-20T19:32:06+00:00\",\"author\":{\"@id\":\"https:\\\/\\\/www.cetys.mx\\\/noticias\\\/#\\\/schema\\\/person\\\/e9d2b35265b64aa454df57a2828eb2ac\"},\"description\":\"Articulo sobre Kevin Barak, listo y motivado para los juegos de Futbol Americano\",\"breadcrumb\":{\"@id\":\"https:\\\/\\\/www.cetys.mx\\\/noticias\\\/kevin-barak-listo-y-motivado-para-los-juegos-de-futbol-americano\\\/#breadcrumb\"},\"inLanguage\":\"es\",\"potentialAction\":[{\"@type\":\"ReadAction\",\"target\":[\"https:\\\/\\\/www.cetys.mx\\\/noticias\\\/kevin-barak-listo-y-motivado-para-los-juegos-de-futbol-americano\\\/\"]}]},{\"@type\":\"ImageObject\",\"inLanguage\":\"es\",\"@id\":\"https:\\\/\\\/www.cetys.mx\\\/noticias\\\/kevin-barak-listo-y-motivado-para-los-juegos-de-futbol-americano\\\/#primaryimage\",\"url\":\"https:\\\/\\\/www.cetys.mx\\\/noticias\\\/wp-content\\\/uploads\\\/2019\\\/08\\\/kevinBarak.jpg\",\"contentUrl\":\"https:\\\/\\\/www.cetys.mx\\\/noticias\\\/wp-content\\\/uploads\\\/2019\\\/08\\\/kevinBarak.jpg\",\"width\":890,\"height\":594,\"caption\":\"Kevin Barak\"},{\"@type\":\"BreadcrumbList\",\"@id\":\"https:\\\/\\\/www.cetys.mx\\\/noticias\\\/kevin-barak-listo-y-motivado-para-los-juegos-de-futbol-americano\\\/#breadcrumb\",\"itemListElement\":[{\"@type\":\"ListItem\",\"position\":1,\"name\":\"Inicio\",\"item\":\"https:\\\/\\\/www.cetys.mx\\\/noticias\\\/\"},{\"@type\":\"ListItem\",\"position\":2,\"name\":\"Kevin Barak, listo y motivado para los juegos de Futbol Americano\"}]},{\"@type\":\"WebSite\",\"@id\":\"https:\\\/\\\/www.cetys.mx\\\/noticias\\\/#website\",\"url\":\"https:\\\/\\\/www.cetys.mx\\\/noticias\\\/\",\"name\":\"CETYS\",\"description\":\"\",\"potentialAction\":[{\"@type\":\"SearchAction\",\"target\":{\"@type\":\"EntryPoint\",\"urlTemplate\":\"https:\\\/\\\/www.cetys.mx\\\/noticias\\\/?s={search_term_string}\"},\"query-input\":{\"@type\":\"PropertyValueSpecification\",\"valueRequired\":true,\"valueName\":\"search_term_string\"}}],\"inLanguage\":\"es\"},{\"@type\":\"Person\",\"@id\":\"https:\\\/\\\/www.cetys.mx\\\/noticias\\\/#\\\/schema\\\/person\\\/e9d2b35265b64aa454df57a2828eb2ac\",\"name\":\"CETYS Institucional\",\"url\":\"https:\\\/\\\/www.cetys.mx\\\/noticias\\\/author\\\/cetysinstitucional\\\/\"}]}<\/script>\n<!-- \/ Yoast SEO plugin. -->","yoast_head_json":{"title":"Kevin Barak, listo y motivado para los juegos de Futbol Americano - CETYS","description":"Articulo sobre Kevin Barak, listo y motivado para los juegos de Futbol Americano","robots":{"index":"index","follow":"follow","max-snippet":"max-snippet:-1","max-image-preview":"max-image-preview:large","max-video-preview":"max-video-preview:-1"},"canonical":"https:\/\/www.cetys.mx\/noticias\/kevin-barak-listo-y-motivado-para-los-juegos-de-futbol-americano\/","og_locale":"es_MX","og_type":"article","og_title":"Kevin Barak, listo y motivado para los juegos de Futbol Americano - CETYS","og_description":"Articulo sobre Kevin Barak, listo y motivado para los juegos de Futbol Americano","og_url":"https:\/\/www.cetys.mx\/noticias\/kevin-barak-listo-y-motivado-para-los-juegos-de-futbol-americano\/","og_site_name":"CETYS","article_publisher":"https:\/\/www.facebook.com\/cetysuniversidadmxl\/","article_published_time":"2019-08-15T16:39:11+00:00","article_modified_time":"2019-08-20T19:32:06+00:00","og_image":[{"width":890,"height":594,"url":"https:\/\/www.cetys.mx\/noticias\/wp-content\/uploads\/2019\/08\/kevinBarak.jpg","type":"image\/jpeg"}],"author":"CETYS Institucional","twitter_card":"summary_large_image","twitter_creator":"@cetysuni","twitter_site":"@cetysuni","twitter_misc":{"Escrito por":"CETYS Institucional","Tiempo de lectura":"2 minutos"},"schema":{"@context":"https:\/\/schema.org","@graph":[{"@type":"Article","@id":"https:\/\/www.cetys.mx\/noticias\/kevin-barak-listo-y-motivado-para-los-juegos-de-futbol-americano\/#article","isPartOf":{"@id":"https:\/\/www.cetys.mx\/noticias\/kevin-barak-listo-y-motivado-para-los-juegos-de-futbol-americano\/"},"author":{"name":"CETYS Institucional","@id":"https:\/\/www.cetys.mx\/noticias\/#\/schema\/person\/e9d2b35265b64aa454df57a2828eb2ac"},"headline":"Kevin Barak, listo y motivado para los juegos de Futbol Americano","datePublished":"2019-08-15T16:39:11+00:00","dateModified":"2019-08-20T19:32:06+00:00","mainEntityOfPage":{"@id":"https:\/\/www.cetys.mx\/noticias\/kevin-barak-listo-y-motivado-para-los-juegos-de-futbol-americano\/"},"wordCount":478,"commentCount":0,"image":{"@id":"https:\/\/www.cetys.mx\/noticias\/kevin-barak-listo-y-motivado-para-los-juegos-de-futbol-americano\/#primaryimage"},"thumbnailUrl":"https:\/\/www.cetys.mx\/noticias\/wp-content\/uploads\/2019\/08\/kevinBarak.jpg","keywords":["Bicampeones","Futbol Americano","Temporada 2019","Tricampeonato","vocetys-2019-08-20","zorros del CETYS"],"articleSection":["Deportes","Portada","Sistema","Vida Estudiantil","VoCETYS"],"inLanguage":"es","potentialAction":[{"@type":"CommentAction","name":"Comment","target":["https:\/\/www.cetys.mx\/noticias\/kevin-barak-listo-y-motivado-para-los-juegos-de-futbol-americano\/#respond"]}]},{"@type":"WebPage","@id":"https:\/\/www.cetys.mx\/noticias\/kevin-barak-listo-y-motivado-para-los-juegos-de-futbol-americano\/","url":"https:\/\/www.cetys.mx\/noticias\/kevin-barak-listo-y-motivado-para-los-juegos-de-futbol-americano\/","name":"Kevin Barak, listo y motivado para los juegos de Futbol Americano - CETYS","isPartOf":{"@id":"https:\/\/www.cetys.mx\/noticias\/#website"},"primaryImageOfPage":{"@id":"https:\/\/www.cetys.mx\/noticias\/kevin-barak-listo-y-motivado-para-los-juegos-de-futbol-americano\/#primaryimage"},"image":{"@id":"https:\/\/www.cetys.mx\/noticias\/kevin-barak-listo-y-motivado-para-los-juegos-de-futbol-americano\/#primaryimage"},"thumbnailUrl":"https:\/\/www.cetys.mx\/noticias\/wp-content\/uploads\/2019\/08\/kevinBarak.jpg","datePublished":"2019-08-15T16:39:11+00:00","dateModified":"2019-08-20T19:32:06+00:00","author":{"@id":"https:\/\/www.cetys.mx\/noticias\/#\/schema\/person\/e9d2b35265b64aa454df57a2828eb2ac"},"description":"Articulo sobre Kevin Barak, listo y motivado para los juegos de Futbol Americano","breadcrumb":{"@id":"https:\/\/www.cetys.mx\/noticias\/kevin-barak-listo-y-motivado-para-los-juegos-de-futbol-americano\/#breadcrumb"},"inLanguage":"es","potentialAction":[{"@type":"ReadAction","target":["https:\/\/www.cetys.mx\/noticias\/kevin-barak-listo-y-motivado-para-los-juegos-de-futbol-americano\/"]}]},{"@type":"ImageObject","inLanguage":"es","@id":"https:\/\/www.cetys.mx\/noticias\/kevin-barak-listo-y-motivado-para-los-juegos-de-futbol-americano\/#primaryimage","url":"https:\/\/www.cetys.mx\/noticias\/wp-content\/uploads\/2019\/08\/kevinBarak.jpg","contentUrl":"https:\/\/www.cetys.mx\/noticias\/wp-content\/uploads\/2019\/08\/kevinBarak.jpg","width":890,"height":594,"caption":"Kevin Barak"},{"@type":"BreadcrumbList","@id":"https:\/\/www.cetys.mx\/noticias\/kevin-barak-listo-y-motivado-para-los-juegos-de-futbol-americano\/#breadcrumb","itemListElement":[{"@type":"ListItem","position":1,"name":"Inicio","item":"https:\/\/www.cetys.mx\/noticias\/"},{"@type":"ListItem","position":2,"name":"Kevin Barak, listo y motivado para los juegos de Futbol Americano"}]},{"@type":"WebSite","@id":"https:\/\/www.cetys.mx\/noticias\/#website","url":"https:\/\/www.cetys.mx\/noticias\/","name":"CETYS","description":"","potentialAction":[{"@type":"SearchAction","target":{"@type":"EntryPoint","urlTemplate":"https:\/\/www.cetys.mx\/noticias\/?s={search_term_string}"},"query-input":{"@type":"PropertyValueSpecification","valueRequired":true,"valueName":"search_term_string"}}],"inLanguage":"es"},{"@type":"Person","@id":"https:\/\/www.cetys.mx\/noticias\/#\/schema\/person\/e9d2b35265b64aa454df57a2828eb2ac","name":"CETYS Institucional","url":"https:\/\/www.cetys.mx\/noticias\/author\/cetysinstitucional\/"}]}},"_links":{"self":[{"href":"https:\/\/www.cetys.mx\/noticias\/wp-json\/wp\/v2\/posts\/133306","targetHints":{"allow":["GET"]}}],"collection":[{"href":"https:\/\/www.cetys.mx\/noticias\/wp-json\/wp\/v2\/posts"}],"about":[{"href":"https:\/\/www.cetys.mx\/noticias\/wp-json\/wp\/v2\/types\/post"}],"author":[{"embeddable":true,"href":"https:\/\/www.cetys.mx\/noticias\/wp-json\/wp\/v2\/users\/26"}],"replies":[{"embeddable":true,"href":"https:\/\/www.cetys.mx\/noticias\/wp-json\/wp\/v2\/comments?post=133306"}],"version-history":[{"count":0,"href":"https:\/\/www.cetys.mx\/noticias\/wp-json\/wp\/v2\/posts\/133306\/revisions"}],"wp:featuredmedia":[{"embeddable":true,"href":"https:\/\/www.cetys.mx\/noticias\/wp-json\/wp\/v2\/media\/133310"}],"wp:attachment":[{"href":"https:\/\/www.cetys.mx\/noticias\/wp-json\/wp\/v2\/media?parent=133306"}],"wp:term":[{"taxonomy":"category","embeddable":true,"href":"https:\/\/www.cetys.mx\/noticias\/wp-json\/wp\/v2\/categories?post=133306"},{"taxonomy":"post_tag","embeddable":true,"href":"https:\/\/www.cetys.mx\/noticias\/wp-json\/wp\/v2\/tags?post=133306"}],"curies":[{"name":"wp","href":"https:\/\/api.w.org\/{rel}","templated":true}]}}