{"id":133235,"date":"2019-08-13T16:41:07","date_gmt":"2019-08-13T23:41:07","guid":{"rendered":"https:\/\/www.cetys.mx\/noticias\/?p=133235"},"modified":"2019-08-26T10:15:03","modified_gmt":"2019-08-26T17:15:03","slug":"persistencia-y-cambio-de-la-globalizacion-un-libro-de-texto-para-entender-el-mundo-de-la-posglobalizacion","status":"publish","type":"post","link":"https:\/\/www.cetys.mx\/noticias\/persistencia-y-cambio-de-la-globalizacion-un-libro-de-texto-para-entender-el-mundo-de-la-posglobalizacion\/","title":{"rendered":"Persistencia y cambio de la globalizaci\u00f3n: Un libro de texto para entender el mundo de la posglobalizaci\u00f3n"},"content":{"rendered":"<h4 style=\"text-align: justify;\"><span style=\"font-weight: 400;\">En a\u00f1os recientes, maestros de la escuela de Ciencias Sociales y Humanidades de CETYS Universidad, plantearon la idea de editar un libro sobre globalizaci\u00f3n, en donde se explicaran conceptos clave del tema desde diferentes aspectos: econ\u00f3micos, pol\u00edticos, problemas sociales, desarrollo sustentable, conocimiento y tecnolog\u00eda. Fueron H\u00e9ctor Maym\u00ed-Sugra\u00f1es, Heberto Peterson Rodr\u00edguez y Jorge Francisco S\u00e1nchez-Jofras, coordinadores responsables de <\/span><i><span style=\"font-weight: 400;\">Persistencia y cambio de la globalizci\u00f3n: Reflexiones para el siglo XXI<\/span><\/i><span style=\"font-weight: 400;\">.<\/span><\/h4>\n<h4 style=\"text-align: justify;\"><span style=\"font-weight: 400;\">El Dr. Maym\u00ed-Sugra\u00f1es es quien nos relata la importancia de este libro, a trav\u00e9s de tres preguntas clave.<\/span><\/h4>\n<blockquote>\n<p style=\"text-align: justify;\"><b>\u00bfPor qu\u00e9 hacer un libro de texto sobre globalizaci\u00f3n en estos tiempos?<\/b><\/p>\n<\/blockquote>\n<p style=\"text-align: justify;\"><span style=\"font-weight: 400;\">Nos parece que el libro <\/span><i><span style=\"font-weight: 400;\">Persistencia y cambio de la globalizaci\u00f3n: Reflexiones para el siglo XXI<\/span><\/i><span style=\"font-weight: 400;\">, viene a llenar un vac\u00edo de los curr\u00edculos de las universidades y centros de investigaci\u00f3n en las sociedades latinoamericanas. Se puede entender el mismo como un libro de texto. Pero es m\u00e1s que eso. Es una reflexi\u00f3n de personas que vivimos en ambos lados de una de las fronteras m\u00e1s complejas a nivel global. Ya que, en la misma, d\u00eda a d\u00eda se viven todos los temas de la globalizaci\u00f3n. Es por lo cual que lo autores pueden explicar sus puntos de vista, no s\u00f3lo desde la perspectiva acad\u00e9mica, sino desde la misma existencia diaria. Lo cual les da una riqueza a las aportaciones en el mismo.<\/span><\/p>\n<p style=\"text-align: justify;\"><span style=\"font-weight: 400;\">Como tambi\u00e9n, la globalizaci\u00f3n como proceso socioecon\u00f3mico, contin\u00faa. Aunque siempre la globalizaci\u00f3n tiene sus detractores. En la actualidad, desde las perspectivas intelectuales, pol\u00edticas y econ\u00f3micas, hay fuerzas que la rechazan, como tambi\u00e9n plantean un modelo diferente. Si creemos en la apertura de mercado, libre comercio, libre flujo de las personas y las ideas. Como tambi\u00e9n en un sistema donde la libertad de las personas es amplia, desde los aspectos de la convivencia democr\u00e1tica, diversidad \u00e9tnica y cultural, con una libertad amplia de cada persona. Lo anterior nos llama a tener que escribir y discutir los aspectos que entendemos que hay que analizar para consolidar un proceso, que tiene sus aspectos positivos y negativos, pero nunca pensar en detenerlo.<\/span><\/p>\n<blockquote>\n<p style=\"text-align: justify;\"><b>\u00bfA qu\u00e9 se refiere con posglobalizaci\u00f3n?<\/b><\/p>\n<\/blockquote>\n<p style=\"text-align: justify;\"><span style=\"font-weight: 400;\">Entendemos como posglobalizaci\u00f3n a las tendencias y fuerzas que plantean otro tipo de modelo a las caracter\u00edsticas de la globalizaci\u00f3n. Desde principios del siglo XXI, existen movimientos antiglobalizaci\u00f3n que luchan contra lo que ellos entienden est\u00e1 impactando las econom\u00edas nacionales y algunos sectores socioecon\u00f3micos en grupos marginados. Estos movimientos no planteaban un modelo alternativo a la globalizaci\u00f3n.<\/span><\/p>\n<p style=\"text-align: justify;\"><span style=\"font-weight: 400;\">Para contextualizar, luego de los ataques a las Torres Gemelas de Nueva York en el 2001, se ir\u00e1 consolidando como parte de los movimientos antiglobalizaci\u00f3n, pero tambi\u00e9n en otros grupos fuera de los sistemas socioecon\u00f3micos, un discurso alternativo. Para 2008, frente a la Gran Recesi\u00f3n, estos grupos van consolidando su discurso. Donde se plantea un regreso al nacionalismo pol\u00edtico, social y econ\u00f3mico. Contra los libres mercados y comercio. Un planteamiento antimigrantes y xenof\u00f3bicos, junto a tener una clara ideolog\u00eda antidemocr\u00e1tica. Casos como Vladimir Putin, Hugo Ch\u00e1vez, Evo Morales, Rafael Correa, Rodrigo Duterte, entre otros.<\/span><\/p>\n<blockquote>\n<p style=\"text-align: justify;\"><b>\u00bfC\u00f3mo ha cambiado el mundo desde la concepci\u00f3n de este libro y qu\u00e9 nos depara el futuro?<\/b><\/p>\n<\/blockquote>\n<p style=\"text-align: justify;\"><span style=\"font-weight: 400;\">La victoria no esperada de Donald Trump en las elecciones de 2016, en una de las democracias m\u00e1s antiguas y consolidadas a nivel global, representa un gran dilema para las fuerzas de la globalizaci\u00f3n. Ya que Trump demuestra claras tendencias de las fuerzas posglobalizaci\u00f3n, al replantear los tratados de libre comercio y favorecer el nacionalismo econ\u00f3mico. Para M\u00e9xico y la frontera, las pol\u00edticas antimigrantes del presidente de los Estados Unidos, representan un gran reto con respecto a las relaciones entre los dos pa\u00edses. Pero m\u00e1s a\u00fan surgen tendencias xenof\u00f3bicas y antimigrantes por parte de los mexicanos.<\/span><\/p>\n<p style=\"text-align: justify;\"><span style=\"font-weight: 400;\">El futuro entendemos que est\u00e1 totalmente sin un claro camino. Las fuerzas proglobalizaci\u00f3n y posglobalizaci\u00f3n buscan dominar las batallas, por controlar los discursos y los imaginarios de las naciones. Un gran reto es la victoria de pol\u00edticos a distintos puestos electivos con agendas no tan claras. Esas posiciones grises a favor o en contra de los postulados de la globalizaci\u00f3n, hace cada vez m\u00e1s necesario el estudio de lo que representan. Se ha creado una leyenda negra alrededor de la palabra y principios de la globalizaci\u00f3n, se relaciona con el neoliberalismo, homogenizaci\u00f3n de la cultura y el control de los Estados Unidos y Europa del mundo. Esa es la gran misi\u00f3n que buscamos con este libro. Eliminar las visiones maniqueas de la realidad que representa la globalizaci\u00f3n. Entendiendo la misma desde una perspectiva hist\u00f3rica, con sus aciertos y desaciertos.<\/span><\/p>\n<p>&nbsp;<\/p>\n<p style=\"text-align: justify;\"><a href=\"https:\/\/www.cetys.mx\/editorial\/persistencia-y-cambio-de-la-globalizacion\/\"><span style=\"font-weight: 400;\">Persistencia y cambio de la globalizaci\u00f3n: Reflexiones para el siglo XXI<\/span><\/a><span style=\"font-weight: 400;\">, editado por el Programa Editorial de CETYS Universidad, est\u00e1 disponible en las librer\u00edas y bibliotecas del CETYS, as\u00ed como en la tienda Kindle de Amazon.<\/span><\/p>\n","protected":false},"excerpt":{"rendered":"<p>En a\u00f1os recientes, maestros de la escuela de Ciencias Sociales y Humanidades de CETYS Universidad, plantearon la idea de editar un libro&#8230;<\/p>\n","protected":false},"author":26,"featured_media":133236,"comment_status":"open","ping_status":"closed","sticky":false,"template":"","format":"standard","meta":{"footnotes":""},"categories":[1],"tags":[1562],"class_list":["post-133235","post","type-post","status-publish","format-standard","has-post-thumbnail","hentry","category-uncategorized","tag-programa-editorial"],"yoast_head":"<!-- This site is optimized with the Yoast SEO plugin v27.4 - https:\/\/yoast.com\/product\/yoast-seo-wordpress\/ -->\n<title>Persistencia y cambio de la globalizaci\u00f3n: Un libro de texto para entender el mundo de la posglobalizaci\u00f3n - CETYS<\/title>\n<meta name=\"description\" content=\"Articulo sobre Persistencia y cambio de la globalizaci\u00f3n: Un libro de texto para entender el mundo de la posglobalizaci\u00f3n\" \/>\n<meta name=\"robots\" content=\"index, follow, max-snippet:-1, max-image-preview:large, max-video-preview:-1\" \/>\n<link rel=\"canonical\" href=\"https:\/\/www.cetys.mx\/noticias\/persistencia-y-cambio-de-la-globalizacion-un-libro-de-texto-para-entender-el-mundo-de-la-posglobalizacion\/\" \/>\n<meta property=\"og:locale\" content=\"es_MX\" \/>\n<meta property=\"og:type\" content=\"article\" \/>\n<meta property=\"og:title\" content=\"Persistencia y cambio de la globalizaci\u00f3n: Un libro de texto para entender el mundo de la posglobalizaci\u00f3n - CETYS\" \/>\n<meta property=\"og:description\" content=\"Articulo sobre Persistencia y cambio de la globalizaci\u00f3n: Un libro de texto para entender el mundo de la posglobalizaci\u00f3n\" \/>\n<meta property=\"og:url\" content=\"https:\/\/www.cetys.mx\/noticias\/persistencia-y-cambio-de-la-globalizacion-un-libro-de-texto-para-entender-el-mundo-de-la-posglobalizacion\/\" \/>\n<meta property=\"og:site_name\" content=\"CETYS\" \/>\n<meta property=\"article:publisher\" content=\"https:\/\/www.facebook.com\/cetysuniversidadmxl\/\" \/>\n<meta property=\"article:published_time\" content=\"2019-08-13T23:41:07+00:00\" \/>\n<meta property=\"article:modified_time\" content=\"2019-08-26T17:15:03+00:00\" \/>\n<meta property=\"og:image\" content=\"https:\/\/www.cetys.mx\/noticias\/wp-content\/uploads\/2019\/08\/globalizacio\u0301n_web_cetys.jpg\" \/>\n\t<meta property=\"og:image:width\" content=\"950\" \/>\n\t<meta property=\"og:image:height\" content=\"450\" \/>\n\t<meta property=\"og:image:type\" content=\"image\/jpeg\" \/>\n<meta name=\"author\" content=\"CETYS Institucional\" \/>\n<meta name=\"twitter:card\" content=\"summary_large_image\" \/>\n<meta name=\"twitter:creator\" content=\"@cetysuni\" \/>\n<meta name=\"twitter:site\" content=\"@cetysuni\" \/>\n<meta name=\"twitter:label1\" content=\"Escrito por\" \/>\n\t<meta name=\"twitter:data1\" content=\"CETYS Institucional\" \/>\n\t<meta name=\"twitter:label2\" content=\"Tiempo de lectura\" \/>\n\t<meta name=\"twitter:data2\" content=\"4 minutos\" \/>\n<script type=\"application\/ld+json\" class=\"yoast-schema-graph\">{\"@context\":\"https:\\\/\\\/schema.org\",\"@graph\":[{\"@type\":\"Article\",\"@id\":\"https:\\\/\\\/www.cetys.mx\\\/noticias\\\/persistencia-y-cambio-de-la-globalizacion-un-libro-de-texto-para-entender-el-mundo-de-la-posglobalizacion\\\/#article\",\"isPartOf\":{\"@id\":\"https:\\\/\\\/www.cetys.mx\\\/noticias\\\/persistencia-y-cambio-de-la-globalizacion-un-libro-de-texto-para-entender-el-mundo-de-la-posglobalizacion\\\/\"},\"author\":{\"name\":\"CETYS Institucional\",\"@id\":\"https:\\\/\\\/www.cetys.mx\\\/noticias\\\/#\\\/schema\\\/person\\\/e9d2b35265b64aa454df57a2828eb2ac\"},\"headline\":\"Persistencia y cambio de la globalizaci\u00f3n: Un libro de texto para entender el mundo de la posglobalizaci\u00f3n\",\"datePublished\":\"2019-08-13T23:41:07+00:00\",\"dateModified\":\"2019-08-26T17:15:03+00:00\",\"mainEntityOfPage\":{\"@id\":\"https:\\\/\\\/www.cetys.mx\\\/noticias\\\/persistencia-y-cambio-de-la-globalizacion-un-libro-de-texto-para-entender-el-mundo-de-la-posglobalizacion\\\/\"},\"wordCount\":880,\"commentCount\":0,\"image\":{\"@id\":\"https:\\\/\\\/www.cetys.mx\\\/noticias\\\/persistencia-y-cambio-de-la-globalizacion-un-libro-de-texto-para-entender-el-mundo-de-la-posglobalizacion\\\/#primaryimage\"},\"thumbnailUrl\":\"https:\\\/\\\/www.cetys.mx\\\/noticias\\\/wp-content\\\/uploads\\\/2019\\\/08\\\/globalizacio\u0301n_web_cetys.jpg\",\"keywords\":[\"programa editorial\"],\"articleSection\":[\"Uncategorized\"],\"inLanguage\":\"es\",\"potentialAction\":[{\"@type\":\"CommentAction\",\"name\":\"Comment\",\"target\":[\"https:\\\/\\\/www.cetys.mx\\\/noticias\\\/persistencia-y-cambio-de-la-globalizacion-un-libro-de-texto-para-entender-el-mundo-de-la-posglobalizacion\\\/#respond\"]}]},{\"@type\":\"WebPage\",\"@id\":\"https:\\\/\\\/www.cetys.mx\\\/noticias\\\/persistencia-y-cambio-de-la-globalizacion-un-libro-de-texto-para-entender-el-mundo-de-la-posglobalizacion\\\/\",\"url\":\"https:\\\/\\\/www.cetys.mx\\\/noticias\\\/persistencia-y-cambio-de-la-globalizacion-un-libro-de-texto-para-entender-el-mundo-de-la-posglobalizacion\\\/\",\"name\":\"Persistencia y cambio de la globalizaci\u00f3n: Un libro de texto para entender el mundo de la posglobalizaci\u00f3n - CETYS\",\"isPartOf\":{\"@id\":\"https:\\\/\\\/www.cetys.mx\\\/noticias\\\/#website\"},\"primaryImageOfPage\":{\"@id\":\"https:\\\/\\\/www.cetys.mx\\\/noticias\\\/persistencia-y-cambio-de-la-globalizacion-un-libro-de-texto-para-entender-el-mundo-de-la-posglobalizacion\\\/#primaryimage\"},\"image\":{\"@id\":\"https:\\\/\\\/www.cetys.mx\\\/noticias\\\/persistencia-y-cambio-de-la-globalizacion-un-libro-de-texto-para-entender-el-mundo-de-la-posglobalizacion\\\/#primaryimage\"},\"thumbnailUrl\":\"https:\\\/\\\/www.cetys.mx\\\/noticias\\\/wp-content\\\/uploads\\\/2019\\\/08\\\/globalizacio\u0301n_web_cetys.jpg\",\"datePublished\":\"2019-08-13T23:41:07+00:00\",\"dateModified\":\"2019-08-26T17:15:03+00:00\",\"author\":{\"@id\":\"https:\\\/\\\/www.cetys.mx\\\/noticias\\\/#\\\/schema\\\/person\\\/e9d2b35265b64aa454df57a2828eb2ac\"},\"description\":\"Articulo sobre Persistencia y cambio de la globalizaci\u00f3n: Un libro de texto para entender el mundo de la posglobalizaci\u00f3n\",\"breadcrumb\":{\"@id\":\"https:\\\/\\\/www.cetys.mx\\\/noticias\\\/persistencia-y-cambio-de-la-globalizacion-un-libro-de-texto-para-entender-el-mundo-de-la-posglobalizacion\\\/#breadcrumb\"},\"inLanguage\":\"es\",\"potentialAction\":[{\"@type\":\"ReadAction\",\"target\":[\"https:\\\/\\\/www.cetys.mx\\\/noticias\\\/persistencia-y-cambio-de-la-globalizacion-un-libro-de-texto-para-entender-el-mundo-de-la-posglobalizacion\\\/\"]}]},{\"@type\":\"ImageObject\",\"inLanguage\":\"es\",\"@id\":\"https:\\\/\\\/www.cetys.mx\\\/noticias\\\/persistencia-y-cambio-de-la-globalizacion-un-libro-de-texto-para-entender-el-mundo-de-la-posglobalizacion\\\/#primaryimage\",\"url\":\"https:\\\/\\\/www.cetys.mx\\\/noticias\\\/wp-content\\\/uploads\\\/2019\\\/08\\\/globalizacio\u0301n_web_cetys.jpg\",\"contentUrl\":\"https:\\\/\\\/www.cetys.mx\\\/noticias\\\/wp-content\\\/uploads\\\/2019\\\/08\\\/globalizacio\u0301n_web_cetys.jpg\",\"width\":950,\"height\":450},{\"@type\":\"BreadcrumbList\",\"@id\":\"https:\\\/\\\/www.cetys.mx\\\/noticias\\\/persistencia-y-cambio-de-la-globalizacion-un-libro-de-texto-para-entender-el-mundo-de-la-posglobalizacion\\\/#breadcrumb\",\"itemListElement\":[{\"@type\":\"ListItem\",\"position\":1,\"name\":\"Inicio\",\"item\":\"https:\\\/\\\/www.cetys.mx\\\/noticias\\\/\"},{\"@type\":\"ListItem\",\"position\":2,\"name\":\"Persistencia y cambio de la globalizaci\u00f3n: Un libro de texto para entender el mundo de la posglobalizaci\u00f3n\"}]},{\"@type\":\"WebSite\",\"@id\":\"https:\\\/\\\/www.cetys.mx\\\/noticias\\\/#website\",\"url\":\"https:\\\/\\\/www.cetys.mx\\\/noticias\\\/\",\"name\":\"CETYS\",\"description\":\"\",\"potentialAction\":[{\"@type\":\"SearchAction\",\"target\":{\"@type\":\"EntryPoint\",\"urlTemplate\":\"https:\\\/\\\/www.cetys.mx\\\/noticias\\\/?s={search_term_string}\"},\"query-input\":{\"@type\":\"PropertyValueSpecification\",\"valueRequired\":true,\"valueName\":\"search_term_string\"}}],\"inLanguage\":\"es\"},{\"@type\":\"Person\",\"@id\":\"https:\\\/\\\/www.cetys.mx\\\/noticias\\\/#\\\/schema\\\/person\\\/e9d2b35265b64aa454df57a2828eb2ac\",\"name\":\"CETYS Institucional\",\"url\":\"https:\\\/\\\/www.cetys.mx\\\/noticias\\\/author\\\/cetysinstitucional\\\/\"}]}<\/script>\n<!-- \/ Yoast SEO plugin. -->","yoast_head_json":{"title":"Persistencia y cambio de la globalizaci\u00f3n: Un libro de texto para entender el mundo de la posglobalizaci\u00f3n - CETYS","description":"Articulo sobre Persistencia y cambio de la globalizaci\u00f3n: Un libro de texto para entender el mundo de la posglobalizaci\u00f3n","robots":{"index":"index","follow":"follow","max-snippet":"max-snippet:-1","max-image-preview":"max-image-preview:large","max-video-preview":"max-video-preview:-1"},"canonical":"https:\/\/www.cetys.mx\/noticias\/persistencia-y-cambio-de-la-globalizacion-un-libro-de-texto-para-entender-el-mundo-de-la-posglobalizacion\/","og_locale":"es_MX","og_type":"article","og_title":"Persistencia y cambio de la globalizaci\u00f3n: Un libro de texto para entender el mundo de la posglobalizaci\u00f3n - CETYS","og_description":"Articulo sobre Persistencia y cambio de la globalizaci\u00f3n: Un libro de texto para entender el mundo de la posglobalizaci\u00f3n","og_url":"https:\/\/www.cetys.mx\/noticias\/persistencia-y-cambio-de-la-globalizacion-un-libro-de-texto-para-entender-el-mundo-de-la-posglobalizacion\/","og_site_name":"CETYS","article_publisher":"https:\/\/www.facebook.com\/cetysuniversidadmxl\/","article_published_time":"2019-08-13T23:41:07+00:00","article_modified_time":"2019-08-26T17:15:03+00:00","og_image":[{"width":950,"height":450,"url":"https:\/\/www.cetys.mx\/noticias\/wp-content\/uploads\/2019\/08\/globalizacio\u0301n_web_cetys.jpg","type":"image\/jpeg"}],"author":"CETYS Institucional","twitter_card":"summary_large_image","twitter_creator":"@cetysuni","twitter_site":"@cetysuni","twitter_misc":{"Escrito por":"CETYS Institucional","Tiempo de lectura":"4 minutos"},"schema":{"@context":"https:\/\/schema.org","@graph":[{"@type":"Article","@id":"https:\/\/www.cetys.mx\/noticias\/persistencia-y-cambio-de-la-globalizacion-un-libro-de-texto-para-entender-el-mundo-de-la-posglobalizacion\/#article","isPartOf":{"@id":"https:\/\/www.cetys.mx\/noticias\/persistencia-y-cambio-de-la-globalizacion-un-libro-de-texto-para-entender-el-mundo-de-la-posglobalizacion\/"},"author":{"name":"CETYS Institucional","@id":"https:\/\/www.cetys.mx\/noticias\/#\/schema\/person\/e9d2b35265b64aa454df57a2828eb2ac"},"headline":"Persistencia y cambio de la globalizaci\u00f3n: Un libro de texto para entender el mundo de la posglobalizaci\u00f3n","datePublished":"2019-08-13T23:41:07+00:00","dateModified":"2019-08-26T17:15:03+00:00","mainEntityOfPage":{"@id":"https:\/\/www.cetys.mx\/noticias\/persistencia-y-cambio-de-la-globalizacion-un-libro-de-texto-para-entender-el-mundo-de-la-posglobalizacion\/"},"wordCount":880,"commentCount":0,"image":{"@id":"https:\/\/www.cetys.mx\/noticias\/persistencia-y-cambio-de-la-globalizacion-un-libro-de-texto-para-entender-el-mundo-de-la-posglobalizacion\/#primaryimage"},"thumbnailUrl":"https:\/\/www.cetys.mx\/noticias\/wp-content\/uploads\/2019\/08\/globalizacio\u0301n_web_cetys.jpg","keywords":["programa editorial"],"articleSection":["Uncategorized"],"inLanguage":"es","potentialAction":[{"@type":"CommentAction","name":"Comment","target":["https:\/\/www.cetys.mx\/noticias\/persistencia-y-cambio-de-la-globalizacion-un-libro-de-texto-para-entender-el-mundo-de-la-posglobalizacion\/#respond"]}]},{"@type":"WebPage","@id":"https:\/\/www.cetys.mx\/noticias\/persistencia-y-cambio-de-la-globalizacion-un-libro-de-texto-para-entender-el-mundo-de-la-posglobalizacion\/","url":"https:\/\/www.cetys.mx\/noticias\/persistencia-y-cambio-de-la-globalizacion-un-libro-de-texto-para-entender-el-mundo-de-la-posglobalizacion\/","name":"Persistencia y cambio de la globalizaci\u00f3n: Un libro de texto para entender el mundo de la posglobalizaci\u00f3n - CETYS","isPartOf":{"@id":"https:\/\/www.cetys.mx\/noticias\/#website"},"primaryImageOfPage":{"@id":"https:\/\/www.cetys.mx\/noticias\/persistencia-y-cambio-de-la-globalizacion-un-libro-de-texto-para-entender-el-mundo-de-la-posglobalizacion\/#primaryimage"},"image":{"@id":"https:\/\/www.cetys.mx\/noticias\/persistencia-y-cambio-de-la-globalizacion-un-libro-de-texto-para-entender-el-mundo-de-la-posglobalizacion\/#primaryimage"},"thumbnailUrl":"https:\/\/www.cetys.mx\/noticias\/wp-content\/uploads\/2019\/08\/globalizacio\u0301n_web_cetys.jpg","datePublished":"2019-08-13T23:41:07+00:00","dateModified":"2019-08-26T17:15:03+00:00","author":{"@id":"https:\/\/www.cetys.mx\/noticias\/#\/schema\/person\/e9d2b35265b64aa454df57a2828eb2ac"},"description":"Articulo sobre Persistencia y cambio de la globalizaci\u00f3n: Un libro de texto para entender el mundo de la posglobalizaci\u00f3n","breadcrumb":{"@id":"https:\/\/www.cetys.mx\/noticias\/persistencia-y-cambio-de-la-globalizacion-un-libro-de-texto-para-entender-el-mundo-de-la-posglobalizacion\/#breadcrumb"},"inLanguage":"es","potentialAction":[{"@type":"ReadAction","target":["https:\/\/www.cetys.mx\/noticias\/persistencia-y-cambio-de-la-globalizacion-un-libro-de-texto-para-entender-el-mundo-de-la-posglobalizacion\/"]}]},{"@type":"ImageObject","inLanguage":"es","@id":"https:\/\/www.cetys.mx\/noticias\/persistencia-y-cambio-de-la-globalizacion-un-libro-de-texto-para-entender-el-mundo-de-la-posglobalizacion\/#primaryimage","url":"https:\/\/www.cetys.mx\/noticias\/wp-content\/uploads\/2019\/08\/globalizacio\u0301n_web_cetys.jpg","contentUrl":"https:\/\/www.cetys.mx\/noticias\/wp-content\/uploads\/2019\/08\/globalizacio\u0301n_web_cetys.jpg","width":950,"height":450},{"@type":"BreadcrumbList","@id":"https:\/\/www.cetys.mx\/noticias\/persistencia-y-cambio-de-la-globalizacion-un-libro-de-texto-para-entender-el-mundo-de-la-posglobalizacion\/#breadcrumb","itemListElement":[{"@type":"ListItem","position":1,"name":"Inicio","item":"https:\/\/www.cetys.mx\/noticias\/"},{"@type":"ListItem","position":2,"name":"Persistencia y cambio de la globalizaci\u00f3n: Un libro de texto para entender el mundo de la posglobalizaci\u00f3n"}]},{"@type":"WebSite","@id":"https:\/\/www.cetys.mx\/noticias\/#website","url":"https:\/\/www.cetys.mx\/noticias\/","name":"CETYS","description":"","potentialAction":[{"@type":"SearchAction","target":{"@type":"EntryPoint","urlTemplate":"https:\/\/www.cetys.mx\/noticias\/?s={search_term_string}"},"query-input":{"@type":"PropertyValueSpecification","valueRequired":true,"valueName":"search_term_string"}}],"inLanguage":"es"},{"@type":"Person","@id":"https:\/\/www.cetys.mx\/noticias\/#\/schema\/person\/e9d2b35265b64aa454df57a2828eb2ac","name":"CETYS Institucional","url":"https:\/\/www.cetys.mx\/noticias\/author\/cetysinstitucional\/"}]}},"_links":{"self":[{"href":"https:\/\/www.cetys.mx\/noticias\/wp-json\/wp\/v2\/posts\/133235","targetHints":{"allow":["GET"]}}],"collection":[{"href":"https:\/\/www.cetys.mx\/noticias\/wp-json\/wp\/v2\/posts"}],"about":[{"href":"https:\/\/www.cetys.mx\/noticias\/wp-json\/wp\/v2\/types\/post"}],"author":[{"embeddable":true,"href":"https:\/\/www.cetys.mx\/noticias\/wp-json\/wp\/v2\/users\/26"}],"replies":[{"embeddable":true,"href":"https:\/\/www.cetys.mx\/noticias\/wp-json\/wp\/v2\/comments?post=133235"}],"version-history":[{"count":0,"href":"https:\/\/www.cetys.mx\/noticias\/wp-json\/wp\/v2\/posts\/133235\/revisions"}],"wp:featuredmedia":[{"embeddable":true,"href":"https:\/\/www.cetys.mx\/noticias\/wp-json\/wp\/v2\/media\/133236"}],"wp:attachment":[{"href":"https:\/\/www.cetys.mx\/noticias\/wp-json\/wp\/v2\/media?parent=133235"}],"wp:term":[{"taxonomy":"category","embeddable":true,"href":"https:\/\/www.cetys.mx\/noticias\/wp-json\/wp\/v2\/categories?post=133235"},{"taxonomy":"post_tag","embeddable":true,"href":"https:\/\/www.cetys.mx\/noticias\/wp-json\/wp\/v2\/tags?post=133235"}],"curies":[{"name":"wp","href":"https:\/\/api.w.org\/{rel}","templated":true}]}}