{"id":133183,"date":"2019-08-13T09:15:50","date_gmt":"2019-08-13T16:15:50","guid":{"rendered":"https:\/\/www.cetys.mx\/noticias\/?p=133183"},"modified":"2020-03-17T16:47:34","modified_gmt":"2020-03-17T23:47:34","slug":"educacion-virtual-reflexiones-para-el-siglo-xxi-y-pensamiento-contemporaneo-novedades-editoriales-de-2019","status":"publish","type":"post","link":"https:\/\/www.cetys.mx\/noticias\/educacion-virtual-reflexiones-para-el-siglo-xxi-y-pensamiento-contemporaneo-novedades-editoriales-de-2019\/","title":{"rendered":"Educaci\u00f3n virtual, reflexiones para el siglo XXI y pensamiento contempor\u00e1neo: Novedades editoriales de 2019"},"content":{"rendered":"<p style=\"text-align: justify;\"><span style=\"font-weight: 400;\">En el marco del vig\u00e9simo aniversario del Programa Editorial y con motivo del inicio del a\u00f1o acad\u00e9mico 2019-2020, Vicerrector\u00eda Acad\u00e9mica, Comunicaci\u00f3n Institucional, Bibliotecas y Difusi\u00f3n Cultural del CETYS Universidad, est\u00e1n preparando una presentaci\u00f3n conjunta de tres significativas publicaciones recientes de su claustro profesoral.<\/span><\/p>\n<p style=\"text-align: justify;\"><span style=\"font-weight: 400;\">Se trata de t\u00edtulos que reflexionan sobre la globalizaci\u00f3n, experiencias de docencia virtual en el e-Campus y el an\u00e1lisis de las ideas de un pensador contempor\u00e1neo:<\/span><\/p>\n<ul style=\"text-align: justify;\">\n<li style=\"font-weight: 400;\"><a href=\"https:\/\/www.cetys.mx\/editorial\/persistencia-y-cambio-de-la-globalizacion\/\"><i><span style=\"font-weight: 400;\">Resistencia y cambio de la globalizaci\u00f3n: Reflexiones para el siglo XXI<\/span><\/i><span style=\"font-weight: 400;\">,<\/span><\/a><span style=\"font-weight: 400;\"> coordinado por H\u00e9ctor Maym\u00ed-Sugra\u00f1es, Heberto Xavier Peterson Rodr\u00edguez y Jorge Francisco S\u00e1nchez-Jofras.<\/span><\/li>\n<li style=\"font-weight: 400;\"><a href=\"https:\/\/www.cetys.mx\/editorial\/sin-tiza-ni-pizarra-experiencias-docentes-de-aprendizaje-en-linea\/\"><i><span style=\"font-weight: 400;\">Sin tiza ni pizarra: Experiencias docentes de aprendizaje en l\u00ednea<\/span><\/i><\/a><span style=\"font-weight: 400;\">, coordinado por Gabriela Navarro-Esp\u00edritu y M\u00f3nica I. G\u00e1rate Carrillo.<\/span><\/li>\n<li style=\"font-weight: 400;\"><a href=\"https:\/\/www.cetys.mx\/editorial\/el-peregrino-frente-a-la-tormenta-una-entrevista-y-tres-aproximaciones-al-pensamiento-de-noam-chomsky\/\"><i><span style=\"font-weight: 400;\">El peregrino frente a la tormenta: Una conversaci\u00f3n y tres aproximaciones al pensamiento de Noam Chomsky<\/span><\/i><\/a><span style=\"font-weight: 400;\">, de Carlos Gonz\u00e1lez Palacios, Teresita Higashi Villalvazo y Liliana L\u00f3pez Le\u00f3n.<\/span><\/li>\n<\/ul>\n<p style=\"text-align: justify;\"><i><span style=\"font-weight: 400;\">Resistencia y cambio de la globalizaci\u00f3n<\/span><\/i><span style=\"font-weight: 400;\"> es un libro de texto que contiene ensayos sobre las problem\u00e1ticas del tema, pensado para los estudiantes que cursan la materia de Globalizaci\u00f3n, Cultura y Sociedad: \u201cLos lectores encontrar\u00e1n definiciones b\u00e1sicas para entender de forma clara conceptos en torno a los aspectos econ\u00f3micos y pol\u00edticos, los problemas sociales, el conocimiento y la tecnolog\u00eda en la globalizaci\u00f3n. Se incluye, adem\u00e1s, una particularidad que puede ayudar a los profesores que deseen utilizarlo en sus cursos, pues cada trabajo contiene un cuestionario y\/o ejercicios sugeridos para realizar din\u00e1micas en sesiones de clases\u201d, comenta el co-coordinador de la obra, H\u00e9ctor Maym\u00ed-Sugra\u00f1es.<\/span><\/p>\n<p style=\"text-align: justify;\"><span style=\"font-weight: 400;\">Por su parte, <\/span><i><span style=\"font-weight: 400;\">Sin tiza ni pizarra<\/span><\/i><span style=\"font-weight: 400;\"> es el recuento de un logro acad\u00e9mico: la transici\u00f3n de la educaci\u00f3n presencial a virtual del e-Campus institucional. As\u00ed lo describen las coordinadoras, quienes nos presentan 15 testimonios de docentes que han sido parte de esta innovaci\u00f3n: \u201cprovee al lector un conjunto de experiencias que ejemplifican el aprendizaje y conocimiento adquirido por los profesores virtuales, a partir de la decisi\u00f3n de atreverse a transitar una plataforma distinta a la convencional, y comprobar as\u00ed, que pueden ser agentes de cambio con la diversificaci\u00f3n y fortalecimiento de su perfil profesional\u201d.<\/span><\/p>\n<p style=\"text-align: justify;\"><span style=\"font-weight: 400;\">Por \u00faltimo, <\/span><i><span style=\"font-weight: 400;\">El peregrino frente a la tormenta<\/span><\/i><span style=\"font-weight: 400;\"> contiene la transcripci\u00f3n de una conversaci\u00f3n con Noam Chomsky \u2014en ingl\u00e9s y espa\u00f1ol\u2014 que se llev\u00f3 a cabo el 7 de septiembre de 2018, cuando un conjunto de ocho profesores del Colegio de Ciencias y Humanidades del CETYS Universidad lo entrevistaron personalmente, gracias a la intervenci\u00f3n del doctor Celestino Fern\u00e1ndez, acad\u00e9mico de la Universidad de Arizona con la que el CETYS mantiene lazos de colaboraci\u00f3n. A este volumen, que inaugura la colecci\u00f3n Ideas y Pensadores de Hoy, se unen tres ensayos. Sobre estos, escribe Jorge Ortega en el pr\u00f3logo: \u201cMientras Carlos Gonz\u00e1lez Palacios se aboca a bosquejar la semblanza del vers\u00e1til autor incardinado en el cuadrante del llamado socialismo libertario, Teresita Higashi Villalvazo aborda el fil\u00f3n pedag\u00f3gico y teor\u00e9tico de Chomsky, cediendo el desenlace de este circuito de elucubraciones a los v\u00ednculos del clarividente imaginario de Noam Chomsky con el t\u00f3pico de los medios de comunicaci\u00f3n explorado por Liliana L\u00f3pez Le\u00f3n\u201d.<\/span><\/p>\n<div class=\"gallery-slider-wrapper gallery-1\">\n                        <div class=\"gallery-slider\" itemscope itemtype=\"http:\/\/schema.org\/ImageGallery\"><figure class=\"slide\" itemprop=\"associatedMedia\" itemscope itemtype=\"http:\/\/schema.org\/ImageObject\">\n                    <a itemprop=\"contentUrl\" href=\"https:\/\/www.cetys.mx\/noticias\/wp-content\/uploads\/2019\/08\/Persistencia-y-cambio-de-la-globalizacio\u0301n.jpg\">\n                        <img decoding=\"async\" itemprop=\"thumbnail\" class=\"lazyOwl\" src=\"https:\/\/www.cetys.mx\/noticias\/wp-content\/plugins\/jmagz-plugin\/assets\/placeholder\/900x450.png\" data-src=\"https:\/\/www.cetys.mx\/noticias\/wp-content\/uploads\/2019\/08\/Persistencia-y-cambio-de-la-globalizacio\u0301n-e1565711428797.jpg\" alt=\"Persistencia y cambio de la globalizacio\u0301n\">\n                    <\/a>\n                    <figcaption itemprop=\"caption description\" class=\"slide-caption\">\n                        Persistencia y Cambio de la Globalizaci\u00f3n\n                    <\/figcaption>\n                <\/figure><figure class=\"slide\" itemprop=\"associatedMedia\" itemscope itemtype=\"http:\/\/schema.org\/ImageObject\">\n                    <a itemprop=\"contentUrl\" href=\"https:\/\/www.cetys.mx\/noticias\/wp-content\/uploads\/2019\/08\/Sin-tiza-ni-pizarra.jpg\">\n                        <img decoding=\"async\" itemprop=\"thumbnail\" class=\"lazyOwl\" src=\"https:\/\/www.cetys.mx\/noticias\/wp-content\/plugins\/jmagz-plugin\/assets\/placeholder\/900x450.png\" data-src=\"https:\/\/www.cetys.mx\/noticias\/wp-content\/uploads\/2019\/08\/Sin-tiza-ni-pizarra-e1565711499619.jpg\" alt=\"Sin tiza ni pizarra\">\n                    <\/a>\n                    <figcaption itemprop=\"caption description\" class=\"slide-caption\">\n                        Sin Tiza ni Pizarra\n                    <\/figcaption>\n                <\/figure><figure class=\"slide\" itemprop=\"associatedMedia\" itemscope itemtype=\"http:\/\/schema.org\/ImageObject\">\n                    <a itemprop=\"contentUrl\" href=\"https:\/\/www.cetys.mx\/noticias\/wp-content\/uploads\/2019\/08\/El-peregrino-frente-a-la-tormenta.jpg\">\n                        <img decoding=\"async\" itemprop=\"thumbnail\" class=\"lazyOwl\" src=\"https:\/\/www.cetys.mx\/noticias\/wp-content\/plugins\/jmagz-plugin\/assets\/placeholder\/900x450.png\" data-src=\"https:\/\/www.cetys.mx\/noticias\/wp-content\/uploads\/2019\/08\/El-peregrino-frente-a-la-tormenta-e1565711560427.jpg\" alt=\"El peregrino frente a la tormenta\">\n                    <\/a>\n                    <figcaption itemprop=\"caption description\" class=\"slide-caption\">\n                        El Peregrino frente a la tormenta\n                    <\/figcaption>\n                <\/figure><\/div>\n                <div class=\"gallery-slider-thumbnail-wrapper\">\n                    <div class=\"gallery-slider-thumbnail\"><div class=\"slide-thumbnail\"><img decoding=\"async\" class=\"lazyOwl\" src=\"https:\/\/www.cetys.mx\/noticias\/wp-content\/plugins\/jmagz-plugin\/assets\/placeholder\/150x75.png\" data-src=\"https:\/\/www.cetys.mx\/noticias\/wp-content\/uploads\/2019\/08\/Persistencia-y-cambio-de-la-globalizacio\u0301n-e1565711428797.jpg\" alt=\"Persistencia y cambio de la globalizacio\u0301n\"><\/div><div class=\"slide-thumbnail\"><img decoding=\"async\" class=\"lazyOwl\" src=\"https:\/\/www.cetys.mx\/noticias\/wp-content\/plugins\/jmagz-plugin\/assets\/placeholder\/150x75.png\" data-src=\"https:\/\/www.cetys.mx\/noticias\/wp-content\/uploads\/2019\/08\/Sin-tiza-ni-pizarra-e1565711499619.jpg\" alt=\"Sin tiza ni pizarra\"><\/div><div class=\"slide-thumbnail\"><img decoding=\"async\" class=\"lazyOwl\" src=\"https:\/\/www.cetys.mx\/noticias\/wp-content\/plugins\/jmagz-plugin\/assets\/placeholder\/150x75.png\" data-src=\"https:\/\/www.cetys.mx\/noticias\/wp-content\/uploads\/2019\/08\/El-peregrino-frente-a-la-tormenta-e1565711560427.jpg\" alt=\"El peregrino frente a la tormenta\"><\/div><\/div><\/div><\/div>\n<p style=\"text-align: justify;\"><span style=\"font-weight: 400;\">Te sugerimos estar atento para que asistas y seas uno de los primeros en conocer estas ediciones en las presentaciones oficiales que se llevar\u00e1n a cabo los d\u00edas: martes 20 de agosto en el campus Mexicali, el mi\u00e9rcoles 21 de agosto en el campus Tijuana y el jueves 12 de septiembre en el campus Ensenada.<\/span><\/p>\n<p style=\"text-align: justify;\"><span style=\"font-weight: 400;\">Cabe destacar que estos t\u00edtulos ya est\u00e1n disponibles en la <\/span><a href=\"https:\/\/www.amazon.com.mx\/s?k=cetys+universidad&amp;i=digital-text&amp;rh=n%3A6446439011%2Cn%3A6507977011&amp;s=date-desc-rank&amp;dc&amp;__mk_es_MX=%C3%85M%C3%85%C5%BD%C3%95%C3%91&amp;qid=1565207938&amp;rnid=6446440011&amp;ref=sr_nr_n_1\"><span style=\"font-weight: 400;\">tienda Kindle de Amazon<\/span><\/a><span style=\"font-weight: 400;\">, y pronto podr\u00e1s encontrarlos en las bibliotecas del Sistema CETYS Universidad, as\u00ed como en librer\u00edas de la regi\u00f3n.<\/span><\/p>\n<p style=\"text-align: justify;\"><span style=\"font-weight: 400;\">Para mayores informes, <\/span><a href=\"https:\/\/www.cetys.mx\/programa-editorial\/\"><span style=\"font-weight: 400;\">visita nuestro sitio oficial<\/span><\/a><span style=\"font-weight: 400;\"> o escr\u00edbenos a programa.editorial@cetys.mx<\/span><\/p>\n","protected":false},"excerpt":{"rendered":"<p>En el marco del vig\u00e9simo aniversario del Programa Editorial y con motivo del inicio del a\u00f1o acad\u00e9mico 2019-2020, Vicerrector\u00eda Acad\u00e9mica, Comunicaci\u00f3n Institucional,&#8230;<\/p>\n","protected":false},"author":26,"featured_media":133190,"comment_status":"open","ping_status":"closed","sticky":false,"template":"","format":"standard","meta":{"footnotes":""},"categories":[323,209,313],"tags":[3773,3781],"class_list":["post-133183","post","type-post","status-publish","format-standard","has-post-thumbnail","hentry","category-difusion-cultural","category-institucional","category-vocetys-2","tag-vocetys-2019-08-14","tag-vocetys-2019-08-20"],"yoast_head":"<!-- This site is optimized with the Yoast SEO plugin v27.4 - https:\/\/yoast.com\/product\/yoast-seo-wordpress\/ -->\n<title>Educaci\u00f3n virtual, reflexiones para el siglo XXI y pensamiento contempor\u00e1neo: Novedades editoriales de 2019 - CETYS<\/title>\n<meta name=\"description\" content=\"El Programa Editorial de CETYS Universidad prepara una presentaci\u00f3n conjunta de tres significativas publicaciones recientes de su claustro profesoral.\" \/>\n<meta name=\"robots\" content=\"index, follow, max-snippet:-1, max-image-preview:large, max-video-preview:-1\" \/>\n<link rel=\"canonical\" href=\"https:\/\/www.cetys.mx\/noticias\/educacion-virtual-reflexiones-para-el-siglo-xxi-y-pensamiento-contemporaneo-novedades-editoriales-de-2019\/\" \/>\n<meta property=\"og:locale\" content=\"es_MX\" \/>\n<meta property=\"og:type\" content=\"article\" \/>\n<meta property=\"og:title\" content=\"Educaci\u00f3n virtual, reflexiones para el siglo XXI y pensamiento contempor\u00e1neo: Novedades editoriales de 2019 - CETYS\" \/>\n<meta property=\"og:description\" content=\"El Programa Editorial de CETYS Universidad prepara una presentaci\u00f3n conjunta de tres significativas publicaciones recientes de su claustro profesoral.\" \/>\n<meta property=\"og:url\" content=\"https:\/\/www.cetys.mx\/noticias\/educacion-virtual-reflexiones-para-el-siglo-xxi-y-pensamiento-contemporaneo-novedades-editoriales-de-2019\/\" \/>\n<meta property=\"og:site_name\" content=\"CETYS\" \/>\n<meta property=\"article:publisher\" content=\"https:\/\/www.facebook.com\/cetysuniversidadmxl\/\" \/>\n<meta property=\"article:published_time\" content=\"2019-08-13T16:15:50+00:00\" \/>\n<meta property=\"article:modified_time\" content=\"2020-03-17T23:47:34+00:00\" \/>\n<meta property=\"og:image\" content=\"https:\/\/www.cetys.mx\/noticias\/wp-content\/uploads\/2019\/08\/CETYS_NE-Encabezado-Nota_1-1-e1565712726724.jpg\" \/>\n\t<meta property=\"og:image:width\" content=\"964\" \/>\n\t<meta property=\"og:image:height\" content=\"593\" \/>\n\t<meta property=\"og:image:type\" content=\"image\/jpeg\" \/>\n<meta name=\"author\" content=\"CETYS Institucional\" \/>\n<meta name=\"twitter:card\" content=\"summary_large_image\" \/>\n<meta name=\"twitter:creator\" content=\"@cetysuni\" \/>\n<meta name=\"twitter:site\" content=\"@cetysuni\" \/>\n<meta name=\"twitter:label1\" content=\"Escrito por\" \/>\n\t<meta name=\"twitter:data1\" content=\"CETYS Institucional\" \/>\n\t<meta name=\"twitter:label2\" content=\"Tiempo de lectura\" \/>\n\t<meta name=\"twitter:data2\" content=\"3 minutos\" \/>\n<script type=\"application\/ld+json\" class=\"yoast-schema-graph\">{\"@context\":\"https:\\\/\\\/schema.org\",\"@graph\":[{\"@type\":\"Article\",\"@id\":\"https:\\\/\\\/www.cetys.mx\\\/noticias\\\/educacion-virtual-reflexiones-para-el-siglo-xxi-y-pensamiento-contemporaneo-novedades-editoriales-de-2019\\\/#article\",\"isPartOf\":{\"@id\":\"https:\\\/\\\/www.cetys.mx\\\/noticias\\\/educacion-virtual-reflexiones-para-el-siglo-xxi-y-pensamiento-contemporaneo-novedades-editoriales-de-2019\\\/\"},\"author\":{\"name\":\"CETYS Institucional\",\"@id\":\"https:\\\/\\\/www.cetys.mx\\\/noticias\\\/#\\\/schema\\\/person\\\/e9d2b35265b64aa454df57a2828eb2ac\"},\"headline\":\"Educaci\u00f3n virtual, reflexiones para el siglo XXI y pensamiento contempor\u00e1neo: Novedades editoriales de 2019\",\"datePublished\":\"2019-08-13T16:15:50+00:00\",\"dateModified\":\"2020-03-17T23:47:34+00:00\",\"mainEntityOfPage\":{\"@id\":\"https:\\\/\\\/www.cetys.mx\\\/noticias\\\/educacion-virtual-reflexiones-para-el-siglo-xxi-y-pensamiento-contemporaneo-novedades-editoriales-de-2019\\\/\"},\"wordCount\":686,\"commentCount\":0,\"image\":{\"@id\":\"https:\\\/\\\/www.cetys.mx\\\/noticias\\\/educacion-virtual-reflexiones-para-el-siglo-xxi-y-pensamiento-contemporaneo-novedades-editoriales-de-2019\\\/#primaryimage\"},\"thumbnailUrl\":\"https:\\\/\\\/www.cetys.mx\\\/noticias\\\/wp-content\\\/uploads\\\/2019\\\/08\\\/CETYS_NE-Encabezado-Nota_1-1-e1565712726724.jpg\",\"keywords\":[\"VOCETYS-2019-08-14\",\"vocetys-2019-08-20\"],\"articleSection\":[\"Difusion cultural\",\"Institucional\",\"VoCETYS\"],\"inLanguage\":\"es\",\"potentialAction\":[{\"@type\":\"CommentAction\",\"name\":\"Comment\",\"target\":[\"https:\\\/\\\/www.cetys.mx\\\/noticias\\\/educacion-virtual-reflexiones-para-el-siglo-xxi-y-pensamiento-contemporaneo-novedades-editoriales-de-2019\\\/#respond\"]}]},{\"@type\":\"WebPage\",\"@id\":\"https:\\\/\\\/www.cetys.mx\\\/noticias\\\/educacion-virtual-reflexiones-para-el-siglo-xxi-y-pensamiento-contemporaneo-novedades-editoriales-de-2019\\\/\",\"url\":\"https:\\\/\\\/www.cetys.mx\\\/noticias\\\/educacion-virtual-reflexiones-para-el-siglo-xxi-y-pensamiento-contemporaneo-novedades-editoriales-de-2019\\\/\",\"name\":\"Educaci\u00f3n virtual, reflexiones para el siglo XXI y pensamiento contempor\u00e1neo: Novedades editoriales de 2019 - CETYS\",\"isPartOf\":{\"@id\":\"https:\\\/\\\/www.cetys.mx\\\/noticias\\\/#website\"},\"primaryImageOfPage\":{\"@id\":\"https:\\\/\\\/www.cetys.mx\\\/noticias\\\/educacion-virtual-reflexiones-para-el-siglo-xxi-y-pensamiento-contemporaneo-novedades-editoriales-de-2019\\\/#primaryimage\"},\"image\":{\"@id\":\"https:\\\/\\\/www.cetys.mx\\\/noticias\\\/educacion-virtual-reflexiones-para-el-siglo-xxi-y-pensamiento-contemporaneo-novedades-editoriales-de-2019\\\/#primaryimage\"},\"thumbnailUrl\":\"https:\\\/\\\/www.cetys.mx\\\/noticias\\\/wp-content\\\/uploads\\\/2019\\\/08\\\/CETYS_NE-Encabezado-Nota_1-1-e1565712726724.jpg\",\"datePublished\":\"2019-08-13T16:15:50+00:00\",\"dateModified\":\"2020-03-17T23:47:34+00:00\",\"author\":{\"@id\":\"https:\\\/\\\/www.cetys.mx\\\/noticias\\\/#\\\/schema\\\/person\\\/e9d2b35265b64aa454df57a2828eb2ac\"},\"description\":\"El Programa Editorial de CETYS Universidad prepara una presentaci\u00f3n conjunta de tres significativas publicaciones recientes de su claustro profesoral.\",\"breadcrumb\":{\"@id\":\"https:\\\/\\\/www.cetys.mx\\\/noticias\\\/educacion-virtual-reflexiones-para-el-siglo-xxi-y-pensamiento-contemporaneo-novedades-editoriales-de-2019\\\/#breadcrumb\"},\"inLanguage\":\"es\",\"potentialAction\":[{\"@type\":\"ReadAction\",\"target\":[\"https:\\\/\\\/www.cetys.mx\\\/noticias\\\/educacion-virtual-reflexiones-para-el-siglo-xxi-y-pensamiento-contemporaneo-novedades-editoriales-de-2019\\\/\"]}]},{\"@type\":\"ImageObject\",\"inLanguage\":\"es\",\"@id\":\"https:\\\/\\\/www.cetys.mx\\\/noticias\\\/educacion-virtual-reflexiones-para-el-siglo-xxi-y-pensamiento-contemporaneo-novedades-editoriales-de-2019\\\/#primaryimage\",\"url\":\"https:\\\/\\\/www.cetys.mx\\\/noticias\\\/wp-content\\\/uploads\\\/2019\\\/08\\\/CETYS_NE-Encabezado-Nota_1-1-e1565712726724.jpg\",\"contentUrl\":\"https:\\\/\\\/www.cetys.mx\\\/noticias\\\/wp-content\\\/uploads\\\/2019\\\/08\\\/CETYS_NE-Encabezado-Nota_1-1-e1565712726724.jpg\",\"width\":964,\"height\":593},{\"@type\":\"BreadcrumbList\",\"@id\":\"https:\\\/\\\/www.cetys.mx\\\/noticias\\\/educacion-virtual-reflexiones-para-el-siglo-xxi-y-pensamiento-contemporaneo-novedades-editoriales-de-2019\\\/#breadcrumb\",\"itemListElement\":[{\"@type\":\"ListItem\",\"position\":1,\"name\":\"Inicio\",\"item\":\"https:\\\/\\\/www.cetys.mx\\\/noticias\\\/\"},{\"@type\":\"ListItem\",\"position\":2,\"name\":\"Educaci\u00f3n virtual, reflexiones para el siglo XXI y pensamiento contempor\u00e1neo: Novedades editoriales de 2019\"}]},{\"@type\":\"WebSite\",\"@id\":\"https:\\\/\\\/www.cetys.mx\\\/noticias\\\/#website\",\"url\":\"https:\\\/\\\/www.cetys.mx\\\/noticias\\\/\",\"name\":\"CETYS\",\"description\":\"\",\"potentialAction\":[{\"@type\":\"SearchAction\",\"target\":{\"@type\":\"EntryPoint\",\"urlTemplate\":\"https:\\\/\\\/www.cetys.mx\\\/noticias\\\/?s={search_term_string}\"},\"query-input\":{\"@type\":\"PropertyValueSpecification\",\"valueRequired\":true,\"valueName\":\"search_term_string\"}}],\"inLanguage\":\"es\"},{\"@type\":\"Person\",\"@id\":\"https:\\\/\\\/www.cetys.mx\\\/noticias\\\/#\\\/schema\\\/person\\\/e9d2b35265b64aa454df57a2828eb2ac\",\"name\":\"CETYS Institucional\",\"url\":\"https:\\\/\\\/www.cetys.mx\\\/noticias\\\/author\\\/cetysinstitucional\\\/\"}]}<\/script>\n<!-- \/ Yoast SEO plugin. -->","yoast_head_json":{"title":"Educaci\u00f3n virtual, reflexiones para el siglo XXI y pensamiento contempor\u00e1neo: Novedades editoriales de 2019 - CETYS","description":"El Programa Editorial de CETYS Universidad prepara una presentaci\u00f3n conjunta de tres significativas publicaciones recientes de su claustro profesoral.","robots":{"index":"index","follow":"follow","max-snippet":"max-snippet:-1","max-image-preview":"max-image-preview:large","max-video-preview":"max-video-preview:-1"},"canonical":"https:\/\/www.cetys.mx\/noticias\/educacion-virtual-reflexiones-para-el-siglo-xxi-y-pensamiento-contemporaneo-novedades-editoriales-de-2019\/","og_locale":"es_MX","og_type":"article","og_title":"Educaci\u00f3n virtual, reflexiones para el siglo XXI y pensamiento contempor\u00e1neo: Novedades editoriales de 2019 - CETYS","og_description":"El Programa Editorial de CETYS Universidad prepara una presentaci\u00f3n conjunta de tres significativas publicaciones recientes de su claustro profesoral.","og_url":"https:\/\/www.cetys.mx\/noticias\/educacion-virtual-reflexiones-para-el-siglo-xxi-y-pensamiento-contemporaneo-novedades-editoriales-de-2019\/","og_site_name":"CETYS","article_publisher":"https:\/\/www.facebook.com\/cetysuniversidadmxl\/","article_published_time":"2019-08-13T16:15:50+00:00","article_modified_time":"2020-03-17T23:47:34+00:00","og_image":[{"width":964,"height":593,"url":"https:\/\/www.cetys.mx\/noticias\/wp-content\/uploads\/2019\/08\/CETYS_NE-Encabezado-Nota_1-1-e1565712726724.jpg","type":"image\/jpeg"}],"author":"CETYS Institucional","twitter_card":"summary_large_image","twitter_creator":"@cetysuni","twitter_site":"@cetysuni","twitter_misc":{"Escrito por":"CETYS Institucional","Tiempo de lectura":"3 minutos"},"schema":{"@context":"https:\/\/schema.org","@graph":[{"@type":"Article","@id":"https:\/\/www.cetys.mx\/noticias\/educacion-virtual-reflexiones-para-el-siglo-xxi-y-pensamiento-contemporaneo-novedades-editoriales-de-2019\/#article","isPartOf":{"@id":"https:\/\/www.cetys.mx\/noticias\/educacion-virtual-reflexiones-para-el-siglo-xxi-y-pensamiento-contemporaneo-novedades-editoriales-de-2019\/"},"author":{"name":"CETYS Institucional","@id":"https:\/\/www.cetys.mx\/noticias\/#\/schema\/person\/e9d2b35265b64aa454df57a2828eb2ac"},"headline":"Educaci\u00f3n virtual, reflexiones para el siglo XXI y pensamiento contempor\u00e1neo: Novedades editoriales de 2019","datePublished":"2019-08-13T16:15:50+00:00","dateModified":"2020-03-17T23:47:34+00:00","mainEntityOfPage":{"@id":"https:\/\/www.cetys.mx\/noticias\/educacion-virtual-reflexiones-para-el-siglo-xxi-y-pensamiento-contemporaneo-novedades-editoriales-de-2019\/"},"wordCount":686,"commentCount":0,"image":{"@id":"https:\/\/www.cetys.mx\/noticias\/educacion-virtual-reflexiones-para-el-siglo-xxi-y-pensamiento-contemporaneo-novedades-editoriales-de-2019\/#primaryimage"},"thumbnailUrl":"https:\/\/www.cetys.mx\/noticias\/wp-content\/uploads\/2019\/08\/CETYS_NE-Encabezado-Nota_1-1-e1565712726724.jpg","keywords":["VOCETYS-2019-08-14","vocetys-2019-08-20"],"articleSection":["Difusion cultural","Institucional","VoCETYS"],"inLanguage":"es","potentialAction":[{"@type":"CommentAction","name":"Comment","target":["https:\/\/www.cetys.mx\/noticias\/educacion-virtual-reflexiones-para-el-siglo-xxi-y-pensamiento-contemporaneo-novedades-editoriales-de-2019\/#respond"]}]},{"@type":"WebPage","@id":"https:\/\/www.cetys.mx\/noticias\/educacion-virtual-reflexiones-para-el-siglo-xxi-y-pensamiento-contemporaneo-novedades-editoriales-de-2019\/","url":"https:\/\/www.cetys.mx\/noticias\/educacion-virtual-reflexiones-para-el-siglo-xxi-y-pensamiento-contemporaneo-novedades-editoriales-de-2019\/","name":"Educaci\u00f3n virtual, reflexiones para el siglo XXI y pensamiento contempor\u00e1neo: Novedades editoriales de 2019 - CETYS","isPartOf":{"@id":"https:\/\/www.cetys.mx\/noticias\/#website"},"primaryImageOfPage":{"@id":"https:\/\/www.cetys.mx\/noticias\/educacion-virtual-reflexiones-para-el-siglo-xxi-y-pensamiento-contemporaneo-novedades-editoriales-de-2019\/#primaryimage"},"image":{"@id":"https:\/\/www.cetys.mx\/noticias\/educacion-virtual-reflexiones-para-el-siglo-xxi-y-pensamiento-contemporaneo-novedades-editoriales-de-2019\/#primaryimage"},"thumbnailUrl":"https:\/\/www.cetys.mx\/noticias\/wp-content\/uploads\/2019\/08\/CETYS_NE-Encabezado-Nota_1-1-e1565712726724.jpg","datePublished":"2019-08-13T16:15:50+00:00","dateModified":"2020-03-17T23:47:34+00:00","author":{"@id":"https:\/\/www.cetys.mx\/noticias\/#\/schema\/person\/e9d2b35265b64aa454df57a2828eb2ac"},"description":"El Programa Editorial de CETYS Universidad prepara una presentaci\u00f3n conjunta de tres significativas publicaciones recientes de su claustro profesoral.","breadcrumb":{"@id":"https:\/\/www.cetys.mx\/noticias\/educacion-virtual-reflexiones-para-el-siglo-xxi-y-pensamiento-contemporaneo-novedades-editoriales-de-2019\/#breadcrumb"},"inLanguage":"es","potentialAction":[{"@type":"ReadAction","target":["https:\/\/www.cetys.mx\/noticias\/educacion-virtual-reflexiones-para-el-siglo-xxi-y-pensamiento-contemporaneo-novedades-editoriales-de-2019\/"]}]},{"@type":"ImageObject","inLanguage":"es","@id":"https:\/\/www.cetys.mx\/noticias\/educacion-virtual-reflexiones-para-el-siglo-xxi-y-pensamiento-contemporaneo-novedades-editoriales-de-2019\/#primaryimage","url":"https:\/\/www.cetys.mx\/noticias\/wp-content\/uploads\/2019\/08\/CETYS_NE-Encabezado-Nota_1-1-e1565712726724.jpg","contentUrl":"https:\/\/www.cetys.mx\/noticias\/wp-content\/uploads\/2019\/08\/CETYS_NE-Encabezado-Nota_1-1-e1565712726724.jpg","width":964,"height":593},{"@type":"BreadcrumbList","@id":"https:\/\/www.cetys.mx\/noticias\/educacion-virtual-reflexiones-para-el-siglo-xxi-y-pensamiento-contemporaneo-novedades-editoriales-de-2019\/#breadcrumb","itemListElement":[{"@type":"ListItem","position":1,"name":"Inicio","item":"https:\/\/www.cetys.mx\/noticias\/"},{"@type":"ListItem","position":2,"name":"Educaci\u00f3n virtual, reflexiones para el siglo XXI y pensamiento contempor\u00e1neo: Novedades editoriales de 2019"}]},{"@type":"WebSite","@id":"https:\/\/www.cetys.mx\/noticias\/#website","url":"https:\/\/www.cetys.mx\/noticias\/","name":"CETYS","description":"","potentialAction":[{"@type":"SearchAction","target":{"@type":"EntryPoint","urlTemplate":"https:\/\/www.cetys.mx\/noticias\/?s={search_term_string}"},"query-input":{"@type":"PropertyValueSpecification","valueRequired":true,"valueName":"search_term_string"}}],"inLanguage":"es"},{"@type":"Person","@id":"https:\/\/www.cetys.mx\/noticias\/#\/schema\/person\/e9d2b35265b64aa454df57a2828eb2ac","name":"CETYS Institucional","url":"https:\/\/www.cetys.mx\/noticias\/author\/cetysinstitucional\/"}]}},"_links":{"self":[{"href":"https:\/\/www.cetys.mx\/noticias\/wp-json\/wp\/v2\/posts\/133183","targetHints":{"allow":["GET"]}}],"collection":[{"href":"https:\/\/www.cetys.mx\/noticias\/wp-json\/wp\/v2\/posts"}],"about":[{"href":"https:\/\/www.cetys.mx\/noticias\/wp-json\/wp\/v2\/types\/post"}],"author":[{"embeddable":true,"href":"https:\/\/www.cetys.mx\/noticias\/wp-json\/wp\/v2\/users\/26"}],"replies":[{"embeddable":true,"href":"https:\/\/www.cetys.mx\/noticias\/wp-json\/wp\/v2\/comments?post=133183"}],"version-history":[{"count":0,"href":"https:\/\/www.cetys.mx\/noticias\/wp-json\/wp\/v2\/posts\/133183\/revisions"}],"wp:featuredmedia":[{"embeddable":true,"href":"https:\/\/www.cetys.mx\/noticias\/wp-json\/wp\/v2\/media\/133190"}],"wp:attachment":[{"href":"https:\/\/www.cetys.mx\/noticias\/wp-json\/wp\/v2\/media?parent=133183"}],"wp:term":[{"taxonomy":"category","embeddable":true,"href":"https:\/\/www.cetys.mx\/noticias\/wp-json\/wp\/v2\/categories?post=133183"},{"taxonomy":"post_tag","embeddable":true,"href":"https:\/\/www.cetys.mx\/noticias\/wp-json\/wp\/v2\/tags?post=133183"}],"curies":[{"name":"wp","href":"https:\/\/api.w.org\/{rel}","templated":true}]}}