{"id":132932,"date":"2019-08-05T12:45:41","date_gmt":"2019-08-05T19:45:41","guid":{"rendered":"https:\/\/www.cetys.mx\/noticias\/?p=132932"},"modified":"2020-03-16T22:07:49","modified_gmt":"2020-03-17T05:07:49","slug":"a-punto-de-iniciar-el-programa-de-ingles-para-ninos-y-adolescentes-2019-2","status":"publish","type":"post","link":"https:\/\/www.cetys.mx\/noticias\/a-punto-de-iniciar-el-programa-de-ingles-para-ninos-y-adolescentes-2019-2\/","title":{"rendered":"A punto de iniciar el Programa de Ingl\u00e9s para Ni\u00f1os y Adolescentes 2019-2"},"content":{"rendered":"<p><img loading=\"lazy\" decoding=\"async\" class=\"alignnone size-full wp-image-132934 aligncenter\" src=\"https:\/\/www.cetys.mx\/noticias\/wp-content\/uploads\/2019\/08\/67359263_473284733505716_5947925188313088000_n.png\" alt=\"\" width=\"599\" height=\"599\" srcset=\"https:\/\/www.cetys.mx\/noticias\/wp-content\/uploads\/2019\/08\/67359263_473284733505716_5947925188313088000_n.png 599w, https:\/\/www.cetys.mx\/noticias\/wp-content\/uploads\/2019\/08\/67359263_473284733505716_5947925188313088000_n-75x75.png 75w, https:\/\/www.cetys.mx\/noticias\/wp-content\/uploads\/2019\/08\/67359263_473284733505716_5947925188313088000_n-300x300.png 300w\" sizes=\"auto, (max-width: 599px) 100vw, 599px\" \/><\/p>\n<p>&nbsp;<\/p>\n<p>&nbsp;<\/p>\n<p>Despu\u00e9s de un merecido periodo vacacional, los alumnos del programa de ingl\u00e9s para ni\u00f1os y adolescentes regresan al Centro de Idiomas de CETYS Universidad para retomar sus clases de ingl\u00e9s y seguir aprendiendo mientras se divierten y en el caso de los alumnos de nuevo ingreso para empezar una experiencia de aprendizaje \u00fanica acompa\u00f1ados por los mejores maestros.<\/p>\n<p>&nbsp;<\/p>\n<p>Con horarios entre semana y fin de semana, tenemos opciones que se acomodan a tus necesidades. Las inscripciones ya est\u00e1n abiertas y las clases comienzan el s\u00e1bado 17 de agosto para el programa de fin de semana y el lunes 19 para las clases de lunes a jueves.<\/p>\n<p>&nbsp;<\/p>\n<p>Si est\u00e1s interesado en descubrir el mundo de posibilidades que te presenta el aprender ingl\u00e9s, no te quedes fuera y conoce este programa dise\u00f1ado especialmente para ti. Las inscripciones ya est\u00e1n abiertas: puedes visitarnos en nuestras oficinas, llamar a los tel\u00e9fonos 567 37 10 y 55 o visitar nuestro sitio web en <a href=\"https:\/\/www.cetys.mx\/idiomas\/cursos-en-mexicali\/\">este enlace<\/a> para pedir m\u00e1s informaci\u00f3n. \u00a1Te esperamos!<\/p>\n","protected":false},"excerpt":{"rendered":"<p>&nbsp; &nbsp; Despu\u00e9s de un merecido periodo vacacional, los alumnos del programa de ingl\u00e9s para ni\u00f1os y adolescentes regresan al Centro de&#8230;<\/p>\n","protected":false},"author":26,"featured_media":132937,"comment_status":"open","ping_status":"closed","sticky":false,"template":"","format":"standard","meta":{"footnotes":""},"categories":[3299],"tags":[],"class_list":["post-132932","post","type-post","status-publish","format-standard","has-post-thumbnail","hentry","category-centro-de-idiomas"],"yoast_head":"<!-- This site is optimized with the Yoast SEO plugin v27.4 - https:\/\/yoast.com\/product\/yoast-seo-wordpress\/ -->\n<title>A punto de iniciar el Programa de Ingl\u00e9s para Ni\u00f1os y Adolescentes 2019-2 - CETYS<\/title>\n<meta name=\"description\" content=\"Articulo sobre A punto de iniciar el Programa de Ingl\u00e9s para Ni\u00f1os y Adolescentes 2019-2\" \/>\n<meta name=\"robots\" content=\"index, follow, max-snippet:-1, max-image-preview:large, max-video-preview:-1\" \/>\n<link rel=\"canonical\" href=\"https:\/\/www.cetys.mx\/noticias\/a-punto-de-iniciar-el-programa-de-ingles-para-ninos-y-adolescentes-2019-2\/\" \/>\n<meta property=\"og:locale\" content=\"es_MX\" \/>\n<meta property=\"og:type\" content=\"article\" \/>\n<meta property=\"og:title\" content=\"A punto de iniciar el Programa de Ingl\u00e9s para Ni\u00f1os y Adolescentes 2019-2 - CETYS\" \/>\n<meta property=\"og:description\" content=\"Articulo sobre A punto de iniciar el Programa de Ingl\u00e9s para Ni\u00f1os y Adolescentes 2019-2\" \/>\n<meta property=\"og:url\" content=\"https:\/\/www.cetys.mx\/noticias\/a-punto-de-iniciar-el-programa-de-ingles-para-ninos-y-adolescentes-2019-2\/\" \/>\n<meta property=\"og:site_name\" content=\"CETYS\" \/>\n<meta property=\"article:publisher\" content=\"https:\/\/www.facebook.com\/cetysuniversidadmxl\/\" \/>\n<meta property=\"article:published_time\" content=\"2019-08-05T19:45:41+00:00\" \/>\n<meta property=\"article:modified_time\" content=\"2020-03-17T05:07:49+00:00\" \/>\n<meta property=\"og:image\" content=\"https:\/\/www.cetys.mx\/noticias\/wp-content\/uploads\/2019\/08\/Cetys-Kids-2.jpg\" \/>\n\t<meta property=\"og:image:width\" content=\"1200\" \/>\n\t<meta property=\"og:image:height\" content=\"1200\" \/>\n\t<meta property=\"og:image:type\" content=\"image\/jpeg\" \/>\n<meta name=\"author\" content=\"CETYS Institucional\" \/>\n<meta name=\"twitter:card\" content=\"summary_large_image\" \/>\n<meta name=\"twitter:creator\" content=\"@cetysuni\" \/>\n<meta name=\"twitter:site\" content=\"@cetysuni\" \/>\n<meta name=\"twitter:label1\" content=\"Escrito por\" \/>\n\t<meta name=\"twitter:data1\" content=\"CETYS Institucional\" \/>\n\t<meta name=\"twitter:label2\" content=\"Tiempo de lectura\" \/>\n\t<meta name=\"twitter:data2\" content=\"1 minuto\" \/>\n<script type=\"application\/ld+json\" class=\"yoast-schema-graph\">{\"@context\":\"https:\\\/\\\/schema.org\",\"@graph\":[{\"@type\":\"Article\",\"@id\":\"https:\\\/\\\/www.cetys.mx\\\/noticias\\\/a-punto-de-iniciar-el-programa-de-ingles-para-ninos-y-adolescentes-2019-2\\\/#article\",\"isPartOf\":{\"@id\":\"https:\\\/\\\/www.cetys.mx\\\/noticias\\\/a-punto-de-iniciar-el-programa-de-ingles-para-ninos-y-adolescentes-2019-2\\\/\"},\"author\":{\"name\":\"CETYS Institucional\",\"@id\":\"https:\\\/\\\/www.cetys.mx\\\/noticias\\\/#\\\/schema\\\/person\\\/e9d2b35265b64aa454df57a2828eb2ac\"},\"headline\":\"A punto de iniciar el Programa de Ingl\u00e9s para Ni\u00f1os y Adolescentes 2019-2\",\"datePublished\":\"2019-08-05T19:45:41+00:00\",\"dateModified\":\"2020-03-17T05:07:49+00:00\",\"mainEntityOfPage\":{\"@id\":\"https:\\\/\\\/www.cetys.mx\\\/noticias\\\/a-punto-de-iniciar-el-programa-de-ingles-para-ninos-y-adolescentes-2019-2\\\/\"},\"wordCount\":193,\"commentCount\":1,\"image\":{\"@id\":\"https:\\\/\\\/www.cetys.mx\\\/noticias\\\/a-punto-de-iniciar-el-programa-de-ingles-para-ninos-y-adolescentes-2019-2\\\/#primaryimage\"},\"thumbnailUrl\":\"https:\\\/\\\/www.cetys.mx\\\/noticias\\\/wp-content\\\/uploads\\\/2019\\\/08\\\/Cetys-Kids-2.jpg\",\"articleSection\":[\"Centro de Idiomas\"],\"inLanguage\":\"es\",\"potentialAction\":[{\"@type\":\"CommentAction\",\"name\":\"Comment\",\"target\":[\"https:\\\/\\\/www.cetys.mx\\\/noticias\\\/a-punto-de-iniciar-el-programa-de-ingles-para-ninos-y-adolescentes-2019-2\\\/#respond\"]}]},{\"@type\":\"WebPage\",\"@id\":\"https:\\\/\\\/www.cetys.mx\\\/noticias\\\/a-punto-de-iniciar-el-programa-de-ingles-para-ninos-y-adolescentes-2019-2\\\/\",\"url\":\"https:\\\/\\\/www.cetys.mx\\\/noticias\\\/a-punto-de-iniciar-el-programa-de-ingles-para-ninos-y-adolescentes-2019-2\\\/\",\"name\":\"A punto de iniciar el Programa de Ingl\u00e9s para Ni\u00f1os y Adolescentes 2019-2 - CETYS\",\"isPartOf\":{\"@id\":\"https:\\\/\\\/www.cetys.mx\\\/noticias\\\/#website\"},\"primaryImageOfPage\":{\"@id\":\"https:\\\/\\\/www.cetys.mx\\\/noticias\\\/a-punto-de-iniciar-el-programa-de-ingles-para-ninos-y-adolescentes-2019-2\\\/#primaryimage\"},\"image\":{\"@id\":\"https:\\\/\\\/www.cetys.mx\\\/noticias\\\/a-punto-de-iniciar-el-programa-de-ingles-para-ninos-y-adolescentes-2019-2\\\/#primaryimage\"},\"thumbnailUrl\":\"https:\\\/\\\/www.cetys.mx\\\/noticias\\\/wp-content\\\/uploads\\\/2019\\\/08\\\/Cetys-Kids-2.jpg\",\"datePublished\":\"2019-08-05T19:45:41+00:00\",\"dateModified\":\"2020-03-17T05:07:49+00:00\",\"author\":{\"@id\":\"https:\\\/\\\/www.cetys.mx\\\/noticias\\\/#\\\/schema\\\/person\\\/e9d2b35265b64aa454df57a2828eb2ac\"},\"description\":\"Articulo sobre A punto de iniciar el Programa de Ingl\u00e9s para Ni\u00f1os y Adolescentes 2019-2\",\"breadcrumb\":{\"@id\":\"https:\\\/\\\/www.cetys.mx\\\/noticias\\\/a-punto-de-iniciar-el-programa-de-ingles-para-ninos-y-adolescentes-2019-2\\\/#breadcrumb\"},\"inLanguage\":\"es\",\"potentialAction\":[{\"@type\":\"ReadAction\",\"target\":[\"https:\\\/\\\/www.cetys.mx\\\/noticias\\\/a-punto-de-iniciar-el-programa-de-ingles-para-ninos-y-adolescentes-2019-2\\\/\"]}]},{\"@type\":\"ImageObject\",\"inLanguage\":\"es\",\"@id\":\"https:\\\/\\\/www.cetys.mx\\\/noticias\\\/a-punto-de-iniciar-el-programa-de-ingles-para-ninos-y-adolescentes-2019-2\\\/#primaryimage\",\"url\":\"https:\\\/\\\/www.cetys.mx\\\/noticias\\\/wp-content\\\/uploads\\\/2019\\\/08\\\/Cetys-Kids-2.jpg\",\"contentUrl\":\"https:\\\/\\\/www.cetys.mx\\\/noticias\\\/wp-content\\\/uploads\\\/2019\\\/08\\\/Cetys-Kids-2.jpg\",\"width\":1200,\"height\":1200},{\"@type\":\"BreadcrumbList\",\"@id\":\"https:\\\/\\\/www.cetys.mx\\\/noticias\\\/a-punto-de-iniciar-el-programa-de-ingles-para-ninos-y-adolescentes-2019-2\\\/#breadcrumb\",\"itemListElement\":[{\"@type\":\"ListItem\",\"position\":1,\"name\":\"Inicio\",\"item\":\"https:\\\/\\\/www.cetys.mx\\\/noticias\\\/\"},{\"@type\":\"ListItem\",\"position\":2,\"name\":\"A punto de iniciar el Programa de Ingl\u00e9s para Ni\u00f1os y Adolescentes 2019-2\"}]},{\"@type\":\"WebSite\",\"@id\":\"https:\\\/\\\/www.cetys.mx\\\/noticias\\\/#website\",\"url\":\"https:\\\/\\\/www.cetys.mx\\\/noticias\\\/\",\"name\":\"CETYS\",\"description\":\"\",\"potentialAction\":[{\"@type\":\"SearchAction\",\"target\":{\"@type\":\"EntryPoint\",\"urlTemplate\":\"https:\\\/\\\/www.cetys.mx\\\/noticias\\\/?s={search_term_string}\"},\"query-input\":{\"@type\":\"PropertyValueSpecification\",\"valueRequired\":true,\"valueName\":\"search_term_string\"}}],\"inLanguage\":\"es\"},{\"@type\":\"Person\",\"@id\":\"https:\\\/\\\/www.cetys.mx\\\/noticias\\\/#\\\/schema\\\/person\\\/e9d2b35265b64aa454df57a2828eb2ac\",\"name\":\"CETYS Institucional\",\"url\":\"https:\\\/\\\/www.cetys.mx\\\/noticias\\\/author\\\/cetysinstitucional\\\/\"}]}<\/script>\n<!-- \/ Yoast SEO plugin. -->","yoast_head_json":{"title":"A punto de iniciar el Programa de Ingl\u00e9s para Ni\u00f1os y Adolescentes 2019-2 - CETYS","description":"Articulo sobre A punto de iniciar el Programa de Ingl\u00e9s para Ni\u00f1os y Adolescentes 2019-2","robots":{"index":"index","follow":"follow","max-snippet":"max-snippet:-1","max-image-preview":"max-image-preview:large","max-video-preview":"max-video-preview:-1"},"canonical":"https:\/\/www.cetys.mx\/noticias\/a-punto-de-iniciar-el-programa-de-ingles-para-ninos-y-adolescentes-2019-2\/","og_locale":"es_MX","og_type":"article","og_title":"A punto de iniciar el Programa de Ingl\u00e9s para Ni\u00f1os y Adolescentes 2019-2 - CETYS","og_description":"Articulo sobre A punto de iniciar el Programa de Ingl\u00e9s para Ni\u00f1os y Adolescentes 2019-2","og_url":"https:\/\/www.cetys.mx\/noticias\/a-punto-de-iniciar-el-programa-de-ingles-para-ninos-y-adolescentes-2019-2\/","og_site_name":"CETYS","article_publisher":"https:\/\/www.facebook.com\/cetysuniversidadmxl\/","article_published_time":"2019-08-05T19:45:41+00:00","article_modified_time":"2020-03-17T05:07:49+00:00","og_image":[{"width":1200,"height":1200,"url":"https:\/\/www.cetys.mx\/noticias\/wp-content\/uploads\/2019\/08\/Cetys-Kids-2.jpg","type":"image\/jpeg"}],"author":"CETYS Institucional","twitter_card":"summary_large_image","twitter_creator":"@cetysuni","twitter_site":"@cetysuni","twitter_misc":{"Escrito por":"CETYS Institucional","Tiempo de lectura":"1 minuto"},"schema":{"@context":"https:\/\/schema.org","@graph":[{"@type":"Article","@id":"https:\/\/www.cetys.mx\/noticias\/a-punto-de-iniciar-el-programa-de-ingles-para-ninos-y-adolescentes-2019-2\/#article","isPartOf":{"@id":"https:\/\/www.cetys.mx\/noticias\/a-punto-de-iniciar-el-programa-de-ingles-para-ninos-y-adolescentes-2019-2\/"},"author":{"name":"CETYS Institucional","@id":"https:\/\/www.cetys.mx\/noticias\/#\/schema\/person\/e9d2b35265b64aa454df57a2828eb2ac"},"headline":"A punto de iniciar el Programa de Ingl\u00e9s para Ni\u00f1os y Adolescentes 2019-2","datePublished":"2019-08-05T19:45:41+00:00","dateModified":"2020-03-17T05:07:49+00:00","mainEntityOfPage":{"@id":"https:\/\/www.cetys.mx\/noticias\/a-punto-de-iniciar-el-programa-de-ingles-para-ninos-y-adolescentes-2019-2\/"},"wordCount":193,"commentCount":1,"image":{"@id":"https:\/\/www.cetys.mx\/noticias\/a-punto-de-iniciar-el-programa-de-ingles-para-ninos-y-adolescentes-2019-2\/#primaryimage"},"thumbnailUrl":"https:\/\/www.cetys.mx\/noticias\/wp-content\/uploads\/2019\/08\/Cetys-Kids-2.jpg","articleSection":["Centro de Idiomas"],"inLanguage":"es","potentialAction":[{"@type":"CommentAction","name":"Comment","target":["https:\/\/www.cetys.mx\/noticias\/a-punto-de-iniciar-el-programa-de-ingles-para-ninos-y-adolescentes-2019-2\/#respond"]}]},{"@type":"WebPage","@id":"https:\/\/www.cetys.mx\/noticias\/a-punto-de-iniciar-el-programa-de-ingles-para-ninos-y-adolescentes-2019-2\/","url":"https:\/\/www.cetys.mx\/noticias\/a-punto-de-iniciar-el-programa-de-ingles-para-ninos-y-adolescentes-2019-2\/","name":"A punto de iniciar el Programa de Ingl\u00e9s para Ni\u00f1os y Adolescentes 2019-2 - CETYS","isPartOf":{"@id":"https:\/\/www.cetys.mx\/noticias\/#website"},"primaryImageOfPage":{"@id":"https:\/\/www.cetys.mx\/noticias\/a-punto-de-iniciar-el-programa-de-ingles-para-ninos-y-adolescentes-2019-2\/#primaryimage"},"image":{"@id":"https:\/\/www.cetys.mx\/noticias\/a-punto-de-iniciar-el-programa-de-ingles-para-ninos-y-adolescentes-2019-2\/#primaryimage"},"thumbnailUrl":"https:\/\/www.cetys.mx\/noticias\/wp-content\/uploads\/2019\/08\/Cetys-Kids-2.jpg","datePublished":"2019-08-05T19:45:41+00:00","dateModified":"2020-03-17T05:07:49+00:00","author":{"@id":"https:\/\/www.cetys.mx\/noticias\/#\/schema\/person\/e9d2b35265b64aa454df57a2828eb2ac"},"description":"Articulo sobre A punto de iniciar el Programa de Ingl\u00e9s para Ni\u00f1os y Adolescentes 2019-2","breadcrumb":{"@id":"https:\/\/www.cetys.mx\/noticias\/a-punto-de-iniciar-el-programa-de-ingles-para-ninos-y-adolescentes-2019-2\/#breadcrumb"},"inLanguage":"es","potentialAction":[{"@type":"ReadAction","target":["https:\/\/www.cetys.mx\/noticias\/a-punto-de-iniciar-el-programa-de-ingles-para-ninos-y-adolescentes-2019-2\/"]}]},{"@type":"ImageObject","inLanguage":"es","@id":"https:\/\/www.cetys.mx\/noticias\/a-punto-de-iniciar-el-programa-de-ingles-para-ninos-y-adolescentes-2019-2\/#primaryimage","url":"https:\/\/www.cetys.mx\/noticias\/wp-content\/uploads\/2019\/08\/Cetys-Kids-2.jpg","contentUrl":"https:\/\/www.cetys.mx\/noticias\/wp-content\/uploads\/2019\/08\/Cetys-Kids-2.jpg","width":1200,"height":1200},{"@type":"BreadcrumbList","@id":"https:\/\/www.cetys.mx\/noticias\/a-punto-de-iniciar-el-programa-de-ingles-para-ninos-y-adolescentes-2019-2\/#breadcrumb","itemListElement":[{"@type":"ListItem","position":1,"name":"Inicio","item":"https:\/\/www.cetys.mx\/noticias\/"},{"@type":"ListItem","position":2,"name":"A punto de iniciar el Programa de Ingl\u00e9s para Ni\u00f1os y Adolescentes 2019-2"}]},{"@type":"WebSite","@id":"https:\/\/www.cetys.mx\/noticias\/#website","url":"https:\/\/www.cetys.mx\/noticias\/","name":"CETYS","description":"","potentialAction":[{"@type":"SearchAction","target":{"@type":"EntryPoint","urlTemplate":"https:\/\/www.cetys.mx\/noticias\/?s={search_term_string}"},"query-input":{"@type":"PropertyValueSpecification","valueRequired":true,"valueName":"search_term_string"}}],"inLanguage":"es"},{"@type":"Person","@id":"https:\/\/www.cetys.mx\/noticias\/#\/schema\/person\/e9d2b35265b64aa454df57a2828eb2ac","name":"CETYS Institucional","url":"https:\/\/www.cetys.mx\/noticias\/author\/cetysinstitucional\/"}]}},"_links":{"self":[{"href":"https:\/\/www.cetys.mx\/noticias\/wp-json\/wp\/v2\/posts\/132932","targetHints":{"allow":["GET"]}}],"collection":[{"href":"https:\/\/www.cetys.mx\/noticias\/wp-json\/wp\/v2\/posts"}],"about":[{"href":"https:\/\/www.cetys.mx\/noticias\/wp-json\/wp\/v2\/types\/post"}],"author":[{"embeddable":true,"href":"https:\/\/www.cetys.mx\/noticias\/wp-json\/wp\/v2\/users\/26"}],"replies":[{"embeddable":true,"href":"https:\/\/www.cetys.mx\/noticias\/wp-json\/wp\/v2\/comments?post=132932"}],"version-history":[{"count":0,"href":"https:\/\/www.cetys.mx\/noticias\/wp-json\/wp\/v2\/posts\/132932\/revisions"}],"wp:featuredmedia":[{"embeddable":true,"href":"https:\/\/www.cetys.mx\/noticias\/wp-json\/wp\/v2\/media\/132937"}],"wp:attachment":[{"href":"https:\/\/www.cetys.mx\/noticias\/wp-json\/wp\/v2\/media?parent=132932"}],"wp:term":[{"taxonomy":"category","embeddable":true,"href":"https:\/\/www.cetys.mx\/noticias\/wp-json\/wp\/v2\/categories?post=132932"},{"taxonomy":"post_tag","embeddable":true,"href":"https:\/\/www.cetys.mx\/noticias\/wp-json\/wp\/v2\/tags?post=132932"}],"curies":[{"name":"wp","href":"https:\/\/api.w.org\/{rel}","templated":true}]}}