{"id":132757,"date":"2019-07-30T15:47:24","date_gmt":"2019-07-30T22:47:24","guid":{"rendered":"https:\/\/www.cetys.mx\/noticias\/?p=132757"},"modified":"2019-08-06T16:45:25","modified_gmt":"2019-08-06T23:45:25","slug":"comparten-experiencias-educativas-en-la-1ra-jornada-de-buenas-practicas-docentes","status":"publish","type":"post","link":"https:\/\/www.cetys.mx\/noticias\/comparten-experiencias-educativas-en-la-1ra-jornada-de-buenas-practicas-docentes\/","title":{"rendered":"Comparten experiencias educativas en la 1ra. \u00a0Jornada de Buenas Pr\u00e1cticas Docentes"},"content":{"rendered":"<p style=\"text-align: justify;\">En la b\u00fasqueda constante del mejoramiento en competencias docentes, pedag\u00f3gicas, y que el profesorado de <a href=\"https:\/\/www.cetys.mx\/\">CETYS Universidad<\/a> se mantengan siempre vigente y con los objetivos que la Instituci\u00f3n busca desarrollar en su alumnado, se llev\u00f3 a cabo la <strong>1ra. Jornada de Buenas Pr\u00e1cticas Docentes 2019<\/strong>, en donde asistieron los profesores de los diversos niveles de formaci\u00f3n de <a href=\"https:\/\/www.cetys.mx\/\">CETYS.<\/a><\/p>\n<p style=\"text-align: justify;\">La <strong>Mtra. Patricia Trujillo, Coordinadora Estatal de Formaci\u00f3n y Evaluaci\u00f3n del Profesorado del Sistema CETYS Universidad<\/strong>, coment\u00f3 que estos espacios de reflexi\u00f3n son ideales para compartir, dialogar y sumar:<\/p>\n<blockquote>\n<p style=\"text-align: justify;\">\u201cLos profesores de todos los niveles fueron convocados para que nos compartieran sus buenas pr\u00e1cticas, queremos que se conozcan las experiencias acad\u00e9micas que previamente han sido planeadas, implementadas, revisadas y que pueden ser un referente a seguir para el claustro acad\u00e9mico, en su pr\u00e1ctica docente, ya sea en las \u00e1reas de desarrollo humano, tecnol\u00f3gica y pedag\u00f3gica\u201d.<\/p>\n<p><img loading=\"lazy\" decoding=\"async\" class=\" wp-image-132779 aligncenter\" src=\"https:\/\/www.cetys.mx\/noticias\/wp-content\/uploads\/2019\/07\/2-2-2.jpg\" alt=\"\" width=\"517\" height=\"344\" srcset=\"https:\/\/www.cetys.mx\/noticias\/wp-content\/uploads\/2019\/07\/2-2-2.jpg 958w, https:\/\/www.cetys.mx\/noticias\/wp-content\/uploads\/2019\/07\/2-2-2-768x511.jpg 768w\" sizes=\"auto, (max-width: 517px) 100vw, 517px\" \/><\/p><\/blockquote>\n<p style=\"text-align: justify;\">Asimismo, hizo \u00e9nfasis en la importancia del di\u00e1logo por el bien de los estudiantes, para encontrar soluciones a los diversos problemas encontrados en el aula, as\u00ed como sumar experiencias en el repertorio de estrategias y de buenas pr\u00e1cticas en beneficio de los alumnos.<\/p>\n<p style=\"text-align: justify;\">Por su parte, el <strong>Mtro. Mario Dipp N\u00fa\u00f1ez, Director de <a href=\"https:\/\/www.facebook.com\/cetysuniversidadmxl\/\">CETYS Campus Mexicali<\/a><\/strong>, invit\u00f3 a los docentes a conocer sus diversos estilos de aprendizaje e integrar a su labor nuevas formas de ense\u00f1anza, con el fin de una mejora constante.<\/p>\n<p><img loading=\"lazy\" decoding=\"async\" class=\" wp-image-132784 aligncenter\" src=\"https:\/\/www.cetys.mx\/noticias\/wp-content\/uploads\/2019\/07\/77-7.jpg\" alt=\"\" width=\"546\" height=\"364\" srcset=\"https:\/\/www.cetys.mx\/noticias\/wp-content\/uploads\/2019\/07\/77-7.jpg 958w, https:\/\/www.cetys.mx\/noticias\/wp-content\/uploads\/2019\/07\/77-7-768x511.jpg 768w\" sizes=\"auto, (max-width: 546px) 100vw, 546px\" \/><\/p>\n<p style=\"text-align: justify;\">Para la <strong>Dra. Michelle Lazcano<\/strong>, <a href=\"https:\/\/www.cetys.mx\/oferta-educativa\/profesional\/licenciatura-en-inteligencia-de-negocios-e-innovacion\/\"><strong>Coordinadora de la Licenciatura en Inteligencia de Negocios e Innovaci\u00f3n<\/strong><\/a>, esta jornada le permiti\u00f3 tener una interacci\u00f3n cercana con sus compa\u00f1eros y dar cuenta de experiencias \u00fanicas en la labor docente:<\/p>\n<blockquote>\n<p style=\"text-align: justify;\">\u201cCompartimos vivencias \u00fanicas del aula, los sentimientos e incluso una historia. Los alumnos llegan a convertirse en colegas y hasta amigos, y ese seguimiento que uno debe de tener con los estudiantes es sumamente importante. El platicar con otros docentes te permite conocer qu\u00e9 les funciona y lo que no. Esto te da la posibilidad de reconectarte como docente e incluso tu parte como alumno, en un aprendizaje constante\u201d.<\/p>\n<p><img loading=\"lazy\" decoding=\"async\" class=\" wp-image-132781 aligncenter\" src=\"https:\/\/www.cetys.mx\/noticias\/wp-content\/uploads\/2019\/07\/4-4-1.jpg\" alt=\"\" width=\"525\" height=\"349\" srcset=\"https:\/\/www.cetys.mx\/noticias\/wp-content\/uploads\/2019\/07\/4-4-1.jpg 6016w, https:\/\/www.cetys.mx\/noticias\/wp-content\/uploads\/2019\/07\/4-4-1-768x511.jpg 768w\" sizes=\"auto, (max-width: 525px) 100vw, 525px\" \/><\/p><\/blockquote>\n<p style=\"text-align: justify;\">La Jornada de Buenas Pr\u00e1cticas Docentes 2019, es un esfuerzo del <a href=\"https:\/\/www.cetys.mx\/centro-de-desarrollo-y-mejoramiento-academico\/\">Centro de Desarrollo y Mejoramiento Acad\u00e9mico<\/a> a trav\u00e9s de la <a href=\"https:\/\/wasc.cetys.mx\/Initial\/docsSpanish\/EER2011\/Evidence%2042%202011%20EE%20Plan%20Desarrollo%20del%20Profesorado.pdf\">Coordinaci\u00f3n de Formaci\u00f3n Integral del Profesorado<\/a>, que tiene como objetivo el contribuir a mejorar el aprendizaje de los estudiantes, la competencia pedag\u00f3gica del profesorado y la calidad e innovaci\u00f3n de la pr\u00e1ctica docente, mediante proyectos y acciones estrat\u00e9gicas.<\/p>\n<p><img loading=\"lazy\" decoding=\"async\" class=\" wp-image-132780 aligncenter\" src=\"https:\/\/www.cetys.mx\/noticias\/wp-content\/uploads\/2019\/07\/3-3-1.jpg\" alt=\"\" width=\"510\" height=\"339\" srcset=\"https:\/\/www.cetys.mx\/noticias\/wp-content\/uploads\/2019\/07\/3-3-1.jpg 958w, https:\/\/www.cetys.mx\/noticias\/wp-content\/uploads\/2019\/07\/3-3-1-768x511.jpg 768w\" sizes=\"auto, (max-width: 510px) 100vw, 510px\" \/><\/p>\n<p style=\"text-align: justify;\">En este espacio de reflexi\u00f3n, particip\u00f3 el <strong>Mtro. Gustavo Fern\u00e1ndez de Le\u00f3n<\/strong> con la <em>conferencia Formando un prop\u00f3sito (m\u00e1s all\u00e1 del plan de estudios)<\/em>, se realiz\u00f3 una exposici\u00f3n de carteles con investigaciones hechas por los docentes de CETYS, as\u00ed como ponencias y comunidades de di\u00e1logo entre el profesorado. Como parte de la din\u00e1mica, el <strong>Mtro. Roberto Rosales Zepeda y el Mtro. Bruno Barush Galindo<\/strong>, fueron seleccionados por sus pares como los ganadores de la ponencia y el cartel favoritos, respectivamente.<\/p>\n","protected":false},"excerpt":{"rendered":"<p>En la b\u00fasqueda constante del mejoramiento en competencias docentes, pedag\u00f3gicas, y que el profesorado de CETYS Universidad se mantengan siempre vigente y&#8230;<\/p>\n","protected":false},"author":20,"featured_media":132788,"comment_status":"open","ping_status":"closed","sticky":false,"template":"","format":"standard","meta":{"footnotes":""},"categories":[110,133,2830,125,313],"tags":[3760],"class_list":["post-132757","post","type-post","status-publish","format-standard","has-post-thumbnail","hentry","category-academia","category-campus-mexicali","category-excelencia-academica","category-portada","category-vocetys-2","tag-vocetys-2019-08-06"],"yoast_head":"<!-- This site is optimized with the Yoast SEO plugin v27.4 - https:\/\/yoast.com\/product\/yoast-seo-wordpress\/ -->\n<title>Comparten experiencias educativas en la 1ra. \u00a0Jornada de Buenas Pr\u00e1cticas Docentes - CETYS<\/title>\n<meta name=\"description\" content=\"Articulo sobre Comparten experiencias educativas en la 1ra. \u00a0Jornada de Buenas Pr\u00e1cticas Docentes\" \/>\n<meta name=\"robots\" content=\"index, follow, max-snippet:-1, max-image-preview:large, max-video-preview:-1\" \/>\n<link rel=\"canonical\" href=\"https:\/\/www.cetys.mx\/noticias\/comparten-experiencias-educativas-en-la-1ra-jornada-de-buenas-practicas-docentes\/\" \/>\n<meta property=\"og:locale\" content=\"es_MX\" \/>\n<meta property=\"og:type\" content=\"article\" \/>\n<meta property=\"og:title\" content=\"Comparten experiencias educativas en la 1ra. \u00a0Jornada de Buenas Pr\u00e1cticas Docentes - CETYS\" \/>\n<meta property=\"og:description\" content=\"Articulo sobre Comparten experiencias educativas en la 1ra. \u00a0Jornada de Buenas Pr\u00e1cticas Docentes\" \/>\n<meta property=\"og:url\" content=\"https:\/\/www.cetys.mx\/noticias\/comparten-experiencias-educativas-en-la-1ra-jornada-de-buenas-practicas-docentes\/\" \/>\n<meta property=\"og:site_name\" content=\"CETYS\" \/>\n<meta property=\"article:publisher\" content=\"https:\/\/www.facebook.com\/cetysuniversidadmxl\/\" \/>\n<meta property=\"article:published_time\" content=\"2019-07-30T22:47:24+00:00\" \/>\n<meta property=\"article:modified_time\" content=\"2019-08-06T23:45:25+00:00\" \/>\n<meta property=\"og:image\" content=\"https:\/\/www.cetys.mx\/noticias\/wp-content\/uploads\/2019\/07\/8-8.jpg\" \/>\n\t<meta property=\"og:image:width\" content=\"958\" \/>\n\t<meta property=\"og:image:height\" content=\"637\" \/>\n\t<meta property=\"og:image:type\" content=\"image\/jpeg\" \/>\n<meta name=\"author\" content=\"Campus Mexicali\" \/>\n<meta name=\"twitter:card\" content=\"summary_large_image\" \/>\n<meta name=\"twitter:creator\" content=\"@cetysuni\" \/>\n<meta name=\"twitter:site\" content=\"@cetysuni\" \/>\n<meta name=\"twitter:label1\" content=\"Escrito por\" \/>\n\t<meta name=\"twitter:data1\" content=\"Campus Mexicali\" \/>\n\t<meta name=\"twitter:label2\" content=\"Tiempo de lectura\" \/>\n\t<meta name=\"twitter:data2\" content=\"3 minutos\" \/>\n<script type=\"application\/ld+json\" class=\"yoast-schema-graph\">{\"@context\":\"https:\\\/\\\/schema.org\",\"@graph\":[{\"@type\":\"Article\",\"@id\":\"https:\\\/\\\/www.cetys.mx\\\/noticias\\\/comparten-experiencias-educativas-en-la-1ra-jornada-de-buenas-practicas-docentes\\\/#article\",\"isPartOf\":{\"@id\":\"https:\\\/\\\/www.cetys.mx\\\/noticias\\\/comparten-experiencias-educativas-en-la-1ra-jornada-de-buenas-practicas-docentes\\\/\"},\"author\":{\"name\":\"Campus Mexicali\",\"@id\":\"https:\\\/\\\/www.cetys.mx\\\/noticias\\\/#\\\/schema\\\/person\\\/79a95c4ac185f3705cf1b9c9340a5f70\"},\"headline\":\"Comparten experiencias educativas en la 1ra. \u00a0Jornada de Buenas Pr\u00e1cticas Docentes\",\"datePublished\":\"2019-07-30T22:47:24+00:00\",\"dateModified\":\"2019-08-06T23:45:25+00:00\",\"mainEntityOfPage\":{\"@id\":\"https:\\\/\\\/www.cetys.mx\\\/noticias\\\/comparten-experiencias-educativas-en-la-1ra-jornada-de-buenas-practicas-docentes\\\/\"},\"wordCount\":518,\"commentCount\":0,\"image\":{\"@id\":\"https:\\\/\\\/www.cetys.mx\\\/noticias\\\/comparten-experiencias-educativas-en-la-1ra-jornada-de-buenas-practicas-docentes\\\/#primaryimage\"},\"thumbnailUrl\":\"https:\\\/\\\/www.cetys.mx\\\/noticias\\\/wp-content\\\/uploads\\\/2019\\\/07\\\/8-8.jpg\",\"keywords\":[\"vocetys-2019-08-06\"],\"articleSection\":[\"Academia\",\"Campus Mexicali\",\"Excelencia Acad\u00e9mica\",\"Portada\",\"VoCETYS\"],\"inLanguage\":\"es\",\"potentialAction\":[{\"@type\":\"CommentAction\",\"name\":\"Comment\",\"target\":[\"https:\\\/\\\/www.cetys.mx\\\/noticias\\\/comparten-experiencias-educativas-en-la-1ra-jornada-de-buenas-practicas-docentes\\\/#respond\"]}]},{\"@type\":\"WebPage\",\"@id\":\"https:\\\/\\\/www.cetys.mx\\\/noticias\\\/comparten-experiencias-educativas-en-la-1ra-jornada-de-buenas-practicas-docentes\\\/\",\"url\":\"https:\\\/\\\/www.cetys.mx\\\/noticias\\\/comparten-experiencias-educativas-en-la-1ra-jornada-de-buenas-practicas-docentes\\\/\",\"name\":\"Comparten experiencias educativas en la 1ra. \u00a0Jornada de Buenas Pr\u00e1cticas Docentes - CETYS\",\"isPartOf\":{\"@id\":\"https:\\\/\\\/www.cetys.mx\\\/noticias\\\/#website\"},\"primaryImageOfPage\":{\"@id\":\"https:\\\/\\\/www.cetys.mx\\\/noticias\\\/comparten-experiencias-educativas-en-la-1ra-jornada-de-buenas-practicas-docentes\\\/#primaryimage\"},\"image\":{\"@id\":\"https:\\\/\\\/www.cetys.mx\\\/noticias\\\/comparten-experiencias-educativas-en-la-1ra-jornada-de-buenas-practicas-docentes\\\/#primaryimage\"},\"thumbnailUrl\":\"https:\\\/\\\/www.cetys.mx\\\/noticias\\\/wp-content\\\/uploads\\\/2019\\\/07\\\/8-8.jpg\",\"datePublished\":\"2019-07-30T22:47:24+00:00\",\"dateModified\":\"2019-08-06T23:45:25+00:00\",\"author\":{\"@id\":\"https:\\\/\\\/www.cetys.mx\\\/noticias\\\/#\\\/schema\\\/person\\\/79a95c4ac185f3705cf1b9c9340a5f70\"},\"description\":\"Articulo sobre Comparten experiencias educativas en la 1ra. \u00a0Jornada de Buenas Pr\u00e1cticas Docentes\",\"breadcrumb\":{\"@id\":\"https:\\\/\\\/www.cetys.mx\\\/noticias\\\/comparten-experiencias-educativas-en-la-1ra-jornada-de-buenas-practicas-docentes\\\/#breadcrumb\"},\"inLanguage\":\"es\",\"potentialAction\":[{\"@type\":\"ReadAction\",\"target\":[\"https:\\\/\\\/www.cetys.mx\\\/noticias\\\/comparten-experiencias-educativas-en-la-1ra-jornada-de-buenas-practicas-docentes\\\/\"]}]},{\"@type\":\"ImageObject\",\"inLanguage\":\"es\",\"@id\":\"https:\\\/\\\/www.cetys.mx\\\/noticias\\\/comparten-experiencias-educativas-en-la-1ra-jornada-de-buenas-practicas-docentes\\\/#primaryimage\",\"url\":\"https:\\\/\\\/www.cetys.mx\\\/noticias\\\/wp-content\\\/uploads\\\/2019\\\/07\\\/8-8.jpg\",\"contentUrl\":\"https:\\\/\\\/www.cetys.mx\\\/noticias\\\/wp-content\\\/uploads\\\/2019\\\/07\\\/8-8.jpg\",\"width\":958,\"height\":637},{\"@type\":\"BreadcrumbList\",\"@id\":\"https:\\\/\\\/www.cetys.mx\\\/noticias\\\/comparten-experiencias-educativas-en-la-1ra-jornada-de-buenas-practicas-docentes\\\/#breadcrumb\",\"itemListElement\":[{\"@type\":\"ListItem\",\"position\":1,\"name\":\"Inicio\",\"item\":\"https:\\\/\\\/www.cetys.mx\\\/noticias\\\/\"},{\"@type\":\"ListItem\",\"position\":2,\"name\":\"Comparten experiencias educativas en la 1ra. \u00a0Jornada de Buenas Pr\u00e1cticas Docentes\"}]},{\"@type\":\"WebSite\",\"@id\":\"https:\\\/\\\/www.cetys.mx\\\/noticias\\\/#website\",\"url\":\"https:\\\/\\\/www.cetys.mx\\\/noticias\\\/\",\"name\":\"CETYS\",\"description\":\"\",\"potentialAction\":[{\"@type\":\"SearchAction\",\"target\":{\"@type\":\"EntryPoint\",\"urlTemplate\":\"https:\\\/\\\/www.cetys.mx\\\/noticias\\\/?s={search_term_string}\"},\"query-input\":{\"@type\":\"PropertyValueSpecification\",\"valueRequired\":true,\"valueName\":\"search_term_string\"}}],\"inLanguage\":\"es\"},{\"@type\":\"Person\",\"@id\":\"https:\\\/\\\/www.cetys.mx\\\/noticias\\\/#\\\/schema\\\/person\\\/79a95c4ac185f3705cf1b9c9340a5f70\",\"name\":\"Campus Mexicali\",\"url\":\"https:\\\/\\\/www.cetys.mx\\\/noticias\\\/author\\\/campusmexicali\\\/\"}]}<\/script>\n<!-- \/ Yoast SEO plugin. -->","yoast_head_json":{"title":"Comparten experiencias educativas en la 1ra. \u00a0Jornada de Buenas Pr\u00e1cticas Docentes - CETYS","description":"Articulo sobre Comparten experiencias educativas en la 1ra. \u00a0Jornada de Buenas Pr\u00e1cticas Docentes","robots":{"index":"index","follow":"follow","max-snippet":"max-snippet:-1","max-image-preview":"max-image-preview:large","max-video-preview":"max-video-preview:-1"},"canonical":"https:\/\/www.cetys.mx\/noticias\/comparten-experiencias-educativas-en-la-1ra-jornada-de-buenas-practicas-docentes\/","og_locale":"es_MX","og_type":"article","og_title":"Comparten experiencias educativas en la 1ra. \u00a0Jornada de Buenas Pr\u00e1cticas Docentes - CETYS","og_description":"Articulo sobre Comparten experiencias educativas en la 1ra. \u00a0Jornada de Buenas Pr\u00e1cticas Docentes","og_url":"https:\/\/www.cetys.mx\/noticias\/comparten-experiencias-educativas-en-la-1ra-jornada-de-buenas-practicas-docentes\/","og_site_name":"CETYS","article_publisher":"https:\/\/www.facebook.com\/cetysuniversidadmxl\/","article_published_time":"2019-07-30T22:47:24+00:00","article_modified_time":"2019-08-06T23:45:25+00:00","og_image":[{"width":958,"height":637,"url":"https:\/\/www.cetys.mx\/noticias\/wp-content\/uploads\/2019\/07\/8-8.jpg","type":"image\/jpeg"}],"author":"Campus Mexicali","twitter_card":"summary_large_image","twitter_creator":"@cetysuni","twitter_site":"@cetysuni","twitter_misc":{"Escrito por":"Campus Mexicali","Tiempo de lectura":"3 minutos"},"schema":{"@context":"https:\/\/schema.org","@graph":[{"@type":"Article","@id":"https:\/\/www.cetys.mx\/noticias\/comparten-experiencias-educativas-en-la-1ra-jornada-de-buenas-practicas-docentes\/#article","isPartOf":{"@id":"https:\/\/www.cetys.mx\/noticias\/comparten-experiencias-educativas-en-la-1ra-jornada-de-buenas-practicas-docentes\/"},"author":{"name":"Campus Mexicali","@id":"https:\/\/www.cetys.mx\/noticias\/#\/schema\/person\/79a95c4ac185f3705cf1b9c9340a5f70"},"headline":"Comparten experiencias educativas en la 1ra. \u00a0Jornada de Buenas Pr\u00e1cticas Docentes","datePublished":"2019-07-30T22:47:24+00:00","dateModified":"2019-08-06T23:45:25+00:00","mainEntityOfPage":{"@id":"https:\/\/www.cetys.mx\/noticias\/comparten-experiencias-educativas-en-la-1ra-jornada-de-buenas-practicas-docentes\/"},"wordCount":518,"commentCount":0,"image":{"@id":"https:\/\/www.cetys.mx\/noticias\/comparten-experiencias-educativas-en-la-1ra-jornada-de-buenas-practicas-docentes\/#primaryimage"},"thumbnailUrl":"https:\/\/www.cetys.mx\/noticias\/wp-content\/uploads\/2019\/07\/8-8.jpg","keywords":["vocetys-2019-08-06"],"articleSection":["Academia","Campus Mexicali","Excelencia Acad\u00e9mica","Portada","VoCETYS"],"inLanguage":"es","potentialAction":[{"@type":"CommentAction","name":"Comment","target":["https:\/\/www.cetys.mx\/noticias\/comparten-experiencias-educativas-en-la-1ra-jornada-de-buenas-practicas-docentes\/#respond"]}]},{"@type":"WebPage","@id":"https:\/\/www.cetys.mx\/noticias\/comparten-experiencias-educativas-en-la-1ra-jornada-de-buenas-practicas-docentes\/","url":"https:\/\/www.cetys.mx\/noticias\/comparten-experiencias-educativas-en-la-1ra-jornada-de-buenas-practicas-docentes\/","name":"Comparten experiencias educativas en la 1ra. \u00a0Jornada de Buenas Pr\u00e1cticas Docentes - CETYS","isPartOf":{"@id":"https:\/\/www.cetys.mx\/noticias\/#website"},"primaryImageOfPage":{"@id":"https:\/\/www.cetys.mx\/noticias\/comparten-experiencias-educativas-en-la-1ra-jornada-de-buenas-practicas-docentes\/#primaryimage"},"image":{"@id":"https:\/\/www.cetys.mx\/noticias\/comparten-experiencias-educativas-en-la-1ra-jornada-de-buenas-practicas-docentes\/#primaryimage"},"thumbnailUrl":"https:\/\/www.cetys.mx\/noticias\/wp-content\/uploads\/2019\/07\/8-8.jpg","datePublished":"2019-07-30T22:47:24+00:00","dateModified":"2019-08-06T23:45:25+00:00","author":{"@id":"https:\/\/www.cetys.mx\/noticias\/#\/schema\/person\/79a95c4ac185f3705cf1b9c9340a5f70"},"description":"Articulo sobre Comparten experiencias educativas en la 1ra. \u00a0Jornada de Buenas Pr\u00e1cticas Docentes","breadcrumb":{"@id":"https:\/\/www.cetys.mx\/noticias\/comparten-experiencias-educativas-en-la-1ra-jornada-de-buenas-practicas-docentes\/#breadcrumb"},"inLanguage":"es","potentialAction":[{"@type":"ReadAction","target":["https:\/\/www.cetys.mx\/noticias\/comparten-experiencias-educativas-en-la-1ra-jornada-de-buenas-practicas-docentes\/"]}]},{"@type":"ImageObject","inLanguage":"es","@id":"https:\/\/www.cetys.mx\/noticias\/comparten-experiencias-educativas-en-la-1ra-jornada-de-buenas-practicas-docentes\/#primaryimage","url":"https:\/\/www.cetys.mx\/noticias\/wp-content\/uploads\/2019\/07\/8-8.jpg","contentUrl":"https:\/\/www.cetys.mx\/noticias\/wp-content\/uploads\/2019\/07\/8-8.jpg","width":958,"height":637},{"@type":"BreadcrumbList","@id":"https:\/\/www.cetys.mx\/noticias\/comparten-experiencias-educativas-en-la-1ra-jornada-de-buenas-practicas-docentes\/#breadcrumb","itemListElement":[{"@type":"ListItem","position":1,"name":"Inicio","item":"https:\/\/www.cetys.mx\/noticias\/"},{"@type":"ListItem","position":2,"name":"Comparten experiencias educativas en la 1ra. \u00a0Jornada de Buenas Pr\u00e1cticas Docentes"}]},{"@type":"WebSite","@id":"https:\/\/www.cetys.mx\/noticias\/#website","url":"https:\/\/www.cetys.mx\/noticias\/","name":"CETYS","description":"","potentialAction":[{"@type":"SearchAction","target":{"@type":"EntryPoint","urlTemplate":"https:\/\/www.cetys.mx\/noticias\/?s={search_term_string}"},"query-input":{"@type":"PropertyValueSpecification","valueRequired":true,"valueName":"search_term_string"}}],"inLanguage":"es"},{"@type":"Person","@id":"https:\/\/www.cetys.mx\/noticias\/#\/schema\/person\/79a95c4ac185f3705cf1b9c9340a5f70","name":"Campus Mexicali","url":"https:\/\/www.cetys.mx\/noticias\/author\/campusmexicali\/"}]}},"_links":{"self":[{"href":"https:\/\/www.cetys.mx\/noticias\/wp-json\/wp\/v2\/posts\/132757","targetHints":{"allow":["GET"]}}],"collection":[{"href":"https:\/\/www.cetys.mx\/noticias\/wp-json\/wp\/v2\/posts"}],"about":[{"href":"https:\/\/www.cetys.mx\/noticias\/wp-json\/wp\/v2\/types\/post"}],"author":[{"embeddable":true,"href":"https:\/\/www.cetys.mx\/noticias\/wp-json\/wp\/v2\/users\/20"}],"replies":[{"embeddable":true,"href":"https:\/\/www.cetys.mx\/noticias\/wp-json\/wp\/v2\/comments?post=132757"}],"version-history":[{"count":0,"href":"https:\/\/www.cetys.mx\/noticias\/wp-json\/wp\/v2\/posts\/132757\/revisions"}],"wp:featuredmedia":[{"embeddable":true,"href":"https:\/\/www.cetys.mx\/noticias\/wp-json\/wp\/v2\/media\/132788"}],"wp:attachment":[{"href":"https:\/\/www.cetys.mx\/noticias\/wp-json\/wp\/v2\/media?parent=132757"}],"wp:term":[{"taxonomy":"category","embeddable":true,"href":"https:\/\/www.cetys.mx\/noticias\/wp-json\/wp\/v2\/categories?post=132757"},{"taxonomy":"post_tag","embeddable":true,"href":"https:\/\/www.cetys.mx\/noticias\/wp-json\/wp\/v2\/tags?post=132757"}],"curies":[{"name":"wp","href":"https:\/\/api.w.org\/{rel}","templated":true}]}}