{"id":132224,"date":"2019-07-11T11:00:22","date_gmt":"2019-07-11T18:00:22","guid":{"rendered":"https:\/\/www.cetys.mx\/noticias\/?p=132224"},"modified":"2019-07-15T13:59:26","modified_gmt":"2019-07-15T20:59:26","slug":"cetys-tij-nuevo-hc-fba","status":"publish","type":"post","link":"https:\/\/www.cetys.mx\/noticias\/cetys-tij-nuevo-hc-fba\/","title":{"rendered":"CETYS Tijuana anuncia nuevo entrenador de F\u00fatbol Americano Varsity"},"content":{"rendered":"<p align=\"justify\"><strong>CETYS Universidad Campus Tijuana<\/strong>, a trav\u00e9s de la <em>Direcci\u00f3n de Asuntos Estudiantiles<\/em> y la <em>Coordinaci\u00f3n de Deportes<\/em>, anuncia que el <strong>Lic. Guillermo Ru\u00edz Burguete<\/strong> asume el puesto de <em>Entrenador en Jefe<\/em> de los <em>Programas de F\u00fatbol Americano<\/em> en categor\u00edas Varsity y Junior Varsity; ser\u00e1 sucesor de <strong>Carlos Campa<\/strong>, quien termin\u00f3 su gesti\u00f3n de 10 temporadas con dichos equipos de Preparatoria.<\/p>\n<p align=\"justify\"><strong>Ru\u00edz<\/strong>, de 45 a\u00f1os de edad, toma este compromiso de frente a la Temporada 2019 de la categor\u00eda <em>Varsity<\/em> de la OEFA (Organizaci\u00f3n Estudiantil de F\u00fatbol Americano de Baja California).<\/p>\n<p align=\"justify\"><img loading=\"lazy\" decoding=\"async\" class=\"alignnone size-full wp-image-132228\" src=\"https:\/\/www.cetys.mx\/noticias\/wp-content\/uploads\/2019\/07\/ruiz2-e1562833796671.jpg\" alt=\"\" width=\"954\" height=\"637\" \/><\/p>\n<p align=\"justify\"><strong>EXPERIENCIA PROFESIONAL<\/strong><\/p>\n<p align=\"justify\">Como jugador estudiantil dividi\u00f3 su etapa universitaria entre las defensas de Centinelas CGP y Borregos Tec Campus Monterrey, donde gan\u00f3 varios t\u00edtulos nacionales. Posteriormente su talento lo llev\u00f3 a la NFL Europa y militar algunas temporadas con el Frankfurt Galaxy, as\u00ed como ser invitado al Campo de Entrenamiento de los Dallas Cowboys en Estados Unidos. Se retir\u00f3 definitivamente en 2009.<\/p>\n<p align=\"justify\">Su experiencia como entrenador comenz\u00f3 de 1991 a 1994 como estratega de Centinelas CGP, Categor\u00eda Juvenil &#8220;A&#8221;. En 1998 llega a Borregos Tec Campus Monterrey como instructor de apoyadores, a las \u00f3rdenes de Frank Gonz\u00e1lez. Posteriormente fue Coordinador Defensivo y Equipos Especiales de Borregos Tec Campus Toluca. En 2007 se presenta como Coordinador Defensivo de Linces UVM Lomas Verdes. De 2008 a 2009 fue estratega de Huracanes de Mazatl\u00e1n, equipo donde gan\u00f3 tres campeonatos en dos competencias: AFAS (Asociaci\u00f3n de F\u00fatbol Americano de Sinaloa) y Liga Vallartense de F\u00fatbol Arena.<\/p>\n<p align=\"justify\"><img loading=\"lazy\" decoding=\"async\" class=\"alignnone size-full wp-image-132227\" src=\"https:\/\/www.cetys.mx\/noticias\/wp-content\/uploads\/2019\/07\/ruiz1-e1562833728884.jpg\" alt=\"\" width=\"956\" height=\"637\" \/><\/p>\n<p align=\"justify\">Universidad del Conde lo contrat\u00f3 en 2015 como Director Deportivo y Entrenador en Jefe, participando en la Liga Mayor de ONEFA y en otras competencias. En ese a\u00f1o colabora tambi\u00e9n con Pieles Rojas de Mazatl\u00e1n, donde gan\u00f3 otro t\u00edtulo en la Liga de F\u00fatbol Arena OSFAT.<\/p>\n<p align=\"justify\">En 2017 llega a la LFA (Liga de F\u00fatbol Americano de M\u00e9xico) como timonel del club Dinos de Saltillo, ganando la Divisi\u00f3n Norte y disputando el Taz\u00f3n M\u00e9xico; luego fue Alto Comisionado del circuito por unos meses. En 2018 se adhiri\u00f3 al equipo Mexicah Universidad como Director Deportivo y Entrenador en Jefe, cerrando con un campeonato en la IAFL (International Arena Football League) el pasado 15 de junio.<\/p>\n<p align=\"justify\"><img loading=\"lazy\" decoding=\"async\" class=\"alignnone size-full wp-image-132229\" src=\"https:\/\/www.cetys.mx\/noticias\/wp-content\/uploads\/2019\/07\/campa1-e1562834438326.jpg\" alt=\"\" width=\"956\" height=\"637\" \/><\/p>\n<p align=\"justify\"><strong>EL LEGADO<\/strong><\/p>\n<p align=\"justify\"><strong>CETYS Universidad Campus Tijuana<\/strong> agradece profundamente el legado que deja <strong>Carlos Campa Agraz<\/strong>,\u00a0quien se desempe\u00f1\u00f3 como Entrenador en Jefe del Programa de F\u00fatbol Americano, Nivel Preparatoria, durante los \u00faltimos 10 a\u00f1os.<\/p>\n<p align=\"justify\">Con <strong>Campa<\/strong> al mando se cosecharon tres subcampeonatos Varsity (2010, 2013 y 2017) en OEFA y se desarroll\u00f3 el talento de decenas de estudiantes, hoy egresados de esta instituci\u00f3n.<\/p>\n<p align=\"justify\"><img loading=\"lazy\" decoding=\"async\" class=\"alignnone size-full wp-image-132225\" src=\"https:\/\/www.cetys.mx\/noticias\/wp-content\/uploads\/2019\/07\/MG_7919-e1562832849951.jpg\" alt=\"\" width=\"955\" height=\"637\" \/><\/p>\n","protected":false},"excerpt":{"rendered":"<p>CETYS Universidad Campus Tijuana, a trav\u00e9s de la Direcci\u00f3n de Asuntos Estudiantiles y la Coordinaci\u00f3n de Deportes, anuncia que el Lic. Guillermo&#8230;<\/p>\n","protected":false},"author":24,"featured_media":132230,"comment_status":"open","ping_status":"closed","sticky":false,"template":"","format":"standard","meta":{"footnotes":""},"categories":[134,312,313],"tags":[233,933,1019],"class_list":["post-132224","post","type-post","status-publish","format-standard","has-post-thumbnail","hentry","category-campus-tijuana","category-deportes","category-vocetys-2","tag-deportes","tag-futbol-americano","tag-oefa","univesidades-cetys-campus-tijuana"],"yoast_head":"<!-- This site is optimized with the Yoast SEO plugin v27.4 - https:\/\/yoast.com\/product\/yoast-seo-wordpress\/ -->\n<title>CETYS Tijuana anuncia nuevo entrenador de F\u00fatbol Americano Varsity - CETYS<\/title>\n<meta name=\"description\" content=\"Articulo sobre CETYS Tijuana anuncia nuevo entrenador de F\u00fatbol Americano Varsity\" \/>\n<meta name=\"robots\" content=\"index, follow, max-snippet:-1, max-image-preview:large, max-video-preview:-1\" \/>\n<link rel=\"canonical\" href=\"https:\/\/www.cetys.mx\/noticias\/cetys-tij-nuevo-hc-fba\/\" \/>\n<meta property=\"og:locale\" content=\"es_MX\" \/>\n<meta property=\"og:type\" content=\"article\" \/>\n<meta property=\"og:title\" content=\"CETYS Tijuana anuncia nuevo entrenador de F\u00fatbol Americano Varsity - CETYS\" \/>\n<meta property=\"og:description\" content=\"Articulo sobre CETYS Tijuana anuncia nuevo entrenador de F\u00fatbol Americano Varsity\" \/>\n<meta property=\"og:url\" content=\"https:\/\/www.cetys.mx\/noticias\/cetys-tij-nuevo-hc-fba\/\" \/>\n<meta property=\"og:site_name\" content=\"CETYS\" \/>\n<meta property=\"article:publisher\" content=\"https:\/\/www.facebook.com\/cetysuniversidadmxl\/\" \/>\n<meta property=\"article:published_time\" content=\"2019-07-11T18:00:22+00:00\" \/>\n<meta property=\"article:modified_time\" content=\"2019-07-15T20:59:26+00:00\" \/>\n<meta property=\"og:image\" content=\"https:\/\/www.cetys.mx\/noticias\/wp-content\/uploads\/2019\/07\/xIMG_6561-e1562834638650.jpg\" \/>\n\t<meta property=\"og:image:width\" content=\"956\" \/>\n\t<meta property=\"og:image:height\" content=\"637\" \/>\n\t<meta property=\"og:image:type\" content=\"image\/jpeg\" \/>\n<meta name=\"author\" content=\"Campus Tijuana\" \/>\n<meta name=\"twitter:card\" content=\"summary_large_image\" \/>\n<meta name=\"twitter:creator\" content=\"@cetysuni\" \/>\n<meta name=\"twitter:site\" content=\"@cetysuni\" \/>\n<meta name=\"twitter:label1\" content=\"Escrito por\" \/>\n\t<meta name=\"twitter:data1\" content=\"Campus Tijuana\" \/>\n\t<meta name=\"twitter:label2\" content=\"Tiempo de lectura\" \/>\n\t<meta name=\"twitter:data2\" content=\"2 minutos\" \/>\n<script type=\"application\/ld+json\" class=\"yoast-schema-graph\">{\"@context\":\"https:\\\/\\\/schema.org\",\"@graph\":[{\"@type\":\"Article\",\"@id\":\"https:\\\/\\\/www.cetys.mx\\\/noticias\\\/cetys-tij-nuevo-hc-fba\\\/#article\",\"isPartOf\":{\"@id\":\"https:\\\/\\\/www.cetys.mx\\\/noticias\\\/cetys-tij-nuevo-hc-fba\\\/\"},\"author\":{\"name\":\"Campus Tijuana\",\"@id\":\"https:\\\/\\\/www.cetys.mx\\\/noticias\\\/#\\\/schema\\\/person\\\/e790051ce60e18ae47cfa87011c8653f\"},\"headline\":\"CETYS Tijuana anuncia nuevo entrenador de F\u00fatbol Americano Varsity\",\"datePublished\":\"2019-07-11T18:00:22+00:00\",\"dateModified\":\"2019-07-15T20:59:26+00:00\",\"mainEntityOfPage\":{\"@id\":\"https:\\\/\\\/www.cetys.mx\\\/noticias\\\/cetys-tij-nuevo-hc-fba\\\/\"},\"wordCount\":443,\"commentCount\":0,\"image\":{\"@id\":\"https:\\\/\\\/www.cetys.mx\\\/noticias\\\/cetys-tij-nuevo-hc-fba\\\/#primaryimage\"},\"thumbnailUrl\":\"https:\\\/\\\/www.cetys.mx\\\/noticias\\\/wp-content\\\/uploads\\\/2019\\\/07\\\/xIMG_6561-e1562834638650.jpg\",\"keywords\":[\"Deportes\",\"Futbol Americano\",\"OEFA\"],\"articleSection\":[\"Campus Tijuana\",\"Deportes\",\"VoCETYS\"],\"inLanguage\":\"es\",\"potentialAction\":[{\"@type\":\"CommentAction\",\"name\":\"Comment\",\"target\":[\"https:\\\/\\\/www.cetys.mx\\\/noticias\\\/cetys-tij-nuevo-hc-fba\\\/#respond\"]}]},{\"@type\":\"WebPage\",\"@id\":\"https:\\\/\\\/www.cetys.mx\\\/noticias\\\/cetys-tij-nuevo-hc-fba\\\/\",\"url\":\"https:\\\/\\\/www.cetys.mx\\\/noticias\\\/cetys-tij-nuevo-hc-fba\\\/\",\"name\":\"CETYS Tijuana anuncia nuevo entrenador de F\u00fatbol Americano Varsity - CETYS\",\"isPartOf\":{\"@id\":\"https:\\\/\\\/www.cetys.mx\\\/noticias\\\/#website\"},\"primaryImageOfPage\":{\"@id\":\"https:\\\/\\\/www.cetys.mx\\\/noticias\\\/cetys-tij-nuevo-hc-fba\\\/#primaryimage\"},\"image\":{\"@id\":\"https:\\\/\\\/www.cetys.mx\\\/noticias\\\/cetys-tij-nuevo-hc-fba\\\/#primaryimage\"},\"thumbnailUrl\":\"https:\\\/\\\/www.cetys.mx\\\/noticias\\\/wp-content\\\/uploads\\\/2019\\\/07\\\/xIMG_6561-e1562834638650.jpg\",\"datePublished\":\"2019-07-11T18:00:22+00:00\",\"dateModified\":\"2019-07-15T20:59:26+00:00\",\"author\":{\"@id\":\"https:\\\/\\\/www.cetys.mx\\\/noticias\\\/#\\\/schema\\\/person\\\/e790051ce60e18ae47cfa87011c8653f\"},\"description\":\"Articulo sobre CETYS Tijuana anuncia nuevo entrenador de F\u00fatbol Americano Varsity\",\"breadcrumb\":{\"@id\":\"https:\\\/\\\/www.cetys.mx\\\/noticias\\\/cetys-tij-nuevo-hc-fba\\\/#breadcrumb\"},\"inLanguage\":\"es\",\"potentialAction\":[{\"@type\":\"ReadAction\",\"target\":[\"https:\\\/\\\/www.cetys.mx\\\/noticias\\\/cetys-tij-nuevo-hc-fba\\\/\"]}]},{\"@type\":\"ImageObject\",\"inLanguage\":\"es\",\"@id\":\"https:\\\/\\\/www.cetys.mx\\\/noticias\\\/cetys-tij-nuevo-hc-fba\\\/#primaryimage\",\"url\":\"https:\\\/\\\/www.cetys.mx\\\/noticias\\\/wp-content\\\/uploads\\\/2019\\\/07\\\/xIMG_6561-e1562834638650.jpg\",\"contentUrl\":\"https:\\\/\\\/www.cetys.mx\\\/noticias\\\/wp-content\\\/uploads\\\/2019\\\/07\\\/xIMG_6561-e1562834638650.jpg\",\"width\":956,\"height\":637,\"caption\":\"CETYS Tijuana - F\u00fatbol Americano\"},{\"@type\":\"BreadcrumbList\",\"@id\":\"https:\\\/\\\/www.cetys.mx\\\/noticias\\\/cetys-tij-nuevo-hc-fba\\\/#breadcrumb\",\"itemListElement\":[{\"@type\":\"ListItem\",\"position\":1,\"name\":\"Inicio\",\"item\":\"https:\\\/\\\/www.cetys.mx\\\/noticias\\\/\"},{\"@type\":\"ListItem\",\"position\":2,\"name\":\"CETYS Tijuana anuncia nuevo entrenador de F\u00fatbol Americano Varsity\"}]},{\"@type\":\"WebSite\",\"@id\":\"https:\\\/\\\/www.cetys.mx\\\/noticias\\\/#website\",\"url\":\"https:\\\/\\\/www.cetys.mx\\\/noticias\\\/\",\"name\":\"CETYS\",\"description\":\"\",\"potentialAction\":[{\"@type\":\"SearchAction\",\"target\":{\"@type\":\"EntryPoint\",\"urlTemplate\":\"https:\\\/\\\/www.cetys.mx\\\/noticias\\\/?s={search_term_string}\"},\"query-input\":{\"@type\":\"PropertyValueSpecification\",\"valueRequired\":true,\"valueName\":\"search_term_string\"}}],\"inLanguage\":\"es\"},{\"@type\":\"Person\",\"@id\":\"https:\\\/\\\/www.cetys.mx\\\/noticias\\\/#\\\/schema\\\/person\\\/e790051ce60e18ae47cfa87011c8653f\",\"name\":\"Campus Tijuana\",\"url\":\"https:\\\/\\\/www.cetys.mx\\\/noticias\\\/author\\\/campustijuana\\\/\"}]}<\/script>\n<!-- \/ Yoast SEO plugin. -->","yoast_head_json":{"title":"CETYS Tijuana anuncia nuevo entrenador de F\u00fatbol Americano Varsity - CETYS","description":"Articulo sobre CETYS Tijuana anuncia nuevo entrenador de F\u00fatbol Americano Varsity","robots":{"index":"index","follow":"follow","max-snippet":"max-snippet:-1","max-image-preview":"max-image-preview:large","max-video-preview":"max-video-preview:-1"},"canonical":"https:\/\/www.cetys.mx\/noticias\/cetys-tij-nuevo-hc-fba\/","og_locale":"es_MX","og_type":"article","og_title":"CETYS Tijuana anuncia nuevo entrenador de F\u00fatbol Americano Varsity - CETYS","og_description":"Articulo sobre CETYS Tijuana anuncia nuevo entrenador de F\u00fatbol Americano Varsity","og_url":"https:\/\/www.cetys.mx\/noticias\/cetys-tij-nuevo-hc-fba\/","og_site_name":"CETYS","article_publisher":"https:\/\/www.facebook.com\/cetysuniversidadmxl\/","article_published_time":"2019-07-11T18:00:22+00:00","article_modified_time":"2019-07-15T20:59:26+00:00","og_image":[{"width":956,"height":637,"url":"https:\/\/www.cetys.mx\/noticias\/wp-content\/uploads\/2019\/07\/xIMG_6561-e1562834638650.jpg","type":"image\/jpeg"}],"author":"Campus Tijuana","twitter_card":"summary_large_image","twitter_creator":"@cetysuni","twitter_site":"@cetysuni","twitter_misc":{"Escrito por":"Campus Tijuana","Tiempo de lectura":"2 minutos"},"schema":{"@context":"https:\/\/schema.org","@graph":[{"@type":"Article","@id":"https:\/\/www.cetys.mx\/noticias\/cetys-tij-nuevo-hc-fba\/#article","isPartOf":{"@id":"https:\/\/www.cetys.mx\/noticias\/cetys-tij-nuevo-hc-fba\/"},"author":{"name":"Campus Tijuana","@id":"https:\/\/www.cetys.mx\/noticias\/#\/schema\/person\/e790051ce60e18ae47cfa87011c8653f"},"headline":"CETYS Tijuana anuncia nuevo entrenador de F\u00fatbol Americano Varsity","datePublished":"2019-07-11T18:00:22+00:00","dateModified":"2019-07-15T20:59:26+00:00","mainEntityOfPage":{"@id":"https:\/\/www.cetys.mx\/noticias\/cetys-tij-nuevo-hc-fba\/"},"wordCount":443,"commentCount":0,"image":{"@id":"https:\/\/www.cetys.mx\/noticias\/cetys-tij-nuevo-hc-fba\/#primaryimage"},"thumbnailUrl":"https:\/\/www.cetys.mx\/noticias\/wp-content\/uploads\/2019\/07\/xIMG_6561-e1562834638650.jpg","keywords":["Deportes","Futbol Americano","OEFA"],"articleSection":["Campus Tijuana","Deportes","VoCETYS"],"inLanguage":"es","potentialAction":[{"@type":"CommentAction","name":"Comment","target":["https:\/\/www.cetys.mx\/noticias\/cetys-tij-nuevo-hc-fba\/#respond"]}]},{"@type":"WebPage","@id":"https:\/\/www.cetys.mx\/noticias\/cetys-tij-nuevo-hc-fba\/","url":"https:\/\/www.cetys.mx\/noticias\/cetys-tij-nuevo-hc-fba\/","name":"CETYS Tijuana anuncia nuevo entrenador de F\u00fatbol Americano Varsity - CETYS","isPartOf":{"@id":"https:\/\/www.cetys.mx\/noticias\/#website"},"primaryImageOfPage":{"@id":"https:\/\/www.cetys.mx\/noticias\/cetys-tij-nuevo-hc-fba\/#primaryimage"},"image":{"@id":"https:\/\/www.cetys.mx\/noticias\/cetys-tij-nuevo-hc-fba\/#primaryimage"},"thumbnailUrl":"https:\/\/www.cetys.mx\/noticias\/wp-content\/uploads\/2019\/07\/xIMG_6561-e1562834638650.jpg","datePublished":"2019-07-11T18:00:22+00:00","dateModified":"2019-07-15T20:59:26+00:00","author":{"@id":"https:\/\/www.cetys.mx\/noticias\/#\/schema\/person\/e790051ce60e18ae47cfa87011c8653f"},"description":"Articulo sobre CETYS Tijuana anuncia nuevo entrenador de F\u00fatbol Americano Varsity","breadcrumb":{"@id":"https:\/\/www.cetys.mx\/noticias\/cetys-tij-nuevo-hc-fba\/#breadcrumb"},"inLanguage":"es","potentialAction":[{"@type":"ReadAction","target":["https:\/\/www.cetys.mx\/noticias\/cetys-tij-nuevo-hc-fba\/"]}]},{"@type":"ImageObject","inLanguage":"es","@id":"https:\/\/www.cetys.mx\/noticias\/cetys-tij-nuevo-hc-fba\/#primaryimage","url":"https:\/\/www.cetys.mx\/noticias\/wp-content\/uploads\/2019\/07\/xIMG_6561-e1562834638650.jpg","contentUrl":"https:\/\/www.cetys.mx\/noticias\/wp-content\/uploads\/2019\/07\/xIMG_6561-e1562834638650.jpg","width":956,"height":637,"caption":"CETYS Tijuana - F\u00fatbol Americano"},{"@type":"BreadcrumbList","@id":"https:\/\/www.cetys.mx\/noticias\/cetys-tij-nuevo-hc-fba\/#breadcrumb","itemListElement":[{"@type":"ListItem","position":1,"name":"Inicio","item":"https:\/\/www.cetys.mx\/noticias\/"},{"@type":"ListItem","position":2,"name":"CETYS Tijuana anuncia nuevo entrenador de F\u00fatbol Americano Varsity"}]},{"@type":"WebSite","@id":"https:\/\/www.cetys.mx\/noticias\/#website","url":"https:\/\/www.cetys.mx\/noticias\/","name":"CETYS","description":"","potentialAction":[{"@type":"SearchAction","target":{"@type":"EntryPoint","urlTemplate":"https:\/\/www.cetys.mx\/noticias\/?s={search_term_string}"},"query-input":{"@type":"PropertyValueSpecification","valueRequired":true,"valueName":"search_term_string"}}],"inLanguage":"es"},{"@type":"Person","@id":"https:\/\/www.cetys.mx\/noticias\/#\/schema\/person\/e790051ce60e18ae47cfa87011c8653f","name":"Campus Tijuana","url":"https:\/\/www.cetys.mx\/noticias\/author\/campustijuana\/"}]}},"_links":{"self":[{"href":"https:\/\/www.cetys.mx\/noticias\/wp-json\/wp\/v2\/posts\/132224","targetHints":{"allow":["GET"]}}],"collection":[{"href":"https:\/\/www.cetys.mx\/noticias\/wp-json\/wp\/v2\/posts"}],"about":[{"href":"https:\/\/www.cetys.mx\/noticias\/wp-json\/wp\/v2\/types\/post"}],"author":[{"embeddable":true,"href":"https:\/\/www.cetys.mx\/noticias\/wp-json\/wp\/v2\/users\/24"}],"replies":[{"embeddable":true,"href":"https:\/\/www.cetys.mx\/noticias\/wp-json\/wp\/v2\/comments?post=132224"}],"version-history":[{"count":0,"href":"https:\/\/www.cetys.mx\/noticias\/wp-json\/wp\/v2\/posts\/132224\/revisions"}],"wp:featuredmedia":[{"embeddable":true,"href":"https:\/\/www.cetys.mx\/noticias\/wp-json\/wp\/v2\/media\/132230"}],"wp:attachment":[{"href":"https:\/\/www.cetys.mx\/noticias\/wp-json\/wp\/v2\/media?parent=132224"}],"wp:term":[{"taxonomy":"category","embeddable":true,"href":"https:\/\/www.cetys.mx\/noticias\/wp-json\/wp\/v2\/categories?post=132224"},{"taxonomy":"post_tag","embeddable":true,"href":"https:\/\/www.cetys.mx\/noticias\/wp-json\/wp\/v2\/tags?post=132224"}],"curies":[{"name":"wp","href":"https:\/\/api.w.org\/{rel}","templated":true}]}}