{"id":132213,"date":"2019-07-08T11:40:52","date_gmt":"2019-07-08T18:40:52","guid":{"rendered":"https:\/\/www.cetys.mx\/noticias\/?p=132213"},"modified":"2019-07-08T11:40:52","modified_gmt":"2019-07-08T18:40:52","slug":"estudiantes-viven-experiencias-internacionales-durante-el-verano","status":"publish","type":"post","link":"https:\/\/www.cetys.mx\/noticias\/estudiantes-viven-experiencias-internacionales-durante-el-verano\/","title":{"rendered":"Estudiantes viven experiencias internacionales durante el verano"},"content":{"rendered":"<p style=\"text-align: justify;\"><span style=\"font-weight: 400;\">Para CETYS Universidad, la <strong>internacionalizaci\u00f3n<\/strong> es uno de los elemntos distintivos de la educaci\u00f3n que se imparte, adem\u00e1s de ser uno de los pilares del Plan de Desarrollo CETYS 2020. A trav\u00e9s de este matiz, se busca que el alumnado cuente con experiencias internacionales que enriquezcan su formaci\u00f3n acad\u00e9mica para que sean globalmente competitivos, y el verano es la oportunidad perfecta para participar en alguno de los m\u00faltiples programas internacionales ofertados.<\/span><\/p>\n<p style=\"text-align: justify;\"><span style=\"font-weight: 400;\">En el caso de ingenier\u00eda, recientemente 11 estudiantes en su \u00faltimo semestre de los 3 campus asistieron a la segunda edici\u00f3n del <\/span><i><span style=\"font-weight: 400;\">Innovation Immersion Workshop <\/span><\/i><span style=\"font-weight: 400;\">en <a href=\"https:\/\/www.asu.edu\/\">Arizona State University<\/a> en Tempe, AZ. Este taller de 3 d\u00edas, dise\u00f1ado en colaboraci\u00f3n con el Dr. Dan Shunk, acad\u00e9mico de ASU y C\u00e1tedra Distinguida PIMSA, tiene como objetivo llevar a los estudiantes a lo largo del proceso de dise\u00f1o de un nuevo concepto de producto o servicio, empleando herramientas y metodolog\u00edas que son est\u00e1ndares en la industria, basadas en el desarrollo de la innovaci\u00f3n y la creatividad, y con un enfoque en satisfacer las necesidades de un cliente.\u00a0<\/span><\/p>\n<blockquote>\n<p style=\"text-align: justify;\"><span style=\"font-weight: 400;\">\u201cA lo largo del taller intensivo, trabajaron en grupos inter-disciplinarios y llevaron a cabo un proceso en donde desarrollaron una idea innovadora, plasmando las bases para su modelo de negocio y desarrollo tecnol\u00f3gico\u201d coment\u00f3 el Dr. Jorge Sosa, Director del Colegio de Ingenier\u00eda del Sistema CETYS.<\/span><\/p>\n<\/blockquote>\n<p style=\"text-align: justify;\"><span style=\"font-weight: 400;\">Durante la estancia se llevaron a cabo varias actividades. Como resultado, \u00e9ste permiti\u00f3 la generaci\u00f3n de 4 ideas de propuestas de mejoras por los 11 estudiantes de los tres campus y el profesor de ingenier\u00eda acompa\u00f1ante, por lo que se llevan aprendiza pr\u00e1ctico y aplicable en el entorno laboral.<\/span><\/p>\n<blockquote>\n<p style=\"text-align: justify;\"><span style=\"font-weight: 400;\">\u201cEn cuanto al taller, creo que nos ense\u00f1aron muchas cosas \u00fatiles acerca del proceso de dise\u00f1o de productos y soluciones innovadoras, y a m\u00ed en particular me qued\u00f3 claro que debo pensar primero en las necesidades y gustos del cliente. Tuvimos una gran convivencia todos juntos y el Dr. Shunk fue muy amigable y abierto a nosotros.\u201d concluy\u00f3 Itam\u00e1r Calder\u00f3n Osuna, estudiante de Ingenier\u00eda Mecatr\u00f3nica de Campus Ensenada.\u00a0<\/span><\/p>\n<\/blockquote>\n<div class=\"gallery-slider-wrapper gallery-1\">\n                        <div class=\"gallery-slider\" itemscope itemtype=\"http:\/\/schema.org\/ImageGallery\"><figure class=\"slide\" itemprop=\"associatedMedia\" itemscope itemtype=\"http:\/\/schema.org\/ImageObject\">\n                    <a itemprop=\"contentUrl\" href=\"https:\/\/www.cetys.mx\/noticias\/wp-content\/uploads\/2019\/07\/Innovation-Workshop-ASU.jpg\">\n                        <img decoding=\"async\" itemprop=\"thumbnail\" class=\"lazyOwl\" src=\"https:\/\/www.cetys.mx\/noticias\/wp-content\/plugins\/jmagz-plugin\/assets\/placeholder\/900x450.png\" data-src=\"https:\/\/www.cetys.mx\/noticias\/wp-content\/uploads\/2019\/07\/Innovation-Workshop-ASU.jpg\" alt=\"Aprovechan el verano para enriquecer su formaci\u00f3n acad\u00e9mica\">\n                    <\/a>\n                    <figcaption itemprop=\"caption description\" class=\"slide-caption\">\n                        \n                    <\/figcaption>\n                <\/figure><figure class=\"slide\" itemprop=\"associatedMedia\" itemscope itemtype=\"http:\/\/schema.org\/ImageObject\">\n                    <a itemprop=\"contentUrl\" href=\"https:\/\/www.cetys.mx\/noticias\/wp-content\/uploads\/2019\/07\/Innovation-Workshop-ASU-Class.jpg\">\n                        <img decoding=\"async\" itemprop=\"thumbnail\" class=\"lazyOwl\" src=\"https:\/\/www.cetys.mx\/noticias\/wp-content\/plugins\/jmagz-plugin\/assets\/placeholder\/900x450.png\" data-src=\"https:\/\/www.cetys.mx\/noticias\/wp-content\/uploads\/2019\/07\/Innovation-Workshop-ASU-Class.jpg\" alt=\"Innovation Workshop ASU Class\">\n                    <\/a>\n                    <figcaption itemprop=\"caption description\" class=\"slide-caption\">\n                        \n                    <\/figcaption>\n                <\/figure><figure class=\"slide\" itemprop=\"associatedMedia\" itemscope itemtype=\"http:\/\/schema.org\/ImageObject\">\n                    <a itemprop=\"contentUrl\" href=\"https:\/\/www.cetys.mx\/noticias\/wp-content\/uploads\/2019\/07\/Innovation-Workshop-ASU-Gathering.jpg\">\n                        <img decoding=\"async\" itemprop=\"thumbnail\" class=\"lazyOwl\" src=\"https:\/\/www.cetys.mx\/noticias\/wp-content\/plugins\/jmagz-plugin\/assets\/placeholder\/900x450.png\" data-src=\"https:\/\/www.cetys.mx\/noticias\/wp-content\/uploads\/2019\/07\/Innovation-Workshop-ASU-Gathering.jpg\" alt=\"Innovation Workshop ASU Gathering\">\n                    <\/a>\n                    <figcaption itemprop=\"caption description\" class=\"slide-caption\">\n                        \n                    <\/figcaption>\n                <\/figure><\/div>\n                <div class=\"gallery-slider-thumbnail-wrapper\">\n                    <div class=\"gallery-slider-thumbnail\"><div class=\"slide-thumbnail\"><img decoding=\"async\" class=\"lazyOwl\" src=\"https:\/\/www.cetys.mx\/noticias\/wp-content\/plugins\/jmagz-plugin\/assets\/placeholder\/150x75.png\" data-src=\"https:\/\/www.cetys.mx\/noticias\/wp-content\/uploads\/2019\/07\/Innovation-Workshop-ASU.jpg\" alt=\"Aprovechan el verano para enriquecer su formaci\u00f3n acad\u00e9mica\"><\/div><div class=\"slide-thumbnail\"><img decoding=\"async\" class=\"lazyOwl\" src=\"https:\/\/www.cetys.mx\/noticias\/wp-content\/plugins\/jmagz-plugin\/assets\/placeholder\/150x75.png\" data-src=\"https:\/\/www.cetys.mx\/noticias\/wp-content\/uploads\/2019\/07\/Innovation-Workshop-ASU-Class.jpg\" alt=\"Innovation Workshop ASU Class\"><\/div><div class=\"slide-thumbnail\"><img decoding=\"async\" class=\"lazyOwl\" src=\"https:\/\/www.cetys.mx\/noticias\/wp-content\/plugins\/jmagz-plugin\/assets\/placeholder\/150x75.png\" data-src=\"https:\/\/www.cetys.mx\/noticias\/wp-content\/uploads\/2019\/07\/Innovation-Workshop-ASU-Gathering.jpg\" alt=\"Innovation Workshop ASU Gathering\"><\/div><\/div><\/div><\/div>\n<p style=\"text-align: justify;\"><span style=\"font-weight: 400;\">La Escuela de Psicolog\u00eda en colaboraci\u00f3n con la <a href=\"https:\/\/www.thechicagoschool.edu\/\">Chicago School of Professional Psychology<\/a>, Campus San Diego, organizaron el seminario <\/span><i><span style=\"font-weight: 400;\">Psychological Approaches to Treating Diverse Clients <\/span><\/i><span style=\"font-weight: 400;\">en el que participaron 25 estudiantes de campus Tijuana y 12 estudiantes de campus Mexicali, de las licenciaturas en psicolog\u00eda en sus diferentes especialidades (cl\u00ednica, infantil, educativa y organizacional). Se trataron temas muy vigentes desde la perspectiva profesional de la psicolog\u00eda, entre ellos el asesoramiento de personas de la comunidad LGBT y tambi\u00e9n a prop\u00f3sito del fen\u00f3meno de la migraci\u00f3n.<\/span><\/p>\n<blockquote>\n<p style=\"text-align: justify;\"><span style=\"font-weight: 400;\">\u201cLos talleres intensivos son parte de una creciente colaboraci\u00f3n entre CETYS y The Chicago School of Professional Psychology; el grupo de estudiantes que asisti\u00f3 este a\u00f1o se expres\u00f3 positivamente de conocer y aprender de acad\u00e9micos internacionales y tambi\u00e9n compartir experiencias con estudiantes de posgrado de all\u00e1.\u00a0 Sin duda alguna fue una oportunidad de sumar a los aprendizajes y competencias de nuestros estudiantes\u201d coment\u00f3 el Dr. Gustavo Morelos Padilla, Coordinador de la Maestr\u00eda en Gerontolog\u00eda Social.<\/span><\/p>\n<\/blockquote>\n<div class=\"gallery-slider-wrapper gallery-2\">\n                        <div class=\"gallery-slider\" itemscope itemtype=\"http:\/\/schema.org\/ImageGallery\"><figure class=\"slide\" itemprop=\"associatedMedia\" itemscope itemtype=\"http:\/\/schema.org\/ImageObject\">\n                    <a itemprop=\"contentUrl\" href=\"https:\/\/www.cetys.mx\/noticias\/wp-content\/uploads\/2019\/07\/Psychological-Approaches-2.jpg\">\n                        <img decoding=\"async\" itemprop=\"thumbnail\" class=\"lazyOwl\" src=\"https:\/\/www.cetys.mx\/noticias\/wp-content\/plugins\/jmagz-plugin\/assets\/placeholder\/900x450.png\" data-src=\"https:\/\/www.cetys.mx\/noticias\/wp-content\/uploads\/2019\/07\/Psychological-Approaches-2.jpg\" alt=\"Psychological Approaches 2\">\n                    <\/a>\n                    <figcaption itemprop=\"caption description\" class=\"slide-caption\">\n                        \n                    <\/figcaption>\n                <\/figure><figure class=\"slide\" itemprop=\"associatedMedia\" itemscope itemtype=\"http:\/\/schema.org\/ImageObject\">\n                    <a itemprop=\"contentUrl\" href=\"https:\/\/www.cetys.mx\/noticias\/wp-content\/uploads\/2019\/07\/Psychological-Approaches-3.jpg\">\n                        <img decoding=\"async\" itemprop=\"thumbnail\" class=\"lazyOwl\" src=\"https:\/\/www.cetys.mx\/noticias\/wp-content\/plugins\/jmagz-plugin\/assets\/placeholder\/900x450.png\" data-src=\"https:\/\/www.cetys.mx\/noticias\/wp-content\/uploads\/2019\/07\/Psychological-Approaches-3.jpg\" alt=\"Psychological Approaches 3\">\n                    <\/a>\n                    <figcaption itemprop=\"caption description\" class=\"slide-caption\">\n                        \n                    <\/figcaption>\n                <\/figure><figure class=\"slide\" itemprop=\"associatedMedia\" itemscope itemtype=\"http:\/\/schema.org\/ImageObject\">\n                    <a itemprop=\"contentUrl\" href=\"https:\/\/www.cetys.mx\/noticias\/wp-content\/uploads\/2019\/07\/Psychological-Approaches.jpg\">\n                        <img decoding=\"async\" itemprop=\"thumbnail\" class=\"lazyOwl\" src=\"https:\/\/www.cetys.mx\/noticias\/wp-content\/plugins\/jmagz-plugin\/assets\/placeholder\/900x450.png\" data-src=\"https:\/\/www.cetys.mx\/noticias\/wp-content\/uploads\/2019\/07\/Psychological-Approaches.jpg\" alt=\"Psychological Approaches\">\n                    <\/a>\n                    <figcaption itemprop=\"caption description\" class=\"slide-caption\">\n                        \n                    <\/figcaption>\n                <\/figure><\/div>\n                <div class=\"gallery-slider-thumbnail-wrapper\">\n                    <div class=\"gallery-slider-thumbnail\"><div class=\"slide-thumbnail\"><img decoding=\"async\" class=\"lazyOwl\" src=\"https:\/\/www.cetys.mx\/noticias\/wp-content\/plugins\/jmagz-plugin\/assets\/placeholder\/150x75.png\" data-src=\"https:\/\/www.cetys.mx\/noticias\/wp-content\/uploads\/2019\/07\/Psychological-Approaches-2.jpg\" alt=\"Psychological Approaches 2\"><\/div><div class=\"slide-thumbnail\"><img decoding=\"async\" class=\"lazyOwl\" src=\"https:\/\/www.cetys.mx\/noticias\/wp-content\/plugins\/jmagz-plugin\/assets\/placeholder\/150x75.png\" data-src=\"https:\/\/www.cetys.mx\/noticias\/wp-content\/uploads\/2019\/07\/Psychological-Approaches-3.jpg\" alt=\"Psychological Approaches 3\"><\/div><div class=\"slide-thumbnail\"><img decoding=\"async\" class=\"lazyOwl\" src=\"https:\/\/www.cetys.mx\/noticias\/wp-content\/plugins\/jmagz-plugin\/assets\/placeholder\/150x75.png\" data-src=\"https:\/\/www.cetys.mx\/noticias\/wp-content\/uploads\/2019\/07\/Psychological-Approaches.jpg\" alt=\"Psychological Approaches\"><\/div><\/div><\/div><\/div>\n","protected":false},"excerpt":{"rendered":"<p>Para CETYS Universidad, la internacionalizaci\u00f3n es uno de los elemntos distintivos de la educaci\u00f3n que se imparte, adem\u00e1s de ser uno de&#8230;<\/p>\n","protected":false},"author":26,"featured_media":132214,"comment_status":"open","ping_status":"closed","sticky":false,"template":"","format":"standard","meta":{"footnotes":""},"categories":[209,108,319],"tags":[],"class_list":["post-132213","post","type-post","status-publish","format-standard","has-post-thumbnail","hentry","category-institucional","category-internacionales","category-p-internacionales"],"yoast_head":"<!-- This site is optimized with the Yoast SEO plugin v27.4 - https:\/\/yoast.com\/product\/yoast-seo-wordpress\/ -->\n<title>Estudiantes viven experiencias internacionales durante el verano - CETYS<\/title>\n<meta name=\"description\" content=\"Articulo sobre Estudiantes viven experiencias internacionales durante el verano\" \/>\n<meta name=\"robots\" content=\"index, follow, max-snippet:-1, max-image-preview:large, max-video-preview:-1\" \/>\n<link rel=\"canonical\" href=\"https:\/\/www.cetys.mx\/noticias\/estudiantes-viven-experiencias-internacionales-durante-el-verano\/\" \/>\n<meta property=\"og:locale\" content=\"es_MX\" \/>\n<meta property=\"og:type\" content=\"article\" \/>\n<meta property=\"og:title\" content=\"Estudiantes viven experiencias internacionales durante el verano - CETYS\" \/>\n<meta property=\"og:description\" content=\"Articulo sobre Estudiantes viven experiencias internacionales durante el verano\" \/>\n<meta property=\"og:url\" content=\"https:\/\/www.cetys.mx\/noticias\/estudiantes-viven-experiencias-internacionales-durante-el-verano\/\" \/>\n<meta property=\"og:site_name\" content=\"CETYS\" \/>\n<meta property=\"article:publisher\" content=\"https:\/\/www.facebook.com\/cetysuniversidadmxl\/\" \/>\n<meta property=\"article:published_time\" content=\"2019-07-08T18:40:52+00:00\" \/>\n<meta property=\"og:image\" content=\"https:\/\/www.cetys.mx\/noticias\/wp-content\/uploads\/2019\/07\/Innovation-Workshop-ASU.jpg\" \/>\n\t<meta property=\"og:image:width\" content=\"2016\" \/>\n\t<meta property=\"og:image:height\" content=\"980\" \/>\n\t<meta property=\"og:image:type\" content=\"image\/jpeg\" \/>\n<meta name=\"author\" content=\"CETYS Institucional\" \/>\n<meta name=\"twitter:card\" content=\"summary_large_image\" \/>\n<meta name=\"twitter:creator\" content=\"@cetysuni\" \/>\n<meta name=\"twitter:site\" content=\"@cetysuni\" \/>\n<meta name=\"twitter:label1\" content=\"Escrito por\" \/>\n\t<meta name=\"twitter:data1\" content=\"CETYS Institucional\" \/>\n\t<meta name=\"twitter:label2\" content=\"Tiempo de lectura\" \/>\n\t<meta name=\"twitter:data2\" content=\"3 minutos\" \/>\n<script type=\"application\/ld+json\" class=\"yoast-schema-graph\">{\"@context\":\"https:\\\/\\\/schema.org\",\"@graph\":[{\"@type\":\"Article\",\"@id\":\"https:\\\/\\\/www.cetys.mx\\\/noticias\\\/estudiantes-viven-experiencias-internacionales-durante-el-verano\\\/#article\",\"isPartOf\":{\"@id\":\"https:\\\/\\\/www.cetys.mx\\\/noticias\\\/estudiantes-viven-experiencias-internacionales-durante-el-verano\\\/\"},\"author\":{\"name\":\"CETYS Institucional\",\"@id\":\"https:\\\/\\\/www.cetys.mx\\\/noticias\\\/#\\\/schema\\\/person\\\/e9d2b35265b64aa454df57a2828eb2ac\"},\"headline\":\"Estudiantes viven experiencias internacionales durante el verano\",\"datePublished\":\"2019-07-08T18:40:52+00:00\",\"mainEntityOfPage\":{\"@id\":\"https:\\\/\\\/www.cetys.mx\\\/noticias\\\/estudiantes-viven-experiencias-internacionales-durante-el-verano\\\/\"},\"wordCount\":551,\"commentCount\":0,\"image\":{\"@id\":\"https:\\\/\\\/www.cetys.mx\\\/noticias\\\/estudiantes-viven-experiencias-internacionales-durante-el-verano\\\/#primaryimage\"},\"thumbnailUrl\":\"https:\\\/\\\/www.cetys.mx\\\/noticias\\\/wp-content\\\/uploads\\\/2019\\\/07\\\/Innovation-Workshop-ASU.jpg\",\"articleSection\":[\"Institucional\",\"Internacionales\",\"P. Internacionales\"],\"inLanguage\":\"es\",\"potentialAction\":[{\"@type\":\"CommentAction\",\"name\":\"Comment\",\"target\":[\"https:\\\/\\\/www.cetys.mx\\\/noticias\\\/estudiantes-viven-experiencias-internacionales-durante-el-verano\\\/#respond\"]}]},{\"@type\":\"WebPage\",\"@id\":\"https:\\\/\\\/www.cetys.mx\\\/noticias\\\/estudiantes-viven-experiencias-internacionales-durante-el-verano\\\/\",\"url\":\"https:\\\/\\\/www.cetys.mx\\\/noticias\\\/estudiantes-viven-experiencias-internacionales-durante-el-verano\\\/\",\"name\":\"Estudiantes viven experiencias internacionales durante el verano - CETYS\",\"isPartOf\":{\"@id\":\"https:\\\/\\\/www.cetys.mx\\\/noticias\\\/#website\"},\"primaryImageOfPage\":{\"@id\":\"https:\\\/\\\/www.cetys.mx\\\/noticias\\\/estudiantes-viven-experiencias-internacionales-durante-el-verano\\\/#primaryimage\"},\"image\":{\"@id\":\"https:\\\/\\\/www.cetys.mx\\\/noticias\\\/estudiantes-viven-experiencias-internacionales-durante-el-verano\\\/#primaryimage\"},\"thumbnailUrl\":\"https:\\\/\\\/www.cetys.mx\\\/noticias\\\/wp-content\\\/uploads\\\/2019\\\/07\\\/Innovation-Workshop-ASU.jpg\",\"datePublished\":\"2019-07-08T18:40:52+00:00\",\"author\":{\"@id\":\"https:\\\/\\\/www.cetys.mx\\\/noticias\\\/#\\\/schema\\\/person\\\/e9d2b35265b64aa454df57a2828eb2ac\"},\"description\":\"Articulo sobre Estudiantes viven experiencias internacionales durante el verano\",\"breadcrumb\":{\"@id\":\"https:\\\/\\\/www.cetys.mx\\\/noticias\\\/estudiantes-viven-experiencias-internacionales-durante-el-verano\\\/#breadcrumb\"},\"inLanguage\":\"es\",\"potentialAction\":[{\"@type\":\"ReadAction\",\"target\":[\"https:\\\/\\\/www.cetys.mx\\\/noticias\\\/estudiantes-viven-experiencias-internacionales-durante-el-verano\\\/\"]}]},{\"@type\":\"ImageObject\",\"inLanguage\":\"es\",\"@id\":\"https:\\\/\\\/www.cetys.mx\\\/noticias\\\/estudiantes-viven-experiencias-internacionales-durante-el-verano\\\/#primaryimage\",\"url\":\"https:\\\/\\\/www.cetys.mx\\\/noticias\\\/wp-content\\\/uploads\\\/2019\\\/07\\\/Innovation-Workshop-ASU.jpg\",\"contentUrl\":\"https:\\\/\\\/www.cetys.mx\\\/noticias\\\/wp-content\\\/uploads\\\/2019\\\/07\\\/Innovation-Workshop-ASU.jpg\",\"width\":2016,\"height\":980},{\"@type\":\"BreadcrumbList\",\"@id\":\"https:\\\/\\\/www.cetys.mx\\\/noticias\\\/estudiantes-viven-experiencias-internacionales-durante-el-verano\\\/#breadcrumb\",\"itemListElement\":[{\"@type\":\"ListItem\",\"position\":1,\"name\":\"Inicio\",\"item\":\"https:\\\/\\\/www.cetys.mx\\\/noticias\\\/\"},{\"@type\":\"ListItem\",\"position\":2,\"name\":\"Estudiantes viven experiencias internacionales durante el verano\"}]},{\"@type\":\"WebSite\",\"@id\":\"https:\\\/\\\/www.cetys.mx\\\/noticias\\\/#website\",\"url\":\"https:\\\/\\\/www.cetys.mx\\\/noticias\\\/\",\"name\":\"CETYS\",\"description\":\"\",\"potentialAction\":[{\"@type\":\"SearchAction\",\"target\":{\"@type\":\"EntryPoint\",\"urlTemplate\":\"https:\\\/\\\/www.cetys.mx\\\/noticias\\\/?s={search_term_string}\"},\"query-input\":{\"@type\":\"PropertyValueSpecification\",\"valueRequired\":true,\"valueName\":\"search_term_string\"}}],\"inLanguage\":\"es\"},{\"@type\":\"Person\",\"@id\":\"https:\\\/\\\/www.cetys.mx\\\/noticias\\\/#\\\/schema\\\/person\\\/e9d2b35265b64aa454df57a2828eb2ac\",\"name\":\"CETYS Institucional\",\"url\":\"https:\\\/\\\/www.cetys.mx\\\/noticias\\\/author\\\/cetysinstitucional\\\/\"}]}<\/script>\n<!-- \/ Yoast SEO plugin. -->","yoast_head_json":{"title":"Estudiantes viven experiencias internacionales durante el verano - CETYS","description":"Articulo sobre Estudiantes viven experiencias internacionales durante el verano","robots":{"index":"index","follow":"follow","max-snippet":"max-snippet:-1","max-image-preview":"max-image-preview:large","max-video-preview":"max-video-preview:-1"},"canonical":"https:\/\/www.cetys.mx\/noticias\/estudiantes-viven-experiencias-internacionales-durante-el-verano\/","og_locale":"es_MX","og_type":"article","og_title":"Estudiantes viven experiencias internacionales durante el verano - CETYS","og_description":"Articulo sobre Estudiantes viven experiencias internacionales durante el verano","og_url":"https:\/\/www.cetys.mx\/noticias\/estudiantes-viven-experiencias-internacionales-durante-el-verano\/","og_site_name":"CETYS","article_publisher":"https:\/\/www.facebook.com\/cetysuniversidadmxl\/","article_published_time":"2019-07-08T18:40:52+00:00","og_image":[{"width":2016,"height":980,"url":"https:\/\/www.cetys.mx\/noticias\/wp-content\/uploads\/2019\/07\/Innovation-Workshop-ASU.jpg","type":"image\/jpeg"}],"author":"CETYS Institucional","twitter_card":"summary_large_image","twitter_creator":"@cetysuni","twitter_site":"@cetysuni","twitter_misc":{"Escrito por":"CETYS Institucional","Tiempo de lectura":"3 minutos"},"schema":{"@context":"https:\/\/schema.org","@graph":[{"@type":"Article","@id":"https:\/\/www.cetys.mx\/noticias\/estudiantes-viven-experiencias-internacionales-durante-el-verano\/#article","isPartOf":{"@id":"https:\/\/www.cetys.mx\/noticias\/estudiantes-viven-experiencias-internacionales-durante-el-verano\/"},"author":{"name":"CETYS Institucional","@id":"https:\/\/www.cetys.mx\/noticias\/#\/schema\/person\/e9d2b35265b64aa454df57a2828eb2ac"},"headline":"Estudiantes viven experiencias internacionales durante el verano","datePublished":"2019-07-08T18:40:52+00:00","mainEntityOfPage":{"@id":"https:\/\/www.cetys.mx\/noticias\/estudiantes-viven-experiencias-internacionales-durante-el-verano\/"},"wordCount":551,"commentCount":0,"image":{"@id":"https:\/\/www.cetys.mx\/noticias\/estudiantes-viven-experiencias-internacionales-durante-el-verano\/#primaryimage"},"thumbnailUrl":"https:\/\/www.cetys.mx\/noticias\/wp-content\/uploads\/2019\/07\/Innovation-Workshop-ASU.jpg","articleSection":["Institucional","Internacionales","P. Internacionales"],"inLanguage":"es","potentialAction":[{"@type":"CommentAction","name":"Comment","target":["https:\/\/www.cetys.mx\/noticias\/estudiantes-viven-experiencias-internacionales-durante-el-verano\/#respond"]}]},{"@type":"WebPage","@id":"https:\/\/www.cetys.mx\/noticias\/estudiantes-viven-experiencias-internacionales-durante-el-verano\/","url":"https:\/\/www.cetys.mx\/noticias\/estudiantes-viven-experiencias-internacionales-durante-el-verano\/","name":"Estudiantes viven experiencias internacionales durante el verano - CETYS","isPartOf":{"@id":"https:\/\/www.cetys.mx\/noticias\/#website"},"primaryImageOfPage":{"@id":"https:\/\/www.cetys.mx\/noticias\/estudiantes-viven-experiencias-internacionales-durante-el-verano\/#primaryimage"},"image":{"@id":"https:\/\/www.cetys.mx\/noticias\/estudiantes-viven-experiencias-internacionales-durante-el-verano\/#primaryimage"},"thumbnailUrl":"https:\/\/www.cetys.mx\/noticias\/wp-content\/uploads\/2019\/07\/Innovation-Workshop-ASU.jpg","datePublished":"2019-07-08T18:40:52+00:00","author":{"@id":"https:\/\/www.cetys.mx\/noticias\/#\/schema\/person\/e9d2b35265b64aa454df57a2828eb2ac"},"description":"Articulo sobre Estudiantes viven experiencias internacionales durante el verano","breadcrumb":{"@id":"https:\/\/www.cetys.mx\/noticias\/estudiantes-viven-experiencias-internacionales-durante-el-verano\/#breadcrumb"},"inLanguage":"es","potentialAction":[{"@type":"ReadAction","target":["https:\/\/www.cetys.mx\/noticias\/estudiantes-viven-experiencias-internacionales-durante-el-verano\/"]}]},{"@type":"ImageObject","inLanguage":"es","@id":"https:\/\/www.cetys.mx\/noticias\/estudiantes-viven-experiencias-internacionales-durante-el-verano\/#primaryimage","url":"https:\/\/www.cetys.mx\/noticias\/wp-content\/uploads\/2019\/07\/Innovation-Workshop-ASU.jpg","contentUrl":"https:\/\/www.cetys.mx\/noticias\/wp-content\/uploads\/2019\/07\/Innovation-Workshop-ASU.jpg","width":2016,"height":980},{"@type":"BreadcrumbList","@id":"https:\/\/www.cetys.mx\/noticias\/estudiantes-viven-experiencias-internacionales-durante-el-verano\/#breadcrumb","itemListElement":[{"@type":"ListItem","position":1,"name":"Inicio","item":"https:\/\/www.cetys.mx\/noticias\/"},{"@type":"ListItem","position":2,"name":"Estudiantes viven experiencias internacionales durante el verano"}]},{"@type":"WebSite","@id":"https:\/\/www.cetys.mx\/noticias\/#website","url":"https:\/\/www.cetys.mx\/noticias\/","name":"CETYS","description":"","potentialAction":[{"@type":"SearchAction","target":{"@type":"EntryPoint","urlTemplate":"https:\/\/www.cetys.mx\/noticias\/?s={search_term_string}"},"query-input":{"@type":"PropertyValueSpecification","valueRequired":true,"valueName":"search_term_string"}}],"inLanguage":"es"},{"@type":"Person","@id":"https:\/\/www.cetys.mx\/noticias\/#\/schema\/person\/e9d2b35265b64aa454df57a2828eb2ac","name":"CETYS Institucional","url":"https:\/\/www.cetys.mx\/noticias\/author\/cetysinstitucional\/"}]}},"_links":{"self":[{"href":"https:\/\/www.cetys.mx\/noticias\/wp-json\/wp\/v2\/posts\/132213","targetHints":{"allow":["GET"]}}],"collection":[{"href":"https:\/\/www.cetys.mx\/noticias\/wp-json\/wp\/v2\/posts"}],"about":[{"href":"https:\/\/www.cetys.mx\/noticias\/wp-json\/wp\/v2\/types\/post"}],"author":[{"embeddable":true,"href":"https:\/\/www.cetys.mx\/noticias\/wp-json\/wp\/v2\/users\/26"}],"replies":[{"embeddable":true,"href":"https:\/\/www.cetys.mx\/noticias\/wp-json\/wp\/v2\/comments?post=132213"}],"version-history":[{"count":0,"href":"https:\/\/www.cetys.mx\/noticias\/wp-json\/wp\/v2\/posts\/132213\/revisions"}],"wp:featuredmedia":[{"embeddable":true,"href":"https:\/\/www.cetys.mx\/noticias\/wp-json\/wp\/v2\/media\/132214"}],"wp:attachment":[{"href":"https:\/\/www.cetys.mx\/noticias\/wp-json\/wp\/v2\/media?parent=132213"}],"wp:term":[{"taxonomy":"category","embeddable":true,"href":"https:\/\/www.cetys.mx\/noticias\/wp-json\/wp\/v2\/categories?post=132213"},{"taxonomy":"post_tag","embeddable":true,"href":"https:\/\/www.cetys.mx\/noticias\/wp-json\/wp\/v2\/tags?post=132213"}],"curies":[{"name":"wp","href":"https:\/\/api.w.org\/{rel}","templated":true}]}}