{"id":131715,"date":"2019-06-19T17:42:12","date_gmt":"2019-06-20T00:42:12","guid":{"rendered":"https:\/\/www.cetys.mx\/noticias\/?p=131715"},"modified":"2019-06-19T17:53:40","modified_gmt":"2019-06-20T00:53:40","slug":"egresan-con-vision-global-obtienen-doble-grado-en-mexico-y-eua","status":"publish","type":"post","link":"https:\/\/www.cetys.mx\/noticias\/egresan-con-vision-global-obtienen-doble-grado-en-mexico-y-eua\/","title":{"rendered":"Egresan con visi\u00f3n global: obtienen Doble Grado en M\u00e9xico y EUA"},"content":{"rendered":"<p><span style=\"font-weight: 400;\">CETYS Universidad siempre en b\u00fasqueda de la innovaci\u00f3n educativa y con el firme objetivo de fortalecer la formaci\u00f3n de profesionistas con una perspectiva global, brinda a los alumnos la posibilidad de cursar y revalidar materias a trav\u00e9s del <a href=\"https:\/\/www.cetys.mx\/programas-internacionales\/#profesional\">Doble Grado<\/a> que oferta la Instituci\u00f3n con City University of Seattle, gracias a la colaboraci\u00f3n que existe entre CETYS y dicha instituci\u00f3n desde 2005. <\/span><\/p>\n<blockquote><p><span style=\"font-weight: 400;\">\u201cEl doble grado definitivamente es una experiencia inolvidable, desde las clases semi-presenciales en donde los maestros son profesionistas de alto nivel, hasta las experiencias de verano donde interactuamos con personas de distintos lugares de la rep\u00fablica en lugares como Seattle y Rep\u00fablica Checa. En mi perspectiva es una oportunidad \u00fanica y de gran valor curricular as\u00ed como personal.\u201d expres\u00f3 <strong>Valeria Arce Robles<\/strong>, graduada de Contador P\u00fablico Internacional de CETYS Universidad y Bachelor of Science in Business Administration por City University of Seattle, a quien el Dr. Randy Frisch, Rector de CityU hizo menci\u00f3n especial por haber obtenido la <strong>\u201cPresidential Scholarship\u201d<\/strong> durante su paso por el programa.<\/span><\/p><\/blockquote>\n<p><span style=\"font-weight: 400;\">44 alumnos pertenecientes a los tres campus del Sistema CETYS Universidad asistieron a la ceremonia de graduaci\u00f3n de City University of Seattle, en Washington, EUA, la m\u00e1s grande en la historia de la universidad.<\/span><\/p>\n<p><span style=\"font-weight: 400;\">En el marco de la <\/span><a href=\"https:\/\/www.cityu.edu\/discover-cityu\/about-cityu\/commencement\/\"><span style=\"font-weight: 400;\">Ceremonia de Graduaci\u00f3n de City University<\/span><\/a><span style=\"font-weight: 400;\"> efectuada en el estadio T-Mobile Park en Seattle, WA, los 44 egresados recibieron su Bachelor\u2019s Degree con los t\u00edtulos de Business Administration, Management y Applied Psychology, de manos del Rector de City U, Dr. Randy C. Frisch. <\/span><\/p>\n<p><span style=\"font-weight: 400;\">El total de graduados en la generaci\u00f3n 2019 ascendi\u00f3 a 67, donde 35 pertenecen a Campus Tijuana, 30 a Campus Mexicali y dos a Campus Ensenada; los alumnos que no asistieron a la ceremonia en Washington recibir\u00e1n sus diplomas durante las ceremonias a celebrarse en sus respectivos campus a finales del mes de junio, por parte del Dr. Randy Frisch, Rector de CityU en Campus Tijuana y Ensenada, y del Dr. Scott Carnz, Vicerrector de CityU en Campus Mexicali.<\/span><\/p>\n<p><span style=\"font-weight: 400;\">El Doble Grado es una de las opciones de internacionalizaci\u00f3n m\u00e1s elegidas por alumnos de CETYS, pues logran una experiencia en tres pa\u00edses: M\u00e9xico, Estados Unidos y Europa, espec\u00edficamente, la Rep\u00fablica Checa. De igual manera realizan visitas a empresas l\u00edderes de renombre en las diferentes \u00e1reas del conocimiento, adem\u00e1s de la posibilidad de conocer la cultura de la ciudad de Seattle y convivir con las comunidades estudiantiles que comparten con ellos las ventajas de estudiar un Doble Grado.<\/span><\/p>\n<p><span style=\"font-weight: 400;\">En los 14 a\u00f1os del programa binacional, m\u00e1s de 500 profesionistas han formado parte de esta experiencia acad\u00e9mica. Adem\u00e1s, es el <strong>\u00fanico programa<\/strong> en su tipo ofertado en el Noroeste del pa\u00eds, teniendo como resultado un destacado desarrollo acad\u00e9mico de los j\u00f3venes de la regi\u00f3n.<\/span><\/p>\n<div class=\"gallery-slider-wrapper gallery-1\">\n                        <div class=\"gallery-slider\" itemscope itemtype=\"http:\/\/schema.org\/ImageGallery\"><figure class=\"slide\" itemprop=\"associatedMedia\" itemscope itemtype=\"http:\/\/schema.org\/ImageObject\">\n                    <a itemprop=\"contentUrl\" href=\"https:\/\/www.cetys.mx\/noticias\/wp-content\/uploads\/2019\/06\/unnamed-2-1.jpg\">\n                        <img decoding=\"async\" itemprop=\"thumbnail\" class=\"lazyOwl\" src=\"https:\/\/www.cetys.mx\/noticias\/wp-content\/plugins\/jmagz-plugin\/assets\/placeholder\/900x450.png\" data-src=\"https:\/\/www.cetys.mx\/noticias\/wp-content\/uploads\/2019\/06\/unnamed-2-1.jpg\" alt=\"CityU\">\n                    <\/a>\n                    <figcaption itemprop=\"caption description\" class=\"slide-caption\">\n                        \n                    <\/figcaption>\n                <\/figure><figure class=\"slide\" itemprop=\"associatedMedia\" itemscope itemtype=\"http:\/\/schema.org\/ImageObject\">\n                    <a itemprop=\"contentUrl\" href=\"https:\/\/www.cetys.mx\/noticias\/wp-content\/uploads\/2019\/06\/unnamed-3-1.jpg\">\n                        <img decoding=\"async\" itemprop=\"thumbnail\" class=\"lazyOwl\" src=\"https:\/\/www.cetys.mx\/noticias\/wp-content\/plugins\/jmagz-plugin\/assets\/placeholder\/900x450.png\" data-src=\"https:\/\/www.cetys.mx\/noticias\/wp-content\/uploads\/2019\/06\/unnamed-3-1.jpg\" alt=\"CityU\">\n                    <\/a>\n                    <figcaption itemprop=\"caption description\" class=\"slide-caption\">\n                        \n                    <\/figcaption>\n                <\/figure><figure class=\"slide\" itemprop=\"associatedMedia\" itemscope itemtype=\"http:\/\/schema.org\/ImageObject\">\n                    <a itemprop=\"contentUrl\" href=\"https:\/\/www.cetys.mx\/noticias\/wp-content\/uploads\/2019\/06\/unnamed-4-1.jpg\">\n                        <img decoding=\"async\" itemprop=\"thumbnail\" class=\"lazyOwl\" src=\"https:\/\/www.cetys.mx\/noticias\/wp-content\/plugins\/jmagz-plugin\/assets\/placeholder\/900x450.png\" data-src=\"https:\/\/www.cetys.mx\/noticias\/wp-content\/uploads\/2019\/06\/unnamed-4-1.jpg\" alt=\"CityU\">\n                    <\/a>\n                    <figcaption itemprop=\"caption description\" class=\"slide-caption\">\n                        \n                    <\/figcaption>\n                <\/figure><figure class=\"slide\" itemprop=\"associatedMedia\" itemscope itemtype=\"http:\/\/schema.org\/ImageObject\">\n                    <a itemprop=\"contentUrl\" href=\"https:\/\/www.cetys.mx\/noticias\/wp-content\/uploads\/2019\/06\/unnamed-5-1.jpg\">\n                        <img decoding=\"async\" itemprop=\"thumbnail\" class=\"lazyOwl\" src=\"https:\/\/www.cetys.mx\/noticias\/wp-content\/plugins\/jmagz-plugin\/assets\/placeholder\/900x450.png\" data-src=\"https:\/\/www.cetys.mx\/noticias\/wp-content\/uploads\/2019\/06\/unnamed-5-1.jpg\" alt=\"CityU\">\n                    <\/a>\n                    <figcaption itemprop=\"caption description\" class=\"slide-caption\">\n                        \n                    <\/figcaption>\n                <\/figure><figure class=\"slide\" itemprop=\"associatedMedia\" itemscope itemtype=\"http:\/\/schema.org\/ImageObject\">\n                    <a itemprop=\"contentUrl\" href=\"https:\/\/www.cetys.mx\/noticias\/wp-content\/uploads\/2019\/06\/unnamed-9.jpg\">\n                        <img decoding=\"async\" itemprop=\"thumbnail\" class=\"lazyOwl\" src=\"https:\/\/www.cetys.mx\/noticias\/wp-content\/plugins\/jmagz-plugin\/assets\/placeholder\/900x450.png\" data-src=\"https:\/\/www.cetys.mx\/noticias\/wp-content\/uploads\/2019\/06\/unnamed-9.jpg\" alt=\"CityU\">\n                    <\/a>\n                    <figcaption itemprop=\"caption description\" class=\"slide-caption\">\n                        \n                    <\/figcaption>\n                <\/figure><figure class=\"slide\" itemprop=\"associatedMedia\" itemscope itemtype=\"http:\/\/schema.org\/ImageObject\">\n                    <a itemprop=\"contentUrl\" href=\"https:\/\/www.cetys.mx\/noticias\/wp-content\/uploads\/2019\/06\/unnamed-8.jpg\">\n                        <img decoding=\"async\" itemprop=\"thumbnail\" class=\"lazyOwl\" src=\"https:\/\/www.cetys.mx\/noticias\/wp-content\/plugins\/jmagz-plugin\/assets\/placeholder\/900x450.png\" data-src=\"https:\/\/www.cetys.mx\/noticias\/wp-content\/uploads\/2019\/06\/unnamed-8.jpg\" alt=\"CityU\">\n                    <\/a>\n                    <figcaption itemprop=\"caption description\" class=\"slide-caption\">\n                        \n                    <\/figcaption>\n                <\/figure><figure class=\"slide\" itemprop=\"associatedMedia\" itemscope itemtype=\"http:\/\/schema.org\/ImageObject\">\n                    <a itemprop=\"contentUrl\" href=\"https:\/\/www.cetys.mx\/noticias\/wp-content\/uploads\/2019\/06\/unnamed-7.jpg\">\n                        <img decoding=\"async\" itemprop=\"thumbnail\" class=\"lazyOwl\" src=\"https:\/\/www.cetys.mx\/noticias\/wp-content\/plugins\/jmagz-plugin\/assets\/placeholder\/900x450.png\" data-src=\"https:\/\/www.cetys.mx\/noticias\/wp-content\/uploads\/2019\/06\/unnamed-7.jpg\" alt=\"CityU\">\n                    <\/a>\n                    <figcaption itemprop=\"caption description\" class=\"slide-caption\">\n                        \n                    <\/figcaption>\n                <\/figure><\/div>\n                <div class=\"gallery-slider-thumbnail-wrapper\">\n                    <div class=\"gallery-slider-thumbnail\"><div class=\"slide-thumbnail\"><img decoding=\"async\" class=\"lazyOwl\" src=\"https:\/\/www.cetys.mx\/noticias\/wp-content\/plugins\/jmagz-plugin\/assets\/placeholder\/150x75.png\" data-src=\"https:\/\/www.cetys.mx\/noticias\/wp-content\/uploads\/2019\/06\/unnamed-2-1.jpg\" alt=\"CityU\"><\/div><div class=\"slide-thumbnail\"><img decoding=\"async\" class=\"lazyOwl\" src=\"https:\/\/www.cetys.mx\/noticias\/wp-content\/plugins\/jmagz-plugin\/assets\/placeholder\/150x75.png\" data-src=\"https:\/\/www.cetys.mx\/noticias\/wp-content\/uploads\/2019\/06\/unnamed-3-1.jpg\" alt=\"CityU\"><\/div><div class=\"slide-thumbnail\"><img decoding=\"async\" class=\"lazyOwl\" src=\"https:\/\/www.cetys.mx\/noticias\/wp-content\/plugins\/jmagz-plugin\/assets\/placeholder\/150x75.png\" data-src=\"https:\/\/www.cetys.mx\/noticias\/wp-content\/uploads\/2019\/06\/unnamed-4-1.jpg\" alt=\"CityU\"><\/div><div class=\"slide-thumbnail\"><img decoding=\"async\" class=\"lazyOwl\" src=\"https:\/\/www.cetys.mx\/noticias\/wp-content\/plugins\/jmagz-plugin\/assets\/placeholder\/150x75.png\" data-src=\"https:\/\/www.cetys.mx\/noticias\/wp-content\/uploads\/2019\/06\/unnamed-5-1.jpg\" alt=\"CityU\"><\/div><div class=\"slide-thumbnail\"><img decoding=\"async\" class=\"lazyOwl\" src=\"https:\/\/www.cetys.mx\/noticias\/wp-content\/plugins\/jmagz-plugin\/assets\/placeholder\/150x75.png\" data-src=\"https:\/\/www.cetys.mx\/noticias\/wp-content\/uploads\/2019\/06\/unnamed-9.jpg\" alt=\"CityU\"><\/div><div class=\"slide-thumbnail\"><img decoding=\"async\" class=\"lazyOwl\" src=\"https:\/\/www.cetys.mx\/noticias\/wp-content\/plugins\/jmagz-plugin\/assets\/placeholder\/150x75.png\" data-src=\"https:\/\/www.cetys.mx\/noticias\/wp-content\/uploads\/2019\/06\/unnamed-8.jpg\" alt=\"CityU\"><\/div><div class=\"slide-thumbnail\"><img decoding=\"async\" class=\"lazyOwl\" src=\"https:\/\/www.cetys.mx\/noticias\/wp-content\/plugins\/jmagz-plugin\/assets\/placeholder\/150x75.png\" data-src=\"https:\/\/www.cetys.mx\/noticias\/wp-content\/uploads\/2019\/06\/unnamed-7.jpg\" alt=\"CityU\"><\/div><\/div><\/div><\/div>\n","protected":false},"excerpt":{"rendered":"<p>CETYS Universidad siempre en b\u00fasqueda de la innovaci\u00f3n educativa y con el firme objetivo de fortalecer la formaci\u00f3n de profesionistas con una&#8230;<\/p>\n","protected":false},"author":26,"featured_media":131726,"comment_status":"open","ping_status":"closed","sticky":false,"template":"","format":"standard","meta":{"footnotes":""},"categories":[108,125,306,299],"tags":[],"class_list":["post-131715","post","type-post","status-publish","format-standard","has-post-thumbnail","hentry","category-internacionales","category-portada","category-profesional","category-sistema"],"yoast_head":"<!-- This site is optimized with the Yoast SEO plugin v27.4 - https:\/\/yoast.com\/product\/yoast-seo-wordpress\/ -->\n<title>Egresan con visi\u00f3n global: obtienen Doble Grado en M\u00e9xico y EUA - CETYS<\/title>\n<meta name=\"description\" content=\"Articulo sobre Egresan con visi\u00f3n global: obtienen Doble Grado en M\u00e9xico y EUA\" \/>\n<meta name=\"robots\" content=\"index, follow, max-snippet:-1, max-image-preview:large, max-video-preview:-1\" \/>\n<link rel=\"canonical\" href=\"https:\/\/www.cetys.mx\/noticias\/egresan-con-vision-global-obtienen-doble-grado-en-mexico-y-eua\/\" \/>\n<meta property=\"og:locale\" content=\"es_MX\" \/>\n<meta property=\"og:type\" content=\"article\" \/>\n<meta property=\"og:title\" content=\"Egresan con visi\u00f3n global: obtienen Doble Grado en M\u00e9xico y EUA - CETYS\" \/>\n<meta property=\"og:description\" content=\"Articulo sobre Egresan con visi\u00f3n global: obtienen Doble Grado en M\u00e9xico y EUA\" \/>\n<meta property=\"og:url\" content=\"https:\/\/www.cetys.mx\/noticias\/egresan-con-vision-global-obtienen-doble-grado-en-mexico-y-eua\/\" \/>\n<meta property=\"og:site_name\" content=\"CETYS\" \/>\n<meta property=\"article:publisher\" content=\"https:\/\/www.facebook.com\/cetysuniversidadmxl\/\" \/>\n<meta property=\"article:published_time\" content=\"2019-06-20T00:42:12+00:00\" \/>\n<meta property=\"article:modified_time\" content=\"2019-06-20T00:53:40+00:00\" \/>\n<meta property=\"og:image\" content=\"https:\/\/www.cetys.mx\/noticias\/wp-content\/uploads\/2019\/06\/City-University-of-Seattle-1.jpg\" \/>\n\t<meta property=\"og:image:width\" content=\"958\" \/>\n\t<meta property=\"og:image:height\" content=\"637\" \/>\n\t<meta property=\"og:image:type\" content=\"image\/jpeg\" \/>\n<meta name=\"author\" content=\"CETYS Institucional\" \/>\n<meta name=\"twitter:card\" content=\"summary_large_image\" \/>\n<meta name=\"twitter:creator\" content=\"@cetysuni\" \/>\n<meta name=\"twitter:site\" content=\"@cetysuni\" \/>\n<meta name=\"twitter:label1\" content=\"Escrito por\" \/>\n\t<meta name=\"twitter:data1\" content=\"CETYS Institucional\" \/>\n\t<meta name=\"twitter:label2\" content=\"Tiempo de lectura\" \/>\n\t<meta name=\"twitter:data2\" content=\"2 minutos\" \/>\n<script type=\"application\/ld+json\" class=\"yoast-schema-graph\">{\"@context\":\"https:\\\/\\\/schema.org\",\"@graph\":[{\"@type\":\"Article\",\"@id\":\"https:\\\/\\\/www.cetys.mx\\\/noticias\\\/egresan-con-vision-global-obtienen-doble-grado-en-mexico-y-eua\\\/#article\",\"isPartOf\":{\"@id\":\"https:\\\/\\\/www.cetys.mx\\\/noticias\\\/egresan-con-vision-global-obtienen-doble-grado-en-mexico-y-eua\\\/\"},\"author\":{\"name\":\"CETYS Institucional\",\"@id\":\"https:\\\/\\\/www.cetys.mx\\\/noticias\\\/#\\\/schema\\\/person\\\/e9d2b35265b64aa454df57a2828eb2ac\"},\"headline\":\"Egresan con visi\u00f3n global: obtienen Doble Grado en M\u00e9xico y EUA\",\"datePublished\":\"2019-06-20T00:42:12+00:00\",\"dateModified\":\"2019-06-20T00:53:40+00:00\",\"mainEntityOfPage\":{\"@id\":\"https:\\\/\\\/www.cetys.mx\\\/noticias\\\/egresan-con-vision-global-obtienen-doble-grado-en-mexico-y-eua\\\/\"},\"wordCount\":494,\"commentCount\":0,\"image\":{\"@id\":\"https:\\\/\\\/www.cetys.mx\\\/noticias\\\/egresan-con-vision-global-obtienen-doble-grado-en-mexico-y-eua\\\/#primaryimage\"},\"thumbnailUrl\":\"https:\\\/\\\/www.cetys.mx\\\/noticias\\\/wp-content\\\/uploads\\\/2019\\\/06\\\/City-University-of-Seattle-1.jpg\",\"articleSection\":[\"Internacionales\",\"Portada\",\"Profesional\",\"Sistema\"],\"inLanguage\":\"es\",\"potentialAction\":[{\"@type\":\"CommentAction\",\"name\":\"Comment\",\"target\":[\"https:\\\/\\\/www.cetys.mx\\\/noticias\\\/egresan-con-vision-global-obtienen-doble-grado-en-mexico-y-eua\\\/#respond\"]}]},{\"@type\":\"WebPage\",\"@id\":\"https:\\\/\\\/www.cetys.mx\\\/noticias\\\/egresan-con-vision-global-obtienen-doble-grado-en-mexico-y-eua\\\/\",\"url\":\"https:\\\/\\\/www.cetys.mx\\\/noticias\\\/egresan-con-vision-global-obtienen-doble-grado-en-mexico-y-eua\\\/\",\"name\":\"Egresan con visi\u00f3n global: obtienen Doble Grado en M\u00e9xico y EUA - CETYS\",\"isPartOf\":{\"@id\":\"https:\\\/\\\/www.cetys.mx\\\/noticias\\\/#website\"},\"primaryImageOfPage\":{\"@id\":\"https:\\\/\\\/www.cetys.mx\\\/noticias\\\/egresan-con-vision-global-obtienen-doble-grado-en-mexico-y-eua\\\/#primaryimage\"},\"image\":{\"@id\":\"https:\\\/\\\/www.cetys.mx\\\/noticias\\\/egresan-con-vision-global-obtienen-doble-grado-en-mexico-y-eua\\\/#primaryimage\"},\"thumbnailUrl\":\"https:\\\/\\\/www.cetys.mx\\\/noticias\\\/wp-content\\\/uploads\\\/2019\\\/06\\\/City-University-of-Seattle-1.jpg\",\"datePublished\":\"2019-06-20T00:42:12+00:00\",\"dateModified\":\"2019-06-20T00:53:40+00:00\",\"author\":{\"@id\":\"https:\\\/\\\/www.cetys.mx\\\/noticias\\\/#\\\/schema\\\/person\\\/e9d2b35265b64aa454df57a2828eb2ac\"},\"description\":\"Articulo sobre Egresan con visi\u00f3n global: obtienen Doble Grado en M\u00e9xico y EUA\",\"breadcrumb\":{\"@id\":\"https:\\\/\\\/www.cetys.mx\\\/noticias\\\/egresan-con-vision-global-obtienen-doble-grado-en-mexico-y-eua\\\/#breadcrumb\"},\"inLanguage\":\"es\",\"potentialAction\":[{\"@type\":\"ReadAction\",\"target\":[\"https:\\\/\\\/www.cetys.mx\\\/noticias\\\/egresan-con-vision-global-obtienen-doble-grado-en-mexico-y-eua\\\/\"]}]},{\"@type\":\"ImageObject\",\"inLanguage\":\"es\",\"@id\":\"https:\\\/\\\/www.cetys.mx\\\/noticias\\\/egresan-con-vision-global-obtienen-doble-grado-en-mexico-y-eua\\\/#primaryimage\",\"url\":\"https:\\\/\\\/www.cetys.mx\\\/noticias\\\/wp-content\\\/uploads\\\/2019\\\/06\\\/City-University-of-Seattle-1.jpg\",\"contentUrl\":\"https:\\\/\\\/www.cetys.mx\\\/noticias\\\/wp-content\\\/uploads\\\/2019\\\/06\\\/City-University-of-Seattle-1.jpg\",\"width\":958,\"height\":637},{\"@type\":\"BreadcrumbList\",\"@id\":\"https:\\\/\\\/www.cetys.mx\\\/noticias\\\/egresan-con-vision-global-obtienen-doble-grado-en-mexico-y-eua\\\/#breadcrumb\",\"itemListElement\":[{\"@type\":\"ListItem\",\"position\":1,\"name\":\"Inicio\",\"item\":\"https:\\\/\\\/www.cetys.mx\\\/noticias\\\/\"},{\"@type\":\"ListItem\",\"position\":2,\"name\":\"Egresan con visi\u00f3n global: obtienen Doble Grado en M\u00e9xico y EUA\"}]},{\"@type\":\"WebSite\",\"@id\":\"https:\\\/\\\/www.cetys.mx\\\/noticias\\\/#website\",\"url\":\"https:\\\/\\\/www.cetys.mx\\\/noticias\\\/\",\"name\":\"CETYS\",\"description\":\"\",\"potentialAction\":[{\"@type\":\"SearchAction\",\"target\":{\"@type\":\"EntryPoint\",\"urlTemplate\":\"https:\\\/\\\/www.cetys.mx\\\/noticias\\\/?s={search_term_string}\"},\"query-input\":{\"@type\":\"PropertyValueSpecification\",\"valueRequired\":true,\"valueName\":\"search_term_string\"}}],\"inLanguage\":\"es\"},{\"@type\":\"Person\",\"@id\":\"https:\\\/\\\/www.cetys.mx\\\/noticias\\\/#\\\/schema\\\/person\\\/e9d2b35265b64aa454df57a2828eb2ac\",\"name\":\"CETYS Institucional\",\"url\":\"https:\\\/\\\/www.cetys.mx\\\/noticias\\\/author\\\/cetysinstitucional\\\/\"}]}<\/script>\n<!-- \/ Yoast SEO plugin. -->","yoast_head_json":{"title":"Egresan con visi\u00f3n global: obtienen Doble Grado en M\u00e9xico y EUA - CETYS","description":"Articulo sobre Egresan con visi\u00f3n global: obtienen Doble Grado en M\u00e9xico y EUA","robots":{"index":"index","follow":"follow","max-snippet":"max-snippet:-1","max-image-preview":"max-image-preview:large","max-video-preview":"max-video-preview:-1"},"canonical":"https:\/\/www.cetys.mx\/noticias\/egresan-con-vision-global-obtienen-doble-grado-en-mexico-y-eua\/","og_locale":"es_MX","og_type":"article","og_title":"Egresan con visi\u00f3n global: obtienen Doble Grado en M\u00e9xico y EUA - CETYS","og_description":"Articulo sobre Egresan con visi\u00f3n global: obtienen Doble Grado en M\u00e9xico y EUA","og_url":"https:\/\/www.cetys.mx\/noticias\/egresan-con-vision-global-obtienen-doble-grado-en-mexico-y-eua\/","og_site_name":"CETYS","article_publisher":"https:\/\/www.facebook.com\/cetysuniversidadmxl\/","article_published_time":"2019-06-20T00:42:12+00:00","article_modified_time":"2019-06-20T00:53:40+00:00","og_image":[{"width":958,"height":637,"url":"https:\/\/www.cetys.mx\/noticias\/wp-content\/uploads\/2019\/06\/City-University-of-Seattle-1.jpg","type":"image\/jpeg"}],"author":"CETYS Institucional","twitter_card":"summary_large_image","twitter_creator":"@cetysuni","twitter_site":"@cetysuni","twitter_misc":{"Escrito por":"CETYS Institucional","Tiempo de lectura":"2 minutos"},"schema":{"@context":"https:\/\/schema.org","@graph":[{"@type":"Article","@id":"https:\/\/www.cetys.mx\/noticias\/egresan-con-vision-global-obtienen-doble-grado-en-mexico-y-eua\/#article","isPartOf":{"@id":"https:\/\/www.cetys.mx\/noticias\/egresan-con-vision-global-obtienen-doble-grado-en-mexico-y-eua\/"},"author":{"name":"CETYS Institucional","@id":"https:\/\/www.cetys.mx\/noticias\/#\/schema\/person\/e9d2b35265b64aa454df57a2828eb2ac"},"headline":"Egresan con visi\u00f3n global: obtienen Doble Grado en M\u00e9xico y EUA","datePublished":"2019-06-20T00:42:12+00:00","dateModified":"2019-06-20T00:53:40+00:00","mainEntityOfPage":{"@id":"https:\/\/www.cetys.mx\/noticias\/egresan-con-vision-global-obtienen-doble-grado-en-mexico-y-eua\/"},"wordCount":494,"commentCount":0,"image":{"@id":"https:\/\/www.cetys.mx\/noticias\/egresan-con-vision-global-obtienen-doble-grado-en-mexico-y-eua\/#primaryimage"},"thumbnailUrl":"https:\/\/www.cetys.mx\/noticias\/wp-content\/uploads\/2019\/06\/City-University-of-Seattle-1.jpg","articleSection":["Internacionales","Portada","Profesional","Sistema"],"inLanguage":"es","potentialAction":[{"@type":"CommentAction","name":"Comment","target":["https:\/\/www.cetys.mx\/noticias\/egresan-con-vision-global-obtienen-doble-grado-en-mexico-y-eua\/#respond"]}]},{"@type":"WebPage","@id":"https:\/\/www.cetys.mx\/noticias\/egresan-con-vision-global-obtienen-doble-grado-en-mexico-y-eua\/","url":"https:\/\/www.cetys.mx\/noticias\/egresan-con-vision-global-obtienen-doble-grado-en-mexico-y-eua\/","name":"Egresan con visi\u00f3n global: obtienen Doble Grado en M\u00e9xico y EUA - CETYS","isPartOf":{"@id":"https:\/\/www.cetys.mx\/noticias\/#website"},"primaryImageOfPage":{"@id":"https:\/\/www.cetys.mx\/noticias\/egresan-con-vision-global-obtienen-doble-grado-en-mexico-y-eua\/#primaryimage"},"image":{"@id":"https:\/\/www.cetys.mx\/noticias\/egresan-con-vision-global-obtienen-doble-grado-en-mexico-y-eua\/#primaryimage"},"thumbnailUrl":"https:\/\/www.cetys.mx\/noticias\/wp-content\/uploads\/2019\/06\/City-University-of-Seattle-1.jpg","datePublished":"2019-06-20T00:42:12+00:00","dateModified":"2019-06-20T00:53:40+00:00","author":{"@id":"https:\/\/www.cetys.mx\/noticias\/#\/schema\/person\/e9d2b35265b64aa454df57a2828eb2ac"},"description":"Articulo sobre Egresan con visi\u00f3n global: obtienen Doble Grado en M\u00e9xico y EUA","breadcrumb":{"@id":"https:\/\/www.cetys.mx\/noticias\/egresan-con-vision-global-obtienen-doble-grado-en-mexico-y-eua\/#breadcrumb"},"inLanguage":"es","potentialAction":[{"@type":"ReadAction","target":["https:\/\/www.cetys.mx\/noticias\/egresan-con-vision-global-obtienen-doble-grado-en-mexico-y-eua\/"]}]},{"@type":"ImageObject","inLanguage":"es","@id":"https:\/\/www.cetys.mx\/noticias\/egresan-con-vision-global-obtienen-doble-grado-en-mexico-y-eua\/#primaryimage","url":"https:\/\/www.cetys.mx\/noticias\/wp-content\/uploads\/2019\/06\/City-University-of-Seattle-1.jpg","contentUrl":"https:\/\/www.cetys.mx\/noticias\/wp-content\/uploads\/2019\/06\/City-University-of-Seattle-1.jpg","width":958,"height":637},{"@type":"BreadcrumbList","@id":"https:\/\/www.cetys.mx\/noticias\/egresan-con-vision-global-obtienen-doble-grado-en-mexico-y-eua\/#breadcrumb","itemListElement":[{"@type":"ListItem","position":1,"name":"Inicio","item":"https:\/\/www.cetys.mx\/noticias\/"},{"@type":"ListItem","position":2,"name":"Egresan con visi\u00f3n global: obtienen Doble Grado en M\u00e9xico y EUA"}]},{"@type":"WebSite","@id":"https:\/\/www.cetys.mx\/noticias\/#website","url":"https:\/\/www.cetys.mx\/noticias\/","name":"CETYS","description":"","potentialAction":[{"@type":"SearchAction","target":{"@type":"EntryPoint","urlTemplate":"https:\/\/www.cetys.mx\/noticias\/?s={search_term_string}"},"query-input":{"@type":"PropertyValueSpecification","valueRequired":true,"valueName":"search_term_string"}}],"inLanguage":"es"},{"@type":"Person","@id":"https:\/\/www.cetys.mx\/noticias\/#\/schema\/person\/e9d2b35265b64aa454df57a2828eb2ac","name":"CETYS Institucional","url":"https:\/\/www.cetys.mx\/noticias\/author\/cetysinstitucional\/"}]}},"_links":{"self":[{"href":"https:\/\/www.cetys.mx\/noticias\/wp-json\/wp\/v2\/posts\/131715","targetHints":{"allow":["GET"]}}],"collection":[{"href":"https:\/\/www.cetys.mx\/noticias\/wp-json\/wp\/v2\/posts"}],"about":[{"href":"https:\/\/www.cetys.mx\/noticias\/wp-json\/wp\/v2\/types\/post"}],"author":[{"embeddable":true,"href":"https:\/\/www.cetys.mx\/noticias\/wp-json\/wp\/v2\/users\/26"}],"replies":[{"embeddable":true,"href":"https:\/\/www.cetys.mx\/noticias\/wp-json\/wp\/v2\/comments?post=131715"}],"version-history":[{"count":0,"href":"https:\/\/www.cetys.mx\/noticias\/wp-json\/wp\/v2\/posts\/131715\/revisions"}],"wp:featuredmedia":[{"embeddable":true,"href":"https:\/\/www.cetys.mx\/noticias\/wp-json\/wp\/v2\/media\/131726"}],"wp:attachment":[{"href":"https:\/\/www.cetys.mx\/noticias\/wp-json\/wp\/v2\/media?parent=131715"}],"wp:term":[{"taxonomy":"category","embeddable":true,"href":"https:\/\/www.cetys.mx\/noticias\/wp-json\/wp\/v2\/categories?post=131715"},{"taxonomy":"post_tag","embeddable":true,"href":"https:\/\/www.cetys.mx\/noticias\/wp-json\/wp\/v2\/tags?post=131715"}],"curies":[{"name":"wp","href":"https:\/\/api.w.org\/{rel}","templated":true}]}}