{"id":131414,"date":"2019-06-12T13:37:42","date_gmt":"2019-06-12T20:37:42","guid":{"rendered":"https:\/\/www.cetys.mx\/noticias\/?p=131414"},"modified":"2020-03-16T20:49:42","modified_gmt":"2020-03-17T03:49:42","slug":"alumnos-de-cetys-educacion-continua-celebran-su-graduacion","status":"publish","type":"post","link":"https:\/\/www.cetys.mx\/noticias\/alumnos-de-cetys-educacion-continua-celebran-su-graduacion\/","title":{"rendered":"Alumnos de CETYS Educaci\u00f3n Continua celebran su graduaci\u00f3n."},"content":{"rendered":"<p>Fueron m\u00e1s de 100 alumnos los que se graduaron de diferentes diplomados y certificaciones ofrecidos por<strong>\u00a0CETYS Universidad Educaci\u00f3n Continua<\/strong>\u00a0Campus Mexicali. Entre ellos:<\/p>\n<ul>\n<li class=\"m_9222932222051581067gmail-p1\">Habilidades Gerenciales<\/li>\n<li class=\"m_9222932222051581067gmail-p1\">Mercadotecnia<\/li>\n<li class=\"m_9222932222051581067gmail-p1\">Project Management<\/li>\n<li class=\"m_9222932222051581067gmail-p1\">Compras Estrat\u00e9gicas y Negociaci\u00f3n con Proveedores<\/li>\n<li class=\"m_9222932222051581067gmail-p1\">Finanzas para No Financieros<\/li>\n<li class=\"m_9222932222051581067gmail-p1\">Finanzas para Empresarios<\/li>\n<li class=\"m_9222932222051581067gmail-p1\">Administraci\u00f3n de Cl\u00ednicas y Hospitales<\/li>\n<li class=\"m_9222932222051581067gmail-p1\">Alta Direcci\u00f3n<\/li>\n<li class=\"m_9222932222051581067gmail-p1\">Ventas<\/li>\n<li class=\"m_9222932222051581067gmail-p1\">Dise\u00f1o Gr\u00e1fico Digital<\/li>\n<li class=\"m_9222932222051581067gmail-p1\">Inteligencia Emocional<\/li>\n<li class=\"m_9222932222051581067gmail-p1\">Administraci\u00f3n de Recursos Humanos<\/li>\n<\/ul>\n<p class=\"m_-5285193296213833862gmail-p1\"><span class=\"m_-5285193296213833862gmail-s1\">El evento se llevo a cabo en el Auditorio de CETYS, los alumnos contaron tambi\u00e9n con el apoyo y asistencia de sus familiares, amigos y conocidos lo cual hizo de la ceremonia de graduaci\u00f3n un evento m\u00e1s familiar e \u00edntimo.\u00a0<\/span><\/p>\n<p><img loading=\"lazy\" decoding=\"async\" class=\"alignnone wp-image-131416\" src=\"https:\/\/www.cetys.mx\/noticias\/wp-content\/uploads\/2019\/06\/IMG_2422-e1560371274225.jpg\" alt=\"\" width=\"500\" height=\"334\" \/><img loading=\"lazy\" decoding=\"async\" class=\"alignleft wp-image-131417\" src=\"https:\/\/www.cetys.mx\/noticias\/wp-content\/uploads\/2019\/06\/IMG_2424-e1560371633719.jpg\" alt=\"\" width=\"500\" height=\"334\" \/><\/p>\n<p class=\"m_-5285193296213833862gmail-p1\">Los programas de\u00a0<strong><a href=\"https:\/\/www.cetys.mx\/educon\/cursos-en-mexicali\/\" target=\"_blank\" rel=\"noopener\">Educaci\u00f3n Continua<\/a><\/strong>\u00a0est\u00e1n orientados a individuos con un alto grado de inter\u00e9s en su superaci\u00f3n personal, y que, para hacer frente a los retos profesionales que se les presentan, y a su b\u00fasqueda de crecimiento y desarrollo personal, encuentran en ellos, una respuesta pr\u00e1ctica e inmediata.<\/p>\n<p class=\"m_-5285193296213833862gmail-p5\">De esta manera, los programas forman parte del esfuerzo y compromiso que CETYS Universidad realiza, congruente con su Misi\u00f3n, de coadyuvar en la formaci\u00f3n de personas responsables y comprometidas.<\/p>\n<p class=\"m_-5285193296213833862gmail-p5\">Conoce toda la oferta de programas de Educaci\u00f3n Continua,\u00a0<strong><a href=\"https:\/\/www.cetys.mx\/educon\/cursos-en-mexicali\/\" target=\"_blank\" rel=\"noopener\">aqu\u00ed<\/a><\/strong>.<\/p>\n","protected":false},"excerpt":{"rendered":"<p>Fueron m\u00e1s de 100 alumnos los que se graduaron de diferentes diplomados y certificaciones ofrecidos por\u00a0CETYS Universidad Educaci\u00f3n Continua\u00a0Campus Mexicali. Entre ellos:&#8230;<\/p>\n","protected":false},"author":104,"featured_media":131415,"comment_status":"open","ping_status":"closed","sticky":false,"template":"","format":"standard","meta":{"footnotes":""},"categories":[241],"tags":[],"class_list":["post-131414","post","type-post","status-publish","format-standard","has-post-thumbnail","hentry","category-educacion-continua"],"yoast_head":"<!-- This site is optimized with the Yoast SEO plugin v27.4 - https:\/\/yoast.com\/product\/yoast-seo-wordpress\/ -->\n<title>Alumnos de CETYS Educaci\u00f3n Continua celebran su graduaci\u00f3n. - CETYS<\/title>\n<meta name=\"description\" content=\"Articulo sobre Alumnos de CETYS Educaci\u00f3n Continua celebran su graduaci\u00f3n.\" \/>\n<meta name=\"robots\" content=\"index, follow, max-snippet:-1, max-image-preview:large, max-video-preview:-1\" \/>\n<link rel=\"canonical\" href=\"https:\/\/www.cetys.mx\/noticias\/alumnos-de-cetys-educacion-continua-celebran-su-graduacion\/\" \/>\n<meta property=\"og:locale\" content=\"es_MX\" \/>\n<meta property=\"og:type\" content=\"article\" \/>\n<meta property=\"og:title\" content=\"Alumnos de CETYS Educaci\u00f3n Continua celebran su graduaci\u00f3n. - CETYS\" \/>\n<meta property=\"og:description\" content=\"Articulo sobre Alumnos de CETYS Educaci\u00f3n Continua celebran su graduaci\u00f3n.\" \/>\n<meta property=\"og:url\" content=\"https:\/\/www.cetys.mx\/noticias\/alumnos-de-cetys-educacion-continua-celebran-su-graduacion\/\" \/>\n<meta property=\"og:site_name\" content=\"CETYS\" \/>\n<meta property=\"article:publisher\" content=\"https:\/\/www.facebook.com\/cetysuniversidadmxl\/\" \/>\n<meta property=\"article:published_time\" content=\"2019-06-12T20:37:42+00:00\" \/>\n<meta property=\"article:modified_time\" content=\"2020-03-17T03:49:42+00:00\" \/>\n<meta property=\"og:image\" content=\"https:\/\/www.cetys.mx\/noticias\/wp-content\/uploads\/2019\/06\/IMG_2396-e1560371135787.jpg\" \/>\n\t<meta property=\"og:image:width\" content=\"1000\" \/>\n\t<meta property=\"og:image:height\" content=\"667\" \/>\n\t<meta property=\"og:image:type\" content=\"image\/jpeg\" \/>\n<meta name=\"author\" content=\"Webmaster CETYS\" \/>\n<meta name=\"twitter:card\" content=\"summary_large_image\" \/>\n<meta name=\"twitter:creator\" content=\"@cetysuni\" \/>\n<meta name=\"twitter:site\" content=\"@cetysuni\" \/>\n<meta name=\"twitter:label1\" content=\"Escrito por\" \/>\n\t<meta name=\"twitter:data1\" content=\"Webmaster CETYS\" \/>\n\t<meta name=\"twitter:label2\" content=\"Tiempo de lectura\" \/>\n\t<meta name=\"twitter:data2\" content=\"1 minuto\" \/>\n<script type=\"application\/ld+json\" class=\"yoast-schema-graph\">{\"@context\":\"https:\\\/\\\/schema.org\",\"@graph\":[{\"@type\":\"Article\",\"@id\":\"https:\\\/\\\/www.cetys.mx\\\/noticias\\\/alumnos-de-cetys-educacion-continua-celebran-su-graduacion\\\/#article\",\"isPartOf\":{\"@id\":\"https:\\\/\\\/www.cetys.mx\\\/noticias\\\/alumnos-de-cetys-educacion-continua-celebran-su-graduacion\\\/\"},\"author\":{\"name\":\"Webmaster CETYS\",\"@id\":\"https:\\\/\\\/www.cetys.mx\\\/noticias\\\/#\\\/schema\\\/person\\\/eb1a69b819c9d1ac7fe98654690a557d\"},\"headline\":\"Alumnos de CETYS Educaci\u00f3n Continua celebran su graduaci\u00f3n.\",\"datePublished\":\"2019-06-12T20:37:42+00:00\",\"dateModified\":\"2020-03-17T03:49:42+00:00\",\"mainEntityOfPage\":{\"@id\":\"https:\\\/\\\/www.cetys.mx\\\/noticias\\\/alumnos-de-cetys-educacion-continua-celebran-su-graduacion\\\/\"},\"wordCount\":218,\"commentCount\":0,\"image\":{\"@id\":\"https:\\\/\\\/www.cetys.mx\\\/noticias\\\/alumnos-de-cetys-educacion-continua-celebran-su-graduacion\\\/#primaryimage\"},\"thumbnailUrl\":\"https:\\\/\\\/www.cetys.mx\\\/noticias\\\/wp-content\\\/uploads\\\/2019\\\/06\\\/IMG_2396-e1560371135787.jpg\",\"articleSection\":[\"Educaci\u00f3n Continua\"],\"inLanguage\":\"es\",\"potentialAction\":[{\"@type\":\"CommentAction\",\"name\":\"Comment\",\"target\":[\"https:\\\/\\\/www.cetys.mx\\\/noticias\\\/alumnos-de-cetys-educacion-continua-celebran-su-graduacion\\\/#respond\"]}]},{\"@type\":\"WebPage\",\"@id\":\"https:\\\/\\\/www.cetys.mx\\\/noticias\\\/alumnos-de-cetys-educacion-continua-celebran-su-graduacion\\\/\",\"url\":\"https:\\\/\\\/www.cetys.mx\\\/noticias\\\/alumnos-de-cetys-educacion-continua-celebran-su-graduacion\\\/\",\"name\":\"Alumnos de CETYS Educaci\u00f3n Continua celebran su graduaci\u00f3n. - CETYS\",\"isPartOf\":{\"@id\":\"https:\\\/\\\/www.cetys.mx\\\/noticias\\\/#website\"},\"primaryImageOfPage\":{\"@id\":\"https:\\\/\\\/www.cetys.mx\\\/noticias\\\/alumnos-de-cetys-educacion-continua-celebran-su-graduacion\\\/#primaryimage\"},\"image\":{\"@id\":\"https:\\\/\\\/www.cetys.mx\\\/noticias\\\/alumnos-de-cetys-educacion-continua-celebran-su-graduacion\\\/#primaryimage\"},\"thumbnailUrl\":\"https:\\\/\\\/www.cetys.mx\\\/noticias\\\/wp-content\\\/uploads\\\/2019\\\/06\\\/IMG_2396-e1560371135787.jpg\",\"datePublished\":\"2019-06-12T20:37:42+00:00\",\"dateModified\":\"2020-03-17T03:49:42+00:00\",\"author\":{\"@id\":\"https:\\\/\\\/www.cetys.mx\\\/noticias\\\/#\\\/schema\\\/person\\\/eb1a69b819c9d1ac7fe98654690a557d\"},\"description\":\"Articulo sobre Alumnos de CETYS Educaci\u00f3n Continua celebran su graduaci\u00f3n.\",\"breadcrumb\":{\"@id\":\"https:\\\/\\\/www.cetys.mx\\\/noticias\\\/alumnos-de-cetys-educacion-continua-celebran-su-graduacion\\\/#breadcrumb\"},\"inLanguage\":\"es\",\"potentialAction\":[{\"@type\":\"ReadAction\",\"target\":[\"https:\\\/\\\/www.cetys.mx\\\/noticias\\\/alumnos-de-cetys-educacion-continua-celebran-su-graduacion\\\/\"]}]},{\"@type\":\"ImageObject\",\"inLanguage\":\"es\",\"@id\":\"https:\\\/\\\/www.cetys.mx\\\/noticias\\\/alumnos-de-cetys-educacion-continua-celebran-su-graduacion\\\/#primaryimage\",\"url\":\"https:\\\/\\\/www.cetys.mx\\\/noticias\\\/wp-content\\\/uploads\\\/2019\\\/06\\\/IMG_2396-e1560371135787.jpg\",\"contentUrl\":\"https:\\\/\\\/www.cetys.mx\\\/noticias\\\/wp-content\\\/uploads\\\/2019\\\/06\\\/IMG_2396-e1560371135787.jpg\",\"width\":1000,\"height\":667},{\"@type\":\"BreadcrumbList\",\"@id\":\"https:\\\/\\\/www.cetys.mx\\\/noticias\\\/alumnos-de-cetys-educacion-continua-celebran-su-graduacion\\\/#breadcrumb\",\"itemListElement\":[{\"@type\":\"ListItem\",\"position\":1,\"name\":\"Inicio\",\"item\":\"https:\\\/\\\/www.cetys.mx\\\/noticias\\\/\"},{\"@type\":\"ListItem\",\"position\":2,\"name\":\"Alumnos de CETYS Educaci\u00f3n Continua celebran su graduaci\u00f3n.\"}]},{\"@type\":\"WebSite\",\"@id\":\"https:\\\/\\\/www.cetys.mx\\\/noticias\\\/#website\",\"url\":\"https:\\\/\\\/www.cetys.mx\\\/noticias\\\/\",\"name\":\"CETYS\",\"description\":\"\",\"potentialAction\":[{\"@type\":\"SearchAction\",\"target\":{\"@type\":\"EntryPoint\",\"urlTemplate\":\"https:\\\/\\\/www.cetys.mx\\\/noticias\\\/?s={search_term_string}\"},\"query-input\":{\"@type\":\"PropertyValueSpecification\",\"valueRequired\":true,\"valueName\":\"search_term_string\"}}],\"inLanguage\":\"es\"},{\"@type\":\"Person\",\"@id\":\"https:\\\/\\\/www.cetys.mx\\\/noticias\\\/#\\\/schema\\\/person\\\/eb1a69b819c9d1ac7fe98654690a557d\",\"name\":\"Webmaster CETYS\",\"url\":\"https:\\\/\\\/www.cetys.mx\\\/noticias\\\/author\\\/webmaster\\\/\"}]}<\/script>\n<!-- \/ Yoast SEO plugin. -->","yoast_head_json":{"title":"Alumnos de CETYS Educaci\u00f3n Continua celebran su graduaci\u00f3n. - CETYS","description":"Articulo sobre Alumnos de CETYS Educaci\u00f3n Continua celebran su graduaci\u00f3n.","robots":{"index":"index","follow":"follow","max-snippet":"max-snippet:-1","max-image-preview":"max-image-preview:large","max-video-preview":"max-video-preview:-1"},"canonical":"https:\/\/www.cetys.mx\/noticias\/alumnos-de-cetys-educacion-continua-celebran-su-graduacion\/","og_locale":"es_MX","og_type":"article","og_title":"Alumnos de CETYS Educaci\u00f3n Continua celebran su graduaci\u00f3n. - CETYS","og_description":"Articulo sobre Alumnos de CETYS Educaci\u00f3n Continua celebran su graduaci\u00f3n.","og_url":"https:\/\/www.cetys.mx\/noticias\/alumnos-de-cetys-educacion-continua-celebran-su-graduacion\/","og_site_name":"CETYS","article_publisher":"https:\/\/www.facebook.com\/cetysuniversidadmxl\/","article_published_time":"2019-06-12T20:37:42+00:00","article_modified_time":"2020-03-17T03:49:42+00:00","og_image":[{"width":1000,"height":667,"url":"https:\/\/www.cetys.mx\/noticias\/wp-content\/uploads\/2019\/06\/IMG_2396-e1560371135787.jpg","type":"image\/jpeg"}],"author":"Webmaster CETYS","twitter_card":"summary_large_image","twitter_creator":"@cetysuni","twitter_site":"@cetysuni","twitter_misc":{"Escrito por":"Webmaster CETYS","Tiempo de lectura":"1 minuto"},"schema":{"@context":"https:\/\/schema.org","@graph":[{"@type":"Article","@id":"https:\/\/www.cetys.mx\/noticias\/alumnos-de-cetys-educacion-continua-celebran-su-graduacion\/#article","isPartOf":{"@id":"https:\/\/www.cetys.mx\/noticias\/alumnos-de-cetys-educacion-continua-celebran-su-graduacion\/"},"author":{"name":"Webmaster CETYS","@id":"https:\/\/www.cetys.mx\/noticias\/#\/schema\/person\/eb1a69b819c9d1ac7fe98654690a557d"},"headline":"Alumnos de CETYS Educaci\u00f3n Continua celebran su graduaci\u00f3n.","datePublished":"2019-06-12T20:37:42+00:00","dateModified":"2020-03-17T03:49:42+00:00","mainEntityOfPage":{"@id":"https:\/\/www.cetys.mx\/noticias\/alumnos-de-cetys-educacion-continua-celebran-su-graduacion\/"},"wordCount":218,"commentCount":0,"image":{"@id":"https:\/\/www.cetys.mx\/noticias\/alumnos-de-cetys-educacion-continua-celebran-su-graduacion\/#primaryimage"},"thumbnailUrl":"https:\/\/www.cetys.mx\/noticias\/wp-content\/uploads\/2019\/06\/IMG_2396-e1560371135787.jpg","articleSection":["Educaci\u00f3n Continua"],"inLanguage":"es","potentialAction":[{"@type":"CommentAction","name":"Comment","target":["https:\/\/www.cetys.mx\/noticias\/alumnos-de-cetys-educacion-continua-celebran-su-graduacion\/#respond"]}]},{"@type":"WebPage","@id":"https:\/\/www.cetys.mx\/noticias\/alumnos-de-cetys-educacion-continua-celebran-su-graduacion\/","url":"https:\/\/www.cetys.mx\/noticias\/alumnos-de-cetys-educacion-continua-celebran-su-graduacion\/","name":"Alumnos de CETYS Educaci\u00f3n Continua celebran su graduaci\u00f3n. - CETYS","isPartOf":{"@id":"https:\/\/www.cetys.mx\/noticias\/#website"},"primaryImageOfPage":{"@id":"https:\/\/www.cetys.mx\/noticias\/alumnos-de-cetys-educacion-continua-celebran-su-graduacion\/#primaryimage"},"image":{"@id":"https:\/\/www.cetys.mx\/noticias\/alumnos-de-cetys-educacion-continua-celebran-su-graduacion\/#primaryimage"},"thumbnailUrl":"https:\/\/www.cetys.mx\/noticias\/wp-content\/uploads\/2019\/06\/IMG_2396-e1560371135787.jpg","datePublished":"2019-06-12T20:37:42+00:00","dateModified":"2020-03-17T03:49:42+00:00","author":{"@id":"https:\/\/www.cetys.mx\/noticias\/#\/schema\/person\/eb1a69b819c9d1ac7fe98654690a557d"},"description":"Articulo sobre Alumnos de CETYS Educaci\u00f3n Continua celebran su graduaci\u00f3n.","breadcrumb":{"@id":"https:\/\/www.cetys.mx\/noticias\/alumnos-de-cetys-educacion-continua-celebran-su-graduacion\/#breadcrumb"},"inLanguage":"es","potentialAction":[{"@type":"ReadAction","target":["https:\/\/www.cetys.mx\/noticias\/alumnos-de-cetys-educacion-continua-celebran-su-graduacion\/"]}]},{"@type":"ImageObject","inLanguage":"es","@id":"https:\/\/www.cetys.mx\/noticias\/alumnos-de-cetys-educacion-continua-celebran-su-graduacion\/#primaryimage","url":"https:\/\/www.cetys.mx\/noticias\/wp-content\/uploads\/2019\/06\/IMG_2396-e1560371135787.jpg","contentUrl":"https:\/\/www.cetys.mx\/noticias\/wp-content\/uploads\/2019\/06\/IMG_2396-e1560371135787.jpg","width":1000,"height":667},{"@type":"BreadcrumbList","@id":"https:\/\/www.cetys.mx\/noticias\/alumnos-de-cetys-educacion-continua-celebran-su-graduacion\/#breadcrumb","itemListElement":[{"@type":"ListItem","position":1,"name":"Inicio","item":"https:\/\/www.cetys.mx\/noticias\/"},{"@type":"ListItem","position":2,"name":"Alumnos de CETYS Educaci\u00f3n Continua celebran su graduaci\u00f3n."}]},{"@type":"WebSite","@id":"https:\/\/www.cetys.mx\/noticias\/#website","url":"https:\/\/www.cetys.mx\/noticias\/","name":"CETYS","description":"","potentialAction":[{"@type":"SearchAction","target":{"@type":"EntryPoint","urlTemplate":"https:\/\/www.cetys.mx\/noticias\/?s={search_term_string}"},"query-input":{"@type":"PropertyValueSpecification","valueRequired":true,"valueName":"search_term_string"}}],"inLanguage":"es"},{"@type":"Person","@id":"https:\/\/www.cetys.mx\/noticias\/#\/schema\/person\/eb1a69b819c9d1ac7fe98654690a557d","name":"Webmaster CETYS","url":"https:\/\/www.cetys.mx\/noticias\/author\/webmaster\/"}]}},"_links":{"self":[{"href":"https:\/\/www.cetys.mx\/noticias\/wp-json\/wp\/v2\/posts\/131414","targetHints":{"allow":["GET"]}}],"collection":[{"href":"https:\/\/www.cetys.mx\/noticias\/wp-json\/wp\/v2\/posts"}],"about":[{"href":"https:\/\/www.cetys.mx\/noticias\/wp-json\/wp\/v2\/types\/post"}],"author":[{"embeddable":true,"href":"https:\/\/www.cetys.mx\/noticias\/wp-json\/wp\/v2\/users\/104"}],"replies":[{"embeddable":true,"href":"https:\/\/www.cetys.mx\/noticias\/wp-json\/wp\/v2\/comments?post=131414"}],"version-history":[{"count":0,"href":"https:\/\/www.cetys.mx\/noticias\/wp-json\/wp\/v2\/posts\/131414\/revisions"}],"wp:featuredmedia":[{"embeddable":true,"href":"https:\/\/www.cetys.mx\/noticias\/wp-json\/wp\/v2\/media\/131415"}],"wp:attachment":[{"href":"https:\/\/www.cetys.mx\/noticias\/wp-json\/wp\/v2\/media?parent=131414"}],"wp:term":[{"taxonomy":"category","embeddable":true,"href":"https:\/\/www.cetys.mx\/noticias\/wp-json\/wp\/v2\/categories?post=131414"},{"taxonomy":"post_tag","embeddable":true,"href":"https:\/\/www.cetys.mx\/noticias\/wp-json\/wp\/v2\/tags?post=131414"}],"curies":[{"name":"wp","href":"https:\/\/api.w.org\/{rel}","templated":true}]}}