{"id":131047,"date":"2019-06-03T17:41:35","date_gmt":"2019-06-04T00:41:35","guid":{"rendered":"https:\/\/www.cetys.mx\/noticias\/?p=131047"},"modified":"2020-03-17T13:45:57","modified_gmt":"2020-03-17T20:45:57","slug":"cetys-anfitrion-del-congreso-nacional-de-conadeip-2019","status":"publish","type":"post","link":"https:\/\/www.cetys.mx\/noticias\/cetys-anfitrion-del-congreso-nacional-de-conadeip-2019\/","title":{"rendered":"CETYS, anfitri\u00f3n del Congreso Nacional de Conadeip 2019"},"content":{"rendered":"<p style=\"text-align: justify; background: white; vertical-align: baseline; margin: 0cm 0cm 15.0pt 0cm;\"><span style=\"font-family: 'Arial',sans-serif; color: #222222;\"><a href=\"https:\/\/www.cetys.mx\">CETYS Universidad Campus Internacional Ensenada<\/a> es desde este lunes sede del <strong>Congreso Nacional de <a href=\"https:\/\/www.conadeip.mx\/\">Conadeip<\/a><\/strong>, organizaci\u00f3n que re\u00fane 120 instituciones educativas privadas de M\u00e9xico, con una poblaci\u00f3n de alrededor de 20 mil alumnos.<\/span><\/p>\n<p style=\"text-align: start; background: white; vertical-align: baseline; font-variant-ligatures: normal; font-variant-caps: normal; orphans: 2; widows: 2; -webkit-text-stroke-width: 0px; text-decoration-style: initial; text-decoration-color: initial; word-spacing: 0px; margin: 0cm 0cm 15.0pt 0cm;\"><span style=\"font-family: 'Arial',sans-serif; color: #222222;\"><strong>Agust\u00edn Marb\u00e1n<\/strong>, presidente de la Comisi\u00f3n Nacional Deportiva Estudiantil de Instituciones Privadas (Conadeip), inform\u00f3 que CETYS fue elegido desde el pasado Congreso Ordinario cuando fue aprobada la propuesta tras la invitaci\u00f3n del vicepresidente Zona Noroeste, Roberto Quintero.<\/span><\/p>\n<div id=\"attachment_131050\" style=\"width: 699px\" class=\"wp-caption aligncenter\"><img loading=\"lazy\" decoding=\"async\" aria-describedby=\"caption-attachment-131050\" class=\" wp-image-131050\" src=\"https:\/\/www.cetys.mx\/noticias\/wp-content\/uploads\/2019\/06\/WhatsApp-Image-2019-06-03-at-10.27.58-AM.jpeg\" alt=\"\" width=\"689\" height=\"459\" srcset=\"https:\/\/www.cetys.mx\/noticias\/wp-content\/uploads\/2019\/06\/WhatsApp-Image-2019-06-03-at-10.27.58-AM.jpeg 1280w, https:\/\/www.cetys.mx\/noticias\/wp-content\/uploads\/2019\/06\/WhatsApp-Image-2019-06-03-at-10.27.58-AM-768x512.jpeg 768w\" sizes=\"auto, (max-width: 689px) 100vw, 689px\" \/><p id=\"caption-attachment-131050\" class=\"wp-caption-text\">Inicia Congreso Conadeip en CETYS Ensenada.<\/p><\/div>\n<p>&nbsp;<\/p>\n<p style=\"text-align: start; background: white; vertical-align: baseline; font-variant-ligatures: normal; font-variant-caps: normal; orphans: 2; widows: 2; -webkit-text-stroke-width: 0px; text-decoration-style: initial; text-decoration-color: initial; word-spacing: 0px; margin: 0cm 0cm 15.0pt 0cm;\"><span style=\"font-family: 'Arial',sans-serif; color: #222222;\">Durante la semana se definir\u00e1n los temas puntuales del ciclo, como sedes de las competencias y cambios en el reglamento de disciplinas que son parte del programa: atletismo, baloncesto, beisbol, futbol, golf, tenis, voleibol de sala y playa, nataci\u00f3n, taekwondo y porra acrob\u00e1tica.<\/span><\/p>\n<p style=\"text-align: start; background: white; vertical-align: baseline; font-variant-ligatures: normal; font-variant-caps: normal; orphans: 2; widows: 2; -webkit-text-stroke-width: 0px; text-decoration-style: initial; text-decoration-color: initial; word-spacing: 0px; margin: 0cm 0cm 15.0pt 0cm;\"><span style=\"font-family: 'Arial',sans-serif; color: #222222;\">El titular de Conadeip destac\u00f3 el rol de CETYS pese a su reciente ingreso, pues ya cuenta con campeonatos en voleibol varonil de sala, misma disciplina en la que el equipo femenil ha sido semifinalista, adem\u00e1s de poseer el t\u00edtulo nacional en nataci\u00f3n.<\/span><\/p>\n<div id=\"attachment_131139\" style=\"width: 693px\" class=\"wp-caption aligncenter\"><img loading=\"lazy\" decoding=\"async\" aria-describedby=\"caption-attachment-131139\" class=\" wp-image-131139\" src=\"https:\/\/www.cetys.mx\/noticias\/wp-content\/uploads\/2019\/06\/WhatsApp-Image-2019-06-03-at-10.27.59-AM.jpeg\" alt=\"\" width=\"683\" height=\"455\" srcset=\"https:\/\/www.cetys.mx\/noticias\/wp-content\/uploads\/2019\/06\/WhatsApp-Image-2019-06-03-at-10.27.59-AM.jpeg 1280w, https:\/\/www.cetys.mx\/noticias\/wp-content\/uploads\/2019\/06\/WhatsApp-Image-2019-06-03-at-10.27.59-AM-768x512.jpeg 768w\" sizes=\"auto, (max-width: 683px) 100vw, 683px\" \/><p id=\"caption-attachment-131139\" class=\"wp-caption-text\">Congreso Nacional de Conadeip en Campus Ensenada.<\/p><\/div>\n<p style=\"text-align: justify; background: white; vertical-align: baseline; margin: 0cm 0cm 15.0pt 0cm;\"><span style=\"font-family: 'Arial',sans-serif; color: #222222;\">Tambi\u00e9n subray\u00f3 el nivel de beisbol de la instituci\u00f3n anfitriona con los campus Mexicali y Tijuana como protagonistas de la final nacional.<\/span><\/p>\n<blockquote>\n<p style=\"text-align: start; background: white; vertical-align: baseline; font-variant-ligatures: normal; font-variant-caps: normal; orphans: 2; widows: 2; -webkit-text-stroke-width: 0px; text-decoration-style: initial; text-decoration-color: initial; word-spacing: 0px; margin: 0cm 0cm 15.0pt 0cm;\"><span style=\"font-family: 'Arial',sans-serif; color: #222222;\">\u201cCETYS ha crecido en algunas disciplinas desde que entr\u00f3 en tres a cuatro a\u00f1os, con un potencial importante junto al Instituto del Deporte de Baja California, fortaleci\u00e9ndose a\u00fan m\u00e1s\u201d, dijo.<\/span><\/p>\n<\/blockquote>\n<p style=\"text-align: start; background: white; vertical-align: baseline; font-variant-ligatures: normal; font-variant-caps: normal; orphans: 2; widows: 2; -webkit-text-stroke-width: 0px; text-decoration-style: initial; text-decoration-color: initial; word-spacing: 0px; margin: 0cm 0cm 15.0pt 0cm;\"><span style=\"font-family: 'Arial',sans-serif; color: #222222;\">Y agreg\u00f3: \u201cSon nuestro aliado y hemos crecido con CETYS en una relaci\u00f3n donde ya se han organizado Tazones (futbol americano), los Ocho Grandes de beisbol y basquetbol estudiantil\u201d, mientras que en fecha pr\u00f3xima llegar\u00e1 el campeonato nacional de nataci\u00f3n a Mexicali\u201d.<\/span><\/p>\n<p style=\"text-align: start; background: white; vertical-align: baseline; font-variant-ligatures: normal; font-variant-caps: normal; orphans: 2; widows: 2; -webkit-text-stroke-width: 0px; text-decoration-style: initial; text-decoration-color: initial; word-spacing: 0px; margin: 0cm 0cm 15.0pt 0cm;\"><span style=\"font-family: 'Arial',sans-serif; color: #222222;\">Los trabajos se realizan en la Sala Santander de CETYS Ensenada con representantes de la mayor parte de las instituciones militantes en Conadeip.<\/span><\/p>\n<div id=\"attachment_131140\" style=\"width: 573px\" class=\"wp-caption aligncenter\"><img loading=\"lazy\" decoding=\"async\" aria-describedby=\"caption-attachment-131140\" class=\" wp-image-131140\" src=\"https:\/\/www.cetys.mx\/noticias\/wp-content\/uploads\/2019\/06\/WhatsApp-Image-2019-06-03-at-10.27.58-AM-3.jpeg\" alt=\"\" width=\"563\" height=\"886\" srcset=\"https:\/\/www.cetys.mx\/noticias\/wp-content\/uploads\/2019\/06\/WhatsApp-Image-2019-06-03-at-10.27.58-AM-3.jpeg 814w, https:\/\/www.cetys.mx\/noticias\/wp-content\/uploads\/2019\/06\/WhatsApp-Image-2019-06-03-at-10.27.58-AM-3-768x1208.jpeg 768w\" sizes=\"auto, (max-width: 563px) 100vw, 563px\" \/><p id=\"caption-attachment-131140\" class=\"wp-caption-text\">Dan la bienvenida a los asistentes de todo el pa\u00eds.<\/p><\/div>\n","protected":false},"excerpt":{"rendered":"<p>CETYS Universidad Campus Internacional Ensenada es desde este lunes sede del Congreso Nacional de Conadeip, organizaci\u00f3n que re\u00fane 120 instituciones educativas privadas&#8230;<\/p>\n","protected":false},"author":23,"featured_media":131051,"comment_status":"open","ping_status":"closed","sticky":false,"template":"","format":"standard","meta":{"footnotes":""},"categories":[312,209,125,313],"tags":[],"class_list":["post-131047","post","type-post","status-publish","format-standard","has-post-thumbnail","hentry","category-deportes","category-institucional","category-portada","category-vocetys-2"],"yoast_head":"<!-- This site is optimized with the Yoast SEO plugin v27.4 - https:\/\/yoast.com\/product\/yoast-seo-wordpress\/ -->\n<title>CETYS, anfitri\u00f3n del Congreso Nacional de Conadeip 2019 - CETYS<\/title>\n<meta name=\"description\" content=\"Articulo sobre CETYS, anfitri\u00f3n del Congreso Nacional de Conadeip 2019\" \/>\n<meta name=\"robots\" content=\"index, follow, max-snippet:-1, max-image-preview:large, max-video-preview:-1\" \/>\n<link rel=\"canonical\" href=\"https:\/\/www.cetys.mx\/noticias\/cetys-anfitrion-del-congreso-nacional-de-conadeip-2019\/\" \/>\n<meta property=\"og:locale\" content=\"es_MX\" \/>\n<meta property=\"og:type\" content=\"article\" \/>\n<meta property=\"og:title\" content=\"CETYS, anfitri\u00f3n del Congreso Nacional de Conadeip 2019 - CETYS\" \/>\n<meta property=\"og:description\" content=\"Articulo sobre CETYS, anfitri\u00f3n del Congreso Nacional de Conadeip 2019\" \/>\n<meta property=\"og:url\" content=\"https:\/\/www.cetys.mx\/noticias\/cetys-anfitrion-del-congreso-nacional-de-conadeip-2019\/\" \/>\n<meta property=\"og:site_name\" content=\"CETYS\" \/>\n<meta property=\"article:publisher\" content=\"https:\/\/www.facebook.com\/cetysuniversidadmxl\/\" \/>\n<meta property=\"article:published_time\" content=\"2019-06-04T00:41:35+00:00\" \/>\n<meta property=\"article:modified_time\" content=\"2020-03-17T20:45:57+00:00\" \/>\n<meta property=\"og:image\" content=\"https:\/\/www.cetys.mx\/noticias\/wp-content\/uploads\/2019\/06\/WhatsApp-Image-2019-06-03-at-10.27.58-AM-2.jpeg\" \/>\n\t<meta property=\"og:image:width\" content=\"1280\" \/>\n\t<meta property=\"og:image:height\" content=\"854\" \/>\n\t<meta property=\"og:image:type\" content=\"image\/jpeg\" \/>\n<meta name=\"author\" content=\"Campus Ensenada\" \/>\n<meta name=\"twitter:card\" content=\"summary_large_image\" \/>\n<meta name=\"twitter:creator\" content=\"@cetysuni\" \/>\n<meta name=\"twitter:site\" content=\"@cetysuni\" \/>\n<meta name=\"twitter:label1\" content=\"Escrito por\" \/>\n\t<meta name=\"twitter:data1\" content=\"Campus Ensenada\" \/>\n\t<meta name=\"twitter:label2\" content=\"Tiempo de lectura\" \/>\n\t<meta name=\"twitter:data2\" content=\"2 minutos\" \/>\n<script type=\"application\/ld+json\" class=\"yoast-schema-graph\">{\"@context\":\"https:\\\/\\\/schema.org\",\"@graph\":[{\"@type\":\"Article\",\"@id\":\"https:\\\/\\\/www.cetys.mx\\\/noticias\\\/cetys-anfitrion-del-congreso-nacional-de-conadeip-2019\\\/#article\",\"isPartOf\":{\"@id\":\"https:\\\/\\\/www.cetys.mx\\\/noticias\\\/cetys-anfitrion-del-congreso-nacional-de-conadeip-2019\\\/\"},\"author\":{\"name\":\"Campus Ensenada\",\"@id\":\"https:\\\/\\\/www.cetys.mx\\\/noticias\\\/#\\\/schema\\\/person\\\/1a1a88c0b6586e66a2e9e88e07afc712\"},\"headline\":\"CETYS, anfitri\u00f3n del Congreso Nacional de Conadeip 2019\",\"datePublished\":\"2019-06-04T00:41:35+00:00\",\"dateModified\":\"2020-03-17T20:45:57+00:00\",\"mainEntityOfPage\":{\"@id\":\"https:\\\/\\\/www.cetys.mx\\\/noticias\\\/cetys-anfitrion-del-congreso-nacional-de-conadeip-2019\\\/\"},\"wordCount\":348,\"commentCount\":0,\"image\":{\"@id\":\"https:\\\/\\\/www.cetys.mx\\\/noticias\\\/cetys-anfitrion-del-congreso-nacional-de-conadeip-2019\\\/#primaryimage\"},\"thumbnailUrl\":\"https:\\\/\\\/www.cetys.mx\\\/noticias\\\/wp-content\\\/uploads\\\/2019\\\/06\\\/WhatsApp-Image-2019-06-03-at-10.27.58-AM-2.jpeg\",\"articleSection\":[\"Deportes\",\"Institucional\",\"Portada\",\"VoCETYS\"],\"inLanguage\":\"es\",\"potentialAction\":[{\"@type\":\"CommentAction\",\"name\":\"Comment\",\"target\":[\"https:\\\/\\\/www.cetys.mx\\\/noticias\\\/cetys-anfitrion-del-congreso-nacional-de-conadeip-2019\\\/#respond\"]}]},{\"@type\":\"WebPage\",\"@id\":\"https:\\\/\\\/www.cetys.mx\\\/noticias\\\/cetys-anfitrion-del-congreso-nacional-de-conadeip-2019\\\/\",\"url\":\"https:\\\/\\\/www.cetys.mx\\\/noticias\\\/cetys-anfitrion-del-congreso-nacional-de-conadeip-2019\\\/\",\"name\":\"CETYS, anfitri\u00f3n del Congreso Nacional de Conadeip 2019 - CETYS\",\"isPartOf\":{\"@id\":\"https:\\\/\\\/www.cetys.mx\\\/noticias\\\/#website\"},\"primaryImageOfPage\":{\"@id\":\"https:\\\/\\\/www.cetys.mx\\\/noticias\\\/cetys-anfitrion-del-congreso-nacional-de-conadeip-2019\\\/#primaryimage\"},\"image\":{\"@id\":\"https:\\\/\\\/www.cetys.mx\\\/noticias\\\/cetys-anfitrion-del-congreso-nacional-de-conadeip-2019\\\/#primaryimage\"},\"thumbnailUrl\":\"https:\\\/\\\/www.cetys.mx\\\/noticias\\\/wp-content\\\/uploads\\\/2019\\\/06\\\/WhatsApp-Image-2019-06-03-at-10.27.58-AM-2.jpeg\",\"datePublished\":\"2019-06-04T00:41:35+00:00\",\"dateModified\":\"2020-03-17T20:45:57+00:00\",\"author\":{\"@id\":\"https:\\\/\\\/www.cetys.mx\\\/noticias\\\/#\\\/schema\\\/person\\\/1a1a88c0b6586e66a2e9e88e07afc712\"},\"description\":\"Articulo sobre CETYS, anfitri\u00f3n del Congreso Nacional de Conadeip 2019\",\"breadcrumb\":{\"@id\":\"https:\\\/\\\/www.cetys.mx\\\/noticias\\\/cetys-anfitrion-del-congreso-nacional-de-conadeip-2019\\\/#breadcrumb\"},\"inLanguage\":\"es\",\"potentialAction\":[{\"@type\":\"ReadAction\",\"target\":[\"https:\\\/\\\/www.cetys.mx\\\/noticias\\\/cetys-anfitrion-del-congreso-nacional-de-conadeip-2019\\\/\"]}]},{\"@type\":\"ImageObject\",\"inLanguage\":\"es\",\"@id\":\"https:\\\/\\\/www.cetys.mx\\\/noticias\\\/cetys-anfitrion-del-congreso-nacional-de-conadeip-2019\\\/#primaryimage\",\"url\":\"https:\\\/\\\/www.cetys.mx\\\/noticias\\\/wp-content\\\/uploads\\\/2019\\\/06\\\/WhatsApp-Image-2019-06-03-at-10.27.58-AM-2.jpeg\",\"contentUrl\":\"https:\\\/\\\/www.cetys.mx\\\/noticias\\\/wp-content\\\/uploads\\\/2019\\\/06\\\/WhatsApp-Image-2019-06-03-at-10.27.58-AM-2.jpeg\",\"width\":1280,\"height\":854,\"caption\":\"CETYS Ensenada, sede del Conregos Nacional Conadeip.\"},{\"@type\":\"BreadcrumbList\",\"@id\":\"https:\\\/\\\/www.cetys.mx\\\/noticias\\\/cetys-anfitrion-del-congreso-nacional-de-conadeip-2019\\\/#breadcrumb\",\"itemListElement\":[{\"@type\":\"ListItem\",\"position\":1,\"name\":\"Inicio\",\"item\":\"https:\\\/\\\/www.cetys.mx\\\/noticias\\\/\"},{\"@type\":\"ListItem\",\"position\":2,\"name\":\"CETYS, anfitri\u00f3n del Congreso Nacional de Conadeip 2019\"}]},{\"@type\":\"WebSite\",\"@id\":\"https:\\\/\\\/www.cetys.mx\\\/noticias\\\/#website\",\"url\":\"https:\\\/\\\/www.cetys.mx\\\/noticias\\\/\",\"name\":\"CETYS\",\"description\":\"\",\"potentialAction\":[{\"@type\":\"SearchAction\",\"target\":{\"@type\":\"EntryPoint\",\"urlTemplate\":\"https:\\\/\\\/www.cetys.mx\\\/noticias\\\/?s={search_term_string}\"},\"query-input\":{\"@type\":\"PropertyValueSpecification\",\"valueRequired\":true,\"valueName\":\"search_term_string\"}}],\"inLanguage\":\"es\"},{\"@type\":\"Person\",\"@id\":\"https:\\\/\\\/www.cetys.mx\\\/noticias\\\/#\\\/schema\\\/person\\\/1a1a88c0b6586e66a2e9e88e07afc712\",\"name\":\"Campus Ensenada\",\"url\":\"https:\\\/\\\/www.cetys.mx\\\/noticias\\\/author\\\/campusensenada\\\/\"}]}<\/script>\n<!-- \/ Yoast SEO plugin. -->","yoast_head_json":{"title":"CETYS, anfitri\u00f3n del Congreso Nacional de Conadeip 2019 - CETYS","description":"Articulo sobre CETYS, anfitri\u00f3n del Congreso Nacional de Conadeip 2019","robots":{"index":"index","follow":"follow","max-snippet":"max-snippet:-1","max-image-preview":"max-image-preview:large","max-video-preview":"max-video-preview:-1"},"canonical":"https:\/\/www.cetys.mx\/noticias\/cetys-anfitrion-del-congreso-nacional-de-conadeip-2019\/","og_locale":"es_MX","og_type":"article","og_title":"CETYS, anfitri\u00f3n del Congreso Nacional de Conadeip 2019 - CETYS","og_description":"Articulo sobre CETYS, anfitri\u00f3n del Congreso Nacional de Conadeip 2019","og_url":"https:\/\/www.cetys.mx\/noticias\/cetys-anfitrion-del-congreso-nacional-de-conadeip-2019\/","og_site_name":"CETYS","article_publisher":"https:\/\/www.facebook.com\/cetysuniversidadmxl\/","article_published_time":"2019-06-04T00:41:35+00:00","article_modified_time":"2020-03-17T20:45:57+00:00","og_image":[{"width":1280,"height":854,"url":"https:\/\/www.cetys.mx\/noticias\/wp-content\/uploads\/2019\/06\/WhatsApp-Image-2019-06-03-at-10.27.58-AM-2.jpeg","type":"image\/jpeg"}],"author":"Campus Ensenada","twitter_card":"summary_large_image","twitter_creator":"@cetysuni","twitter_site":"@cetysuni","twitter_misc":{"Escrito por":"Campus Ensenada","Tiempo de lectura":"2 minutos"},"schema":{"@context":"https:\/\/schema.org","@graph":[{"@type":"Article","@id":"https:\/\/www.cetys.mx\/noticias\/cetys-anfitrion-del-congreso-nacional-de-conadeip-2019\/#article","isPartOf":{"@id":"https:\/\/www.cetys.mx\/noticias\/cetys-anfitrion-del-congreso-nacional-de-conadeip-2019\/"},"author":{"name":"Campus Ensenada","@id":"https:\/\/www.cetys.mx\/noticias\/#\/schema\/person\/1a1a88c0b6586e66a2e9e88e07afc712"},"headline":"CETYS, anfitri\u00f3n del Congreso Nacional de Conadeip 2019","datePublished":"2019-06-04T00:41:35+00:00","dateModified":"2020-03-17T20:45:57+00:00","mainEntityOfPage":{"@id":"https:\/\/www.cetys.mx\/noticias\/cetys-anfitrion-del-congreso-nacional-de-conadeip-2019\/"},"wordCount":348,"commentCount":0,"image":{"@id":"https:\/\/www.cetys.mx\/noticias\/cetys-anfitrion-del-congreso-nacional-de-conadeip-2019\/#primaryimage"},"thumbnailUrl":"https:\/\/www.cetys.mx\/noticias\/wp-content\/uploads\/2019\/06\/WhatsApp-Image-2019-06-03-at-10.27.58-AM-2.jpeg","articleSection":["Deportes","Institucional","Portada","VoCETYS"],"inLanguage":"es","potentialAction":[{"@type":"CommentAction","name":"Comment","target":["https:\/\/www.cetys.mx\/noticias\/cetys-anfitrion-del-congreso-nacional-de-conadeip-2019\/#respond"]}]},{"@type":"WebPage","@id":"https:\/\/www.cetys.mx\/noticias\/cetys-anfitrion-del-congreso-nacional-de-conadeip-2019\/","url":"https:\/\/www.cetys.mx\/noticias\/cetys-anfitrion-del-congreso-nacional-de-conadeip-2019\/","name":"CETYS, anfitri\u00f3n del Congreso Nacional de Conadeip 2019 - CETYS","isPartOf":{"@id":"https:\/\/www.cetys.mx\/noticias\/#website"},"primaryImageOfPage":{"@id":"https:\/\/www.cetys.mx\/noticias\/cetys-anfitrion-del-congreso-nacional-de-conadeip-2019\/#primaryimage"},"image":{"@id":"https:\/\/www.cetys.mx\/noticias\/cetys-anfitrion-del-congreso-nacional-de-conadeip-2019\/#primaryimage"},"thumbnailUrl":"https:\/\/www.cetys.mx\/noticias\/wp-content\/uploads\/2019\/06\/WhatsApp-Image-2019-06-03-at-10.27.58-AM-2.jpeg","datePublished":"2019-06-04T00:41:35+00:00","dateModified":"2020-03-17T20:45:57+00:00","author":{"@id":"https:\/\/www.cetys.mx\/noticias\/#\/schema\/person\/1a1a88c0b6586e66a2e9e88e07afc712"},"description":"Articulo sobre CETYS, anfitri\u00f3n del Congreso Nacional de Conadeip 2019","breadcrumb":{"@id":"https:\/\/www.cetys.mx\/noticias\/cetys-anfitrion-del-congreso-nacional-de-conadeip-2019\/#breadcrumb"},"inLanguage":"es","potentialAction":[{"@type":"ReadAction","target":["https:\/\/www.cetys.mx\/noticias\/cetys-anfitrion-del-congreso-nacional-de-conadeip-2019\/"]}]},{"@type":"ImageObject","inLanguage":"es","@id":"https:\/\/www.cetys.mx\/noticias\/cetys-anfitrion-del-congreso-nacional-de-conadeip-2019\/#primaryimage","url":"https:\/\/www.cetys.mx\/noticias\/wp-content\/uploads\/2019\/06\/WhatsApp-Image-2019-06-03-at-10.27.58-AM-2.jpeg","contentUrl":"https:\/\/www.cetys.mx\/noticias\/wp-content\/uploads\/2019\/06\/WhatsApp-Image-2019-06-03-at-10.27.58-AM-2.jpeg","width":1280,"height":854,"caption":"CETYS Ensenada, sede del Conregos Nacional Conadeip."},{"@type":"BreadcrumbList","@id":"https:\/\/www.cetys.mx\/noticias\/cetys-anfitrion-del-congreso-nacional-de-conadeip-2019\/#breadcrumb","itemListElement":[{"@type":"ListItem","position":1,"name":"Inicio","item":"https:\/\/www.cetys.mx\/noticias\/"},{"@type":"ListItem","position":2,"name":"CETYS, anfitri\u00f3n del Congreso Nacional de Conadeip 2019"}]},{"@type":"WebSite","@id":"https:\/\/www.cetys.mx\/noticias\/#website","url":"https:\/\/www.cetys.mx\/noticias\/","name":"CETYS","description":"","potentialAction":[{"@type":"SearchAction","target":{"@type":"EntryPoint","urlTemplate":"https:\/\/www.cetys.mx\/noticias\/?s={search_term_string}"},"query-input":{"@type":"PropertyValueSpecification","valueRequired":true,"valueName":"search_term_string"}}],"inLanguage":"es"},{"@type":"Person","@id":"https:\/\/www.cetys.mx\/noticias\/#\/schema\/person\/1a1a88c0b6586e66a2e9e88e07afc712","name":"Campus Ensenada","url":"https:\/\/www.cetys.mx\/noticias\/author\/campusensenada\/"}]}},"_links":{"self":[{"href":"https:\/\/www.cetys.mx\/noticias\/wp-json\/wp\/v2\/posts\/131047","targetHints":{"allow":["GET"]}}],"collection":[{"href":"https:\/\/www.cetys.mx\/noticias\/wp-json\/wp\/v2\/posts"}],"about":[{"href":"https:\/\/www.cetys.mx\/noticias\/wp-json\/wp\/v2\/types\/post"}],"author":[{"embeddable":true,"href":"https:\/\/www.cetys.mx\/noticias\/wp-json\/wp\/v2\/users\/23"}],"replies":[{"embeddable":true,"href":"https:\/\/www.cetys.mx\/noticias\/wp-json\/wp\/v2\/comments?post=131047"}],"version-history":[{"count":0,"href":"https:\/\/www.cetys.mx\/noticias\/wp-json\/wp\/v2\/posts\/131047\/revisions"}],"wp:featuredmedia":[{"embeddable":true,"href":"https:\/\/www.cetys.mx\/noticias\/wp-json\/wp\/v2\/media\/131051"}],"wp:attachment":[{"href":"https:\/\/www.cetys.mx\/noticias\/wp-json\/wp\/v2\/media?parent=131047"}],"wp:term":[{"taxonomy":"category","embeddable":true,"href":"https:\/\/www.cetys.mx\/noticias\/wp-json\/wp\/v2\/categories?post=131047"},{"taxonomy":"post_tag","embeddable":true,"href":"https:\/\/www.cetys.mx\/noticias\/wp-json\/wp\/v2\/tags?post=131047"}],"curies":[{"name":"wp","href":"https:\/\/api.w.org\/{rel}","templated":true}]}}