{"id":130651,"date":"2019-05-27T16:48:36","date_gmt":"2019-05-27T23:48:36","guid":{"rendered":"https:\/\/www.cetys.mx\/noticias\/?p=130651"},"modified":"2019-05-30T09:08:35","modified_gmt":"2019-05-30T16:08:35","slug":"factores-individuales-familiares-y-sociales-influyen-en-normalizacion-de-la-violencia-dra-feggy-ostrosky-experta-neoropsicologica","status":"publish","type":"post","link":"https:\/\/www.cetys.mx\/noticias\/factores-individuales-familiares-y-sociales-influyen-en-normalizacion-de-la-violencia-dra-feggy-ostrosky-experta-neoropsicologica\/","title":{"rendered":"Factores individuales, familiares y sociales influyen en normalizaci\u00f3n de la violencia: Dra. Feggy Ostrosky, experta neoropsicol\u00f3gica"},"content":{"rendered":"<p><span style=\"font-weight: 400;\">Para cerrar las actividades de la semana de la Psicolog\u00eda \u201cC\u00f3mo prevenir la violencia\u201d, la <strong>Dra. Feggy Ostrosky<\/strong>, experta nacional e internacional en temas de neuropsicolog\u00eda, invitada por <strong>CETYS campus Tijuana<\/strong>, <\/span><span style=\"font-weight: 400;\">estuvo con m\u00e1s de 300 estudiantes y docentes de <strong>CETYS Universidad<\/strong>, as\u00ed como comunidad en general, para impartir la conferencia \u201cPrevenir la violencia, sicarios mexicanos y su perfil neuropsicol\u00f3gico\u201d en las inmediaciones del <em>Gimnasio-Auditorio Rodrigo Valle Hern\u00e1ndez.<\/em><\/span><\/p>\n<p>&nbsp;<\/p>\n<p><span style=\"font-weight: 400;\">El perfil neuropsicol\u00f3gico de un sicario est\u00e1 marcado por una serie de factores individuales, familiares y sociales que conllevan a una normalizaci\u00f3n de la violencia, esto principalmente en tres etapas clave de la infancia donde el ni\u00f1o reconoce l\u00edmites \u00e9ticos, se enfrenta al aprendizaje y cuando inicia con la toma de decisiones, estas fueron algunas de las observaciones que la tambi\u00e9n <em>D<\/em><\/span><em><span style=\"font-weight: 400;\">irectora del laboratorio de Neuropsicolog\u00eda y Psicofisiolog\u00eda de la Facultad de Psicolog\u00eda de la UNAM,<\/span><\/em><\/p>\n<p>&nbsp;<\/p>\n<blockquote><p><span style=\"font-weight: 400;\">\u201cSer padre distante, no cumplir necesidades b\u00e1sicas afecta enormemente a los hijos. Los efectos del n\u00famero de abusos en la infancia est\u00e1n relacionados con el futuro de los ni\u00f1os\u201d, expres\u00f3 ante la audiencia.<\/span><\/p><\/blockquote>\n<p>&nbsp;<\/p>\n<p><span style=\"font-weight: 400;\">La <strong>Dra. Feggy Ostrosky<\/strong> recomend\u00f3 poner atenci\u00f3n a los ni\u00f1os cuando estos cumplen tres a\u00f1os, etapa en la que tienden a reconocer los l\u00edmites; los siete a\u00f1os, cuando empiezan su etapa de aprendizaje escolar y encuentran las motivaciones y habilidades que los ayuda a ser mejores seres humanos; as\u00ed mismo, los 13 a\u00f1os, cuando inician a tomar decisiones basados en emociones.<\/span><\/p>\n<div id=\"attachment_130653\" style=\"width: 968px\" class=\"wp-caption aligncenter\"><img loading=\"lazy\" decoding=\"async\" aria-describedby=\"caption-attachment-130653\" class=\"wp-image-130653 size-full\" src=\"https:\/\/www.cetys.mx\/noticias\/wp-content\/uploads\/2019\/05\/DSC_0264.jpg\" alt=\"\" width=\"958\" height=\"637\" srcset=\"https:\/\/www.cetys.mx\/noticias\/wp-content\/uploads\/2019\/05\/DSC_0264.jpg 958w, https:\/\/www.cetys.mx\/noticias\/wp-content\/uploads\/2019\/05\/DSC_0264-768x511.jpg 768w\" sizes=\"auto, (max-width: 958px) 100vw, 958px\" \/><p id=\"caption-attachment-130653\" class=\"wp-caption-text\">M\u00e1s de 300 estudiantes y docentes de CETYS Universidad, as\u00ed como comunidad en general, estuvieron presentes, adem\u00e1s de la transmisi\u00f3n en vivo.<\/p><\/div>\n<p>&nbsp;<\/p>\n<p>&nbsp;<\/p>\n<p><span style=\"font-weight: 400;\">Asimismo, invit\u00f3 a reflexionar sobre las acciones que realizamos como seres humanos y forjar una mejor sociedad con trabajos preventivos, tal y como promueve <strong>CETYS Universidad.<\/strong><\/span><\/p>\n<p>&nbsp;<\/p>\n<p><span style=\"font-weight: 400;\">Por m\u00e1s de 39 a\u00f1os <strong>CETYS Universidad<\/strong> ha generado profesionales que fortalezcan la psicolog\u00eda en favor de la regi\u00f3n y el mundo. Y ahora con la Licenciatura en Neuropsicolog\u00eda que est\u00e1 por recibir a sus primeros egresados, busca causar mayor impacto.<\/span><\/p>\n<p>&nbsp;<\/p>\n<p><span style=\"font-weight: 400;\">\u201cEsta ciencia es fundamental para el cuidado de la salud mental en Baja California y el mundo Les hago extensiva la invitaci\u00f3n para que aprovechen el m\u00e1ximo la visita de la Dra. Feggy que lo que aprendan lo lleven a la pr\u00e1ctica a trav\u00e9s del estudio y la investigaci\u00f3n\u201d, expres\u00f3 l<strong>a Mtra. Jessica Ibarra Ramonet<\/strong>, <em>Directora Zona Costa de CETYS Universidad.`<\/em><\/span><\/p>\n<p>&nbsp;<\/p>\n<p><span style=\"font-weight: 400;\">Por su parte, el <strong>Dr. Alberto \u00c1lvarez Noriega,<\/strong> <em>Director de la Escuela de Psicolog\u00eda<\/em> adelant\u00f3 que <strong>CETYS<\/strong> ser\u00e1 la sede del Congreso Internacional Mente y Cerebro en 2020 que organiza la Asociaci\u00f3n Latinoamericana de Neuropsicolog\u00eda, ante la preocupaci\u00f3n de <strong>CETYS<\/strong> por generar trabajos que fortalezcan a estos temas y a la sociedad en general.<\/span><\/p>\n<p>&nbsp;<\/p>\n<p>A continuaci\u00f3n te dejamos la Conferencia Magistral:<\/p>\n<div class=\"video-container\"><iframe loading=\"lazy\" title=\"Conferencia Magistral: &quot;Prevenir la Violencia, sicarios mexicanos y su perfil neuropsicol\u00f3gico&quot;\" width=\"500\" height=\"281\" src=\"https:\/\/www.youtube.com\/embed\/KsMe_QwC-Tc?feature=oembed\" frameborder=\"0\" allow=\"accelerometer; autoplay; clipboard-write; encrypted-media; gyroscope; picture-in-picture; web-share\" referrerpolicy=\"strict-origin-when-cross-origin\" allowfullscreen><\/iframe><\/div>\n<p>&nbsp;<\/p>\n","protected":false},"excerpt":{"rendered":"<p>Para cerrar las actividades de la semana de la Psicolog\u00eda \u201cC\u00f3mo prevenir la violencia\u201d, la Dra. Feggy Ostrosky, experta nacional e internacional&#8230;<\/p>\n","protected":false},"author":24,"featured_media":130652,"comment_status":"open","ping_status":"closed","sticky":false,"template":"","format":"standard","meta":{"footnotes":""},"categories":[134,3031,125,313],"tags":[297,138,178,176,179,3634],"class_list":["post-130651","post","type-post","status-publish","format-standard","has-post-thumbnail","hentry","category-campus-tijuana","category-liderazgo","category-portada","category-vocetys-2","tag-campus-tijuana","tag-cetys","tag-investigacion","tag-profesional","tag-psicologia","tag-vocetys-2019-05-30"],"yoast_head":"<!-- This site is optimized with the Yoast SEO plugin v27.4 - https:\/\/yoast.com\/product\/yoast-seo-wordpress\/ -->\n<title>Factores individuales, familiares y sociales influyen en normalizaci\u00f3n de la violencia: Dra. Feggy Ostrosky, experta neoropsicol\u00f3gica - CETYS<\/title>\n<meta name=\"description\" content=\"Concluyen actividades de la semana de psicolog\u00eda en CETYS y anuncian sede del Congreso Internacional Mente y Cerebro a celebrarse en Tijuana para 2020.\" \/>\n<meta name=\"robots\" content=\"index, follow, max-snippet:-1, max-image-preview:large, max-video-preview:-1\" \/>\n<link rel=\"canonical\" href=\"https:\/\/www.cetys.mx\/noticias\/factores-individuales-familiares-y-sociales-influyen-en-normalizacion-de-la-violencia-dra-feggy-ostrosky-experta-neoropsicologica\/\" \/>\n<meta property=\"og:locale\" content=\"es_MX\" \/>\n<meta property=\"og:type\" content=\"article\" \/>\n<meta property=\"og:title\" content=\"Factores individuales, familiares y sociales influyen en normalizaci\u00f3n de la violencia: Dra. Feggy Ostrosky, experta neoropsicol\u00f3gica - CETYS\" \/>\n<meta property=\"og:description\" content=\"Concluyen actividades de la semana de psicolog\u00eda en CETYS y anuncian sede del Congreso Internacional Mente y Cerebro a celebrarse en Tijuana para 2020.\" \/>\n<meta property=\"og:url\" content=\"https:\/\/www.cetys.mx\/noticias\/factores-individuales-familiares-y-sociales-influyen-en-normalizacion-de-la-violencia-dra-feggy-ostrosky-experta-neoropsicologica\/\" \/>\n<meta property=\"og:site_name\" content=\"CETYS\" \/>\n<meta property=\"article:publisher\" content=\"https:\/\/www.facebook.com\/cetysuniversidadmxl\/\" \/>\n<meta property=\"article:published_time\" content=\"2019-05-27T23:48:36+00:00\" \/>\n<meta property=\"article:modified_time\" content=\"2019-05-30T16:08:35+00:00\" \/>\n<meta property=\"og:image\" content=\"https:\/\/www.cetys.mx\/noticias\/wp-content\/uploads\/2019\/05\/DSC_0336.jpg\" \/>\n\t<meta property=\"og:image:width\" content=\"958\" \/>\n\t<meta property=\"og:image:height\" content=\"637\" \/>\n\t<meta property=\"og:image:type\" content=\"image\/jpeg\" \/>\n<meta name=\"author\" content=\"Campus Tijuana\" \/>\n<meta name=\"twitter:card\" content=\"summary_large_image\" \/>\n<meta name=\"twitter:creator\" content=\"@cetysuni\" \/>\n<meta name=\"twitter:site\" content=\"@cetysuni\" \/>\n<meta name=\"twitter:label1\" content=\"Escrito por\" \/>\n\t<meta name=\"twitter:data1\" content=\"Campus Tijuana\" \/>\n\t<meta name=\"twitter:label2\" content=\"Tiempo de lectura\" \/>\n\t<meta name=\"twitter:data2\" content=\"3 minutos\" \/>\n<script type=\"application\/ld+json\" class=\"yoast-schema-graph\">{\"@context\":\"https:\\\/\\\/schema.org\",\"@graph\":[{\"@type\":\"Article\",\"@id\":\"https:\\\/\\\/www.cetys.mx\\\/noticias\\\/factores-individuales-familiares-y-sociales-influyen-en-normalizacion-de-la-violencia-dra-feggy-ostrosky-experta-neoropsicologica\\\/#article\",\"isPartOf\":{\"@id\":\"https:\\\/\\\/www.cetys.mx\\\/noticias\\\/factores-individuales-familiares-y-sociales-influyen-en-normalizacion-de-la-violencia-dra-feggy-ostrosky-experta-neoropsicologica\\\/\"},\"author\":{\"name\":\"Campus Tijuana\",\"@id\":\"https:\\\/\\\/www.cetys.mx\\\/noticias\\\/#\\\/schema\\\/person\\\/e790051ce60e18ae47cfa87011c8653f\"},\"headline\":\"Factores individuales, familiares y sociales influyen en normalizaci\u00f3n de la violencia: Dra. Feggy Ostrosky, experta neoropsicol\u00f3gica\",\"datePublished\":\"2019-05-27T23:48:36+00:00\",\"dateModified\":\"2019-05-30T16:08:35+00:00\",\"mainEntityOfPage\":{\"@id\":\"https:\\\/\\\/www.cetys.mx\\\/noticias\\\/factores-individuales-familiares-y-sociales-influyen-en-normalizacion-de-la-violencia-dra-feggy-ostrosky-experta-neoropsicologica\\\/\"},\"wordCount\":532,\"commentCount\":0,\"image\":{\"@id\":\"https:\\\/\\\/www.cetys.mx\\\/noticias\\\/factores-individuales-familiares-y-sociales-influyen-en-normalizacion-de-la-violencia-dra-feggy-ostrosky-experta-neoropsicologica\\\/#primaryimage\"},\"thumbnailUrl\":\"https:\\\/\\\/www.cetys.mx\\\/noticias\\\/wp-content\\\/uploads\\\/2019\\\/05\\\/DSC_0336.jpg\",\"keywords\":[\"Campus Tijuana\",\"Cetys\",\"investigaci\u00f3n\",\"profesional\",\"psicolog\u00eda\",\"VOCETYS-2019-05-30\"],\"articleSection\":[\"Campus Tijuana\",\"Liderazgo\",\"Portada\",\"VoCETYS\"],\"inLanguage\":\"es\",\"potentialAction\":[{\"@type\":\"CommentAction\",\"name\":\"Comment\",\"target\":[\"https:\\\/\\\/www.cetys.mx\\\/noticias\\\/factores-individuales-familiares-y-sociales-influyen-en-normalizacion-de-la-violencia-dra-feggy-ostrosky-experta-neoropsicologica\\\/#respond\"]}]},{\"@type\":\"WebPage\",\"@id\":\"https:\\\/\\\/www.cetys.mx\\\/noticias\\\/factores-individuales-familiares-y-sociales-influyen-en-normalizacion-de-la-violencia-dra-feggy-ostrosky-experta-neoropsicologica\\\/\",\"url\":\"https:\\\/\\\/www.cetys.mx\\\/noticias\\\/factores-individuales-familiares-y-sociales-influyen-en-normalizacion-de-la-violencia-dra-feggy-ostrosky-experta-neoropsicologica\\\/\",\"name\":\"Factores individuales, familiares y sociales influyen en normalizaci\u00f3n de la violencia: Dra. Feggy Ostrosky, experta neoropsicol\u00f3gica - CETYS\",\"isPartOf\":{\"@id\":\"https:\\\/\\\/www.cetys.mx\\\/noticias\\\/#website\"},\"primaryImageOfPage\":{\"@id\":\"https:\\\/\\\/www.cetys.mx\\\/noticias\\\/factores-individuales-familiares-y-sociales-influyen-en-normalizacion-de-la-violencia-dra-feggy-ostrosky-experta-neoropsicologica\\\/#primaryimage\"},\"image\":{\"@id\":\"https:\\\/\\\/www.cetys.mx\\\/noticias\\\/factores-individuales-familiares-y-sociales-influyen-en-normalizacion-de-la-violencia-dra-feggy-ostrosky-experta-neoropsicologica\\\/#primaryimage\"},\"thumbnailUrl\":\"https:\\\/\\\/www.cetys.mx\\\/noticias\\\/wp-content\\\/uploads\\\/2019\\\/05\\\/DSC_0336.jpg\",\"datePublished\":\"2019-05-27T23:48:36+00:00\",\"dateModified\":\"2019-05-30T16:08:35+00:00\",\"author\":{\"@id\":\"https:\\\/\\\/www.cetys.mx\\\/noticias\\\/#\\\/schema\\\/person\\\/e790051ce60e18ae47cfa87011c8653f\"},\"description\":\"Concluyen actividades de la semana de psicolog\u00eda en CETYS y anuncian sede del Congreso Internacional Mente y Cerebro a celebrarse en Tijuana para 2020.\",\"breadcrumb\":{\"@id\":\"https:\\\/\\\/www.cetys.mx\\\/noticias\\\/factores-individuales-familiares-y-sociales-influyen-en-normalizacion-de-la-violencia-dra-feggy-ostrosky-experta-neoropsicologica\\\/#breadcrumb\"},\"inLanguage\":\"es\",\"potentialAction\":[{\"@type\":\"ReadAction\",\"target\":[\"https:\\\/\\\/www.cetys.mx\\\/noticias\\\/factores-individuales-familiares-y-sociales-influyen-en-normalizacion-de-la-violencia-dra-feggy-ostrosky-experta-neoropsicologica\\\/\"]}]},{\"@type\":\"ImageObject\",\"inLanguage\":\"es\",\"@id\":\"https:\\\/\\\/www.cetys.mx\\\/noticias\\\/factores-individuales-familiares-y-sociales-influyen-en-normalizacion-de-la-violencia-dra-feggy-ostrosky-experta-neoropsicologica\\\/#primaryimage\",\"url\":\"https:\\\/\\\/www.cetys.mx\\\/noticias\\\/wp-content\\\/uploads\\\/2019\\\/05\\\/DSC_0336.jpg\",\"contentUrl\":\"https:\\\/\\\/www.cetys.mx\\\/noticias\\\/wp-content\\\/uploads\\\/2019\\\/05\\\/DSC_0336.jpg\",\"width\":958,\"height\":637},{\"@type\":\"BreadcrumbList\",\"@id\":\"https:\\\/\\\/www.cetys.mx\\\/noticias\\\/factores-individuales-familiares-y-sociales-influyen-en-normalizacion-de-la-violencia-dra-feggy-ostrosky-experta-neoropsicologica\\\/#breadcrumb\",\"itemListElement\":[{\"@type\":\"ListItem\",\"position\":1,\"name\":\"Inicio\",\"item\":\"https:\\\/\\\/www.cetys.mx\\\/noticias\\\/\"},{\"@type\":\"ListItem\",\"position\":2,\"name\":\"Factores individuales, familiares y sociales influyen en normalizaci\u00f3n de la violencia: Dra. Feggy Ostrosky, experta neoropsicol\u00f3gica\"}]},{\"@type\":\"WebSite\",\"@id\":\"https:\\\/\\\/www.cetys.mx\\\/noticias\\\/#website\",\"url\":\"https:\\\/\\\/www.cetys.mx\\\/noticias\\\/\",\"name\":\"CETYS\",\"description\":\"\",\"potentialAction\":[{\"@type\":\"SearchAction\",\"target\":{\"@type\":\"EntryPoint\",\"urlTemplate\":\"https:\\\/\\\/www.cetys.mx\\\/noticias\\\/?s={search_term_string}\"},\"query-input\":{\"@type\":\"PropertyValueSpecification\",\"valueRequired\":true,\"valueName\":\"search_term_string\"}}],\"inLanguage\":\"es\"},{\"@type\":\"Person\",\"@id\":\"https:\\\/\\\/www.cetys.mx\\\/noticias\\\/#\\\/schema\\\/person\\\/e790051ce60e18ae47cfa87011c8653f\",\"name\":\"Campus Tijuana\",\"url\":\"https:\\\/\\\/www.cetys.mx\\\/noticias\\\/author\\\/campustijuana\\\/\"}]}<\/script>\n<!-- \/ Yoast SEO plugin. -->","yoast_head_json":{"title":"Factores individuales, familiares y sociales influyen en normalizaci\u00f3n de la violencia: Dra. Feggy Ostrosky, experta neoropsicol\u00f3gica - CETYS","description":"Concluyen actividades de la semana de psicolog\u00eda en CETYS y anuncian sede del Congreso Internacional Mente y Cerebro a celebrarse en Tijuana para 2020.","robots":{"index":"index","follow":"follow","max-snippet":"max-snippet:-1","max-image-preview":"max-image-preview:large","max-video-preview":"max-video-preview:-1"},"canonical":"https:\/\/www.cetys.mx\/noticias\/factores-individuales-familiares-y-sociales-influyen-en-normalizacion-de-la-violencia-dra-feggy-ostrosky-experta-neoropsicologica\/","og_locale":"es_MX","og_type":"article","og_title":"Factores individuales, familiares y sociales influyen en normalizaci\u00f3n de la violencia: Dra. Feggy Ostrosky, experta neoropsicol\u00f3gica - CETYS","og_description":"Concluyen actividades de la semana de psicolog\u00eda en CETYS y anuncian sede del Congreso Internacional Mente y Cerebro a celebrarse en Tijuana para 2020.","og_url":"https:\/\/www.cetys.mx\/noticias\/factores-individuales-familiares-y-sociales-influyen-en-normalizacion-de-la-violencia-dra-feggy-ostrosky-experta-neoropsicologica\/","og_site_name":"CETYS","article_publisher":"https:\/\/www.facebook.com\/cetysuniversidadmxl\/","article_published_time":"2019-05-27T23:48:36+00:00","article_modified_time":"2019-05-30T16:08:35+00:00","og_image":[{"width":958,"height":637,"url":"https:\/\/www.cetys.mx\/noticias\/wp-content\/uploads\/2019\/05\/DSC_0336.jpg","type":"image\/jpeg"}],"author":"Campus Tijuana","twitter_card":"summary_large_image","twitter_creator":"@cetysuni","twitter_site":"@cetysuni","twitter_misc":{"Escrito por":"Campus Tijuana","Tiempo de lectura":"3 minutos"},"schema":{"@context":"https:\/\/schema.org","@graph":[{"@type":"Article","@id":"https:\/\/www.cetys.mx\/noticias\/factores-individuales-familiares-y-sociales-influyen-en-normalizacion-de-la-violencia-dra-feggy-ostrosky-experta-neoropsicologica\/#article","isPartOf":{"@id":"https:\/\/www.cetys.mx\/noticias\/factores-individuales-familiares-y-sociales-influyen-en-normalizacion-de-la-violencia-dra-feggy-ostrosky-experta-neoropsicologica\/"},"author":{"name":"Campus Tijuana","@id":"https:\/\/www.cetys.mx\/noticias\/#\/schema\/person\/e790051ce60e18ae47cfa87011c8653f"},"headline":"Factores individuales, familiares y sociales influyen en normalizaci\u00f3n de la violencia: Dra. Feggy Ostrosky, experta neoropsicol\u00f3gica","datePublished":"2019-05-27T23:48:36+00:00","dateModified":"2019-05-30T16:08:35+00:00","mainEntityOfPage":{"@id":"https:\/\/www.cetys.mx\/noticias\/factores-individuales-familiares-y-sociales-influyen-en-normalizacion-de-la-violencia-dra-feggy-ostrosky-experta-neoropsicologica\/"},"wordCount":532,"commentCount":0,"image":{"@id":"https:\/\/www.cetys.mx\/noticias\/factores-individuales-familiares-y-sociales-influyen-en-normalizacion-de-la-violencia-dra-feggy-ostrosky-experta-neoropsicologica\/#primaryimage"},"thumbnailUrl":"https:\/\/www.cetys.mx\/noticias\/wp-content\/uploads\/2019\/05\/DSC_0336.jpg","keywords":["Campus Tijuana","Cetys","investigaci\u00f3n","profesional","psicolog\u00eda","VOCETYS-2019-05-30"],"articleSection":["Campus Tijuana","Liderazgo","Portada","VoCETYS"],"inLanguage":"es","potentialAction":[{"@type":"CommentAction","name":"Comment","target":["https:\/\/www.cetys.mx\/noticias\/factores-individuales-familiares-y-sociales-influyen-en-normalizacion-de-la-violencia-dra-feggy-ostrosky-experta-neoropsicologica\/#respond"]}]},{"@type":"WebPage","@id":"https:\/\/www.cetys.mx\/noticias\/factores-individuales-familiares-y-sociales-influyen-en-normalizacion-de-la-violencia-dra-feggy-ostrosky-experta-neoropsicologica\/","url":"https:\/\/www.cetys.mx\/noticias\/factores-individuales-familiares-y-sociales-influyen-en-normalizacion-de-la-violencia-dra-feggy-ostrosky-experta-neoropsicologica\/","name":"Factores individuales, familiares y sociales influyen en normalizaci\u00f3n de la violencia: Dra. Feggy Ostrosky, experta neoropsicol\u00f3gica - CETYS","isPartOf":{"@id":"https:\/\/www.cetys.mx\/noticias\/#website"},"primaryImageOfPage":{"@id":"https:\/\/www.cetys.mx\/noticias\/factores-individuales-familiares-y-sociales-influyen-en-normalizacion-de-la-violencia-dra-feggy-ostrosky-experta-neoropsicologica\/#primaryimage"},"image":{"@id":"https:\/\/www.cetys.mx\/noticias\/factores-individuales-familiares-y-sociales-influyen-en-normalizacion-de-la-violencia-dra-feggy-ostrosky-experta-neoropsicologica\/#primaryimage"},"thumbnailUrl":"https:\/\/www.cetys.mx\/noticias\/wp-content\/uploads\/2019\/05\/DSC_0336.jpg","datePublished":"2019-05-27T23:48:36+00:00","dateModified":"2019-05-30T16:08:35+00:00","author":{"@id":"https:\/\/www.cetys.mx\/noticias\/#\/schema\/person\/e790051ce60e18ae47cfa87011c8653f"},"description":"Concluyen actividades de la semana de psicolog\u00eda en CETYS y anuncian sede del Congreso Internacional Mente y Cerebro a celebrarse en Tijuana para 2020.","breadcrumb":{"@id":"https:\/\/www.cetys.mx\/noticias\/factores-individuales-familiares-y-sociales-influyen-en-normalizacion-de-la-violencia-dra-feggy-ostrosky-experta-neoropsicologica\/#breadcrumb"},"inLanguage":"es","potentialAction":[{"@type":"ReadAction","target":["https:\/\/www.cetys.mx\/noticias\/factores-individuales-familiares-y-sociales-influyen-en-normalizacion-de-la-violencia-dra-feggy-ostrosky-experta-neoropsicologica\/"]}]},{"@type":"ImageObject","inLanguage":"es","@id":"https:\/\/www.cetys.mx\/noticias\/factores-individuales-familiares-y-sociales-influyen-en-normalizacion-de-la-violencia-dra-feggy-ostrosky-experta-neoropsicologica\/#primaryimage","url":"https:\/\/www.cetys.mx\/noticias\/wp-content\/uploads\/2019\/05\/DSC_0336.jpg","contentUrl":"https:\/\/www.cetys.mx\/noticias\/wp-content\/uploads\/2019\/05\/DSC_0336.jpg","width":958,"height":637},{"@type":"BreadcrumbList","@id":"https:\/\/www.cetys.mx\/noticias\/factores-individuales-familiares-y-sociales-influyen-en-normalizacion-de-la-violencia-dra-feggy-ostrosky-experta-neoropsicologica\/#breadcrumb","itemListElement":[{"@type":"ListItem","position":1,"name":"Inicio","item":"https:\/\/www.cetys.mx\/noticias\/"},{"@type":"ListItem","position":2,"name":"Factores individuales, familiares y sociales influyen en normalizaci\u00f3n de la violencia: Dra. Feggy Ostrosky, experta neoropsicol\u00f3gica"}]},{"@type":"WebSite","@id":"https:\/\/www.cetys.mx\/noticias\/#website","url":"https:\/\/www.cetys.mx\/noticias\/","name":"CETYS","description":"","potentialAction":[{"@type":"SearchAction","target":{"@type":"EntryPoint","urlTemplate":"https:\/\/www.cetys.mx\/noticias\/?s={search_term_string}"},"query-input":{"@type":"PropertyValueSpecification","valueRequired":true,"valueName":"search_term_string"}}],"inLanguage":"es"},{"@type":"Person","@id":"https:\/\/www.cetys.mx\/noticias\/#\/schema\/person\/e790051ce60e18ae47cfa87011c8653f","name":"Campus Tijuana","url":"https:\/\/www.cetys.mx\/noticias\/author\/campustijuana\/"}]}},"_links":{"self":[{"href":"https:\/\/www.cetys.mx\/noticias\/wp-json\/wp\/v2\/posts\/130651","targetHints":{"allow":["GET"]}}],"collection":[{"href":"https:\/\/www.cetys.mx\/noticias\/wp-json\/wp\/v2\/posts"}],"about":[{"href":"https:\/\/www.cetys.mx\/noticias\/wp-json\/wp\/v2\/types\/post"}],"author":[{"embeddable":true,"href":"https:\/\/www.cetys.mx\/noticias\/wp-json\/wp\/v2\/users\/24"}],"replies":[{"embeddable":true,"href":"https:\/\/www.cetys.mx\/noticias\/wp-json\/wp\/v2\/comments?post=130651"}],"version-history":[{"count":0,"href":"https:\/\/www.cetys.mx\/noticias\/wp-json\/wp\/v2\/posts\/130651\/revisions"}],"wp:featuredmedia":[{"embeddable":true,"href":"https:\/\/www.cetys.mx\/noticias\/wp-json\/wp\/v2\/media\/130652"}],"wp:attachment":[{"href":"https:\/\/www.cetys.mx\/noticias\/wp-json\/wp\/v2\/media?parent=130651"}],"wp:term":[{"taxonomy":"category","embeddable":true,"href":"https:\/\/www.cetys.mx\/noticias\/wp-json\/wp\/v2\/categories?post=130651"},{"taxonomy":"post_tag","embeddable":true,"href":"https:\/\/www.cetys.mx\/noticias\/wp-json\/wp\/v2\/tags?post=130651"}],"curies":[{"name":"wp","href":"https:\/\/api.w.org\/{rel}","templated":true}]}}