{"id":130571,"date":"2019-05-24T16:33:52","date_gmt":"2019-05-24T23:33:52","guid":{"rendered":"https:\/\/www.cetys.mx\/noticias\/?p=130571"},"modified":"2019-05-24T16:37:02","modified_gmt":"2019-05-24T23:37:02","slug":"graduacion-youth-program-2019-1","status":"publish","type":"post","link":"https:\/\/www.cetys.mx\/noticias\/graduacion-youth-program-2019-1\/","title":{"rendered":"Graduaci\u00f3n Youth Program 2019-1"},"content":{"rendered":"<p><img loading=\"lazy\" decoding=\"async\" class=\"alignnone size-full wp-image-130580\" src=\"https:\/\/www.cetys.mx\/noticias\/wp-content\/uploads\/2019\/05\/grupo-1.jpg\" alt=\"\" width=\"2048\" height=\"1368\" srcset=\"https:\/\/www.cetys.mx\/noticias\/wp-content\/uploads\/2019\/05\/grupo-1.jpg 2048w, https:\/\/www.cetys.mx\/noticias\/wp-content\/uploads\/2019\/05\/grupo-1-768x513.jpg 768w\" sizes=\"auto, (max-width: 2048px) 100vw, 2048px\" \/><\/p>\n<p>El pasado mi\u00e9rcoles 22 de mayo se llev\u00f3 a cabo la ceremonia de graduaci\u00f3n del programa de ingl\u00e9s para ni\u00f1os y adolescentes del Centro de Idiomas de CETYS Universidad plantel Mexicali. La ceremonia se llev\u00f3 a cabo en la Sala Vild\u00f3sola de esta instituci\u00f3n en punto de las seis de la tarde.<\/p>\n<p>&nbsp;<\/p>\n<p>Este evento fue dirigido por el maestro Joshua Mart\u00ednez quien fungi\u00f3 como maestro de ceremonias y en el presidium estuvieron: Marina Ladino, coordinadora del programa de ingl\u00e9s para Ni\u00f1os y Adolescentes, Jos\u00e9 Topete, maestro de uno de los grupos de graduados, y Jorge Arriola director del Centro de Idiomas.<\/p>\n<p>&nbsp;<\/p>\n<p>Durante la ceremonia, representantes de los cuatro grupos de graduados tuvieron la oportunidad de demostrar sus conocimientos del idioma ingl\u00e9s al presentar un discurso donde explicaron las ventajas que tienen ahora como personas biling\u00fces, y en el cual tambi\u00e9n agradecieron a sus padres y a sus maestros por el apoyo brindado durante su aprendizaje.<\/p>\n<p>&nbsp;<\/p>\n<p>El Centro de Idiomas de CETYS Universidad se enorgullece y felicita a estos 62 estudiantes quienes ahora est\u00e1n mejores preparados para enfrentar los retos que exige nuestro entorno y disfrutar de los beneficios de ser biling\u00fces. Si t\u00fa tambi\u00e9n quieres conocer la experiencia de aprender en nuestro Centro de Idiomas, puedes solicitar informaci\u00f3n <a href=\"https:\/\/www.cetys.mx\/idiomas\/cursos-en-mexicali\/\">aqu\u00ed<\/a>, en nuestras oficinas o llamando a los tel\u00e9fonos 5673710 y 5673755.<\/p>\n<p>&nbsp;<\/p>\n<p>&nbsp;<\/p>\n<p><img loading=\"lazy\" decoding=\"async\" class=\"alignnone size-full wp-image-130577\" src=\"https:\/\/www.cetys.mx\/noticias\/wp-content\/uploads\/2019\/05\/Grupo-4-1.jpg\" alt=\"\" width=\"2048\" height=\"1368\" srcset=\"https:\/\/www.cetys.mx\/noticias\/wp-content\/uploads\/2019\/05\/Grupo-4-1.jpg 2048w, https:\/\/www.cetys.mx\/noticias\/wp-content\/uploads\/2019\/05\/Grupo-4-1-768x513.jpg 768w\" sizes=\"auto, (max-width: 2048px) 100vw, 2048px\" \/> <img loading=\"lazy\" decoding=\"async\" class=\"alignnone size-full wp-image-130578\" src=\"https:\/\/www.cetys.mx\/noticias\/wp-content\/uploads\/2019\/05\/Grupo-3.jpg\" alt=\"\" width=\"2048\" height=\"1368\" srcset=\"https:\/\/www.cetys.mx\/noticias\/wp-content\/uploads\/2019\/05\/Grupo-3.jpg 2048w, https:\/\/www.cetys.mx\/noticias\/wp-content\/uploads\/2019\/05\/Grupo-3-768x513.jpg 768w\" sizes=\"auto, (max-width: 2048px) 100vw, 2048px\" \/><\/p>\n","protected":false},"excerpt":{"rendered":"<p>El pasado mi\u00e9rcoles 22 de mayo se llev\u00f3 a cabo la ceremonia de graduaci\u00f3n del programa de ingl\u00e9s para ni\u00f1os y adolescentes&#8230;<\/p>\n","protected":false},"author":104,"featured_media":130579,"comment_status":"open","ping_status":"closed","sticky":false,"template":"","format":"standard","meta":{"footnotes":""},"categories":[3299],"tags":[],"class_list":["post-130571","post","type-post","status-publish","format-standard","has-post-thumbnail","hentry","category-centro-de-idiomas"],"yoast_head":"<!-- This site is optimized with the Yoast SEO plugin v27.4 - https:\/\/yoast.com\/product\/yoast-seo-wordpress\/ -->\n<title>Graduaci\u00f3n Youth Program 2019-1 - CETYS<\/title>\n<meta name=\"description\" content=\"Articulo sobre Graduaci\u00f3n Youth Program 2019-1\" \/>\n<meta name=\"robots\" content=\"index, follow, max-snippet:-1, max-image-preview:large, max-video-preview:-1\" \/>\n<link rel=\"canonical\" href=\"https:\/\/www.cetys.mx\/noticias\/graduacion-youth-program-2019-1\/\" \/>\n<meta property=\"og:locale\" content=\"es_MX\" \/>\n<meta property=\"og:type\" content=\"article\" \/>\n<meta property=\"og:title\" content=\"Graduaci\u00f3n Youth Program 2019-1 - CETYS\" \/>\n<meta property=\"og:description\" content=\"Articulo sobre Graduaci\u00f3n Youth Program 2019-1\" \/>\n<meta property=\"og:url\" content=\"https:\/\/www.cetys.mx\/noticias\/graduacion-youth-program-2019-1\/\" \/>\n<meta property=\"og:site_name\" content=\"CETYS\" \/>\n<meta property=\"article:publisher\" content=\"https:\/\/www.facebook.com\/cetysuniversidadmxl\/\" \/>\n<meta property=\"article:published_time\" content=\"2019-05-24T23:33:52+00:00\" \/>\n<meta property=\"article:modified_time\" content=\"2019-05-24T23:37:02+00:00\" \/>\n<meta property=\"og:image\" content=\"https:\/\/www.cetys.mx\/noticias\/wp-content\/uploads\/2019\/05\/Grupo-2.jpg\" \/>\n\t<meta property=\"og:image:width\" content=\"2048\" \/>\n\t<meta property=\"og:image:height\" content=\"1368\" \/>\n\t<meta property=\"og:image:type\" content=\"image\/jpeg\" \/>\n<meta name=\"author\" content=\"Webmaster CETYS\" \/>\n<meta name=\"twitter:card\" content=\"summary_large_image\" \/>\n<meta name=\"twitter:creator\" content=\"@cetysuni\" \/>\n<meta name=\"twitter:site\" content=\"@cetysuni\" \/>\n<meta name=\"twitter:label1\" content=\"Escrito por\" \/>\n\t<meta name=\"twitter:data1\" content=\"Webmaster CETYS\" \/>\n\t<meta name=\"twitter:label2\" content=\"Tiempo de lectura\" \/>\n\t<meta name=\"twitter:data2\" content=\"1 minuto\" \/>\n<script type=\"application\/ld+json\" class=\"yoast-schema-graph\">{\"@context\":\"https:\\\/\\\/schema.org\",\"@graph\":[{\"@type\":\"Article\",\"@id\":\"https:\\\/\\\/www.cetys.mx\\\/noticias\\\/graduacion-youth-program-2019-1\\\/#article\",\"isPartOf\":{\"@id\":\"https:\\\/\\\/www.cetys.mx\\\/noticias\\\/graduacion-youth-program-2019-1\\\/\"},\"author\":{\"name\":\"Webmaster CETYS\",\"@id\":\"https:\\\/\\\/www.cetys.mx\\\/noticias\\\/#\\\/schema\\\/person\\\/eb1a69b819c9d1ac7fe98654690a557d\"},\"headline\":\"Graduaci\u00f3n Youth Program 2019-1\",\"datePublished\":\"2019-05-24T23:33:52+00:00\",\"dateModified\":\"2019-05-24T23:37:02+00:00\",\"mainEntityOfPage\":{\"@id\":\"https:\\\/\\\/www.cetys.mx\\\/noticias\\\/graduacion-youth-program-2019-1\\\/\"},\"wordCount\":243,\"commentCount\":0,\"image\":{\"@id\":\"https:\\\/\\\/www.cetys.mx\\\/noticias\\\/graduacion-youth-program-2019-1\\\/#primaryimage\"},\"thumbnailUrl\":\"https:\\\/\\\/www.cetys.mx\\\/noticias\\\/wp-content\\\/uploads\\\/2019\\\/05\\\/Grupo-2.jpg\",\"articleSection\":[\"Centro de Idiomas\"],\"inLanguage\":\"es\",\"potentialAction\":[{\"@type\":\"CommentAction\",\"name\":\"Comment\",\"target\":[\"https:\\\/\\\/www.cetys.mx\\\/noticias\\\/graduacion-youth-program-2019-1\\\/#respond\"]}]},{\"@type\":\"WebPage\",\"@id\":\"https:\\\/\\\/www.cetys.mx\\\/noticias\\\/graduacion-youth-program-2019-1\\\/\",\"url\":\"https:\\\/\\\/www.cetys.mx\\\/noticias\\\/graduacion-youth-program-2019-1\\\/\",\"name\":\"Graduaci\u00f3n Youth Program 2019-1 - CETYS\",\"isPartOf\":{\"@id\":\"https:\\\/\\\/www.cetys.mx\\\/noticias\\\/#website\"},\"primaryImageOfPage\":{\"@id\":\"https:\\\/\\\/www.cetys.mx\\\/noticias\\\/graduacion-youth-program-2019-1\\\/#primaryimage\"},\"image\":{\"@id\":\"https:\\\/\\\/www.cetys.mx\\\/noticias\\\/graduacion-youth-program-2019-1\\\/#primaryimage\"},\"thumbnailUrl\":\"https:\\\/\\\/www.cetys.mx\\\/noticias\\\/wp-content\\\/uploads\\\/2019\\\/05\\\/Grupo-2.jpg\",\"datePublished\":\"2019-05-24T23:33:52+00:00\",\"dateModified\":\"2019-05-24T23:37:02+00:00\",\"author\":{\"@id\":\"https:\\\/\\\/www.cetys.mx\\\/noticias\\\/#\\\/schema\\\/person\\\/eb1a69b819c9d1ac7fe98654690a557d\"},\"description\":\"Articulo sobre Graduaci\u00f3n Youth Program 2019-1\",\"breadcrumb\":{\"@id\":\"https:\\\/\\\/www.cetys.mx\\\/noticias\\\/graduacion-youth-program-2019-1\\\/#breadcrumb\"},\"inLanguage\":\"es\",\"potentialAction\":[{\"@type\":\"ReadAction\",\"target\":[\"https:\\\/\\\/www.cetys.mx\\\/noticias\\\/graduacion-youth-program-2019-1\\\/\"]}]},{\"@type\":\"ImageObject\",\"inLanguage\":\"es\",\"@id\":\"https:\\\/\\\/www.cetys.mx\\\/noticias\\\/graduacion-youth-program-2019-1\\\/#primaryimage\",\"url\":\"https:\\\/\\\/www.cetys.mx\\\/noticias\\\/wp-content\\\/uploads\\\/2019\\\/05\\\/Grupo-2.jpg\",\"contentUrl\":\"https:\\\/\\\/www.cetys.mx\\\/noticias\\\/wp-content\\\/uploads\\\/2019\\\/05\\\/Grupo-2.jpg\",\"width\":2048,\"height\":1368},{\"@type\":\"BreadcrumbList\",\"@id\":\"https:\\\/\\\/www.cetys.mx\\\/noticias\\\/graduacion-youth-program-2019-1\\\/#breadcrumb\",\"itemListElement\":[{\"@type\":\"ListItem\",\"position\":1,\"name\":\"Inicio\",\"item\":\"https:\\\/\\\/www.cetys.mx\\\/noticias\\\/\"},{\"@type\":\"ListItem\",\"position\":2,\"name\":\"Graduaci\u00f3n Youth Program 2019-1\"}]},{\"@type\":\"WebSite\",\"@id\":\"https:\\\/\\\/www.cetys.mx\\\/noticias\\\/#website\",\"url\":\"https:\\\/\\\/www.cetys.mx\\\/noticias\\\/\",\"name\":\"CETYS\",\"description\":\"\",\"potentialAction\":[{\"@type\":\"SearchAction\",\"target\":{\"@type\":\"EntryPoint\",\"urlTemplate\":\"https:\\\/\\\/www.cetys.mx\\\/noticias\\\/?s={search_term_string}\"},\"query-input\":{\"@type\":\"PropertyValueSpecification\",\"valueRequired\":true,\"valueName\":\"search_term_string\"}}],\"inLanguage\":\"es\"},{\"@type\":\"Person\",\"@id\":\"https:\\\/\\\/www.cetys.mx\\\/noticias\\\/#\\\/schema\\\/person\\\/eb1a69b819c9d1ac7fe98654690a557d\",\"name\":\"Webmaster CETYS\",\"url\":\"https:\\\/\\\/www.cetys.mx\\\/noticias\\\/author\\\/webmaster\\\/\"}]}<\/script>\n<!-- \/ Yoast SEO plugin. -->","yoast_head_json":{"title":"Graduaci\u00f3n Youth Program 2019-1 - CETYS","description":"Articulo sobre Graduaci\u00f3n Youth Program 2019-1","robots":{"index":"index","follow":"follow","max-snippet":"max-snippet:-1","max-image-preview":"max-image-preview:large","max-video-preview":"max-video-preview:-1"},"canonical":"https:\/\/www.cetys.mx\/noticias\/graduacion-youth-program-2019-1\/","og_locale":"es_MX","og_type":"article","og_title":"Graduaci\u00f3n Youth Program 2019-1 - CETYS","og_description":"Articulo sobre Graduaci\u00f3n Youth Program 2019-1","og_url":"https:\/\/www.cetys.mx\/noticias\/graduacion-youth-program-2019-1\/","og_site_name":"CETYS","article_publisher":"https:\/\/www.facebook.com\/cetysuniversidadmxl\/","article_published_time":"2019-05-24T23:33:52+00:00","article_modified_time":"2019-05-24T23:37:02+00:00","og_image":[{"width":2048,"height":1368,"url":"https:\/\/www.cetys.mx\/noticias\/wp-content\/uploads\/2019\/05\/Grupo-2.jpg","type":"image\/jpeg"}],"author":"Webmaster CETYS","twitter_card":"summary_large_image","twitter_creator":"@cetysuni","twitter_site":"@cetysuni","twitter_misc":{"Escrito por":"Webmaster CETYS","Tiempo de lectura":"1 minuto"},"schema":{"@context":"https:\/\/schema.org","@graph":[{"@type":"Article","@id":"https:\/\/www.cetys.mx\/noticias\/graduacion-youth-program-2019-1\/#article","isPartOf":{"@id":"https:\/\/www.cetys.mx\/noticias\/graduacion-youth-program-2019-1\/"},"author":{"name":"Webmaster CETYS","@id":"https:\/\/www.cetys.mx\/noticias\/#\/schema\/person\/eb1a69b819c9d1ac7fe98654690a557d"},"headline":"Graduaci\u00f3n Youth Program 2019-1","datePublished":"2019-05-24T23:33:52+00:00","dateModified":"2019-05-24T23:37:02+00:00","mainEntityOfPage":{"@id":"https:\/\/www.cetys.mx\/noticias\/graduacion-youth-program-2019-1\/"},"wordCount":243,"commentCount":0,"image":{"@id":"https:\/\/www.cetys.mx\/noticias\/graduacion-youth-program-2019-1\/#primaryimage"},"thumbnailUrl":"https:\/\/www.cetys.mx\/noticias\/wp-content\/uploads\/2019\/05\/Grupo-2.jpg","articleSection":["Centro de Idiomas"],"inLanguage":"es","potentialAction":[{"@type":"CommentAction","name":"Comment","target":["https:\/\/www.cetys.mx\/noticias\/graduacion-youth-program-2019-1\/#respond"]}]},{"@type":"WebPage","@id":"https:\/\/www.cetys.mx\/noticias\/graduacion-youth-program-2019-1\/","url":"https:\/\/www.cetys.mx\/noticias\/graduacion-youth-program-2019-1\/","name":"Graduaci\u00f3n Youth Program 2019-1 - CETYS","isPartOf":{"@id":"https:\/\/www.cetys.mx\/noticias\/#website"},"primaryImageOfPage":{"@id":"https:\/\/www.cetys.mx\/noticias\/graduacion-youth-program-2019-1\/#primaryimage"},"image":{"@id":"https:\/\/www.cetys.mx\/noticias\/graduacion-youth-program-2019-1\/#primaryimage"},"thumbnailUrl":"https:\/\/www.cetys.mx\/noticias\/wp-content\/uploads\/2019\/05\/Grupo-2.jpg","datePublished":"2019-05-24T23:33:52+00:00","dateModified":"2019-05-24T23:37:02+00:00","author":{"@id":"https:\/\/www.cetys.mx\/noticias\/#\/schema\/person\/eb1a69b819c9d1ac7fe98654690a557d"},"description":"Articulo sobre Graduaci\u00f3n Youth Program 2019-1","breadcrumb":{"@id":"https:\/\/www.cetys.mx\/noticias\/graduacion-youth-program-2019-1\/#breadcrumb"},"inLanguage":"es","potentialAction":[{"@type":"ReadAction","target":["https:\/\/www.cetys.mx\/noticias\/graduacion-youth-program-2019-1\/"]}]},{"@type":"ImageObject","inLanguage":"es","@id":"https:\/\/www.cetys.mx\/noticias\/graduacion-youth-program-2019-1\/#primaryimage","url":"https:\/\/www.cetys.mx\/noticias\/wp-content\/uploads\/2019\/05\/Grupo-2.jpg","contentUrl":"https:\/\/www.cetys.mx\/noticias\/wp-content\/uploads\/2019\/05\/Grupo-2.jpg","width":2048,"height":1368},{"@type":"BreadcrumbList","@id":"https:\/\/www.cetys.mx\/noticias\/graduacion-youth-program-2019-1\/#breadcrumb","itemListElement":[{"@type":"ListItem","position":1,"name":"Inicio","item":"https:\/\/www.cetys.mx\/noticias\/"},{"@type":"ListItem","position":2,"name":"Graduaci\u00f3n Youth Program 2019-1"}]},{"@type":"WebSite","@id":"https:\/\/www.cetys.mx\/noticias\/#website","url":"https:\/\/www.cetys.mx\/noticias\/","name":"CETYS","description":"","potentialAction":[{"@type":"SearchAction","target":{"@type":"EntryPoint","urlTemplate":"https:\/\/www.cetys.mx\/noticias\/?s={search_term_string}"},"query-input":{"@type":"PropertyValueSpecification","valueRequired":true,"valueName":"search_term_string"}}],"inLanguage":"es"},{"@type":"Person","@id":"https:\/\/www.cetys.mx\/noticias\/#\/schema\/person\/eb1a69b819c9d1ac7fe98654690a557d","name":"Webmaster CETYS","url":"https:\/\/www.cetys.mx\/noticias\/author\/webmaster\/"}]}},"_links":{"self":[{"href":"https:\/\/www.cetys.mx\/noticias\/wp-json\/wp\/v2\/posts\/130571","targetHints":{"allow":["GET"]}}],"collection":[{"href":"https:\/\/www.cetys.mx\/noticias\/wp-json\/wp\/v2\/posts"}],"about":[{"href":"https:\/\/www.cetys.mx\/noticias\/wp-json\/wp\/v2\/types\/post"}],"author":[{"embeddable":true,"href":"https:\/\/www.cetys.mx\/noticias\/wp-json\/wp\/v2\/users\/104"}],"replies":[{"embeddable":true,"href":"https:\/\/www.cetys.mx\/noticias\/wp-json\/wp\/v2\/comments?post=130571"}],"version-history":[{"count":0,"href":"https:\/\/www.cetys.mx\/noticias\/wp-json\/wp\/v2\/posts\/130571\/revisions"}],"wp:featuredmedia":[{"embeddable":true,"href":"https:\/\/www.cetys.mx\/noticias\/wp-json\/wp\/v2\/media\/130579"}],"wp:attachment":[{"href":"https:\/\/www.cetys.mx\/noticias\/wp-json\/wp\/v2\/media?parent=130571"}],"wp:term":[{"taxonomy":"category","embeddable":true,"href":"https:\/\/www.cetys.mx\/noticias\/wp-json\/wp\/v2\/categories?post=130571"},{"taxonomy":"post_tag","embeddable":true,"href":"https:\/\/www.cetys.mx\/noticias\/wp-json\/wp\/v2\/tags?post=130571"}],"curies":[{"name":"wp","href":"https:\/\/api.w.org\/{rel}","templated":true}]}}