{"id":129890,"date":"2019-05-16T15:50:49","date_gmt":"2019-05-16T22:50:49","guid":{"rendered":"https:\/\/www.cetys.mx\/noticias\/?p=129890"},"modified":"2019-05-16T15:50:49","modified_gmt":"2019-05-16T22:50:49","slug":"publicacion-cetys-busca-educar-mas-alla-del-aula-a-traves-de-historias-de-vida","status":"publish","type":"post","link":"https:\/\/www.cetys.mx\/noticias\/publicacion-cetys-busca-educar-mas-alla-del-aula-a-traves-de-historias-de-vida\/","title":{"rendered":"Publicaci\u00f3n CETYS busca educar m\u00e1s all\u00e1 del aula a trav\u00e9s de historias de vida"},"content":{"rendered":"<p align=\"justify\">A trav\u00e9s de una serie de entrevistas, reflexiones y conceptos te\u00f3ricos, el <strong>Dr. Alberto G\u00e1rate Rivera<\/strong>, <em>Vicerrector Acad\u00e9mico del Sistema CETYS<\/em>, narra la historia de Mar\u00eda, una trabajadora y obrera de maquiladora que sobrevive en \u201clas fronteras de la marginalidad\u201d, esto dentro de su m\u00e1s reciente libro \u201cLas Distintas que son Iguales: El Naufragio de las Invisibles\u201d.<\/p>\n<p align=\"justify\">En el Marco del D\u00eda del Maestro, <em>el Vicerrector Acad\u00e9mico<\/em> realiz\u00f3 la presentaci\u00f3n de su \u00faltima investigaci\u00f3n sobre la desigualdad social a trav\u00e9s de la narraci\u00f3n de vida de Mar\u00eda, quien apenas puede satisfacer sus necesidades b\u00e1sicas sin salir de lo que llama\u201c c\u00edrculo de la fatalidad\u201d o ciclo e la precariedad.<\/p>\n<blockquote>\n<p align=\"justify\">\u201cEs un libro de confrontaci\u00f3n, una resonancia, ayuda a reflexionar desde todos los niveles sociales e incluso el educativo. Puede anclarse a una dimensi\u00f3n \u00e9tica del ejercicio del docente, o cualquier persona, sobre su propia pr\u00e1ctica con su entorno social\u201d, indic\u00f3 el Dr. G\u00e1rate Rivera.<\/p>\n<div id=\"attachment_129896\" style=\"width: 968px\" class=\"wp-caption aligncenter\"><img loading=\"lazy\" decoding=\"async\" aria-describedby=\"caption-attachment-129896\" class=\"wp-image-129896 size-full\" src=\"https:\/\/www.cetys.mx\/noticias\/wp-content\/uploads\/2019\/05\/mtro-garate.jpg\" alt=\"\" width=\"958\" height=\"636\" srcset=\"https:\/\/www.cetys.mx\/noticias\/wp-content\/uploads\/2019\/05\/mtro-garate.jpg 958w, https:\/\/www.cetys.mx\/noticias\/wp-content\/uploads\/2019\/05\/mtro-garate-768x510.jpg 768w\" sizes=\"auto, (max-width: 958px) 100vw, 958px\" \/><p id=\"caption-attachment-129896\" class=\"wp-caption-text\">El Dr. Alberto G\u00e1rate platic\u00f3 sobre su m\u00e1s reciente publicaci\u00f3n.<\/p><\/div><\/blockquote>\n<p align=\"justify\">Con este relato, el acad\u00e9mico de <strong>CETYS<\/strong> busca anclar la esperanza que ofrece la pedagog\u00eda de la alteridad, es decir, educar como un acto de acoger al otro, desde el testimonio y para construir el sentido de la esperanza.<\/p>\n<p align=\"justify\"><strong>Alberto G\u00e1rate Rivera<\/strong> es Doctor en Ciencias de la Educaci\u00f3n, sus \u00e1reas de inter\u00e9s son la inclusi\u00f3n, exclusi\u00f3n y deserci\u00f3n escolar; pedagog\u00eda de la alteridad y formaci\u00f3n del profesorado. Recientemente ha trabajado con los grupos de Teor\u00eda e Historia de la Educaci\u00f3n de la Universidad de Murcia y del Centro de Investigaci\u00f3n en Humanismo y Educaci\u00f3n.<\/p>\n<p align=\"justify\"><img loading=\"lazy\" decoding=\"async\" class=\"size-full wp-image-129895 aligncenter\" src=\"https:\/\/www.cetys.mx\/noticias\/wp-content\/uploads\/2019\/05\/libro.jpg\" alt=\"\" width=\"958\" height=\"636\" srcset=\"https:\/\/www.cetys.mx\/noticias\/wp-content\/uploads\/2019\/05\/libro.jpg 958w, https:\/\/www.cetys.mx\/noticias\/wp-content\/uploads\/2019\/05\/libro-768x510.jpg 768w\" sizes=\"auto, (max-width: 958px) 100vw, 958px\" \/><\/p>\n","protected":false},"excerpt":{"rendered":"<p>El Dr. Alberto G\u00e1rate Rivera presenta su libro \u201cLas Distintas que son Iguales: El Naufragio de las Invisibles\u201d en campus Tijuana.<\/p>\n","protected":false},"author":24,"featured_media":129897,"comment_status":"open","ping_status":"closed","sticky":false,"template":"","format":"standard","meta":{"footnotes":""},"categories":[110,134,323,3031,313],"tags":[984,122,297,168,178,342],"class_list":["post-129890","post","type-post","status-publish","format-standard","has-post-thumbnail","hentry","category-academia","category-campus-tijuana","category-difusion-cultural","category-liderazgo","category-vocetys-2","tag-orgullocetys","tag-academia","tag-campus-tijuana","tag-cetys-universidad","tag-investigacion","tag-liderazgo"],"yoast_head":"<!-- This site is optimized with the Yoast SEO plugin v27.4 - https:\/\/yoast.com\/product\/yoast-seo-wordpress\/ -->\n<title>Publicaci\u00f3n CETYS busca educar m\u00e1s all\u00e1 del aula a trav\u00e9s de historias de vida - CETYS<\/title>\n<meta name=\"description\" content=\"Articulo sobre Publicaci\u00f3n CETYS busca educar m\u00e1s all\u00e1 del aula a trav\u00e9s de historias de vida\" \/>\n<meta name=\"robots\" content=\"index, follow, max-snippet:-1, max-image-preview:large, max-video-preview:-1\" \/>\n<link rel=\"canonical\" href=\"https:\/\/www.cetys.mx\/noticias\/publicacion-cetys-busca-educar-mas-alla-del-aula-a-traves-de-historias-de-vida\/\" \/>\n<meta property=\"og:locale\" content=\"es_MX\" \/>\n<meta property=\"og:type\" content=\"article\" \/>\n<meta property=\"og:title\" content=\"Publicaci\u00f3n CETYS busca educar m\u00e1s all\u00e1 del aula a trav\u00e9s de historias de vida - CETYS\" \/>\n<meta property=\"og:description\" content=\"Articulo sobre Publicaci\u00f3n CETYS busca educar m\u00e1s all\u00e1 del aula a trav\u00e9s de historias de vida\" \/>\n<meta property=\"og:url\" content=\"https:\/\/www.cetys.mx\/noticias\/publicacion-cetys-busca-educar-mas-alla-del-aula-a-traves-de-historias-de-vida\/\" \/>\n<meta property=\"og:site_name\" content=\"CETYS\" \/>\n<meta property=\"article:publisher\" content=\"https:\/\/www.facebook.com\/cetysuniversidadmxl\/\" \/>\n<meta property=\"article:published_time\" content=\"2019-05-16T22:50:49+00:00\" \/>\n<meta property=\"og:image\" content=\"https:\/\/www.cetys.mx\/noticias\/wp-content\/uploads\/2019\/05\/presentacion.jpg\" \/>\n\t<meta property=\"og:image:width\" content=\"958\" \/>\n\t<meta property=\"og:image:height\" content=\"636\" \/>\n\t<meta property=\"og:image:type\" content=\"image\/jpeg\" \/>\n<meta name=\"author\" content=\"Campus Tijuana\" \/>\n<meta name=\"twitter:card\" content=\"summary_large_image\" \/>\n<meta name=\"twitter:creator\" content=\"@cetysuni\" \/>\n<meta name=\"twitter:site\" content=\"@cetysuni\" \/>\n<meta name=\"twitter:label1\" content=\"Escrito por\" \/>\n\t<meta name=\"twitter:data1\" content=\"Campus Tijuana\" \/>\n\t<meta name=\"twitter:label2\" content=\"Tiempo de lectura\" \/>\n\t<meta name=\"twitter:data2\" content=\"2 minutos\" \/>\n<script type=\"application\/ld+json\" class=\"yoast-schema-graph\">{\"@context\":\"https:\\\/\\\/schema.org\",\"@graph\":[{\"@type\":\"Article\",\"@id\":\"https:\\\/\\\/www.cetys.mx\\\/noticias\\\/publicacion-cetys-busca-educar-mas-alla-del-aula-a-traves-de-historias-de-vida\\\/#article\",\"isPartOf\":{\"@id\":\"https:\\\/\\\/www.cetys.mx\\\/noticias\\\/publicacion-cetys-busca-educar-mas-alla-del-aula-a-traves-de-historias-de-vida\\\/\"},\"author\":{\"name\":\"Campus Tijuana\",\"@id\":\"https:\\\/\\\/www.cetys.mx\\\/noticias\\\/#\\\/schema\\\/person\\\/e790051ce60e18ae47cfa87011c8653f\"},\"headline\":\"Publicaci\u00f3n CETYS busca educar m\u00e1s all\u00e1 del aula a trav\u00e9s de historias de vida\",\"datePublished\":\"2019-05-16T22:50:49+00:00\",\"mainEntityOfPage\":{\"@id\":\"https:\\\/\\\/www.cetys.mx\\\/noticias\\\/publicacion-cetys-busca-educar-mas-alla-del-aula-a-traves-de-historias-de-vida\\\/\"},\"wordCount\":319,\"commentCount\":0,\"image\":{\"@id\":\"https:\\\/\\\/www.cetys.mx\\\/noticias\\\/publicacion-cetys-busca-educar-mas-alla-del-aula-a-traves-de-historias-de-vida\\\/#primaryimage\"},\"thumbnailUrl\":\"https:\\\/\\\/www.cetys.mx\\\/noticias\\\/wp-content\\\/uploads\\\/2019\\\/05\\\/presentacion.jpg\",\"keywords\":[\"#orgulloCETYS\",\"Academia\",\"Campus Tijuana\",\"CETYS Universidad\",\"investigaci\u00f3n\",\"liderazgo\"],\"articleSection\":[\"Academia\",\"Campus Tijuana\",\"Difusion cultural\",\"Liderazgo\",\"VoCETYS\"],\"inLanguage\":\"es\",\"potentialAction\":[{\"@type\":\"CommentAction\",\"name\":\"Comment\",\"target\":[\"https:\\\/\\\/www.cetys.mx\\\/noticias\\\/publicacion-cetys-busca-educar-mas-alla-del-aula-a-traves-de-historias-de-vida\\\/#respond\"]}]},{\"@type\":\"WebPage\",\"@id\":\"https:\\\/\\\/www.cetys.mx\\\/noticias\\\/publicacion-cetys-busca-educar-mas-alla-del-aula-a-traves-de-historias-de-vida\\\/\",\"url\":\"https:\\\/\\\/www.cetys.mx\\\/noticias\\\/publicacion-cetys-busca-educar-mas-alla-del-aula-a-traves-de-historias-de-vida\\\/\",\"name\":\"Publicaci\u00f3n CETYS busca educar m\u00e1s all\u00e1 del aula a trav\u00e9s de historias de vida - CETYS\",\"isPartOf\":{\"@id\":\"https:\\\/\\\/www.cetys.mx\\\/noticias\\\/#website\"},\"primaryImageOfPage\":{\"@id\":\"https:\\\/\\\/www.cetys.mx\\\/noticias\\\/publicacion-cetys-busca-educar-mas-alla-del-aula-a-traves-de-historias-de-vida\\\/#primaryimage\"},\"image\":{\"@id\":\"https:\\\/\\\/www.cetys.mx\\\/noticias\\\/publicacion-cetys-busca-educar-mas-alla-del-aula-a-traves-de-historias-de-vida\\\/#primaryimage\"},\"thumbnailUrl\":\"https:\\\/\\\/www.cetys.mx\\\/noticias\\\/wp-content\\\/uploads\\\/2019\\\/05\\\/presentacion.jpg\",\"datePublished\":\"2019-05-16T22:50:49+00:00\",\"author\":{\"@id\":\"https:\\\/\\\/www.cetys.mx\\\/noticias\\\/#\\\/schema\\\/person\\\/e790051ce60e18ae47cfa87011c8653f\"},\"description\":\"Articulo sobre Publicaci\u00f3n CETYS busca educar m\u00e1s all\u00e1 del aula a trav\u00e9s de historias de vida\",\"breadcrumb\":{\"@id\":\"https:\\\/\\\/www.cetys.mx\\\/noticias\\\/publicacion-cetys-busca-educar-mas-alla-del-aula-a-traves-de-historias-de-vida\\\/#breadcrumb\"},\"inLanguage\":\"es\",\"potentialAction\":[{\"@type\":\"ReadAction\",\"target\":[\"https:\\\/\\\/www.cetys.mx\\\/noticias\\\/publicacion-cetys-busca-educar-mas-alla-del-aula-a-traves-de-historias-de-vida\\\/\"]}]},{\"@type\":\"ImageObject\",\"inLanguage\":\"es\",\"@id\":\"https:\\\/\\\/www.cetys.mx\\\/noticias\\\/publicacion-cetys-busca-educar-mas-alla-del-aula-a-traves-de-historias-de-vida\\\/#primaryimage\",\"url\":\"https:\\\/\\\/www.cetys.mx\\\/noticias\\\/wp-content\\\/uploads\\\/2019\\\/05\\\/presentacion.jpg\",\"contentUrl\":\"https:\\\/\\\/www.cetys.mx\\\/noticias\\\/wp-content\\\/uploads\\\/2019\\\/05\\\/presentacion.jpg\",\"width\":958,\"height\":636},{\"@type\":\"BreadcrumbList\",\"@id\":\"https:\\\/\\\/www.cetys.mx\\\/noticias\\\/publicacion-cetys-busca-educar-mas-alla-del-aula-a-traves-de-historias-de-vida\\\/#breadcrumb\",\"itemListElement\":[{\"@type\":\"ListItem\",\"position\":1,\"name\":\"Inicio\",\"item\":\"https:\\\/\\\/www.cetys.mx\\\/noticias\\\/\"},{\"@type\":\"ListItem\",\"position\":2,\"name\":\"Publicaci\u00f3n CETYS busca educar m\u00e1s all\u00e1 del aula a trav\u00e9s de historias de vida\"}]},{\"@type\":\"WebSite\",\"@id\":\"https:\\\/\\\/www.cetys.mx\\\/noticias\\\/#website\",\"url\":\"https:\\\/\\\/www.cetys.mx\\\/noticias\\\/\",\"name\":\"CETYS\",\"description\":\"\",\"potentialAction\":[{\"@type\":\"SearchAction\",\"target\":{\"@type\":\"EntryPoint\",\"urlTemplate\":\"https:\\\/\\\/www.cetys.mx\\\/noticias\\\/?s={search_term_string}\"},\"query-input\":{\"@type\":\"PropertyValueSpecification\",\"valueRequired\":true,\"valueName\":\"search_term_string\"}}],\"inLanguage\":\"es\"},{\"@type\":\"Person\",\"@id\":\"https:\\\/\\\/www.cetys.mx\\\/noticias\\\/#\\\/schema\\\/person\\\/e790051ce60e18ae47cfa87011c8653f\",\"name\":\"Campus Tijuana\",\"url\":\"https:\\\/\\\/www.cetys.mx\\\/noticias\\\/author\\\/campustijuana\\\/\"}]}<\/script>\n<!-- \/ Yoast SEO plugin. -->","yoast_head_json":{"title":"Publicaci\u00f3n CETYS busca educar m\u00e1s all\u00e1 del aula a trav\u00e9s de historias de vida - CETYS","description":"Articulo sobre Publicaci\u00f3n CETYS busca educar m\u00e1s all\u00e1 del aula a trav\u00e9s de historias de vida","robots":{"index":"index","follow":"follow","max-snippet":"max-snippet:-1","max-image-preview":"max-image-preview:large","max-video-preview":"max-video-preview:-1"},"canonical":"https:\/\/www.cetys.mx\/noticias\/publicacion-cetys-busca-educar-mas-alla-del-aula-a-traves-de-historias-de-vida\/","og_locale":"es_MX","og_type":"article","og_title":"Publicaci\u00f3n CETYS busca educar m\u00e1s all\u00e1 del aula a trav\u00e9s de historias de vida - CETYS","og_description":"Articulo sobre Publicaci\u00f3n CETYS busca educar m\u00e1s all\u00e1 del aula a trav\u00e9s de historias de vida","og_url":"https:\/\/www.cetys.mx\/noticias\/publicacion-cetys-busca-educar-mas-alla-del-aula-a-traves-de-historias-de-vida\/","og_site_name":"CETYS","article_publisher":"https:\/\/www.facebook.com\/cetysuniversidadmxl\/","article_published_time":"2019-05-16T22:50:49+00:00","og_image":[{"width":958,"height":636,"url":"https:\/\/www.cetys.mx\/noticias\/wp-content\/uploads\/2019\/05\/presentacion.jpg","type":"image\/jpeg"}],"author":"Campus Tijuana","twitter_card":"summary_large_image","twitter_creator":"@cetysuni","twitter_site":"@cetysuni","twitter_misc":{"Escrito por":"Campus Tijuana","Tiempo de lectura":"2 minutos"},"schema":{"@context":"https:\/\/schema.org","@graph":[{"@type":"Article","@id":"https:\/\/www.cetys.mx\/noticias\/publicacion-cetys-busca-educar-mas-alla-del-aula-a-traves-de-historias-de-vida\/#article","isPartOf":{"@id":"https:\/\/www.cetys.mx\/noticias\/publicacion-cetys-busca-educar-mas-alla-del-aula-a-traves-de-historias-de-vida\/"},"author":{"name":"Campus Tijuana","@id":"https:\/\/www.cetys.mx\/noticias\/#\/schema\/person\/e790051ce60e18ae47cfa87011c8653f"},"headline":"Publicaci\u00f3n CETYS busca educar m\u00e1s all\u00e1 del aula a trav\u00e9s de historias de vida","datePublished":"2019-05-16T22:50:49+00:00","mainEntityOfPage":{"@id":"https:\/\/www.cetys.mx\/noticias\/publicacion-cetys-busca-educar-mas-alla-del-aula-a-traves-de-historias-de-vida\/"},"wordCount":319,"commentCount":0,"image":{"@id":"https:\/\/www.cetys.mx\/noticias\/publicacion-cetys-busca-educar-mas-alla-del-aula-a-traves-de-historias-de-vida\/#primaryimage"},"thumbnailUrl":"https:\/\/www.cetys.mx\/noticias\/wp-content\/uploads\/2019\/05\/presentacion.jpg","keywords":["#orgulloCETYS","Academia","Campus Tijuana","CETYS Universidad","investigaci\u00f3n","liderazgo"],"articleSection":["Academia","Campus Tijuana","Difusion cultural","Liderazgo","VoCETYS"],"inLanguage":"es","potentialAction":[{"@type":"CommentAction","name":"Comment","target":["https:\/\/www.cetys.mx\/noticias\/publicacion-cetys-busca-educar-mas-alla-del-aula-a-traves-de-historias-de-vida\/#respond"]}]},{"@type":"WebPage","@id":"https:\/\/www.cetys.mx\/noticias\/publicacion-cetys-busca-educar-mas-alla-del-aula-a-traves-de-historias-de-vida\/","url":"https:\/\/www.cetys.mx\/noticias\/publicacion-cetys-busca-educar-mas-alla-del-aula-a-traves-de-historias-de-vida\/","name":"Publicaci\u00f3n CETYS busca educar m\u00e1s all\u00e1 del aula a trav\u00e9s de historias de vida - CETYS","isPartOf":{"@id":"https:\/\/www.cetys.mx\/noticias\/#website"},"primaryImageOfPage":{"@id":"https:\/\/www.cetys.mx\/noticias\/publicacion-cetys-busca-educar-mas-alla-del-aula-a-traves-de-historias-de-vida\/#primaryimage"},"image":{"@id":"https:\/\/www.cetys.mx\/noticias\/publicacion-cetys-busca-educar-mas-alla-del-aula-a-traves-de-historias-de-vida\/#primaryimage"},"thumbnailUrl":"https:\/\/www.cetys.mx\/noticias\/wp-content\/uploads\/2019\/05\/presentacion.jpg","datePublished":"2019-05-16T22:50:49+00:00","author":{"@id":"https:\/\/www.cetys.mx\/noticias\/#\/schema\/person\/e790051ce60e18ae47cfa87011c8653f"},"description":"Articulo sobre Publicaci\u00f3n CETYS busca educar m\u00e1s all\u00e1 del aula a trav\u00e9s de historias de vida","breadcrumb":{"@id":"https:\/\/www.cetys.mx\/noticias\/publicacion-cetys-busca-educar-mas-alla-del-aula-a-traves-de-historias-de-vida\/#breadcrumb"},"inLanguage":"es","potentialAction":[{"@type":"ReadAction","target":["https:\/\/www.cetys.mx\/noticias\/publicacion-cetys-busca-educar-mas-alla-del-aula-a-traves-de-historias-de-vida\/"]}]},{"@type":"ImageObject","inLanguage":"es","@id":"https:\/\/www.cetys.mx\/noticias\/publicacion-cetys-busca-educar-mas-alla-del-aula-a-traves-de-historias-de-vida\/#primaryimage","url":"https:\/\/www.cetys.mx\/noticias\/wp-content\/uploads\/2019\/05\/presentacion.jpg","contentUrl":"https:\/\/www.cetys.mx\/noticias\/wp-content\/uploads\/2019\/05\/presentacion.jpg","width":958,"height":636},{"@type":"BreadcrumbList","@id":"https:\/\/www.cetys.mx\/noticias\/publicacion-cetys-busca-educar-mas-alla-del-aula-a-traves-de-historias-de-vida\/#breadcrumb","itemListElement":[{"@type":"ListItem","position":1,"name":"Inicio","item":"https:\/\/www.cetys.mx\/noticias\/"},{"@type":"ListItem","position":2,"name":"Publicaci\u00f3n CETYS busca educar m\u00e1s all\u00e1 del aula a trav\u00e9s de historias de vida"}]},{"@type":"WebSite","@id":"https:\/\/www.cetys.mx\/noticias\/#website","url":"https:\/\/www.cetys.mx\/noticias\/","name":"CETYS","description":"","potentialAction":[{"@type":"SearchAction","target":{"@type":"EntryPoint","urlTemplate":"https:\/\/www.cetys.mx\/noticias\/?s={search_term_string}"},"query-input":{"@type":"PropertyValueSpecification","valueRequired":true,"valueName":"search_term_string"}}],"inLanguage":"es"},{"@type":"Person","@id":"https:\/\/www.cetys.mx\/noticias\/#\/schema\/person\/e790051ce60e18ae47cfa87011c8653f","name":"Campus Tijuana","url":"https:\/\/www.cetys.mx\/noticias\/author\/campustijuana\/"}]}},"_links":{"self":[{"href":"https:\/\/www.cetys.mx\/noticias\/wp-json\/wp\/v2\/posts\/129890","targetHints":{"allow":["GET"]}}],"collection":[{"href":"https:\/\/www.cetys.mx\/noticias\/wp-json\/wp\/v2\/posts"}],"about":[{"href":"https:\/\/www.cetys.mx\/noticias\/wp-json\/wp\/v2\/types\/post"}],"author":[{"embeddable":true,"href":"https:\/\/www.cetys.mx\/noticias\/wp-json\/wp\/v2\/users\/24"}],"replies":[{"embeddable":true,"href":"https:\/\/www.cetys.mx\/noticias\/wp-json\/wp\/v2\/comments?post=129890"}],"version-history":[{"count":0,"href":"https:\/\/www.cetys.mx\/noticias\/wp-json\/wp\/v2\/posts\/129890\/revisions"}],"wp:featuredmedia":[{"embeddable":true,"href":"https:\/\/www.cetys.mx\/noticias\/wp-json\/wp\/v2\/media\/129897"}],"wp:attachment":[{"href":"https:\/\/www.cetys.mx\/noticias\/wp-json\/wp\/v2\/media?parent=129890"}],"wp:term":[{"taxonomy":"category","embeddable":true,"href":"https:\/\/www.cetys.mx\/noticias\/wp-json\/wp\/v2\/categories?post=129890"},{"taxonomy":"post_tag","embeddable":true,"href":"https:\/\/www.cetys.mx\/noticias\/wp-json\/wp\/v2\/tags?post=129890"}],"curies":[{"name":"wp","href":"https:\/\/api.w.org\/{rel}","templated":true}]}}