{"id":129806,"date":"2019-05-15T17:56:10","date_gmt":"2019-05-16T00:56:10","guid":{"rendered":"https:\/\/www.cetys.mx\/noticias\/?p=129806"},"modified":"2020-03-17T12:34:02","modified_gmt":"2020-03-17T19:34:02","slug":"arquetipos-48-en-la-feria-del-libro-de-tijuana-2019","status":"publish","type":"post","link":"https:\/\/www.cetys.mx\/noticias\/arquetipos-48-en-la-feria-del-libro-de-tijuana-2019\/","title":{"rendered":"Arquetipos 48 en la Feria del Libro de Tijuana 2019"},"content":{"rendered":"<p style=\"text-align: justify;\"><span style=\"font-weight: 400;\">El comit\u00e9 editorial de la revista <\/span><strong><i>Arquetipos<\/i><\/strong><span style=\"font-weight: 400;\"> se entusiasma en presentar este n\u00famero que celebra el <strong>40 aniversario de su nacimiento<\/strong>. Manteniendo el esp\u00edritu de la instituci\u00f3n, la primera parte de este n\u00famero est\u00e1 dedicado a la educaci\u00f3n, base existencial de toda universidad.<\/span><\/p>\n<p style=\"text-align: justify;\"><span style=\"font-weight: 400;\">Karla Mar\u00eda D\u00edaz escribe \u201cLa evaluaci\u00f3n educativa: pr\u00e1ctica e implicaciones para la sociedad del siglo <\/span><span style=\"font-weight: 400;\">XXI<\/span><span style=\"font-weight: 400;\">\u201d; se reproduce el texto \u201cPrimera lecci\u00f3n (1961-1976)\u201d, discurso \u00edntegro de F\u00e9lix Castillo Jim\u00e9nez, exrector de C<\/span><span style=\"font-weight: 400;\">ETYS<\/span><span style=\"font-weight: 400;\"> Universidad entre 1967 y 1978, a quien recientemente se le rindi\u00f3 homenaje por su trig\u00e9simo aniversario luctuoso con la reedici\u00f3n del libro <\/span><i><span style=\"font-weight: 400;\">In memoriam<\/span><\/i><span style=\"font-weight: 400;\">, de donde se tom\u00f3 este texto. Alberto G\u00e1rate Rivera escribe el <\/span><i><span style=\"font-weight: 400;\">libro Las distintas que son iguales: El naufragio de las invisibles<\/span><\/i><span style=\"font-weight: 400;\"> (Octaedro, 2019) de donde reproducimos el cap\u00edtulo \u201cLa felicidad y la escuela\u201d.<\/span><\/p>\n<p style=\"text-align: justify;\"><span style=\"font-weight: 400;\">Por su parte, la docente y artista visual Mariel Miranda, nos comparte \u201cCoreograf\u00edas del margen\u201d, una serie de \u201cmicroediciones que intentan responder qu\u00e9 ha pasado con nuestra sensibilidad, capacidad de imaginar, crear e inventar\u201d, a partir de im\u00e1genes de una enciclopedia ilustrada.<\/span><\/p>\n<p style=\"text-align: justify;\"><span style=\"font-weight: 400;\">En la secci\u00f3n de literatura, descubre el cuento \u201cQuiralidad\u201d de Nylsa Mart\u00ednez, y fragmentos de <\/span><i><span style=\"font-weight: 400;\">Emily<\/span><\/i><span style=\"font-weight: 400;\">, el nuevo libro de la poeta y editora Olga Guti\u00e9rrez Galindo, de pr\u00f3xima aparici\u00f3n en la colecci\u00f3n Ojo de Agua del C<\/span><span style=\"font-weight: 400;\">ETYS <\/span><span style=\"font-weight: 400;\">Universidad.<\/span><\/p>\n<p style=\"text-align: justify;\"><span style=\"font-weight: 400;\">Finalmente encuentra un halo en la oscuridad en \u201cLa puerta abierta: las historias de Guillermo del Toro nos dan luz\u201d, de N\u00e9stor Robles, quien reflexiona el significado de los monstruos en la vida y narrativa cinematogr\u00e1fica del director tapat\u00edo.<\/span><\/p>\n<p style=\"text-align: justify;\"><span style=\"font-weight: 400;\">Busca la edici\u00f3n impresa de <\/span><i><span style=\"font-weight: 400;\">Arquetipos<\/span><\/i><span style=\"font-weight: 400;\"> 48 \u2014y otros t\u00edtulos del <\/span><a href=\"https:\/\/www.cetys.mx\/programa-editorial\/\"><span style=\"font-weight: 400;\">Programa Editorial del CETYS<\/span><\/a><span style=\"font-weight: 400;\">\u2014 en el stand 15 de la <strong>Feria del Libro de Tijuana 2019<\/strong>, del 18 al 26 de mayo, o consulta la versi\u00f3n digital <\/span><a href=\"https:\/\/issuu.com\/revistaarquetipos\/docs\/arquetipos_48\"><span style=\"font-weight: 400;\">aqu\u00ed<\/span><\/a><span style=\"font-weight: 400;\">.<\/span><\/p>\n","protected":false},"excerpt":{"rendered":"<p>El comit\u00e9 editorial de la revista Arquetipos se entusiasma en presentar este n\u00famero que celebra el 40 aniversario de su nacimiento. Manteniendo&#8230;<\/p>\n","protected":false},"author":26,"featured_media":129809,"comment_status":"open","ping_status":"closed","sticky":false,"template":"","format":"standard","meta":{"footnotes":""},"categories":[209],"tags":[],"class_list":["post-129806","post","type-post","status-publish","format-standard","has-post-thumbnail","hentry","category-institucional"],"yoast_head":"<!-- This site is optimized with the Yoast SEO plugin v27.4 - https:\/\/yoast.com\/product\/yoast-seo-wordpress\/ -->\n<title>Arquetipos 48 en la Feria del Libro de Tijuana 2019 - CETYS<\/title>\n<meta name=\"description\" content=\"Articulo sobre Arquetipos 48 en la Feria del Libro de Tijuana 2019\" \/>\n<meta name=\"robots\" content=\"index, follow, max-snippet:-1, max-image-preview:large, max-video-preview:-1\" \/>\n<link rel=\"canonical\" href=\"https:\/\/www.cetys.mx\/noticias\/arquetipos-48-en-la-feria-del-libro-de-tijuana-2019\/\" \/>\n<meta property=\"og:locale\" content=\"es_MX\" \/>\n<meta property=\"og:type\" content=\"article\" \/>\n<meta property=\"og:title\" content=\"Arquetipos 48 en la Feria del Libro de Tijuana 2019 - CETYS\" \/>\n<meta property=\"og:description\" content=\"Articulo sobre Arquetipos 48 en la Feria del Libro de Tijuana 2019\" \/>\n<meta property=\"og:url\" content=\"https:\/\/www.cetys.mx\/noticias\/arquetipos-48-en-la-feria-del-libro-de-tijuana-2019\/\" \/>\n<meta property=\"og:site_name\" content=\"CETYS\" \/>\n<meta property=\"article:publisher\" content=\"https:\/\/www.facebook.com\/cetysuniversidadmxl\/\" \/>\n<meta property=\"article:published_time\" content=\"2019-05-16T00:56:10+00:00\" \/>\n<meta property=\"article:modified_time\" content=\"2020-03-17T19:34:02+00:00\" \/>\n<meta property=\"og:image\" content=\"https:\/\/www.cetys.mx\/noticias\/wp-content\/uploads\/2019\/05\/PortadaArquetipos48.png\" \/>\n\t<meta property=\"og:image:width\" content=\"900\" \/>\n\t<meta property=\"og:image:height\" content=\"600\" \/>\n\t<meta property=\"og:image:type\" content=\"image\/png\" \/>\n<meta name=\"author\" content=\"CETYS Institucional\" \/>\n<meta name=\"twitter:card\" content=\"summary_large_image\" \/>\n<meta name=\"twitter:creator\" content=\"@cetysuni\" \/>\n<meta name=\"twitter:site\" content=\"@cetysuni\" \/>\n<meta name=\"twitter:label1\" content=\"Escrito por\" \/>\n\t<meta name=\"twitter:data1\" content=\"CETYS Institucional\" \/>\n\t<meta name=\"twitter:label2\" content=\"Tiempo de lectura\" \/>\n\t<meta name=\"twitter:data2\" content=\"2 minutos\" \/>\n<script type=\"application\/ld+json\" class=\"yoast-schema-graph\">{\"@context\":\"https:\\\/\\\/schema.org\",\"@graph\":[{\"@type\":\"Article\",\"@id\":\"https:\\\/\\\/www.cetys.mx\\\/noticias\\\/arquetipos-48-en-la-feria-del-libro-de-tijuana-2019\\\/#article\",\"isPartOf\":{\"@id\":\"https:\\\/\\\/www.cetys.mx\\\/noticias\\\/arquetipos-48-en-la-feria-del-libro-de-tijuana-2019\\\/\"},\"author\":{\"name\":\"CETYS Institucional\",\"@id\":\"https:\\\/\\\/www.cetys.mx\\\/noticias\\\/#\\\/schema\\\/person\\\/e9d2b35265b64aa454df57a2828eb2ac\"},\"headline\":\"Arquetipos 48 en la Feria del Libro de Tijuana 2019\",\"datePublished\":\"2019-05-16T00:56:10+00:00\",\"dateModified\":\"2020-03-17T19:34:02+00:00\",\"mainEntityOfPage\":{\"@id\":\"https:\\\/\\\/www.cetys.mx\\\/noticias\\\/arquetipos-48-en-la-feria-del-libro-de-tijuana-2019\\\/\"},\"wordCount\":323,\"commentCount\":0,\"image\":{\"@id\":\"https:\\\/\\\/www.cetys.mx\\\/noticias\\\/arquetipos-48-en-la-feria-del-libro-de-tijuana-2019\\\/#primaryimage\"},\"thumbnailUrl\":\"https:\\\/\\\/www.cetys.mx\\\/noticias\\\/wp-content\\\/uploads\\\/2019\\\/05\\\/PortadaArquetipos48.png\",\"articleSection\":[\"Institucional\"],\"inLanguage\":\"es\",\"potentialAction\":[{\"@type\":\"CommentAction\",\"name\":\"Comment\",\"target\":[\"https:\\\/\\\/www.cetys.mx\\\/noticias\\\/arquetipos-48-en-la-feria-del-libro-de-tijuana-2019\\\/#respond\"]}]},{\"@type\":\"WebPage\",\"@id\":\"https:\\\/\\\/www.cetys.mx\\\/noticias\\\/arquetipos-48-en-la-feria-del-libro-de-tijuana-2019\\\/\",\"url\":\"https:\\\/\\\/www.cetys.mx\\\/noticias\\\/arquetipos-48-en-la-feria-del-libro-de-tijuana-2019\\\/\",\"name\":\"Arquetipos 48 en la Feria del Libro de Tijuana 2019 - CETYS\",\"isPartOf\":{\"@id\":\"https:\\\/\\\/www.cetys.mx\\\/noticias\\\/#website\"},\"primaryImageOfPage\":{\"@id\":\"https:\\\/\\\/www.cetys.mx\\\/noticias\\\/arquetipos-48-en-la-feria-del-libro-de-tijuana-2019\\\/#primaryimage\"},\"image\":{\"@id\":\"https:\\\/\\\/www.cetys.mx\\\/noticias\\\/arquetipos-48-en-la-feria-del-libro-de-tijuana-2019\\\/#primaryimage\"},\"thumbnailUrl\":\"https:\\\/\\\/www.cetys.mx\\\/noticias\\\/wp-content\\\/uploads\\\/2019\\\/05\\\/PortadaArquetipos48.png\",\"datePublished\":\"2019-05-16T00:56:10+00:00\",\"dateModified\":\"2020-03-17T19:34:02+00:00\",\"author\":{\"@id\":\"https:\\\/\\\/www.cetys.mx\\\/noticias\\\/#\\\/schema\\\/person\\\/e9d2b35265b64aa454df57a2828eb2ac\"},\"description\":\"Articulo sobre Arquetipos 48 en la Feria del Libro de Tijuana 2019\",\"breadcrumb\":{\"@id\":\"https:\\\/\\\/www.cetys.mx\\\/noticias\\\/arquetipos-48-en-la-feria-del-libro-de-tijuana-2019\\\/#breadcrumb\"},\"inLanguage\":\"es\",\"potentialAction\":[{\"@type\":\"ReadAction\",\"target\":[\"https:\\\/\\\/www.cetys.mx\\\/noticias\\\/arquetipos-48-en-la-feria-del-libro-de-tijuana-2019\\\/\"]}]},{\"@type\":\"ImageObject\",\"inLanguage\":\"es\",\"@id\":\"https:\\\/\\\/www.cetys.mx\\\/noticias\\\/arquetipos-48-en-la-feria-del-libro-de-tijuana-2019\\\/#primaryimage\",\"url\":\"https:\\\/\\\/www.cetys.mx\\\/noticias\\\/wp-content\\\/uploads\\\/2019\\\/05\\\/PortadaArquetipos48.png\",\"contentUrl\":\"https:\\\/\\\/www.cetys.mx\\\/noticias\\\/wp-content\\\/uploads\\\/2019\\\/05\\\/PortadaArquetipos48.png\",\"width\":900,\"height\":600},{\"@type\":\"BreadcrumbList\",\"@id\":\"https:\\\/\\\/www.cetys.mx\\\/noticias\\\/arquetipos-48-en-la-feria-del-libro-de-tijuana-2019\\\/#breadcrumb\",\"itemListElement\":[{\"@type\":\"ListItem\",\"position\":1,\"name\":\"Inicio\",\"item\":\"https:\\\/\\\/www.cetys.mx\\\/noticias\\\/\"},{\"@type\":\"ListItem\",\"position\":2,\"name\":\"Arquetipos 48 en la Feria del Libro de Tijuana 2019\"}]},{\"@type\":\"WebSite\",\"@id\":\"https:\\\/\\\/www.cetys.mx\\\/noticias\\\/#website\",\"url\":\"https:\\\/\\\/www.cetys.mx\\\/noticias\\\/\",\"name\":\"CETYS\",\"description\":\"\",\"potentialAction\":[{\"@type\":\"SearchAction\",\"target\":{\"@type\":\"EntryPoint\",\"urlTemplate\":\"https:\\\/\\\/www.cetys.mx\\\/noticias\\\/?s={search_term_string}\"},\"query-input\":{\"@type\":\"PropertyValueSpecification\",\"valueRequired\":true,\"valueName\":\"search_term_string\"}}],\"inLanguage\":\"es\"},{\"@type\":\"Person\",\"@id\":\"https:\\\/\\\/www.cetys.mx\\\/noticias\\\/#\\\/schema\\\/person\\\/e9d2b35265b64aa454df57a2828eb2ac\",\"name\":\"CETYS Institucional\",\"url\":\"https:\\\/\\\/www.cetys.mx\\\/noticias\\\/author\\\/cetysinstitucional\\\/\"}]}<\/script>\n<!-- \/ Yoast SEO plugin. -->","yoast_head_json":{"title":"Arquetipos 48 en la Feria del Libro de Tijuana 2019 - CETYS","description":"Articulo sobre Arquetipos 48 en la Feria del Libro de Tijuana 2019","robots":{"index":"index","follow":"follow","max-snippet":"max-snippet:-1","max-image-preview":"max-image-preview:large","max-video-preview":"max-video-preview:-1"},"canonical":"https:\/\/www.cetys.mx\/noticias\/arquetipos-48-en-la-feria-del-libro-de-tijuana-2019\/","og_locale":"es_MX","og_type":"article","og_title":"Arquetipos 48 en la Feria del Libro de Tijuana 2019 - CETYS","og_description":"Articulo sobre Arquetipos 48 en la Feria del Libro de Tijuana 2019","og_url":"https:\/\/www.cetys.mx\/noticias\/arquetipos-48-en-la-feria-del-libro-de-tijuana-2019\/","og_site_name":"CETYS","article_publisher":"https:\/\/www.facebook.com\/cetysuniversidadmxl\/","article_published_time":"2019-05-16T00:56:10+00:00","article_modified_time":"2020-03-17T19:34:02+00:00","og_image":[{"width":900,"height":600,"url":"https:\/\/www.cetys.mx\/noticias\/wp-content\/uploads\/2019\/05\/PortadaArquetipos48.png","type":"image\/png"}],"author":"CETYS Institucional","twitter_card":"summary_large_image","twitter_creator":"@cetysuni","twitter_site":"@cetysuni","twitter_misc":{"Escrito por":"CETYS Institucional","Tiempo de lectura":"2 minutos"},"schema":{"@context":"https:\/\/schema.org","@graph":[{"@type":"Article","@id":"https:\/\/www.cetys.mx\/noticias\/arquetipos-48-en-la-feria-del-libro-de-tijuana-2019\/#article","isPartOf":{"@id":"https:\/\/www.cetys.mx\/noticias\/arquetipos-48-en-la-feria-del-libro-de-tijuana-2019\/"},"author":{"name":"CETYS Institucional","@id":"https:\/\/www.cetys.mx\/noticias\/#\/schema\/person\/e9d2b35265b64aa454df57a2828eb2ac"},"headline":"Arquetipos 48 en la Feria del Libro de Tijuana 2019","datePublished":"2019-05-16T00:56:10+00:00","dateModified":"2020-03-17T19:34:02+00:00","mainEntityOfPage":{"@id":"https:\/\/www.cetys.mx\/noticias\/arquetipos-48-en-la-feria-del-libro-de-tijuana-2019\/"},"wordCount":323,"commentCount":0,"image":{"@id":"https:\/\/www.cetys.mx\/noticias\/arquetipos-48-en-la-feria-del-libro-de-tijuana-2019\/#primaryimage"},"thumbnailUrl":"https:\/\/www.cetys.mx\/noticias\/wp-content\/uploads\/2019\/05\/PortadaArquetipos48.png","articleSection":["Institucional"],"inLanguage":"es","potentialAction":[{"@type":"CommentAction","name":"Comment","target":["https:\/\/www.cetys.mx\/noticias\/arquetipos-48-en-la-feria-del-libro-de-tijuana-2019\/#respond"]}]},{"@type":"WebPage","@id":"https:\/\/www.cetys.mx\/noticias\/arquetipos-48-en-la-feria-del-libro-de-tijuana-2019\/","url":"https:\/\/www.cetys.mx\/noticias\/arquetipos-48-en-la-feria-del-libro-de-tijuana-2019\/","name":"Arquetipos 48 en la Feria del Libro de Tijuana 2019 - CETYS","isPartOf":{"@id":"https:\/\/www.cetys.mx\/noticias\/#website"},"primaryImageOfPage":{"@id":"https:\/\/www.cetys.mx\/noticias\/arquetipos-48-en-la-feria-del-libro-de-tijuana-2019\/#primaryimage"},"image":{"@id":"https:\/\/www.cetys.mx\/noticias\/arquetipos-48-en-la-feria-del-libro-de-tijuana-2019\/#primaryimage"},"thumbnailUrl":"https:\/\/www.cetys.mx\/noticias\/wp-content\/uploads\/2019\/05\/PortadaArquetipos48.png","datePublished":"2019-05-16T00:56:10+00:00","dateModified":"2020-03-17T19:34:02+00:00","author":{"@id":"https:\/\/www.cetys.mx\/noticias\/#\/schema\/person\/e9d2b35265b64aa454df57a2828eb2ac"},"description":"Articulo sobre Arquetipos 48 en la Feria del Libro de Tijuana 2019","breadcrumb":{"@id":"https:\/\/www.cetys.mx\/noticias\/arquetipos-48-en-la-feria-del-libro-de-tijuana-2019\/#breadcrumb"},"inLanguage":"es","potentialAction":[{"@type":"ReadAction","target":["https:\/\/www.cetys.mx\/noticias\/arquetipos-48-en-la-feria-del-libro-de-tijuana-2019\/"]}]},{"@type":"ImageObject","inLanguage":"es","@id":"https:\/\/www.cetys.mx\/noticias\/arquetipos-48-en-la-feria-del-libro-de-tijuana-2019\/#primaryimage","url":"https:\/\/www.cetys.mx\/noticias\/wp-content\/uploads\/2019\/05\/PortadaArquetipos48.png","contentUrl":"https:\/\/www.cetys.mx\/noticias\/wp-content\/uploads\/2019\/05\/PortadaArquetipos48.png","width":900,"height":600},{"@type":"BreadcrumbList","@id":"https:\/\/www.cetys.mx\/noticias\/arquetipos-48-en-la-feria-del-libro-de-tijuana-2019\/#breadcrumb","itemListElement":[{"@type":"ListItem","position":1,"name":"Inicio","item":"https:\/\/www.cetys.mx\/noticias\/"},{"@type":"ListItem","position":2,"name":"Arquetipos 48 en la Feria del Libro de Tijuana 2019"}]},{"@type":"WebSite","@id":"https:\/\/www.cetys.mx\/noticias\/#website","url":"https:\/\/www.cetys.mx\/noticias\/","name":"CETYS","description":"","potentialAction":[{"@type":"SearchAction","target":{"@type":"EntryPoint","urlTemplate":"https:\/\/www.cetys.mx\/noticias\/?s={search_term_string}"},"query-input":{"@type":"PropertyValueSpecification","valueRequired":true,"valueName":"search_term_string"}}],"inLanguage":"es"},{"@type":"Person","@id":"https:\/\/www.cetys.mx\/noticias\/#\/schema\/person\/e9d2b35265b64aa454df57a2828eb2ac","name":"CETYS Institucional","url":"https:\/\/www.cetys.mx\/noticias\/author\/cetysinstitucional\/"}]}},"_links":{"self":[{"href":"https:\/\/www.cetys.mx\/noticias\/wp-json\/wp\/v2\/posts\/129806","targetHints":{"allow":["GET"]}}],"collection":[{"href":"https:\/\/www.cetys.mx\/noticias\/wp-json\/wp\/v2\/posts"}],"about":[{"href":"https:\/\/www.cetys.mx\/noticias\/wp-json\/wp\/v2\/types\/post"}],"author":[{"embeddable":true,"href":"https:\/\/www.cetys.mx\/noticias\/wp-json\/wp\/v2\/users\/26"}],"replies":[{"embeddable":true,"href":"https:\/\/www.cetys.mx\/noticias\/wp-json\/wp\/v2\/comments?post=129806"}],"version-history":[{"count":0,"href":"https:\/\/www.cetys.mx\/noticias\/wp-json\/wp\/v2\/posts\/129806\/revisions"}],"wp:featuredmedia":[{"embeddable":true,"href":"https:\/\/www.cetys.mx\/noticias\/wp-json\/wp\/v2\/media\/129809"}],"wp:attachment":[{"href":"https:\/\/www.cetys.mx\/noticias\/wp-json\/wp\/v2\/media?parent=129806"}],"wp:term":[{"taxonomy":"category","embeddable":true,"href":"https:\/\/www.cetys.mx\/noticias\/wp-json\/wp\/v2\/categories?post=129806"},{"taxonomy":"post_tag","embeddable":true,"href":"https:\/\/www.cetys.mx\/noticias\/wp-json\/wp\/v2\/tags?post=129806"}],"curies":[{"name":"wp","href":"https:\/\/api.w.org\/{rel}","templated":true}]}}