{"id":129786,"date":"2019-05-15T17:07:52","date_gmt":"2019-05-16T00:07:52","guid":{"rendered":"https:\/\/www.cetys.mx\/noticias\/?p=129786"},"modified":"2020-03-17T12:38:47","modified_gmt":"2020-03-17T19:38:47","slug":"capacitaran-a-enfermeros-mexicanos-para-ejercer-en-california-cetys-universidad-y-el-centro-regional-medical-center","status":"publish","type":"post","link":"https:\/\/www.cetys.mx\/noticias\/capacitaran-a-enfermeros-mexicanos-para-ejercer-en-california-cetys-universidad-y-el-centro-regional-medical-center\/","title":{"rendered":"Capacitar\u00e1n a enfermeros mexicanos para ejercer en California: CETYS Universidad y El Centro Regional Medical Center"},"content":{"rendered":"<p style=\"text-align: justify;\">Con el objetivo de capacitar a enfermeros de la regi\u00f3n en herramientas de vocabulario y terminolog\u00eda en el idioma ingl\u00e9s, <a href=\"https:\/\/www.cetys.mx\/\">CETYS Universidad<\/a> y el hospital <a href=\"https:\/\/www.ecrmc.org\/\">El Centro Regional Medical Center (ECRMC)<\/a> en <strong>California<\/strong>, anunciaron un convenio en la <strong>Capacitaci\u00f3n para Ejercer la Enfermer\u00eda en California<\/strong>, donde los candidatos tendr\u00e1n la oportunidad de desempe\u00f1arse profesionalmente en este hospital estadounidense.<\/p>\n<p style=\"text-align: justify;\">Para fomentar la participaci\u00f3n de los enfermeros de la localidad, el hospital <strong>ECRMC<\/strong> apoyar\u00e1 con la entrega de 15 becas del 100% a todos aquellos interesados que cumplan con los requisitos para tomar este curso, tales como el ser enfermero titulado, contar con un nivel ingl\u00e9s B1, ser elegible para obtener una Visa TN, entre otros. Las personas que sean acreedoras de estas becas, tambi\u00e9n ser\u00e1n apoyadas para certificarse laboralmente en los Estados Unidos y obtener los permisos legales correspondientes para ello. <strong>ECRMC<\/strong> se compromete a becar 15 alumnos en la primera apertura de este curso.<\/p>\n<p style=\"text-align: justify;\">El <strong>Mtro. Mario Dipp N\u00fa\u00f1ez<\/strong>, <strong>Director de CETYS Universidad Campus Mexicali<\/strong>, coment\u00f3 que la Instituci\u00f3n busca constantemente asociarse con empresas y organismos a trav\u00e9s de proyectos que fomenten el desarrollo de la regi\u00f3n Cali-Baja.<\/p>\n<blockquote>\n<p style=\"text-align: justify;\">\u201cNuestro objetivo es entrenar a los j\u00f3venes con las capacidades intelectuales para contribuir a nuestra comunidad, y en esta zona, entre M\u00e9xico y Estados Unidos conformamos una misma regi\u00f3n, por lo que siempre buscamos nuevas oportunidades para la vinculaci\u00f3n. Mientras m\u00e1s fuerte es el Valle Imperial, m\u00e1s fuerte es Mexicali y viceversa. Esta es una nueva \u00e1rea para CETYS, pero estamos muy felices de tener esta oportunidad de desarrollo, donde todos ganaremos\u201d.<\/p>\n<p><img loading=\"lazy\" decoding=\"async\" class=\" wp-image-129789 aligncenter\" src=\"https:\/\/www.cetys.mx\/noticias\/wp-content\/uploads\/2019\/05\/8-8.jpg\" alt=\"\" width=\"492\" height=\"327\" srcset=\"https:\/\/www.cetys.mx\/noticias\/wp-content\/uploads\/2019\/05\/8-8.jpg 958w, https:\/\/www.cetys.mx\/noticias\/wp-content\/uploads\/2019\/05\/8-8-768x511.jpg 768w\" sizes=\"auto, (max-width: 492px) 100vw, 492px\" \/><\/p><\/blockquote>\n<p style=\"text-align: justify;\">Por su parte, el <strong>Dr. A. Adolphe Edward<\/strong>, <strong>CEO\u00a0de ECRMC<\/strong>, agradeci\u00f3 el resultado del gran trabajo en equipo que ha podido conjuntarse, donde CETYS Universidad apoyar\u00e1 a capacitar, desde la educaci\u00f3n continua, a los estudiantes del ma\u00f1ana, lo que generar\u00e1 un impacto positivo y desarrollo econ\u00f3mico para la regi\u00f3n.<\/p>\n<p style=\"text-align: justify;\">El curso consta de tres partes fundamentales: vocabulario y terminolog\u00eda para la enfermer\u00eda, curso de preparaci\u00f3n para tomar el examen TOEFL iBT y curso de preparaci\u00f3n para la certificaci\u00f3n NCLEX (National Council Licensure Examination). El curso est\u00e1 abierto para todos los enfermeros titulados que deseen trabajar en <strong>ECRMC<\/strong> y de esta manera crecer profesionalmente. El cupo l\u00edmite por cada iteraci\u00f3n de este curso es de 25 alumnos.<\/p>\n<p style=\"text-align: justify;\">Los interesados pueden solicitar su examen de ubicaci\u00f3n en el <a href=\"https:\/\/www.facebook.com\/idiomas.cetysuniversidad\/\">Centro de Idiomas de CETYS Universidad<\/a>, para constatar que se cuenta con el nivel requerido de ingl\u00e9s. Este examen no tiene costo y se puede realizar de lunes a viernes de 8:00 a.m. 7:00 p.m. Si el candidato cuenta con el nivel de ingl\u00e9s requerido, los alumnos llenar\u00e1n una solicitud de ingreso, la cual ser\u00e1 revisada por personal del ECRMC para su evaluaci\u00f3n y as\u00ed determinar qui\u00e9n recibe beca.<\/p>\n<p style=\"text-align: justify;\">La fecha de inicio del programa es el 16 de julio y ser\u00e1 impartido en el <a href=\"https:\/\/www.facebook.com\/idiomas.cetysuniversidad\/\">Centro de Idiomas de CETYS Universidad<\/a>. Para obtener informes, los interesados se pueden comunicar al <a href=\"https:\/\/www.facebook.com\/idiomas.cetysuniversidad\/\">Centro de Idiomas<\/a> de CETYS Universidad al 567 37 10, o visitar el sitio web <a href=\"https:\/\/www.cetys.mx\/idiomas\">https:\/\/www.cetys.mx\/idiomas<\/a>, as\u00ed como las distintas redes sociales de la instituci\u00f3n.<\/p>\n","protected":false},"excerpt":{"rendered":"<p>Con el objetivo de capacitar a enfermeros de la regi\u00f3n en herramientas de vocabulario y terminolog\u00eda en el idioma ingl\u00e9s, CETYS Universidad&#8230;<\/p>\n","protected":false},"author":20,"featured_media":129787,"comment_status":"open","ping_status":"closed","sticky":false,"template":"","format":"standard","meta":{"footnotes":""},"categories":[133,241,125,109,313],"tags":[3614],"class_list":["post-129786","post","type-post","status-publish","format-standard","has-post-thumbnail","hentry","category-campus-mexicali","category-educacion-continua","category-portada","category-vinculacion","category-vocetys-2","tag-vocetys-2019-05-21","univesidades-capacitacion-a-enfermeros","univesidades-centro-de-idiomas","univesidades-el-centro-regional-medical-center"],"yoast_head":"<!-- This site is optimized with the Yoast SEO plugin v27.4 - https:\/\/yoast.com\/product\/yoast-seo-wordpress\/ -->\n<title>Capacitar\u00e1n a enfermeros mexicanos para ejercer en California: CETYS Universidad y El Centro Regional Medical Center - CETYS<\/title>\n<meta name=\"description\" content=\"Articulo sobre Capacitar\u00e1n a enfermeros mexicanos para ejercer en California: CETYS Universidad y El Centro Regional Medical Center\" \/>\n<meta name=\"robots\" content=\"index, follow, max-snippet:-1, max-image-preview:large, max-video-preview:-1\" \/>\n<link rel=\"canonical\" href=\"https:\/\/www.cetys.mx\/noticias\/capacitaran-a-enfermeros-mexicanos-para-ejercer-en-california-cetys-universidad-y-el-centro-regional-medical-center\/\" \/>\n<meta property=\"og:locale\" content=\"es_MX\" \/>\n<meta property=\"og:type\" content=\"article\" \/>\n<meta property=\"og:title\" content=\"Capacitar\u00e1n a enfermeros mexicanos para ejercer en California: CETYS Universidad y El Centro Regional Medical Center - CETYS\" \/>\n<meta property=\"og:description\" content=\"Articulo sobre Capacitar\u00e1n a enfermeros mexicanos para ejercer en California: CETYS Universidad y El Centro Regional Medical Center\" \/>\n<meta property=\"og:url\" content=\"https:\/\/www.cetys.mx\/noticias\/capacitaran-a-enfermeros-mexicanos-para-ejercer-en-california-cetys-universidad-y-el-centro-regional-medical-center\/\" \/>\n<meta property=\"og:site_name\" content=\"CETYS\" \/>\n<meta property=\"article:publisher\" content=\"https:\/\/www.facebook.com\/cetysuniversidadmxl\/\" \/>\n<meta property=\"article:published_time\" content=\"2019-05-16T00:07:52+00:00\" \/>\n<meta property=\"article:modified_time\" content=\"2020-03-17T19:38:47+00:00\" \/>\n<meta property=\"og:image\" content=\"https:\/\/www.cetys.mx\/noticias\/wp-content\/uploads\/2019\/05\/CETYS-ECRMC.jpg\" \/>\n\t<meta property=\"og:image:width\" content=\"958\" \/>\n\t<meta property=\"og:image:height\" content=\"637\" \/>\n\t<meta property=\"og:image:type\" content=\"image\/jpeg\" \/>\n<meta name=\"author\" content=\"Campus Mexicali\" \/>\n<meta name=\"twitter:card\" content=\"summary_large_image\" \/>\n<meta name=\"twitter:creator\" content=\"@cetysuni\" \/>\n<meta name=\"twitter:site\" content=\"@cetysuni\" \/>\n<meta name=\"twitter:label1\" content=\"Escrito por\" \/>\n\t<meta name=\"twitter:data1\" content=\"Campus Mexicali\" \/>\n\t<meta name=\"twitter:label2\" content=\"Tiempo de lectura\" \/>\n\t<meta name=\"twitter:data2\" content=\"3 minutos\" \/>\n<script type=\"application\/ld+json\" class=\"yoast-schema-graph\">{\"@context\":\"https:\\\/\\\/schema.org\",\"@graph\":[{\"@type\":\"Article\",\"@id\":\"https:\\\/\\\/www.cetys.mx\\\/noticias\\\/capacitaran-a-enfermeros-mexicanos-para-ejercer-en-california-cetys-universidad-y-el-centro-regional-medical-center\\\/#article\",\"isPartOf\":{\"@id\":\"https:\\\/\\\/www.cetys.mx\\\/noticias\\\/capacitaran-a-enfermeros-mexicanos-para-ejercer-en-california-cetys-universidad-y-el-centro-regional-medical-center\\\/\"},\"author\":{\"name\":\"Campus Mexicali\",\"@id\":\"https:\\\/\\\/www.cetys.mx\\\/noticias\\\/#\\\/schema\\\/person\\\/79a95c4ac185f3705cf1b9c9340a5f70\"},\"headline\":\"Capacitar\u00e1n a enfermeros mexicanos para ejercer en California: CETYS Universidad y El Centro Regional Medical Center\",\"datePublished\":\"2019-05-16T00:07:52+00:00\",\"dateModified\":\"2020-03-17T19:38:47+00:00\",\"mainEntityOfPage\":{\"@id\":\"https:\\\/\\\/www.cetys.mx\\\/noticias\\\/capacitaran-a-enfermeros-mexicanos-para-ejercer-en-california-cetys-universidad-y-el-centro-regional-medical-center\\\/\"},\"wordCount\":564,\"commentCount\":0,\"image\":{\"@id\":\"https:\\\/\\\/www.cetys.mx\\\/noticias\\\/capacitaran-a-enfermeros-mexicanos-para-ejercer-en-california-cetys-universidad-y-el-centro-regional-medical-center\\\/#primaryimage\"},\"thumbnailUrl\":\"https:\\\/\\\/www.cetys.mx\\\/noticias\\\/wp-content\\\/uploads\\\/2019\\\/05\\\/CETYS-ECRMC.jpg\",\"keywords\":[\"vocetys-2019-05-21\"],\"articleSection\":[\"Campus Mexicali\",\"Educaci\u00f3n Continua\",\"Portada\",\"Vinculaci\u00f3n\",\"VoCETYS\"],\"inLanguage\":\"es\",\"potentialAction\":[{\"@type\":\"CommentAction\",\"name\":\"Comment\",\"target\":[\"https:\\\/\\\/www.cetys.mx\\\/noticias\\\/capacitaran-a-enfermeros-mexicanos-para-ejercer-en-california-cetys-universidad-y-el-centro-regional-medical-center\\\/#respond\"]}]},{\"@type\":\"WebPage\",\"@id\":\"https:\\\/\\\/www.cetys.mx\\\/noticias\\\/capacitaran-a-enfermeros-mexicanos-para-ejercer-en-california-cetys-universidad-y-el-centro-regional-medical-center\\\/\",\"url\":\"https:\\\/\\\/www.cetys.mx\\\/noticias\\\/capacitaran-a-enfermeros-mexicanos-para-ejercer-en-california-cetys-universidad-y-el-centro-regional-medical-center\\\/\",\"name\":\"Capacitar\u00e1n a enfermeros mexicanos para ejercer en California: CETYS Universidad y El Centro Regional Medical Center - CETYS\",\"isPartOf\":{\"@id\":\"https:\\\/\\\/www.cetys.mx\\\/noticias\\\/#website\"},\"primaryImageOfPage\":{\"@id\":\"https:\\\/\\\/www.cetys.mx\\\/noticias\\\/capacitaran-a-enfermeros-mexicanos-para-ejercer-en-california-cetys-universidad-y-el-centro-regional-medical-center\\\/#primaryimage\"},\"image\":{\"@id\":\"https:\\\/\\\/www.cetys.mx\\\/noticias\\\/capacitaran-a-enfermeros-mexicanos-para-ejercer-en-california-cetys-universidad-y-el-centro-regional-medical-center\\\/#primaryimage\"},\"thumbnailUrl\":\"https:\\\/\\\/www.cetys.mx\\\/noticias\\\/wp-content\\\/uploads\\\/2019\\\/05\\\/CETYS-ECRMC.jpg\",\"datePublished\":\"2019-05-16T00:07:52+00:00\",\"dateModified\":\"2020-03-17T19:38:47+00:00\",\"author\":{\"@id\":\"https:\\\/\\\/www.cetys.mx\\\/noticias\\\/#\\\/schema\\\/person\\\/79a95c4ac185f3705cf1b9c9340a5f70\"},\"description\":\"Articulo sobre Capacitar\u00e1n a enfermeros mexicanos para ejercer en California: CETYS Universidad y El Centro Regional Medical Center\",\"breadcrumb\":{\"@id\":\"https:\\\/\\\/www.cetys.mx\\\/noticias\\\/capacitaran-a-enfermeros-mexicanos-para-ejercer-en-california-cetys-universidad-y-el-centro-regional-medical-center\\\/#breadcrumb\"},\"inLanguage\":\"es\",\"potentialAction\":[{\"@type\":\"ReadAction\",\"target\":[\"https:\\\/\\\/www.cetys.mx\\\/noticias\\\/capacitaran-a-enfermeros-mexicanos-para-ejercer-en-california-cetys-universidad-y-el-centro-regional-medical-center\\\/\"]}]},{\"@type\":\"ImageObject\",\"inLanguage\":\"es\",\"@id\":\"https:\\\/\\\/www.cetys.mx\\\/noticias\\\/capacitaran-a-enfermeros-mexicanos-para-ejercer-en-california-cetys-universidad-y-el-centro-regional-medical-center\\\/#primaryimage\",\"url\":\"https:\\\/\\\/www.cetys.mx\\\/noticias\\\/wp-content\\\/uploads\\\/2019\\\/05\\\/CETYS-ECRMC.jpg\",\"contentUrl\":\"https:\\\/\\\/www.cetys.mx\\\/noticias\\\/wp-content\\\/uploads\\\/2019\\\/05\\\/CETYS-ECRMC.jpg\",\"width\":958,\"height\":637},{\"@type\":\"BreadcrumbList\",\"@id\":\"https:\\\/\\\/www.cetys.mx\\\/noticias\\\/capacitaran-a-enfermeros-mexicanos-para-ejercer-en-california-cetys-universidad-y-el-centro-regional-medical-center\\\/#breadcrumb\",\"itemListElement\":[{\"@type\":\"ListItem\",\"position\":1,\"name\":\"Inicio\",\"item\":\"https:\\\/\\\/www.cetys.mx\\\/noticias\\\/\"},{\"@type\":\"ListItem\",\"position\":2,\"name\":\"Capacitar\u00e1n a enfermeros mexicanos para ejercer en California: CETYS Universidad y El Centro Regional Medical Center\"}]},{\"@type\":\"WebSite\",\"@id\":\"https:\\\/\\\/www.cetys.mx\\\/noticias\\\/#website\",\"url\":\"https:\\\/\\\/www.cetys.mx\\\/noticias\\\/\",\"name\":\"CETYS\",\"description\":\"\",\"potentialAction\":[{\"@type\":\"SearchAction\",\"target\":{\"@type\":\"EntryPoint\",\"urlTemplate\":\"https:\\\/\\\/www.cetys.mx\\\/noticias\\\/?s={search_term_string}\"},\"query-input\":{\"@type\":\"PropertyValueSpecification\",\"valueRequired\":true,\"valueName\":\"search_term_string\"}}],\"inLanguage\":\"es\"},{\"@type\":\"Person\",\"@id\":\"https:\\\/\\\/www.cetys.mx\\\/noticias\\\/#\\\/schema\\\/person\\\/79a95c4ac185f3705cf1b9c9340a5f70\",\"name\":\"Campus Mexicali\",\"url\":\"https:\\\/\\\/www.cetys.mx\\\/noticias\\\/author\\\/campusmexicali\\\/\"}]}<\/script>\n<!-- \/ Yoast SEO plugin. -->","yoast_head_json":{"title":"Capacitar\u00e1n a enfermeros mexicanos para ejercer en California: CETYS Universidad y El Centro Regional Medical Center - CETYS","description":"Articulo sobre Capacitar\u00e1n a enfermeros mexicanos para ejercer en California: CETYS Universidad y El Centro Regional Medical Center","robots":{"index":"index","follow":"follow","max-snippet":"max-snippet:-1","max-image-preview":"max-image-preview:large","max-video-preview":"max-video-preview:-1"},"canonical":"https:\/\/www.cetys.mx\/noticias\/capacitaran-a-enfermeros-mexicanos-para-ejercer-en-california-cetys-universidad-y-el-centro-regional-medical-center\/","og_locale":"es_MX","og_type":"article","og_title":"Capacitar\u00e1n a enfermeros mexicanos para ejercer en California: CETYS Universidad y El Centro Regional Medical Center - CETYS","og_description":"Articulo sobre Capacitar\u00e1n a enfermeros mexicanos para ejercer en California: CETYS Universidad y El Centro Regional Medical Center","og_url":"https:\/\/www.cetys.mx\/noticias\/capacitaran-a-enfermeros-mexicanos-para-ejercer-en-california-cetys-universidad-y-el-centro-regional-medical-center\/","og_site_name":"CETYS","article_publisher":"https:\/\/www.facebook.com\/cetysuniversidadmxl\/","article_published_time":"2019-05-16T00:07:52+00:00","article_modified_time":"2020-03-17T19:38:47+00:00","og_image":[{"width":958,"height":637,"url":"https:\/\/www.cetys.mx\/noticias\/wp-content\/uploads\/2019\/05\/CETYS-ECRMC.jpg","type":"image\/jpeg"}],"author":"Campus Mexicali","twitter_card":"summary_large_image","twitter_creator":"@cetysuni","twitter_site":"@cetysuni","twitter_misc":{"Escrito por":"Campus Mexicali","Tiempo de lectura":"3 minutos"},"schema":{"@context":"https:\/\/schema.org","@graph":[{"@type":"Article","@id":"https:\/\/www.cetys.mx\/noticias\/capacitaran-a-enfermeros-mexicanos-para-ejercer-en-california-cetys-universidad-y-el-centro-regional-medical-center\/#article","isPartOf":{"@id":"https:\/\/www.cetys.mx\/noticias\/capacitaran-a-enfermeros-mexicanos-para-ejercer-en-california-cetys-universidad-y-el-centro-regional-medical-center\/"},"author":{"name":"Campus Mexicali","@id":"https:\/\/www.cetys.mx\/noticias\/#\/schema\/person\/79a95c4ac185f3705cf1b9c9340a5f70"},"headline":"Capacitar\u00e1n a enfermeros mexicanos para ejercer en California: CETYS Universidad y El Centro Regional Medical Center","datePublished":"2019-05-16T00:07:52+00:00","dateModified":"2020-03-17T19:38:47+00:00","mainEntityOfPage":{"@id":"https:\/\/www.cetys.mx\/noticias\/capacitaran-a-enfermeros-mexicanos-para-ejercer-en-california-cetys-universidad-y-el-centro-regional-medical-center\/"},"wordCount":564,"commentCount":0,"image":{"@id":"https:\/\/www.cetys.mx\/noticias\/capacitaran-a-enfermeros-mexicanos-para-ejercer-en-california-cetys-universidad-y-el-centro-regional-medical-center\/#primaryimage"},"thumbnailUrl":"https:\/\/www.cetys.mx\/noticias\/wp-content\/uploads\/2019\/05\/CETYS-ECRMC.jpg","keywords":["vocetys-2019-05-21"],"articleSection":["Campus Mexicali","Educaci\u00f3n Continua","Portada","Vinculaci\u00f3n","VoCETYS"],"inLanguage":"es","potentialAction":[{"@type":"CommentAction","name":"Comment","target":["https:\/\/www.cetys.mx\/noticias\/capacitaran-a-enfermeros-mexicanos-para-ejercer-en-california-cetys-universidad-y-el-centro-regional-medical-center\/#respond"]}]},{"@type":"WebPage","@id":"https:\/\/www.cetys.mx\/noticias\/capacitaran-a-enfermeros-mexicanos-para-ejercer-en-california-cetys-universidad-y-el-centro-regional-medical-center\/","url":"https:\/\/www.cetys.mx\/noticias\/capacitaran-a-enfermeros-mexicanos-para-ejercer-en-california-cetys-universidad-y-el-centro-regional-medical-center\/","name":"Capacitar\u00e1n a enfermeros mexicanos para ejercer en California: CETYS Universidad y El Centro Regional Medical Center - CETYS","isPartOf":{"@id":"https:\/\/www.cetys.mx\/noticias\/#website"},"primaryImageOfPage":{"@id":"https:\/\/www.cetys.mx\/noticias\/capacitaran-a-enfermeros-mexicanos-para-ejercer-en-california-cetys-universidad-y-el-centro-regional-medical-center\/#primaryimage"},"image":{"@id":"https:\/\/www.cetys.mx\/noticias\/capacitaran-a-enfermeros-mexicanos-para-ejercer-en-california-cetys-universidad-y-el-centro-regional-medical-center\/#primaryimage"},"thumbnailUrl":"https:\/\/www.cetys.mx\/noticias\/wp-content\/uploads\/2019\/05\/CETYS-ECRMC.jpg","datePublished":"2019-05-16T00:07:52+00:00","dateModified":"2020-03-17T19:38:47+00:00","author":{"@id":"https:\/\/www.cetys.mx\/noticias\/#\/schema\/person\/79a95c4ac185f3705cf1b9c9340a5f70"},"description":"Articulo sobre Capacitar\u00e1n a enfermeros mexicanos para ejercer en California: CETYS Universidad y El Centro Regional Medical Center","breadcrumb":{"@id":"https:\/\/www.cetys.mx\/noticias\/capacitaran-a-enfermeros-mexicanos-para-ejercer-en-california-cetys-universidad-y-el-centro-regional-medical-center\/#breadcrumb"},"inLanguage":"es","potentialAction":[{"@type":"ReadAction","target":["https:\/\/www.cetys.mx\/noticias\/capacitaran-a-enfermeros-mexicanos-para-ejercer-en-california-cetys-universidad-y-el-centro-regional-medical-center\/"]}]},{"@type":"ImageObject","inLanguage":"es","@id":"https:\/\/www.cetys.mx\/noticias\/capacitaran-a-enfermeros-mexicanos-para-ejercer-en-california-cetys-universidad-y-el-centro-regional-medical-center\/#primaryimage","url":"https:\/\/www.cetys.mx\/noticias\/wp-content\/uploads\/2019\/05\/CETYS-ECRMC.jpg","contentUrl":"https:\/\/www.cetys.mx\/noticias\/wp-content\/uploads\/2019\/05\/CETYS-ECRMC.jpg","width":958,"height":637},{"@type":"BreadcrumbList","@id":"https:\/\/www.cetys.mx\/noticias\/capacitaran-a-enfermeros-mexicanos-para-ejercer-en-california-cetys-universidad-y-el-centro-regional-medical-center\/#breadcrumb","itemListElement":[{"@type":"ListItem","position":1,"name":"Inicio","item":"https:\/\/www.cetys.mx\/noticias\/"},{"@type":"ListItem","position":2,"name":"Capacitar\u00e1n a enfermeros mexicanos para ejercer en California: CETYS Universidad y El Centro Regional Medical Center"}]},{"@type":"WebSite","@id":"https:\/\/www.cetys.mx\/noticias\/#website","url":"https:\/\/www.cetys.mx\/noticias\/","name":"CETYS","description":"","potentialAction":[{"@type":"SearchAction","target":{"@type":"EntryPoint","urlTemplate":"https:\/\/www.cetys.mx\/noticias\/?s={search_term_string}"},"query-input":{"@type":"PropertyValueSpecification","valueRequired":true,"valueName":"search_term_string"}}],"inLanguage":"es"},{"@type":"Person","@id":"https:\/\/www.cetys.mx\/noticias\/#\/schema\/person\/79a95c4ac185f3705cf1b9c9340a5f70","name":"Campus Mexicali","url":"https:\/\/www.cetys.mx\/noticias\/author\/campusmexicali\/"}]}},"_links":{"self":[{"href":"https:\/\/www.cetys.mx\/noticias\/wp-json\/wp\/v2\/posts\/129786","targetHints":{"allow":["GET"]}}],"collection":[{"href":"https:\/\/www.cetys.mx\/noticias\/wp-json\/wp\/v2\/posts"}],"about":[{"href":"https:\/\/www.cetys.mx\/noticias\/wp-json\/wp\/v2\/types\/post"}],"author":[{"embeddable":true,"href":"https:\/\/www.cetys.mx\/noticias\/wp-json\/wp\/v2\/users\/20"}],"replies":[{"embeddable":true,"href":"https:\/\/www.cetys.mx\/noticias\/wp-json\/wp\/v2\/comments?post=129786"}],"version-history":[{"count":0,"href":"https:\/\/www.cetys.mx\/noticias\/wp-json\/wp\/v2\/posts\/129786\/revisions"}],"wp:featuredmedia":[{"embeddable":true,"href":"https:\/\/www.cetys.mx\/noticias\/wp-json\/wp\/v2\/media\/129787"}],"wp:attachment":[{"href":"https:\/\/www.cetys.mx\/noticias\/wp-json\/wp\/v2\/media?parent=129786"}],"wp:term":[{"taxonomy":"category","embeddable":true,"href":"https:\/\/www.cetys.mx\/noticias\/wp-json\/wp\/v2\/categories?post=129786"},{"taxonomy":"post_tag","embeddable":true,"href":"https:\/\/www.cetys.mx\/noticias\/wp-json\/wp\/v2\/tags?post=129786"}],"curies":[{"name":"wp","href":"https:\/\/api.w.org\/{rel}","templated":true}]}}