{"id":129777,"date":"2019-05-15T15:44:07","date_gmt":"2019-05-15T22:44:07","guid":{"rendered":"https:\/\/www.cetys.mx\/noticias\/?p=129777"},"modified":"2019-05-15T19:04:12","modified_gmt":"2019-05-16T02:04:12","slug":"excelencia-docente-cetys-reflejo-del-compromiso-por-la-alta-calidad-academica-en-mexico","status":"publish","type":"post","link":"https:\/\/www.cetys.mx\/noticias\/excelencia-docente-cetys-reflejo-del-compromiso-por-la-alta-calidad-academica-en-mexico\/","title":{"rendered":"Excelencia docente CETYS, reflejo del compromiso por la alta calidad acad\u00e9mica en M\u00e9xico"},"content":{"rendered":"<p><span style=\"font-weight: 400;\">El profesorado de <strong>CETYS<\/strong> est\u00e1 incursionando en modalidades educativas que no estaban hace 5 a\u00f1os. Hoy se habla de cursos en l\u00ednea, modalidad presencial, cursos a distancia, estos son algunos aspectos que el<strong> Dr. Alberto G\u00e1rate Rivera<\/strong>, <em>Vicerrector Acad\u00e9mico del Sistema CETYS<\/em> destac\u00f3 en la celebraci\u00f3n del D\u00eda del Maestro en el<strong> campus Tijuana.<\/strong><\/span><\/p>\n<p>&nbsp;<\/p>\n<p><span style=\"font-weight: 400;\">El <strong>Doctor G\u00e1rate Rivera<\/strong>, quien asisti\u00f3 en representaci\u00f3n del <em>Rector de CETYS<\/em>, <strong>Dr. Fernando Le\u00f3n Garc\u00eda<\/strong>, dijo ante la presencia de docentes de todos los niveles educativos que: <\/span><span style=\"font-weight: 400;\">\u201c<em>nuestra tarea es explicar a los estudiantes con claridad, y as\u00ed orientarlos a la nueva Visi\u00f3n del <strong>CETYS<\/strong> 2036, Y que esto se traduzca en competitividad global de una forma integral, inclusiva e innovadora\u201d.<\/em><\/span><\/p>\n<p>&nbsp;<\/p>\n<p><span style=\"font-weight: 400;\">Los docentes de <strong>CETYS Universidad<\/strong> han asumido el compromiso de ense\u00f1ar a nuestros alumnos, no s\u00f3lo las habilidades t\u00e9cnicas para desarrollarse en el \u00e1mbito laboral y profesional, si no tambi\u00e9n fomentar en ellos el desarrollo de las <\/span><i><span style=\"font-weight: 400;\">habilidades blandas, <\/span><\/i><span style=\"font-weight: 400;\">aquellas que los ayudar\u00e1n<\/span> <span style=\"font-weight: 400;\">a trabajar en equipo, comunicarse efectivamente y solucionar problemas que respondan a las necesidades actuales y futuras de los empleos en el que se desenvuelvan, explic\u00f3.<\/span><\/p>\n<p>&nbsp;<\/p>\n<blockquote><p><span style=\"font-weight: 400;\">\u201cHoy es el d\u00eda m\u00e1s importante que celebra CETYS, Ustedes, adem\u00e1s de ser grandes investigadores son grandes docentes, se entregan en el aula a favor del que queremos que aprenda\u201d, expres\u00f3 la <strong>Mtra. Jessica Ibarra Ramonet<\/strong>, <em>Directora en Zona Costa de CETYS Universidad.<\/em><\/span><\/p><\/blockquote>\n<p><span style=\"font-weight: 400;\"><strong>Ibarra Ramonet<\/strong> dio las gracias por su ejemplo y compromiso por la alta calidad acad\u00e9mica, e invit\u00f3 a los docentes seguir motivando a los estudiantes a ser l\u00edderes. <\/span><\/p>\n<p><span style=\"font-weight: 400;\">La excelencia educativa de los docentes de <strong>CETYS Universidad<\/strong> se ha visto reflejada, entre otras cosas, en su visi\u00f3n global y constante actualizaci\u00f3n. A<\/span><span style=\"font-weight: 400;\"> trav\u00e9s de su participaci\u00f3n en eventos y programas internacionales fuera del aula, viven experiencias que les brindan una perspectiva diferente del mundo, aprenden de mejores pr\u00e1cticas y <\/span><span style=\"font-weight: 400;\">brindan un alto nivel de competitividad y posicionamiento tanto a los alumnos como a la instituci\u00f3n.<\/span><\/p>\n<p><span style=\"font-weight: 400;\">La instituci\u00f3n celebr\u00f3 y agradeci\u00f3 el esfuerzo que realizan d\u00eda a d\u00eda en las aulas con un desayuno. Se entregaron reconocimientos a los docentes mejores evaluados durante el 2018 y a los maestros jubilados. A la fecha, el equipo de trabajo est\u00e1 conformado por 366 docentes en Tijuana, a nivel sistema 73% de ellos cuenta con un grado de Doctorado<\/span><\/p>\n","protected":false},"excerpt":{"rendered":"<p>El profesorado de CETYS est\u00e1 incursionando en modalidades educativas que no estaban hace 5 a\u00f1os. Hoy se habla de cursos en l\u00ednea,&#8230;<\/p>\n","protected":false},"author":24,"featured_media":129780,"comment_status":"open","ping_status":"closed","sticky":false,"template":"","format":"standard","meta":{"footnotes":""},"categories":[134,125,306,1710,299,313],"tags":[297,168,342,3581,3582],"class_list":["post-129777","post","type-post","status-publish","format-standard","has-post-thumbnail","hentry","category-campus-tijuana","category-portada","category-profesional","category-profesorado","category-sistema","category-vocetys-2","tag-campus-tijuana","tag-cetys-universidad","tag-liderazgo","tag-vocetys-2019-05-16","tag-vocetys-top-2019-05-16"],"yoast_head":"<!-- This site is optimized with the Yoast SEO plugin v27.4 - https:\/\/yoast.com\/product\/yoast-seo-wordpress\/ -->\n<title>Excelencia docente CETYS, reflejo del compromiso por la alta calidad acad\u00e9mica en M\u00e9xico - CETYS<\/title>\n<meta name=\"description\" content=\"La excelencia educativa de los docentes de CETYS Universidad se ve reflejada en su visi\u00f3n global y constante actualizaci\u00f3n.\" \/>\n<meta name=\"robots\" content=\"index, follow, max-snippet:-1, max-image-preview:large, max-video-preview:-1\" \/>\n<link rel=\"canonical\" href=\"https:\/\/www.cetys.mx\/noticias\/excelencia-docente-cetys-reflejo-del-compromiso-por-la-alta-calidad-academica-en-mexico\/\" \/>\n<meta property=\"og:locale\" content=\"es_MX\" \/>\n<meta property=\"og:type\" content=\"article\" \/>\n<meta property=\"og:title\" content=\"Excelencia docente CETYS, reflejo del compromiso por la alta calidad acad\u00e9mica en M\u00e9xico - CETYS\" \/>\n<meta property=\"og:description\" content=\"La excelencia educativa de los docentes de CETYS Universidad se ve reflejada en su visi\u00f3n global y constante actualizaci\u00f3n.\" \/>\n<meta property=\"og:url\" content=\"https:\/\/www.cetys.mx\/noticias\/excelencia-docente-cetys-reflejo-del-compromiso-por-la-alta-calidad-academica-en-mexico\/\" \/>\n<meta property=\"og:site_name\" content=\"CETYS\" \/>\n<meta property=\"article:publisher\" content=\"https:\/\/www.facebook.com\/cetysuniversidadmxl\/\" \/>\n<meta property=\"article:published_time\" content=\"2019-05-15T22:44:07+00:00\" \/>\n<meta property=\"article:modified_time\" content=\"2019-05-16T02:04:12+00:00\" \/>\n<meta property=\"og:image\" content=\"https:\/\/www.cetys.mx\/noticias\/wp-content\/uploads\/2019\/05\/maestros-que-recibieron-reconocimiento.jpg\" \/>\n\t<meta property=\"og:image:width\" content=\"1200\" \/>\n\t<meta property=\"og:image:height\" content=\"797\" \/>\n\t<meta property=\"og:image:type\" content=\"image\/jpeg\" \/>\n<meta name=\"author\" content=\"Campus Tijuana\" \/>\n<meta name=\"twitter:card\" content=\"summary_large_image\" \/>\n<meta name=\"twitter:creator\" content=\"@cetysuni\" \/>\n<meta name=\"twitter:site\" content=\"@cetysuni\" \/>\n<meta name=\"twitter:label1\" content=\"Escrito por\" \/>\n\t<meta name=\"twitter:data1\" content=\"Campus Tijuana\" \/>\n\t<meta name=\"twitter:label2\" content=\"Tiempo de lectura\" \/>\n\t<meta name=\"twitter:data2\" content=\"2 minutos\" \/>\n<script type=\"application\/ld+json\" class=\"yoast-schema-graph\">{\"@context\":\"https:\\\/\\\/schema.org\",\"@graph\":[{\"@type\":\"Article\",\"@id\":\"https:\\\/\\\/www.cetys.mx\\\/noticias\\\/excelencia-docente-cetys-reflejo-del-compromiso-por-la-alta-calidad-academica-en-mexico\\\/#article\",\"isPartOf\":{\"@id\":\"https:\\\/\\\/www.cetys.mx\\\/noticias\\\/excelencia-docente-cetys-reflejo-del-compromiso-por-la-alta-calidad-academica-en-mexico\\\/\"},\"author\":{\"name\":\"Campus Tijuana\",\"@id\":\"https:\\\/\\\/www.cetys.mx\\\/noticias\\\/#\\\/schema\\\/person\\\/e790051ce60e18ae47cfa87011c8653f\"},\"headline\":\"Excelencia docente CETYS, reflejo del compromiso por la alta calidad acad\u00e9mica en M\u00e9xico\",\"datePublished\":\"2019-05-15T22:44:07+00:00\",\"dateModified\":\"2019-05-16T02:04:12+00:00\",\"mainEntityOfPage\":{\"@id\":\"https:\\\/\\\/www.cetys.mx\\\/noticias\\\/excelencia-docente-cetys-reflejo-del-compromiso-por-la-alta-calidad-academica-en-mexico\\\/\"},\"wordCount\":426,\"commentCount\":0,\"image\":{\"@id\":\"https:\\\/\\\/www.cetys.mx\\\/noticias\\\/excelencia-docente-cetys-reflejo-del-compromiso-por-la-alta-calidad-academica-en-mexico\\\/#primaryimage\"},\"thumbnailUrl\":\"https:\\\/\\\/www.cetys.mx\\\/noticias\\\/wp-content\\\/uploads\\\/2019\\\/05\\\/maestros-que-recibieron-reconocimiento.jpg\",\"keywords\":[\"Campus Tijuana\",\"CETYS Universidad\",\"liderazgo\",\"VOCETYS-2019-05-16\",\"VOCETYS-TOP-2019-05-16\"],\"articleSection\":[\"Campus Tijuana\",\"Portada\",\"Profesional\",\"Profesorado\",\"Sistema\",\"VoCETYS\"],\"inLanguage\":\"es\",\"potentialAction\":[{\"@type\":\"CommentAction\",\"name\":\"Comment\",\"target\":[\"https:\\\/\\\/www.cetys.mx\\\/noticias\\\/excelencia-docente-cetys-reflejo-del-compromiso-por-la-alta-calidad-academica-en-mexico\\\/#respond\"]}]},{\"@type\":\"WebPage\",\"@id\":\"https:\\\/\\\/www.cetys.mx\\\/noticias\\\/excelencia-docente-cetys-reflejo-del-compromiso-por-la-alta-calidad-academica-en-mexico\\\/\",\"url\":\"https:\\\/\\\/www.cetys.mx\\\/noticias\\\/excelencia-docente-cetys-reflejo-del-compromiso-por-la-alta-calidad-academica-en-mexico\\\/\",\"name\":\"Excelencia docente CETYS, reflejo del compromiso por la alta calidad acad\u00e9mica en M\u00e9xico - CETYS\",\"isPartOf\":{\"@id\":\"https:\\\/\\\/www.cetys.mx\\\/noticias\\\/#website\"},\"primaryImageOfPage\":{\"@id\":\"https:\\\/\\\/www.cetys.mx\\\/noticias\\\/excelencia-docente-cetys-reflejo-del-compromiso-por-la-alta-calidad-academica-en-mexico\\\/#primaryimage\"},\"image\":{\"@id\":\"https:\\\/\\\/www.cetys.mx\\\/noticias\\\/excelencia-docente-cetys-reflejo-del-compromiso-por-la-alta-calidad-academica-en-mexico\\\/#primaryimage\"},\"thumbnailUrl\":\"https:\\\/\\\/www.cetys.mx\\\/noticias\\\/wp-content\\\/uploads\\\/2019\\\/05\\\/maestros-que-recibieron-reconocimiento.jpg\",\"datePublished\":\"2019-05-15T22:44:07+00:00\",\"dateModified\":\"2019-05-16T02:04:12+00:00\",\"author\":{\"@id\":\"https:\\\/\\\/www.cetys.mx\\\/noticias\\\/#\\\/schema\\\/person\\\/e790051ce60e18ae47cfa87011c8653f\"},\"description\":\"La excelencia educativa de los docentes de CETYS Universidad se ve reflejada en su visi\u00f3n global y constante actualizaci\u00f3n.\",\"breadcrumb\":{\"@id\":\"https:\\\/\\\/www.cetys.mx\\\/noticias\\\/excelencia-docente-cetys-reflejo-del-compromiso-por-la-alta-calidad-academica-en-mexico\\\/#breadcrumb\"},\"inLanguage\":\"es\",\"potentialAction\":[{\"@type\":\"ReadAction\",\"target\":[\"https:\\\/\\\/www.cetys.mx\\\/noticias\\\/excelencia-docente-cetys-reflejo-del-compromiso-por-la-alta-calidad-academica-en-mexico\\\/\"]}]},{\"@type\":\"ImageObject\",\"inLanguage\":\"es\",\"@id\":\"https:\\\/\\\/www.cetys.mx\\\/noticias\\\/excelencia-docente-cetys-reflejo-del-compromiso-por-la-alta-calidad-academica-en-mexico\\\/#primaryimage\",\"url\":\"https:\\\/\\\/www.cetys.mx\\\/noticias\\\/wp-content\\\/uploads\\\/2019\\\/05\\\/maestros-que-recibieron-reconocimiento.jpg\",\"contentUrl\":\"https:\\\/\\\/www.cetys.mx\\\/noticias\\\/wp-content\\\/uploads\\\/2019\\\/05\\\/maestros-que-recibieron-reconocimiento.jpg\",\"width\":1200,\"height\":797},{\"@type\":\"BreadcrumbList\",\"@id\":\"https:\\\/\\\/www.cetys.mx\\\/noticias\\\/excelencia-docente-cetys-reflejo-del-compromiso-por-la-alta-calidad-academica-en-mexico\\\/#breadcrumb\",\"itemListElement\":[{\"@type\":\"ListItem\",\"position\":1,\"name\":\"Inicio\",\"item\":\"https:\\\/\\\/www.cetys.mx\\\/noticias\\\/\"},{\"@type\":\"ListItem\",\"position\":2,\"name\":\"Excelencia docente CETYS, reflejo del compromiso por la alta calidad acad\u00e9mica en M\u00e9xico\"}]},{\"@type\":\"WebSite\",\"@id\":\"https:\\\/\\\/www.cetys.mx\\\/noticias\\\/#website\",\"url\":\"https:\\\/\\\/www.cetys.mx\\\/noticias\\\/\",\"name\":\"CETYS\",\"description\":\"\",\"potentialAction\":[{\"@type\":\"SearchAction\",\"target\":{\"@type\":\"EntryPoint\",\"urlTemplate\":\"https:\\\/\\\/www.cetys.mx\\\/noticias\\\/?s={search_term_string}\"},\"query-input\":{\"@type\":\"PropertyValueSpecification\",\"valueRequired\":true,\"valueName\":\"search_term_string\"}}],\"inLanguage\":\"es\"},{\"@type\":\"Person\",\"@id\":\"https:\\\/\\\/www.cetys.mx\\\/noticias\\\/#\\\/schema\\\/person\\\/e790051ce60e18ae47cfa87011c8653f\",\"name\":\"Campus Tijuana\",\"url\":\"https:\\\/\\\/www.cetys.mx\\\/noticias\\\/author\\\/campustijuana\\\/\"}]}<\/script>\n<!-- \/ Yoast SEO plugin. -->","yoast_head_json":{"title":"Excelencia docente CETYS, reflejo del compromiso por la alta calidad acad\u00e9mica en M\u00e9xico - CETYS","description":"La excelencia educativa de los docentes de CETYS Universidad se ve reflejada en su visi\u00f3n global y constante actualizaci\u00f3n.","robots":{"index":"index","follow":"follow","max-snippet":"max-snippet:-1","max-image-preview":"max-image-preview:large","max-video-preview":"max-video-preview:-1"},"canonical":"https:\/\/www.cetys.mx\/noticias\/excelencia-docente-cetys-reflejo-del-compromiso-por-la-alta-calidad-academica-en-mexico\/","og_locale":"es_MX","og_type":"article","og_title":"Excelencia docente CETYS, reflejo del compromiso por la alta calidad acad\u00e9mica en M\u00e9xico - CETYS","og_description":"La excelencia educativa de los docentes de CETYS Universidad se ve reflejada en su visi\u00f3n global y constante actualizaci\u00f3n.","og_url":"https:\/\/www.cetys.mx\/noticias\/excelencia-docente-cetys-reflejo-del-compromiso-por-la-alta-calidad-academica-en-mexico\/","og_site_name":"CETYS","article_publisher":"https:\/\/www.facebook.com\/cetysuniversidadmxl\/","article_published_time":"2019-05-15T22:44:07+00:00","article_modified_time":"2019-05-16T02:04:12+00:00","og_image":[{"width":1200,"height":797,"url":"https:\/\/www.cetys.mx\/noticias\/wp-content\/uploads\/2019\/05\/maestros-que-recibieron-reconocimiento.jpg","type":"image\/jpeg"}],"author":"Campus Tijuana","twitter_card":"summary_large_image","twitter_creator":"@cetysuni","twitter_site":"@cetysuni","twitter_misc":{"Escrito por":"Campus Tijuana","Tiempo de lectura":"2 minutos"},"schema":{"@context":"https:\/\/schema.org","@graph":[{"@type":"Article","@id":"https:\/\/www.cetys.mx\/noticias\/excelencia-docente-cetys-reflejo-del-compromiso-por-la-alta-calidad-academica-en-mexico\/#article","isPartOf":{"@id":"https:\/\/www.cetys.mx\/noticias\/excelencia-docente-cetys-reflejo-del-compromiso-por-la-alta-calidad-academica-en-mexico\/"},"author":{"name":"Campus Tijuana","@id":"https:\/\/www.cetys.mx\/noticias\/#\/schema\/person\/e790051ce60e18ae47cfa87011c8653f"},"headline":"Excelencia docente CETYS, reflejo del compromiso por la alta calidad acad\u00e9mica en M\u00e9xico","datePublished":"2019-05-15T22:44:07+00:00","dateModified":"2019-05-16T02:04:12+00:00","mainEntityOfPage":{"@id":"https:\/\/www.cetys.mx\/noticias\/excelencia-docente-cetys-reflejo-del-compromiso-por-la-alta-calidad-academica-en-mexico\/"},"wordCount":426,"commentCount":0,"image":{"@id":"https:\/\/www.cetys.mx\/noticias\/excelencia-docente-cetys-reflejo-del-compromiso-por-la-alta-calidad-academica-en-mexico\/#primaryimage"},"thumbnailUrl":"https:\/\/www.cetys.mx\/noticias\/wp-content\/uploads\/2019\/05\/maestros-que-recibieron-reconocimiento.jpg","keywords":["Campus Tijuana","CETYS Universidad","liderazgo","VOCETYS-2019-05-16","VOCETYS-TOP-2019-05-16"],"articleSection":["Campus Tijuana","Portada","Profesional","Profesorado","Sistema","VoCETYS"],"inLanguage":"es","potentialAction":[{"@type":"CommentAction","name":"Comment","target":["https:\/\/www.cetys.mx\/noticias\/excelencia-docente-cetys-reflejo-del-compromiso-por-la-alta-calidad-academica-en-mexico\/#respond"]}]},{"@type":"WebPage","@id":"https:\/\/www.cetys.mx\/noticias\/excelencia-docente-cetys-reflejo-del-compromiso-por-la-alta-calidad-academica-en-mexico\/","url":"https:\/\/www.cetys.mx\/noticias\/excelencia-docente-cetys-reflejo-del-compromiso-por-la-alta-calidad-academica-en-mexico\/","name":"Excelencia docente CETYS, reflejo del compromiso por la alta calidad acad\u00e9mica en M\u00e9xico - CETYS","isPartOf":{"@id":"https:\/\/www.cetys.mx\/noticias\/#website"},"primaryImageOfPage":{"@id":"https:\/\/www.cetys.mx\/noticias\/excelencia-docente-cetys-reflejo-del-compromiso-por-la-alta-calidad-academica-en-mexico\/#primaryimage"},"image":{"@id":"https:\/\/www.cetys.mx\/noticias\/excelencia-docente-cetys-reflejo-del-compromiso-por-la-alta-calidad-academica-en-mexico\/#primaryimage"},"thumbnailUrl":"https:\/\/www.cetys.mx\/noticias\/wp-content\/uploads\/2019\/05\/maestros-que-recibieron-reconocimiento.jpg","datePublished":"2019-05-15T22:44:07+00:00","dateModified":"2019-05-16T02:04:12+00:00","author":{"@id":"https:\/\/www.cetys.mx\/noticias\/#\/schema\/person\/e790051ce60e18ae47cfa87011c8653f"},"description":"La excelencia educativa de los docentes de CETYS Universidad se ve reflejada en su visi\u00f3n global y constante actualizaci\u00f3n.","breadcrumb":{"@id":"https:\/\/www.cetys.mx\/noticias\/excelencia-docente-cetys-reflejo-del-compromiso-por-la-alta-calidad-academica-en-mexico\/#breadcrumb"},"inLanguage":"es","potentialAction":[{"@type":"ReadAction","target":["https:\/\/www.cetys.mx\/noticias\/excelencia-docente-cetys-reflejo-del-compromiso-por-la-alta-calidad-academica-en-mexico\/"]}]},{"@type":"ImageObject","inLanguage":"es","@id":"https:\/\/www.cetys.mx\/noticias\/excelencia-docente-cetys-reflejo-del-compromiso-por-la-alta-calidad-academica-en-mexico\/#primaryimage","url":"https:\/\/www.cetys.mx\/noticias\/wp-content\/uploads\/2019\/05\/maestros-que-recibieron-reconocimiento.jpg","contentUrl":"https:\/\/www.cetys.mx\/noticias\/wp-content\/uploads\/2019\/05\/maestros-que-recibieron-reconocimiento.jpg","width":1200,"height":797},{"@type":"BreadcrumbList","@id":"https:\/\/www.cetys.mx\/noticias\/excelencia-docente-cetys-reflejo-del-compromiso-por-la-alta-calidad-academica-en-mexico\/#breadcrumb","itemListElement":[{"@type":"ListItem","position":1,"name":"Inicio","item":"https:\/\/www.cetys.mx\/noticias\/"},{"@type":"ListItem","position":2,"name":"Excelencia docente CETYS, reflejo del compromiso por la alta calidad acad\u00e9mica en M\u00e9xico"}]},{"@type":"WebSite","@id":"https:\/\/www.cetys.mx\/noticias\/#website","url":"https:\/\/www.cetys.mx\/noticias\/","name":"CETYS","description":"","potentialAction":[{"@type":"SearchAction","target":{"@type":"EntryPoint","urlTemplate":"https:\/\/www.cetys.mx\/noticias\/?s={search_term_string}"},"query-input":{"@type":"PropertyValueSpecification","valueRequired":true,"valueName":"search_term_string"}}],"inLanguage":"es"},{"@type":"Person","@id":"https:\/\/www.cetys.mx\/noticias\/#\/schema\/person\/e790051ce60e18ae47cfa87011c8653f","name":"Campus Tijuana","url":"https:\/\/www.cetys.mx\/noticias\/author\/campustijuana\/"}]}},"_links":{"self":[{"href":"https:\/\/www.cetys.mx\/noticias\/wp-json\/wp\/v2\/posts\/129777","targetHints":{"allow":["GET"]}}],"collection":[{"href":"https:\/\/www.cetys.mx\/noticias\/wp-json\/wp\/v2\/posts"}],"about":[{"href":"https:\/\/www.cetys.mx\/noticias\/wp-json\/wp\/v2\/types\/post"}],"author":[{"embeddable":true,"href":"https:\/\/www.cetys.mx\/noticias\/wp-json\/wp\/v2\/users\/24"}],"replies":[{"embeddable":true,"href":"https:\/\/www.cetys.mx\/noticias\/wp-json\/wp\/v2\/comments?post=129777"}],"version-history":[{"count":0,"href":"https:\/\/www.cetys.mx\/noticias\/wp-json\/wp\/v2\/posts\/129777\/revisions"}],"wp:featuredmedia":[{"embeddable":true,"href":"https:\/\/www.cetys.mx\/noticias\/wp-json\/wp\/v2\/media\/129780"}],"wp:attachment":[{"href":"https:\/\/www.cetys.mx\/noticias\/wp-json\/wp\/v2\/media?parent=129777"}],"wp:term":[{"taxonomy":"category","embeddable":true,"href":"https:\/\/www.cetys.mx\/noticias\/wp-json\/wp\/v2\/categories?post=129777"},{"taxonomy":"post_tag","embeddable":true,"href":"https:\/\/www.cetys.mx\/noticias\/wp-json\/wp\/v2\/tags?post=129777"}],"curies":[{"name":"wp","href":"https:\/\/api.w.org\/{rel}","templated":true}]}}