{"id":129341,"date":"2019-05-14T11:35:15","date_gmt":"2019-05-14T18:35:15","guid":{"rendered":"https:\/\/www.cetys.mx\/noticias\/?p=129341"},"modified":"2020-01-13T17:19:41","modified_gmt":"2020-01-14T01:19:41","slug":"en-2020-las-empresas-mexicanas-estaran-obligadas-a-atender-estres-laboral-y-ansiedad-de-sus-trabajadores","status":"publish","type":"post","link":"https:\/\/www.cetys.mx\/noticias\/en-2020-las-empresas-mexicanas-estaran-obligadas-a-atender-estres-laboral-y-ansiedad-de-sus-trabajadores\/","title":{"rendered":"En 2020 las empresas mexicanas estar\u00e1n obligadas a atender estr\u00e9s laboral y ansiedad de sus trabajadores"},"content":{"rendered":"<p align=\"justify\">Con la aprobaci\u00f3n de la Norma Oficial Mexicana\u00a0<a href=\"https:\/\/r20.rs6.net\/tn.jsp?e=001wntkU-jMUiRALF6NupnXBx0RUhPD86b2vEXcVeIH72PbjDfEB75GYkvGOlK8FCOLn6N6J4ghH6Gmixj6mTEZf1ze2FpJZRA2PruJnglkRxeNpWps-sMoIk8nOGzPSRh_9un4AVdAFvqo0eP-YWuHl3YQe6Ov3pbHfJEm_2r2SXtHWvmVgkcfnR9jRk_m8q1v\" target=\"_blank\" rel=\"noopener\" data-saferedirecturl=\"https:\/\/www.google.com\/url?q=https:\/\/r20.rs6.net\/tn.jsp?e%3D001wntkU-jMUiRALF6NupnXBx0RUhPD86b2vEXcVeIH72PbjDfEB75GYkvGOlK8FCOLn6N6J4ghH6Gmixj6mTEZf1ze2FpJZRA2PruJnglkRxeNpWps-sMoIk8nOGzPSRh_9un4AVdAFvqo0eP-YWuHl3YQe6Ov3pbHfJEm_2r2SXtHWvmVgkcfnR9jRk_m8q1v&amp;source=gmail&amp;ust=1557943589250000&amp;usg=AFQjCNEz8dOf0lGdJ-nTE7YsH7q3dUeS4g\">(NOM) 035<\/a> entrar\u00e1 en vigor en el mes de octubre del 2019 a nivel nacional y ser\u00e1 cumplimiento obligatorio hasta octubre de 2020, las peque\u00f1as, medianas y grandes empresas deber\u00e1n atender factores de riesgo psicosociales que padece su personal, como el estr\u00e9s laboral, ansiedad y desequilibrio del sue\u00f1o. Esto para propiciar un entorno organizacional favorable y proteger la salud mental de los trabajadores mexicanos.<\/p>\n<p align=\"justify\">El <strong>Mtro. Arturo Orozco Magall\u00f3n<\/strong>, <em>Coordinador de la Licenciatura de Psicolog\u00eda Organizacional (LPO)<\/em> de <strong>CETYS Universidad Campus Tijuana<\/strong>, explic\u00f3 que la medida obligar\u00e1 a las empresas, no solo a identificar estos factores, sino a atenderlas con medidas de prevenci\u00f3n, acciones de control seguras y confidenciales, con lo que promover\u00e1 un mejor ambiente para los trabajadores.<\/p>\n<blockquote>\n<p align=\"justify\">\u201cSe hace un diagn\u00f3stico, de ese se hace un plan para atacar a todas las \u00e1reas descuidadas y se tiene que llevar a cabo con las acciones. Lo m\u00e1s claro es atender la carga de trabajo, la violencia, la relaci\u00f3n jefe-seguidores es decir un mal liderazgo, incluso el acoso laboral\u201d, especific\u00f3 el especialista de CETYS Universidad.<\/p>\n<\/blockquote>\n<p align=\"justify\">Durante el 2019 las empresas deben identificar estos factores y para finales del 2020 la Secretar\u00eda de Trabajo y Previsi\u00f3n Social (STPS) podr\u00e1 aplicar sanciones de no encontrar que se identificaron estos factores y que fueron atendidos a trav\u00e9s de un plan de acci\u00f3n, advirti\u00f3 el Mtro. Orozco Magall\u00f3n.<\/p>\n<blockquote>\n<p align=\"justify\">\u201cSi t\u00fa tienes a los trabajadores 6 d\u00edas a la semana, tienes que hacer algo porque un d\u00eda no es suficiente para que se recuperen, y entonces les va a preguntar la autoridad \u00bfqu\u00e9 est\u00e1s haciendo por la gente? y tiene que dar respuesta. Ser\u00eda como realizar actividades que atiendan la ansiedad, el estr\u00e9s, los posibles trastornos del sue\u00f1o y sabemos que esos trastornos regularmente vienen por la depresi\u00f3n, as\u00ed que de paso se atiende eso tambi\u00e9n\u201d, a\u00f1adi\u00f3.<\/p>\n<\/blockquote>\n<p align=\"justify\">Actualmente el <em>Coordinador de la LPO<\/em><strong> del Campus Tijuana<\/strong> ha apoyado a algunas empresas de la regi\u00f3n fronteriza interesadas en cumplir con esta medida. Las de mayor personal son las que m\u00e1s requieren atender dichas necesidades.<\/p>\n<p align=\"justify\">Con base en recientes estudios a nivel nacional, 43% de los mexicanos padece de estr\u00e9s laboral y 33% es adicto al trabajo, por lo que la NOM 035 equilibrar\u00e1 la vida laboral y personal de cada integrante de una empresa.<\/p>\n","protected":false},"excerpt":{"rendered":"<p>Actualmente 43% de los mexicanos padece de estr\u00e9s laboral y 33% es adicto al trabajo.<\/p>\n","protected":false},"author":24,"featured_media":129342,"comment_status":"open","ping_status":"closed","sticky":false,"template":"","format":"standard","meta":{"footnotes":""},"categories":[110,134,306,240,313],"tags":[122,297,328,168,176,179,3581,4115],"class_list":["post-129341","post","type-post","status-publish","format-standard","has-post-thumbnail","hentry","category-academia","category-campus-tijuana","category-profesional","category-recursos-humanos","category-vocetys-2","tag-academia","tag-campus-tijuana","tag-campustijuana","tag-cetys-universidad","tag-profesional","tag-psicologia","tag-vocetys-2019-05-16","tag-vocetys-2020-01-16"],"yoast_head":"<!-- This site is optimized with the Yoast SEO plugin v27.4 - https:\/\/yoast.com\/product\/yoast-seo-wordpress\/ -->\n<title>En 2020 las empresas mexicanas estar\u00e1n obligadas a atender estr\u00e9s laboral y ansiedad de sus trabajadores - CETYS<\/title>\n<meta name=\"description\" content=\"Articulo sobre En 2020 las empresas mexicanas estar\u00e1n obligadas a atender estr\u00e9s laboral y ansiedad de sus trabajadores\" \/>\n<meta name=\"robots\" content=\"index, follow, max-snippet:-1, max-image-preview:large, max-video-preview:-1\" \/>\n<link rel=\"canonical\" href=\"https:\/\/www.cetys.mx\/noticias\/en-2020-las-empresas-mexicanas-estaran-obligadas-a-atender-estres-laboral-y-ansiedad-de-sus-trabajadores\/\" \/>\n<meta property=\"og:locale\" content=\"es_MX\" \/>\n<meta property=\"og:type\" content=\"article\" \/>\n<meta property=\"og:title\" content=\"En 2020 las empresas mexicanas estar\u00e1n obligadas a atender estr\u00e9s laboral y ansiedad de sus trabajadores - CETYS\" \/>\n<meta property=\"og:description\" content=\"Articulo sobre En 2020 las empresas mexicanas estar\u00e1n obligadas a atender estr\u00e9s laboral y ansiedad de sus trabajadores\" \/>\n<meta property=\"og:url\" content=\"https:\/\/www.cetys.mx\/noticias\/en-2020-las-empresas-mexicanas-estaran-obligadas-a-atender-estres-laboral-y-ansiedad-de-sus-trabajadores\/\" \/>\n<meta property=\"og:site_name\" content=\"CETYS\" \/>\n<meta property=\"article:publisher\" content=\"https:\/\/www.facebook.com\/cetysuniversidadmxl\/\" \/>\n<meta property=\"article:published_time\" content=\"2019-05-14T18:35:15+00:00\" \/>\n<meta property=\"article:modified_time\" content=\"2020-01-14T01:19:41+00:00\" \/>\n<meta property=\"og:image\" content=\"https:\/\/www.cetys.mx\/noticias\/wp-content\/uploads\/2019\/05\/arturo-orozco.jpg\" \/>\n\t<meta property=\"og:image:width\" content=\"958\" \/>\n\t<meta property=\"og:image:height\" content=\"637\" \/>\n\t<meta property=\"og:image:type\" content=\"image\/jpeg\" \/>\n<meta name=\"author\" content=\"Campus Tijuana\" \/>\n<meta name=\"twitter:card\" content=\"summary_large_image\" \/>\n<meta name=\"twitter:creator\" content=\"@cetysuni\" \/>\n<meta name=\"twitter:site\" content=\"@cetysuni\" \/>\n<meta name=\"twitter:label1\" content=\"Escrito por\" \/>\n\t<meta name=\"twitter:data1\" content=\"Campus Tijuana\" \/>\n\t<meta name=\"twitter:label2\" content=\"Tiempo de lectura\" \/>\n\t<meta name=\"twitter:data2\" content=\"2 minutos\" \/>\n<script type=\"application\/ld+json\" class=\"yoast-schema-graph\">{\"@context\":\"https:\\\/\\\/schema.org\",\"@graph\":[{\"@type\":\"Article\",\"@id\":\"https:\\\/\\\/www.cetys.mx\\\/noticias\\\/en-2020-las-empresas-mexicanas-estaran-obligadas-a-atender-estres-laboral-y-ansiedad-de-sus-trabajadores\\\/#article\",\"isPartOf\":{\"@id\":\"https:\\\/\\\/www.cetys.mx\\\/noticias\\\/en-2020-las-empresas-mexicanas-estaran-obligadas-a-atender-estres-laboral-y-ansiedad-de-sus-trabajadores\\\/\"},\"author\":{\"name\":\"Campus Tijuana\",\"@id\":\"https:\\\/\\\/www.cetys.mx\\\/noticias\\\/#\\\/schema\\\/person\\\/e790051ce60e18ae47cfa87011c8653f\"},\"headline\":\"En 2020 las empresas mexicanas estar\u00e1n obligadas a atender estr\u00e9s laboral y ansiedad de sus trabajadores\",\"datePublished\":\"2019-05-14T18:35:15+00:00\",\"dateModified\":\"2020-01-14T01:19:41+00:00\",\"mainEntityOfPage\":{\"@id\":\"https:\\\/\\\/www.cetys.mx\\\/noticias\\\/en-2020-las-empresas-mexicanas-estaran-obligadas-a-atender-estres-laboral-y-ansiedad-de-sus-trabajadores\\\/\"},\"wordCount\":422,\"commentCount\":0,\"image\":{\"@id\":\"https:\\\/\\\/www.cetys.mx\\\/noticias\\\/en-2020-las-empresas-mexicanas-estaran-obligadas-a-atender-estres-laboral-y-ansiedad-de-sus-trabajadores\\\/#primaryimage\"},\"thumbnailUrl\":\"https:\\\/\\\/www.cetys.mx\\\/noticias\\\/wp-content\\\/uploads\\\/2019\\\/05\\\/arturo-orozco.jpg\",\"keywords\":[\"Academia\",\"Campus Tijuana\",\"campustijuana\",\"CETYS Universidad\",\"profesional\",\"psicolog\u00eda\",\"VOCETYS-2019-05-16\",\"vocetys-2020-01-16\"],\"articleSection\":[\"Academia\",\"Campus Tijuana\",\"Profesional\",\"Recursos Humanos\",\"VoCETYS\"],\"inLanguage\":\"es\",\"potentialAction\":[{\"@type\":\"CommentAction\",\"name\":\"Comment\",\"target\":[\"https:\\\/\\\/www.cetys.mx\\\/noticias\\\/en-2020-las-empresas-mexicanas-estaran-obligadas-a-atender-estres-laboral-y-ansiedad-de-sus-trabajadores\\\/#respond\"]}]},{\"@type\":\"WebPage\",\"@id\":\"https:\\\/\\\/www.cetys.mx\\\/noticias\\\/en-2020-las-empresas-mexicanas-estaran-obligadas-a-atender-estres-laboral-y-ansiedad-de-sus-trabajadores\\\/\",\"url\":\"https:\\\/\\\/www.cetys.mx\\\/noticias\\\/en-2020-las-empresas-mexicanas-estaran-obligadas-a-atender-estres-laboral-y-ansiedad-de-sus-trabajadores\\\/\",\"name\":\"En 2020 las empresas mexicanas estar\u00e1n obligadas a atender estr\u00e9s laboral y ansiedad de sus trabajadores - CETYS\",\"isPartOf\":{\"@id\":\"https:\\\/\\\/www.cetys.mx\\\/noticias\\\/#website\"},\"primaryImageOfPage\":{\"@id\":\"https:\\\/\\\/www.cetys.mx\\\/noticias\\\/en-2020-las-empresas-mexicanas-estaran-obligadas-a-atender-estres-laboral-y-ansiedad-de-sus-trabajadores\\\/#primaryimage\"},\"image\":{\"@id\":\"https:\\\/\\\/www.cetys.mx\\\/noticias\\\/en-2020-las-empresas-mexicanas-estaran-obligadas-a-atender-estres-laboral-y-ansiedad-de-sus-trabajadores\\\/#primaryimage\"},\"thumbnailUrl\":\"https:\\\/\\\/www.cetys.mx\\\/noticias\\\/wp-content\\\/uploads\\\/2019\\\/05\\\/arturo-orozco.jpg\",\"datePublished\":\"2019-05-14T18:35:15+00:00\",\"dateModified\":\"2020-01-14T01:19:41+00:00\",\"author\":{\"@id\":\"https:\\\/\\\/www.cetys.mx\\\/noticias\\\/#\\\/schema\\\/person\\\/e790051ce60e18ae47cfa87011c8653f\"},\"description\":\"Articulo sobre En 2020 las empresas mexicanas estar\u00e1n obligadas a atender estr\u00e9s laboral y ansiedad de sus trabajadores\",\"breadcrumb\":{\"@id\":\"https:\\\/\\\/www.cetys.mx\\\/noticias\\\/en-2020-las-empresas-mexicanas-estaran-obligadas-a-atender-estres-laboral-y-ansiedad-de-sus-trabajadores\\\/#breadcrumb\"},\"inLanguage\":\"es\",\"potentialAction\":[{\"@type\":\"ReadAction\",\"target\":[\"https:\\\/\\\/www.cetys.mx\\\/noticias\\\/en-2020-las-empresas-mexicanas-estaran-obligadas-a-atender-estres-laboral-y-ansiedad-de-sus-trabajadores\\\/\"]}]},{\"@type\":\"ImageObject\",\"inLanguage\":\"es\",\"@id\":\"https:\\\/\\\/www.cetys.mx\\\/noticias\\\/en-2020-las-empresas-mexicanas-estaran-obligadas-a-atender-estres-laboral-y-ansiedad-de-sus-trabajadores\\\/#primaryimage\",\"url\":\"https:\\\/\\\/www.cetys.mx\\\/noticias\\\/wp-content\\\/uploads\\\/2019\\\/05\\\/arturo-orozco.jpg\",\"contentUrl\":\"https:\\\/\\\/www.cetys.mx\\\/noticias\\\/wp-content\\\/uploads\\\/2019\\\/05\\\/arturo-orozco.jpg\",\"width\":958,\"height\":637},{\"@type\":\"BreadcrumbList\",\"@id\":\"https:\\\/\\\/www.cetys.mx\\\/noticias\\\/en-2020-las-empresas-mexicanas-estaran-obligadas-a-atender-estres-laboral-y-ansiedad-de-sus-trabajadores\\\/#breadcrumb\",\"itemListElement\":[{\"@type\":\"ListItem\",\"position\":1,\"name\":\"Inicio\",\"item\":\"https:\\\/\\\/www.cetys.mx\\\/noticias\\\/\"},{\"@type\":\"ListItem\",\"position\":2,\"name\":\"En 2020 las empresas mexicanas estar\u00e1n obligadas a atender estr\u00e9s laboral y ansiedad de sus trabajadores\"}]},{\"@type\":\"WebSite\",\"@id\":\"https:\\\/\\\/www.cetys.mx\\\/noticias\\\/#website\",\"url\":\"https:\\\/\\\/www.cetys.mx\\\/noticias\\\/\",\"name\":\"CETYS\",\"description\":\"\",\"potentialAction\":[{\"@type\":\"SearchAction\",\"target\":{\"@type\":\"EntryPoint\",\"urlTemplate\":\"https:\\\/\\\/www.cetys.mx\\\/noticias\\\/?s={search_term_string}\"},\"query-input\":{\"@type\":\"PropertyValueSpecification\",\"valueRequired\":true,\"valueName\":\"search_term_string\"}}],\"inLanguage\":\"es\"},{\"@type\":\"Person\",\"@id\":\"https:\\\/\\\/www.cetys.mx\\\/noticias\\\/#\\\/schema\\\/person\\\/e790051ce60e18ae47cfa87011c8653f\",\"name\":\"Campus Tijuana\",\"url\":\"https:\\\/\\\/www.cetys.mx\\\/noticias\\\/author\\\/campustijuana\\\/\"}]}<\/script>\n<!-- \/ Yoast SEO plugin. -->","yoast_head_json":{"title":"En 2020 las empresas mexicanas estar\u00e1n obligadas a atender estr\u00e9s laboral y ansiedad de sus trabajadores - CETYS","description":"Articulo sobre En 2020 las empresas mexicanas estar\u00e1n obligadas a atender estr\u00e9s laboral y ansiedad de sus trabajadores","robots":{"index":"index","follow":"follow","max-snippet":"max-snippet:-1","max-image-preview":"max-image-preview:large","max-video-preview":"max-video-preview:-1"},"canonical":"https:\/\/www.cetys.mx\/noticias\/en-2020-las-empresas-mexicanas-estaran-obligadas-a-atender-estres-laboral-y-ansiedad-de-sus-trabajadores\/","og_locale":"es_MX","og_type":"article","og_title":"En 2020 las empresas mexicanas estar\u00e1n obligadas a atender estr\u00e9s laboral y ansiedad de sus trabajadores - CETYS","og_description":"Articulo sobre En 2020 las empresas mexicanas estar\u00e1n obligadas a atender estr\u00e9s laboral y ansiedad de sus trabajadores","og_url":"https:\/\/www.cetys.mx\/noticias\/en-2020-las-empresas-mexicanas-estaran-obligadas-a-atender-estres-laboral-y-ansiedad-de-sus-trabajadores\/","og_site_name":"CETYS","article_publisher":"https:\/\/www.facebook.com\/cetysuniversidadmxl\/","article_published_time":"2019-05-14T18:35:15+00:00","article_modified_time":"2020-01-14T01:19:41+00:00","og_image":[{"width":958,"height":637,"url":"https:\/\/www.cetys.mx\/noticias\/wp-content\/uploads\/2019\/05\/arturo-orozco.jpg","type":"image\/jpeg"}],"author":"Campus Tijuana","twitter_card":"summary_large_image","twitter_creator":"@cetysuni","twitter_site":"@cetysuni","twitter_misc":{"Escrito por":"Campus Tijuana","Tiempo de lectura":"2 minutos"},"schema":{"@context":"https:\/\/schema.org","@graph":[{"@type":"Article","@id":"https:\/\/www.cetys.mx\/noticias\/en-2020-las-empresas-mexicanas-estaran-obligadas-a-atender-estres-laboral-y-ansiedad-de-sus-trabajadores\/#article","isPartOf":{"@id":"https:\/\/www.cetys.mx\/noticias\/en-2020-las-empresas-mexicanas-estaran-obligadas-a-atender-estres-laboral-y-ansiedad-de-sus-trabajadores\/"},"author":{"name":"Campus Tijuana","@id":"https:\/\/www.cetys.mx\/noticias\/#\/schema\/person\/e790051ce60e18ae47cfa87011c8653f"},"headline":"En 2020 las empresas mexicanas estar\u00e1n obligadas a atender estr\u00e9s laboral y ansiedad de sus trabajadores","datePublished":"2019-05-14T18:35:15+00:00","dateModified":"2020-01-14T01:19:41+00:00","mainEntityOfPage":{"@id":"https:\/\/www.cetys.mx\/noticias\/en-2020-las-empresas-mexicanas-estaran-obligadas-a-atender-estres-laboral-y-ansiedad-de-sus-trabajadores\/"},"wordCount":422,"commentCount":0,"image":{"@id":"https:\/\/www.cetys.mx\/noticias\/en-2020-las-empresas-mexicanas-estaran-obligadas-a-atender-estres-laboral-y-ansiedad-de-sus-trabajadores\/#primaryimage"},"thumbnailUrl":"https:\/\/www.cetys.mx\/noticias\/wp-content\/uploads\/2019\/05\/arturo-orozco.jpg","keywords":["Academia","Campus Tijuana","campustijuana","CETYS Universidad","profesional","psicolog\u00eda","VOCETYS-2019-05-16","vocetys-2020-01-16"],"articleSection":["Academia","Campus Tijuana","Profesional","Recursos Humanos","VoCETYS"],"inLanguage":"es","potentialAction":[{"@type":"CommentAction","name":"Comment","target":["https:\/\/www.cetys.mx\/noticias\/en-2020-las-empresas-mexicanas-estaran-obligadas-a-atender-estres-laboral-y-ansiedad-de-sus-trabajadores\/#respond"]}]},{"@type":"WebPage","@id":"https:\/\/www.cetys.mx\/noticias\/en-2020-las-empresas-mexicanas-estaran-obligadas-a-atender-estres-laboral-y-ansiedad-de-sus-trabajadores\/","url":"https:\/\/www.cetys.mx\/noticias\/en-2020-las-empresas-mexicanas-estaran-obligadas-a-atender-estres-laboral-y-ansiedad-de-sus-trabajadores\/","name":"En 2020 las empresas mexicanas estar\u00e1n obligadas a atender estr\u00e9s laboral y ansiedad de sus trabajadores - CETYS","isPartOf":{"@id":"https:\/\/www.cetys.mx\/noticias\/#website"},"primaryImageOfPage":{"@id":"https:\/\/www.cetys.mx\/noticias\/en-2020-las-empresas-mexicanas-estaran-obligadas-a-atender-estres-laboral-y-ansiedad-de-sus-trabajadores\/#primaryimage"},"image":{"@id":"https:\/\/www.cetys.mx\/noticias\/en-2020-las-empresas-mexicanas-estaran-obligadas-a-atender-estres-laboral-y-ansiedad-de-sus-trabajadores\/#primaryimage"},"thumbnailUrl":"https:\/\/www.cetys.mx\/noticias\/wp-content\/uploads\/2019\/05\/arturo-orozco.jpg","datePublished":"2019-05-14T18:35:15+00:00","dateModified":"2020-01-14T01:19:41+00:00","author":{"@id":"https:\/\/www.cetys.mx\/noticias\/#\/schema\/person\/e790051ce60e18ae47cfa87011c8653f"},"description":"Articulo sobre En 2020 las empresas mexicanas estar\u00e1n obligadas a atender estr\u00e9s laboral y ansiedad de sus trabajadores","breadcrumb":{"@id":"https:\/\/www.cetys.mx\/noticias\/en-2020-las-empresas-mexicanas-estaran-obligadas-a-atender-estres-laboral-y-ansiedad-de-sus-trabajadores\/#breadcrumb"},"inLanguage":"es","potentialAction":[{"@type":"ReadAction","target":["https:\/\/www.cetys.mx\/noticias\/en-2020-las-empresas-mexicanas-estaran-obligadas-a-atender-estres-laboral-y-ansiedad-de-sus-trabajadores\/"]}]},{"@type":"ImageObject","inLanguage":"es","@id":"https:\/\/www.cetys.mx\/noticias\/en-2020-las-empresas-mexicanas-estaran-obligadas-a-atender-estres-laboral-y-ansiedad-de-sus-trabajadores\/#primaryimage","url":"https:\/\/www.cetys.mx\/noticias\/wp-content\/uploads\/2019\/05\/arturo-orozco.jpg","contentUrl":"https:\/\/www.cetys.mx\/noticias\/wp-content\/uploads\/2019\/05\/arturo-orozco.jpg","width":958,"height":637},{"@type":"BreadcrumbList","@id":"https:\/\/www.cetys.mx\/noticias\/en-2020-las-empresas-mexicanas-estaran-obligadas-a-atender-estres-laboral-y-ansiedad-de-sus-trabajadores\/#breadcrumb","itemListElement":[{"@type":"ListItem","position":1,"name":"Inicio","item":"https:\/\/www.cetys.mx\/noticias\/"},{"@type":"ListItem","position":2,"name":"En 2020 las empresas mexicanas estar\u00e1n obligadas a atender estr\u00e9s laboral y ansiedad de sus trabajadores"}]},{"@type":"WebSite","@id":"https:\/\/www.cetys.mx\/noticias\/#website","url":"https:\/\/www.cetys.mx\/noticias\/","name":"CETYS","description":"","potentialAction":[{"@type":"SearchAction","target":{"@type":"EntryPoint","urlTemplate":"https:\/\/www.cetys.mx\/noticias\/?s={search_term_string}"},"query-input":{"@type":"PropertyValueSpecification","valueRequired":true,"valueName":"search_term_string"}}],"inLanguage":"es"},{"@type":"Person","@id":"https:\/\/www.cetys.mx\/noticias\/#\/schema\/person\/e790051ce60e18ae47cfa87011c8653f","name":"Campus Tijuana","url":"https:\/\/www.cetys.mx\/noticias\/author\/campustijuana\/"}]}},"_links":{"self":[{"href":"https:\/\/www.cetys.mx\/noticias\/wp-json\/wp\/v2\/posts\/129341","targetHints":{"allow":["GET"]}}],"collection":[{"href":"https:\/\/www.cetys.mx\/noticias\/wp-json\/wp\/v2\/posts"}],"about":[{"href":"https:\/\/www.cetys.mx\/noticias\/wp-json\/wp\/v2\/types\/post"}],"author":[{"embeddable":true,"href":"https:\/\/www.cetys.mx\/noticias\/wp-json\/wp\/v2\/users\/24"}],"replies":[{"embeddable":true,"href":"https:\/\/www.cetys.mx\/noticias\/wp-json\/wp\/v2\/comments?post=129341"}],"version-history":[{"count":0,"href":"https:\/\/www.cetys.mx\/noticias\/wp-json\/wp\/v2\/posts\/129341\/revisions"}],"wp:featuredmedia":[{"embeddable":true,"href":"https:\/\/www.cetys.mx\/noticias\/wp-json\/wp\/v2\/media\/129342"}],"wp:attachment":[{"href":"https:\/\/www.cetys.mx\/noticias\/wp-json\/wp\/v2\/media?parent=129341"}],"wp:term":[{"taxonomy":"category","embeddable":true,"href":"https:\/\/www.cetys.mx\/noticias\/wp-json\/wp\/v2\/categories?post=129341"},{"taxonomy":"post_tag","embeddable":true,"href":"https:\/\/www.cetys.mx\/noticias\/wp-json\/wp\/v2\/tags?post=129341"}],"curies":[{"name":"wp","href":"https:\/\/api.w.org\/{rel}","templated":true}]}}