{"id":129185,"date":"2019-05-09T16:16:46","date_gmt":"2019-05-09T23:16:46","guid":{"rendered":"https:\/\/www.cetys.mx\/noticias\/?p=129185"},"modified":"2020-05-20T02:39:10","modified_gmt":"2020-05-20T09:39:10","slug":"todo-listo-para-cetys-unidos-por-la-ninez","status":"publish","type":"post","link":"https:\/\/www.cetys.mx\/noticias\/todo-listo-para-cetys-unidos-por-la-ninez\/","title":{"rendered":"Todo listo para \u201cCETYS Unidos por la Ni\u00f1ez\u201d"},"content":{"rendered":"<p>Con la intenci\u00f3n de brindar un d\u00eda con ambiente sano, divertido y l\u00fadico a ni\u00f1os en situaci\u00f3n de violencia, estudiantes de la Universidad apadrinar\u00e1n a estos a trav\u00e9s de \u201c<strong>CETYS Unidos por la Ni\u00f1ez\u201d<\/strong>.<\/p>\n<p>El evento se realizar\u00e1 este s\u00e1bado 18 de mayo, de 1:00 p.m. a 6:00 p.m., en la <strong>Plaza C\u00edvica del Campus Tijuana<\/strong>, reunir\u00e1 a ni\u00f1os y ni\u00f1as de 3 a 10 a\u00f1os de edad y estos vivir\u00e1n una experiencia distinta a su d\u00eda a d\u00eda. Recibir\u00e1n atenci\u00f3n y cuidado para que les deje un aprendizaje de vida.<\/p>\n<p>tambi\u00e9n se busca que el estudiante <strong>CETYS<\/strong> desarrolle su liderazgo social y su capacidad para vivir en comuni\u00f3n con los dem\u00e1s.<\/p>\n<p>Cada a\u00f1o se selecciona una tem\u00e1tica del evento, en esta ocasi\u00f3n es Toy Story. Se busca promover el valor del Trabajo en Equipo, Amistad y Autoestima,\u00a0por\u00a0medio de diversas actividades como:<\/p>\n<ul>\n<li>Cuenta cuentos.<\/li>\n<li>Talleres de danza y pintura<\/li>\n<li>Circuito deportivo<\/li>\n<li>Circuito de bicicletas<\/li>\n<li>Stands de manualidades y juegos de mesa<\/li>\n<\/ul>\n<p>Tambi\u00e9n habr\u00e1 un \u00e1rea recreativa con brincolines, tendr\u00e1n la oportunidad de \u201cromper la pi\u00f1ata\u201d y se les dar\u00e1 alimentos y bebidas.<\/p>\n<p>El evento \u201cPlaybacks CETYS Unidos por Una Causa\u201d realizar\u00e1 un donativo de un porcentaje de lo recaudado para el evento del jueves 16 de mayo.<\/p>\n<p><strong>Fecha l\u00edmite de registro:<\/strong> 15 de mayo en Liderazgo Estudiantil<\/p>\n<p>&nbsp;<\/p>\n<p><img loading=\"lazy\" decoding=\"async\" class=\"size-full wp-image-129171 aligncenter\" src=\"https:\/\/www.cetys.mx\/noticias\/wp-content\/uploads\/2019\/05\/cu-e1557443533555.jpg\" alt=\"\" width=\"958\" height=\"958\" \/><\/p>\n","protected":false},"excerpt":{"rendered":"<p>Con la intenci\u00f3n de brindar un d\u00eda con ambiente sano, divertido y l\u00fadico a ni\u00f1os en situaci\u00f3n de violencia, estudiantes de la&#8230;<\/p>\n","protected":false},"author":24,"featured_media":129186,"comment_status":"open","ping_status":"closed","sticky":false,"template":"","format":"standard","meta":{"footnotes":""},"categories":[134,105,313],"tags":[285,328,168,721,3581],"class_list":["post-129185","post","type-post","status-publish","format-standard","has-post-thumbnail","hentry","category-campus-tijuana","category-vida-estudiantil","category-vocetys-2","tag-alumnos","tag-campustijuana","tag-cetys-universidad","tag-vida-estudiantil","tag-vocetys-2019-05-16"],"yoast_head":"<!-- This site is optimized with the Yoast SEO plugin v27.4 - https:\/\/yoast.com\/product\/yoast-seo-wordpress\/ -->\n<title>Todo listo para \u201cCETYS Unidos por la Ni\u00f1ez\u201d - CETYS<\/title>\n<meta name=\"description\" content=\"El evento se realizar\u00e1 este s\u00e1bado 18 de mayo, de 1:00 p.m. a 6:00 p.m., en la Plaza C\u00edvica del Campus Tijuana, reunir\u00e1 a ni\u00f1os y ni\u00f1as de 3 a 10 a\u00f1os.\" \/>\n<meta name=\"robots\" content=\"index, follow, max-snippet:-1, max-image-preview:large, max-video-preview:-1\" \/>\n<link rel=\"canonical\" href=\"https:\/\/www.cetys.mx\/noticias\/todo-listo-para-cetys-unidos-por-la-ninez\/\" \/>\n<meta property=\"og:locale\" content=\"es_MX\" \/>\n<meta property=\"og:type\" content=\"article\" \/>\n<meta property=\"og:title\" content=\"Todo listo para \u201cCETYS Unidos por la Ni\u00f1ez\u201d - CETYS\" \/>\n<meta property=\"og:description\" content=\"El evento se realizar\u00e1 este s\u00e1bado 18 de mayo, de 1:00 p.m. a 6:00 p.m., en la Plaza C\u00edvica del Campus Tijuana, reunir\u00e1 a ni\u00f1os y ni\u00f1as de 3 a 10 a\u00f1os.\" \/>\n<meta property=\"og:url\" content=\"https:\/\/www.cetys.mx\/noticias\/todo-listo-para-cetys-unidos-por-la-ninez\/\" \/>\n<meta property=\"og:site_name\" content=\"CETYS\" \/>\n<meta property=\"article:publisher\" content=\"https:\/\/www.facebook.com\/cetysuniversidadmxl\/\" \/>\n<meta property=\"article:published_time\" content=\"2019-05-09T23:16:46+00:00\" \/>\n<meta property=\"article:modified_time\" content=\"2020-05-20T09:39:10+00:00\" \/>\n<meta property=\"og:image\" content=\"https:\/\/www.cetys.mx\/noticias\/wp-content\/uploads\/2019\/05\/para-nota-cetys-unidos-por-la-ninez.jpg\" \/>\n\t<meta property=\"og:image:width\" content=\"940\" \/>\n\t<meta property=\"og:image:height\" content=\"625\" \/>\n\t<meta property=\"og:image:type\" content=\"image\/jpeg\" \/>\n<meta name=\"author\" content=\"Campus Tijuana\" \/>\n<meta name=\"twitter:card\" content=\"summary_large_image\" \/>\n<meta name=\"twitter:creator\" content=\"@cetysuni\" \/>\n<meta name=\"twitter:site\" content=\"@cetysuni\" \/>\n<meta name=\"twitter:label1\" content=\"Escrito por\" \/>\n\t<meta name=\"twitter:data1\" content=\"Campus Tijuana\" \/>\n\t<meta name=\"twitter:label2\" content=\"Tiempo de lectura\" \/>\n\t<meta name=\"twitter:data2\" content=\"1 minuto\" \/>\n<script type=\"application\/ld+json\" class=\"yoast-schema-graph\">{\"@context\":\"https:\\\/\\\/schema.org\",\"@graph\":[{\"@type\":\"Article\",\"@id\":\"https:\\\/\\\/www.cetys.mx\\\/noticias\\\/todo-listo-para-cetys-unidos-por-la-ninez\\\/#article\",\"isPartOf\":{\"@id\":\"https:\\\/\\\/www.cetys.mx\\\/noticias\\\/todo-listo-para-cetys-unidos-por-la-ninez\\\/\"},\"author\":{\"name\":\"Campus Tijuana\",\"@id\":\"https:\\\/\\\/www.cetys.mx\\\/noticias\\\/#\\\/schema\\\/person\\\/e790051ce60e18ae47cfa87011c8653f\"},\"headline\":\"Todo listo para \u201cCETYS Unidos por la Ni\u00f1ez\u201d\",\"datePublished\":\"2019-05-09T23:16:46+00:00\",\"dateModified\":\"2020-05-20T09:39:10+00:00\",\"mainEntityOfPage\":{\"@id\":\"https:\\\/\\\/www.cetys.mx\\\/noticias\\\/todo-listo-para-cetys-unidos-por-la-ninez\\\/\"},\"wordCount\":252,\"commentCount\":0,\"image\":{\"@id\":\"https:\\\/\\\/www.cetys.mx\\\/noticias\\\/todo-listo-para-cetys-unidos-por-la-ninez\\\/#primaryimage\"},\"thumbnailUrl\":\"https:\\\/\\\/www.cetys.mx\\\/noticias\\\/wp-content\\\/uploads\\\/2019\\\/05\\\/para-nota-cetys-unidos-por-la-ninez.jpg\",\"keywords\":[\"Alumnos\",\"campustijuana\",\"CETYS Universidad\",\"Vida Estudiantil\",\"VOCETYS-2019-05-16\"],\"articleSection\":[\"Campus Tijuana\",\"Vida Estudiantil\",\"VoCETYS\"],\"inLanguage\":\"es\",\"potentialAction\":[{\"@type\":\"CommentAction\",\"name\":\"Comment\",\"target\":[\"https:\\\/\\\/www.cetys.mx\\\/noticias\\\/todo-listo-para-cetys-unidos-por-la-ninez\\\/#respond\"]}]},{\"@type\":\"WebPage\",\"@id\":\"https:\\\/\\\/www.cetys.mx\\\/noticias\\\/todo-listo-para-cetys-unidos-por-la-ninez\\\/\",\"url\":\"https:\\\/\\\/www.cetys.mx\\\/noticias\\\/todo-listo-para-cetys-unidos-por-la-ninez\\\/\",\"name\":\"Todo listo para \u201cCETYS Unidos por la Ni\u00f1ez\u201d - CETYS\",\"isPartOf\":{\"@id\":\"https:\\\/\\\/www.cetys.mx\\\/noticias\\\/#website\"},\"primaryImageOfPage\":{\"@id\":\"https:\\\/\\\/www.cetys.mx\\\/noticias\\\/todo-listo-para-cetys-unidos-por-la-ninez\\\/#primaryimage\"},\"image\":{\"@id\":\"https:\\\/\\\/www.cetys.mx\\\/noticias\\\/todo-listo-para-cetys-unidos-por-la-ninez\\\/#primaryimage\"},\"thumbnailUrl\":\"https:\\\/\\\/www.cetys.mx\\\/noticias\\\/wp-content\\\/uploads\\\/2019\\\/05\\\/para-nota-cetys-unidos-por-la-ninez.jpg\",\"datePublished\":\"2019-05-09T23:16:46+00:00\",\"dateModified\":\"2020-05-20T09:39:10+00:00\",\"author\":{\"@id\":\"https:\\\/\\\/www.cetys.mx\\\/noticias\\\/#\\\/schema\\\/person\\\/e790051ce60e18ae47cfa87011c8653f\"},\"description\":\"El evento se realizar\u00e1 este s\u00e1bado 18 de mayo, de 1:00 p.m. a 6:00 p.m., en la Plaza C\u00edvica del Campus Tijuana, reunir\u00e1 a ni\u00f1os y ni\u00f1as de 3 a 10 a\u00f1os.\",\"breadcrumb\":{\"@id\":\"https:\\\/\\\/www.cetys.mx\\\/noticias\\\/todo-listo-para-cetys-unidos-por-la-ninez\\\/#breadcrumb\"},\"inLanguage\":\"es\",\"potentialAction\":[{\"@type\":\"ReadAction\",\"target\":[\"https:\\\/\\\/www.cetys.mx\\\/noticias\\\/todo-listo-para-cetys-unidos-por-la-ninez\\\/\"]}]},{\"@type\":\"ImageObject\",\"inLanguage\":\"es\",\"@id\":\"https:\\\/\\\/www.cetys.mx\\\/noticias\\\/todo-listo-para-cetys-unidos-por-la-ninez\\\/#primaryimage\",\"url\":\"https:\\\/\\\/www.cetys.mx\\\/noticias\\\/wp-content\\\/uploads\\\/2019\\\/05\\\/para-nota-cetys-unidos-por-la-ninez.jpg\",\"contentUrl\":\"https:\\\/\\\/www.cetys.mx\\\/noticias\\\/wp-content\\\/uploads\\\/2019\\\/05\\\/para-nota-cetys-unidos-por-la-ninez.jpg\",\"width\":940,\"height\":625},{\"@type\":\"BreadcrumbList\",\"@id\":\"https:\\\/\\\/www.cetys.mx\\\/noticias\\\/todo-listo-para-cetys-unidos-por-la-ninez\\\/#breadcrumb\",\"itemListElement\":[{\"@type\":\"ListItem\",\"position\":1,\"name\":\"Inicio\",\"item\":\"https:\\\/\\\/www.cetys.mx\\\/noticias\\\/\"},{\"@type\":\"ListItem\",\"position\":2,\"name\":\"Todo listo para \u201cCETYS Unidos por la Ni\u00f1ez\u201d\"}]},{\"@type\":\"WebSite\",\"@id\":\"https:\\\/\\\/www.cetys.mx\\\/noticias\\\/#website\",\"url\":\"https:\\\/\\\/www.cetys.mx\\\/noticias\\\/\",\"name\":\"CETYS\",\"description\":\"\",\"potentialAction\":[{\"@type\":\"SearchAction\",\"target\":{\"@type\":\"EntryPoint\",\"urlTemplate\":\"https:\\\/\\\/www.cetys.mx\\\/noticias\\\/?s={search_term_string}\"},\"query-input\":{\"@type\":\"PropertyValueSpecification\",\"valueRequired\":true,\"valueName\":\"search_term_string\"}}],\"inLanguage\":\"es\"},{\"@type\":\"Person\",\"@id\":\"https:\\\/\\\/www.cetys.mx\\\/noticias\\\/#\\\/schema\\\/person\\\/e790051ce60e18ae47cfa87011c8653f\",\"name\":\"Campus Tijuana\",\"url\":\"https:\\\/\\\/www.cetys.mx\\\/noticias\\\/author\\\/campustijuana\\\/\"}]}<\/script>\n<!-- \/ Yoast SEO plugin. -->","yoast_head_json":{"title":"Todo listo para \u201cCETYS Unidos por la Ni\u00f1ez\u201d - CETYS","description":"El evento se realizar\u00e1 este s\u00e1bado 18 de mayo, de 1:00 p.m. a 6:00 p.m., en la Plaza C\u00edvica del Campus Tijuana, reunir\u00e1 a ni\u00f1os y ni\u00f1as de 3 a 10 a\u00f1os.","robots":{"index":"index","follow":"follow","max-snippet":"max-snippet:-1","max-image-preview":"max-image-preview:large","max-video-preview":"max-video-preview:-1"},"canonical":"https:\/\/www.cetys.mx\/noticias\/todo-listo-para-cetys-unidos-por-la-ninez\/","og_locale":"es_MX","og_type":"article","og_title":"Todo listo para \u201cCETYS Unidos por la Ni\u00f1ez\u201d - CETYS","og_description":"El evento se realizar\u00e1 este s\u00e1bado 18 de mayo, de 1:00 p.m. a 6:00 p.m., en la Plaza C\u00edvica del Campus Tijuana, reunir\u00e1 a ni\u00f1os y ni\u00f1as de 3 a 10 a\u00f1os.","og_url":"https:\/\/www.cetys.mx\/noticias\/todo-listo-para-cetys-unidos-por-la-ninez\/","og_site_name":"CETYS","article_publisher":"https:\/\/www.facebook.com\/cetysuniversidadmxl\/","article_published_time":"2019-05-09T23:16:46+00:00","article_modified_time":"2020-05-20T09:39:10+00:00","og_image":[{"width":940,"height":625,"url":"https:\/\/www.cetys.mx\/noticias\/wp-content\/uploads\/2019\/05\/para-nota-cetys-unidos-por-la-ninez.jpg","type":"image\/jpeg"}],"author":"Campus Tijuana","twitter_card":"summary_large_image","twitter_creator":"@cetysuni","twitter_site":"@cetysuni","twitter_misc":{"Escrito por":"Campus Tijuana","Tiempo de lectura":"1 minuto"},"schema":{"@context":"https:\/\/schema.org","@graph":[{"@type":"Article","@id":"https:\/\/www.cetys.mx\/noticias\/todo-listo-para-cetys-unidos-por-la-ninez\/#article","isPartOf":{"@id":"https:\/\/www.cetys.mx\/noticias\/todo-listo-para-cetys-unidos-por-la-ninez\/"},"author":{"name":"Campus Tijuana","@id":"https:\/\/www.cetys.mx\/noticias\/#\/schema\/person\/e790051ce60e18ae47cfa87011c8653f"},"headline":"Todo listo para \u201cCETYS Unidos por la Ni\u00f1ez\u201d","datePublished":"2019-05-09T23:16:46+00:00","dateModified":"2020-05-20T09:39:10+00:00","mainEntityOfPage":{"@id":"https:\/\/www.cetys.mx\/noticias\/todo-listo-para-cetys-unidos-por-la-ninez\/"},"wordCount":252,"commentCount":0,"image":{"@id":"https:\/\/www.cetys.mx\/noticias\/todo-listo-para-cetys-unidos-por-la-ninez\/#primaryimage"},"thumbnailUrl":"https:\/\/www.cetys.mx\/noticias\/wp-content\/uploads\/2019\/05\/para-nota-cetys-unidos-por-la-ninez.jpg","keywords":["Alumnos","campustijuana","CETYS Universidad","Vida Estudiantil","VOCETYS-2019-05-16"],"articleSection":["Campus Tijuana","Vida Estudiantil","VoCETYS"],"inLanguage":"es","potentialAction":[{"@type":"CommentAction","name":"Comment","target":["https:\/\/www.cetys.mx\/noticias\/todo-listo-para-cetys-unidos-por-la-ninez\/#respond"]}]},{"@type":"WebPage","@id":"https:\/\/www.cetys.mx\/noticias\/todo-listo-para-cetys-unidos-por-la-ninez\/","url":"https:\/\/www.cetys.mx\/noticias\/todo-listo-para-cetys-unidos-por-la-ninez\/","name":"Todo listo para \u201cCETYS Unidos por la Ni\u00f1ez\u201d - CETYS","isPartOf":{"@id":"https:\/\/www.cetys.mx\/noticias\/#website"},"primaryImageOfPage":{"@id":"https:\/\/www.cetys.mx\/noticias\/todo-listo-para-cetys-unidos-por-la-ninez\/#primaryimage"},"image":{"@id":"https:\/\/www.cetys.mx\/noticias\/todo-listo-para-cetys-unidos-por-la-ninez\/#primaryimage"},"thumbnailUrl":"https:\/\/www.cetys.mx\/noticias\/wp-content\/uploads\/2019\/05\/para-nota-cetys-unidos-por-la-ninez.jpg","datePublished":"2019-05-09T23:16:46+00:00","dateModified":"2020-05-20T09:39:10+00:00","author":{"@id":"https:\/\/www.cetys.mx\/noticias\/#\/schema\/person\/e790051ce60e18ae47cfa87011c8653f"},"description":"El evento se realizar\u00e1 este s\u00e1bado 18 de mayo, de 1:00 p.m. a 6:00 p.m., en la Plaza C\u00edvica del Campus Tijuana, reunir\u00e1 a ni\u00f1os y ni\u00f1as de 3 a 10 a\u00f1os.","breadcrumb":{"@id":"https:\/\/www.cetys.mx\/noticias\/todo-listo-para-cetys-unidos-por-la-ninez\/#breadcrumb"},"inLanguage":"es","potentialAction":[{"@type":"ReadAction","target":["https:\/\/www.cetys.mx\/noticias\/todo-listo-para-cetys-unidos-por-la-ninez\/"]}]},{"@type":"ImageObject","inLanguage":"es","@id":"https:\/\/www.cetys.mx\/noticias\/todo-listo-para-cetys-unidos-por-la-ninez\/#primaryimage","url":"https:\/\/www.cetys.mx\/noticias\/wp-content\/uploads\/2019\/05\/para-nota-cetys-unidos-por-la-ninez.jpg","contentUrl":"https:\/\/www.cetys.mx\/noticias\/wp-content\/uploads\/2019\/05\/para-nota-cetys-unidos-por-la-ninez.jpg","width":940,"height":625},{"@type":"BreadcrumbList","@id":"https:\/\/www.cetys.mx\/noticias\/todo-listo-para-cetys-unidos-por-la-ninez\/#breadcrumb","itemListElement":[{"@type":"ListItem","position":1,"name":"Inicio","item":"https:\/\/www.cetys.mx\/noticias\/"},{"@type":"ListItem","position":2,"name":"Todo listo para \u201cCETYS Unidos por la Ni\u00f1ez\u201d"}]},{"@type":"WebSite","@id":"https:\/\/www.cetys.mx\/noticias\/#website","url":"https:\/\/www.cetys.mx\/noticias\/","name":"CETYS","description":"","potentialAction":[{"@type":"SearchAction","target":{"@type":"EntryPoint","urlTemplate":"https:\/\/www.cetys.mx\/noticias\/?s={search_term_string}"},"query-input":{"@type":"PropertyValueSpecification","valueRequired":true,"valueName":"search_term_string"}}],"inLanguage":"es"},{"@type":"Person","@id":"https:\/\/www.cetys.mx\/noticias\/#\/schema\/person\/e790051ce60e18ae47cfa87011c8653f","name":"Campus Tijuana","url":"https:\/\/www.cetys.mx\/noticias\/author\/campustijuana\/"}]}},"_links":{"self":[{"href":"https:\/\/www.cetys.mx\/noticias\/wp-json\/wp\/v2\/posts\/129185","targetHints":{"allow":["GET"]}}],"collection":[{"href":"https:\/\/www.cetys.mx\/noticias\/wp-json\/wp\/v2\/posts"}],"about":[{"href":"https:\/\/www.cetys.mx\/noticias\/wp-json\/wp\/v2\/types\/post"}],"author":[{"embeddable":true,"href":"https:\/\/www.cetys.mx\/noticias\/wp-json\/wp\/v2\/users\/24"}],"replies":[{"embeddable":true,"href":"https:\/\/www.cetys.mx\/noticias\/wp-json\/wp\/v2\/comments?post=129185"}],"version-history":[{"count":1,"href":"https:\/\/www.cetys.mx\/noticias\/wp-json\/wp\/v2\/posts\/129185\/revisions"}],"predecessor-version":[{"id":144372,"href":"https:\/\/www.cetys.mx\/noticias\/wp-json\/wp\/v2\/posts\/129185\/revisions\/144372"}],"wp:featuredmedia":[{"embeddable":true,"href":"https:\/\/www.cetys.mx\/noticias\/wp-json\/wp\/v2\/media\/129186"}],"wp:attachment":[{"href":"https:\/\/www.cetys.mx\/noticias\/wp-json\/wp\/v2\/media?parent=129185"}],"wp:term":[{"taxonomy":"category","embeddable":true,"href":"https:\/\/www.cetys.mx\/noticias\/wp-json\/wp\/v2\/categories?post=129185"},{"taxonomy":"post_tag","embeddable":true,"href":"https:\/\/www.cetys.mx\/noticias\/wp-json\/wp\/v2\/tags?post=129185"}],"curies":[{"name":"wp","href":"https:\/\/api.w.org\/{rel}","templated":true}]}}