{"id":128547,"date":"2019-04-29T13:20:23","date_gmt":"2019-04-29T20:20:23","guid":{"rendered":"https:\/\/www.cetys.mx\/noticias\/?p=128547"},"modified":"2019-05-02T07:40:56","modified_gmt":"2019-05-02T14:40:56","slug":"cumplimiento-de-la-declaracion-anual-en-tiempo-es-clave-para-una-contabilidad-sana-destaca-academica-de-cetys","status":"publish","type":"post","link":"https:\/\/www.cetys.mx\/noticias\/cumplimiento-de-la-declaracion-anual-en-tiempo-es-clave-para-una-contabilidad-sana-destaca-academica-de-cetys\/","title":{"rendered":"Cumplimiento de la declaraci\u00f3n anual en tiempo es clave para una contabilidad sana, destaca acad\u00e9mica de CETYS"},"content":{"rendered":"<p align=\"justify\">La fecha l\u00edmite para presentar la Declaraci\u00f3n Anual 2018 para personas f\u00edsicas ante el Servicio de Administraci\u00f3n Tributaria (SAT) se acerca, por ello la Mtra. Rosa Sumaya Tostado, <em>Coordinadora de la Licenciatura en Contador P\u00fablico Internacional (CPI)<\/em> en <strong>CETYS Universidad<\/strong>, recomienda presentar su tr\u00e1mite en tiempo y as\u00ed llevar una contabilidad sana.<\/p>\n<p align=\"justify\">La acad\u00e9mica de <strong>CETYS Tijuana<\/strong> record\u00f3 que esta obligaci\u00f3n es principalmente para trabajadores asalariados que tiene dos o m\u00e1s empleadores y con ingresos superiores a 400 mil pesos, quienes est\u00e1n en el R\u00e9gimen de Servicios Profesionales, obtienen ingresos por su cuenta y emiten comprobantes de honorarios. Tambi\u00e9n quienes realizaron deducciones personales como cr\u00e9ditos hipotecarios, colegiaturas, psic\u00f3logo, entre otros gastos.<\/p>\n<p align=\"justify\">Record\u00f3 que, aunque se pueden seguir presentando las declaraciones despu\u00e9s del 30 de abril, la autoridad tiene la facultad de mandar avisos y multas a partir del 1 de mayo.<\/p>\n<blockquote>\n<p align=\"justify\">\u201cAhora es m\u00e1s sencillo presentarla porque puedes hacerlo de forma digital y todo viene precargado. El trabajo del contador es auxiliar y eliminar deducciones que no se hayan hecho, as\u00ed como cargar al sistema las que hagan falta\u201d, indic\u00f3 la maestra en CETYS Tijuana.<\/p>\n<p align=\"justify\">\u201cEntre otras deducciones personales est\u00e1n los gastos m\u00e9dicos, lentes, hospitalarios, la colegiatura como mencionaba anteriormente, entre otros. Lo m\u00e1s recomendable es no dejarlo para \u00faltimo momento, no s\u00f3lo por el sistema, sino porque si tienes saldo a favor, hay que hacerlo a tiempo para que te devuelvan tus impuestos\u201d, coment\u00f3 la Mtra. Sumaya Tostado.<\/p>\n<\/blockquote>\n<p align=\"justify\">La experta de CETYS Universidad record\u00f3 que el sistema del SAT podr\u00eda funcionar de forma m\u00e1s lenta en caso de que se sature por la cantidad de usuarios que realizan la declaraci\u00f3n, por ello insisti\u00f3 en cumplir con la obligaci\u00f3n antes de la fecha estipulada<\/p>\n<p align=\"justify\">Por \u00faltimo, la Coordinadora de la Licenciatura sugiri\u00f3 acudir con su contador p\u00fablico de confianza y expertos en la materia para resolver los inconvenientes que se presente.<\/p>\n","protected":false},"excerpt":{"rendered":"<p>La fecha l\u00edmite para presentar la Declaraci\u00f3n Anual 2018 para personas f\u00edsicas ante el Servicio de Administraci\u00f3n Tributaria (SAT) se acerca, por&#8230;<\/p>\n","protected":false},"author":24,"featured_media":128549,"comment_status":"open","ping_status":"closed","sticky":false,"template":"","format":"standard","meta":{"footnotes":""},"categories":[110,134,241,306,313],"tags":[122,297,168,430,176,3541],"class_list":["post-128547","post","type-post","status-publish","format-standard","has-post-thumbnail","hentry","category-academia","category-campus-tijuana","category-educacion-continua","category-profesional","category-vocetys-2","tag-academia","tag-campus-tijuana","tag-cetys-universidad","tag-educacion","tag-profesional","tag-vocetys-2019-05-02"],"yoast_head":"<!-- This site is optimized with the Yoast SEO plugin v27.4 - https:\/\/yoast.com\/product\/yoast-seo-wordpress\/ -->\n<title>Cumplimiento de la declaraci\u00f3n anual en tiempo es clave para una contabilidad sana, destaca acad\u00e9mica de CETYS - CETYS<\/title>\n<meta name=\"description\" content=\"Acad\u00e9mica de CETYS Universidad sugiere acudir con expertos para resolver inconvenientes\" \/>\n<meta name=\"robots\" content=\"index, follow, max-snippet:-1, max-image-preview:large, max-video-preview:-1\" \/>\n<link rel=\"canonical\" href=\"https:\/\/www.cetys.mx\/noticias\/cumplimiento-de-la-declaracion-anual-en-tiempo-es-clave-para-una-contabilidad-sana-destaca-academica-de-cetys\/\" \/>\n<meta property=\"og:locale\" content=\"es_MX\" \/>\n<meta property=\"og:type\" content=\"article\" \/>\n<meta property=\"og:title\" content=\"Cumplimiento de la declaraci\u00f3n anual en tiempo es clave para una contabilidad sana, destaca acad\u00e9mica de CETYS - CETYS\" \/>\n<meta property=\"og:description\" content=\"Acad\u00e9mica de CETYS Universidad sugiere acudir con expertos para resolver inconvenientes\" \/>\n<meta property=\"og:url\" content=\"https:\/\/www.cetys.mx\/noticias\/cumplimiento-de-la-declaracion-anual-en-tiempo-es-clave-para-una-contabilidad-sana-destaca-academica-de-cetys\/\" \/>\n<meta property=\"og:site_name\" content=\"CETYS\" \/>\n<meta property=\"article:publisher\" content=\"https:\/\/www.facebook.com\/cetysuniversidadmxl\/\" \/>\n<meta property=\"article:published_time\" content=\"2019-04-29T20:20:23+00:00\" \/>\n<meta property=\"article:modified_time\" content=\"2019-05-02T14:40:56+00:00\" \/>\n<meta property=\"og:image\" content=\"https:\/\/www.cetys.mx\/noticias\/wp-content\/uploads\/2019\/04\/dra-Rosa-Sumaya-para-nota.jpg\" \/>\n\t<meta property=\"og:image:width\" content=\"958\" \/>\n\t<meta property=\"og:image:height\" content=\"637\" \/>\n\t<meta property=\"og:image:type\" content=\"image\/jpeg\" \/>\n<meta name=\"author\" content=\"Campus Tijuana\" \/>\n<meta name=\"twitter:card\" content=\"summary_large_image\" \/>\n<meta name=\"twitter:creator\" content=\"@cetysuni\" \/>\n<meta name=\"twitter:site\" content=\"@cetysuni\" \/>\n<meta name=\"twitter:label1\" content=\"Escrito por\" \/>\n\t<meta name=\"twitter:data1\" content=\"Campus Tijuana\" \/>\n\t<meta name=\"twitter:label2\" content=\"Tiempo de lectura\" \/>\n\t<meta name=\"twitter:data2\" content=\"2 minutos\" \/>\n<script type=\"application\/ld+json\" class=\"yoast-schema-graph\">{\"@context\":\"https:\\\/\\\/schema.org\",\"@graph\":[{\"@type\":\"Article\",\"@id\":\"https:\\\/\\\/www.cetys.mx\\\/noticias\\\/cumplimiento-de-la-declaracion-anual-en-tiempo-es-clave-para-una-contabilidad-sana-destaca-academica-de-cetys\\\/#article\",\"isPartOf\":{\"@id\":\"https:\\\/\\\/www.cetys.mx\\\/noticias\\\/cumplimiento-de-la-declaracion-anual-en-tiempo-es-clave-para-una-contabilidad-sana-destaca-academica-de-cetys\\\/\"},\"author\":{\"name\":\"Campus Tijuana\",\"@id\":\"https:\\\/\\\/www.cetys.mx\\\/noticias\\\/#\\\/schema\\\/person\\\/e790051ce60e18ae47cfa87011c8653f\"},\"headline\":\"Cumplimiento de la declaraci\u00f3n anual en tiempo es clave para una contabilidad sana, destaca acad\u00e9mica de CETYS\",\"datePublished\":\"2019-04-29T20:20:23+00:00\",\"dateModified\":\"2019-05-02T14:40:56+00:00\",\"mainEntityOfPage\":{\"@id\":\"https:\\\/\\\/www.cetys.mx\\\/noticias\\\/cumplimiento-de-la-declaracion-anual-en-tiempo-es-clave-para-una-contabilidad-sana-destaca-academica-de-cetys\\\/\"},\"wordCount\":351,\"commentCount\":0,\"image\":{\"@id\":\"https:\\\/\\\/www.cetys.mx\\\/noticias\\\/cumplimiento-de-la-declaracion-anual-en-tiempo-es-clave-para-una-contabilidad-sana-destaca-academica-de-cetys\\\/#primaryimage\"},\"thumbnailUrl\":\"https:\\\/\\\/www.cetys.mx\\\/noticias\\\/wp-content\\\/uploads\\\/2019\\\/04\\\/dra-Rosa-Sumaya-para-nota.jpg\",\"keywords\":[\"Academia\",\"Campus Tijuana\",\"CETYS Universidad\",\"Educaci\u00f3n\",\"profesional\",\"VOCETYS-2019-05-02\"],\"articleSection\":[\"Academia\",\"Campus Tijuana\",\"Educaci\u00f3n Continua\",\"Profesional\",\"VoCETYS\"],\"inLanguage\":\"es\",\"potentialAction\":[{\"@type\":\"CommentAction\",\"name\":\"Comment\",\"target\":[\"https:\\\/\\\/www.cetys.mx\\\/noticias\\\/cumplimiento-de-la-declaracion-anual-en-tiempo-es-clave-para-una-contabilidad-sana-destaca-academica-de-cetys\\\/#respond\"]}]},{\"@type\":\"WebPage\",\"@id\":\"https:\\\/\\\/www.cetys.mx\\\/noticias\\\/cumplimiento-de-la-declaracion-anual-en-tiempo-es-clave-para-una-contabilidad-sana-destaca-academica-de-cetys\\\/\",\"url\":\"https:\\\/\\\/www.cetys.mx\\\/noticias\\\/cumplimiento-de-la-declaracion-anual-en-tiempo-es-clave-para-una-contabilidad-sana-destaca-academica-de-cetys\\\/\",\"name\":\"Cumplimiento de la declaraci\u00f3n anual en tiempo es clave para una contabilidad sana, destaca acad\u00e9mica de CETYS - CETYS\",\"isPartOf\":{\"@id\":\"https:\\\/\\\/www.cetys.mx\\\/noticias\\\/#website\"},\"primaryImageOfPage\":{\"@id\":\"https:\\\/\\\/www.cetys.mx\\\/noticias\\\/cumplimiento-de-la-declaracion-anual-en-tiempo-es-clave-para-una-contabilidad-sana-destaca-academica-de-cetys\\\/#primaryimage\"},\"image\":{\"@id\":\"https:\\\/\\\/www.cetys.mx\\\/noticias\\\/cumplimiento-de-la-declaracion-anual-en-tiempo-es-clave-para-una-contabilidad-sana-destaca-academica-de-cetys\\\/#primaryimage\"},\"thumbnailUrl\":\"https:\\\/\\\/www.cetys.mx\\\/noticias\\\/wp-content\\\/uploads\\\/2019\\\/04\\\/dra-Rosa-Sumaya-para-nota.jpg\",\"datePublished\":\"2019-04-29T20:20:23+00:00\",\"dateModified\":\"2019-05-02T14:40:56+00:00\",\"author\":{\"@id\":\"https:\\\/\\\/www.cetys.mx\\\/noticias\\\/#\\\/schema\\\/person\\\/e790051ce60e18ae47cfa87011c8653f\"},\"description\":\"Acad\u00e9mica de CETYS Universidad sugiere acudir con expertos para resolver inconvenientes\",\"breadcrumb\":{\"@id\":\"https:\\\/\\\/www.cetys.mx\\\/noticias\\\/cumplimiento-de-la-declaracion-anual-en-tiempo-es-clave-para-una-contabilidad-sana-destaca-academica-de-cetys\\\/#breadcrumb\"},\"inLanguage\":\"es\",\"potentialAction\":[{\"@type\":\"ReadAction\",\"target\":[\"https:\\\/\\\/www.cetys.mx\\\/noticias\\\/cumplimiento-de-la-declaracion-anual-en-tiempo-es-clave-para-una-contabilidad-sana-destaca-academica-de-cetys\\\/\"]}]},{\"@type\":\"ImageObject\",\"inLanguage\":\"es\",\"@id\":\"https:\\\/\\\/www.cetys.mx\\\/noticias\\\/cumplimiento-de-la-declaracion-anual-en-tiempo-es-clave-para-una-contabilidad-sana-destaca-academica-de-cetys\\\/#primaryimage\",\"url\":\"https:\\\/\\\/www.cetys.mx\\\/noticias\\\/wp-content\\\/uploads\\\/2019\\\/04\\\/dra-Rosa-Sumaya-para-nota.jpg\",\"contentUrl\":\"https:\\\/\\\/www.cetys.mx\\\/noticias\\\/wp-content\\\/uploads\\\/2019\\\/04\\\/dra-Rosa-Sumaya-para-nota.jpg\",\"width\":958,\"height\":637,\"caption\":\"Mtra. Rosa Sumaya Tostado, Coordinadora de la Licenciatura en Contador P\u00fablico Internacional (CPI) en CETYS Universidad,\"},{\"@type\":\"BreadcrumbList\",\"@id\":\"https:\\\/\\\/www.cetys.mx\\\/noticias\\\/cumplimiento-de-la-declaracion-anual-en-tiempo-es-clave-para-una-contabilidad-sana-destaca-academica-de-cetys\\\/#breadcrumb\",\"itemListElement\":[{\"@type\":\"ListItem\",\"position\":1,\"name\":\"Inicio\",\"item\":\"https:\\\/\\\/www.cetys.mx\\\/noticias\\\/\"},{\"@type\":\"ListItem\",\"position\":2,\"name\":\"Cumplimiento de la declaraci\u00f3n anual en tiempo es clave para una contabilidad sana, destaca acad\u00e9mica de CETYS\"}]},{\"@type\":\"WebSite\",\"@id\":\"https:\\\/\\\/www.cetys.mx\\\/noticias\\\/#website\",\"url\":\"https:\\\/\\\/www.cetys.mx\\\/noticias\\\/\",\"name\":\"CETYS\",\"description\":\"\",\"potentialAction\":[{\"@type\":\"SearchAction\",\"target\":{\"@type\":\"EntryPoint\",\"urlTemplate\":\"https:\\\/\\\/www.cetys.mx\\\/noticias\\\/?s={search_term_string}\"},\"query-input\":{\"@type\":\"PropertyValueSpecification\",\"valueRequired\":true,\"valueName\":\"search_term_string\"}}],\"inLanguage\":\"es\"},{\"@type\":\"Person\",\"@id\":\"https:\\\/\\\/www.cetys.mx\\\/noticias\\\/#\\\/schema\\\/person\\\/e790051ce60e18ae47cfa87011c8653f\",\"name\":\"Campus Tijuana\",\"url\":\"https:\\\/\\\/www.cetys.mx\\\/noticias\\\/author\\\/campustijuana\\\/\"}]}<\/script>\n<!-- \/ Yoast SEO plugin. -->","yoast_head_json":{"title":"Cumplimiento de la declaraci\u00f3n anual en tiempo es clave para una contabilidad sana, destaca acad\u00e9mica de CETYS - CETYS","description":"Acad\u00e9mica de CETYS Universidad sugiere acudir con expertos para resolver inconvenientes","robots":{"index":"index","follow":"follow","max-snippet":"max-snippet:-1","max-image-preview":"max-image-preview:large","max-video-preview":"max-video-preview:-1"},"canonical":"https:\/\/www.cetys.mx\/noticias\/cumplimiento-de-la-declaracion-anual-en-tiempo-es-clave-para-una-contabilidad-sana-destaca-academica-de-cetys\/","og_locale":"es_MX","og_type":"article","og_title":"Cumplimiento de la declaraci\u00f3n anual en tiempo es clave para una contabilidad sana, destaca acad\u00e9mica de CETYS - CETYS","og_description":"Acad\u00e9mica de CETYS Universidad sugiere acudir con expertos para resolver inconvenientes","og_url":"https:\/\/www.cetys.mx\/noticias\/cumplimiento-de-la-declaracion-anual-en-tiempo-es-clave-para-una-contabilidad-sana-destaca-academica-de-cetys\/","og_site_name":"CETYS","article_publisher":"https:\/\/www.facebook.com\/cetysuniversidadmxl\/","article_published_time":"2019-04-29T20:20:23+00:00","article_modified_time":"2019-05-02T14:40:56+00:00","og_image":[{"width":958,"height":637,"url":"https:\/\/www.cetys.mx\/noticias\/wp-content\/uploads\/2019\/04\/dra-Rosa-Sumaya-para-nota.jpg","type":"image\/jpeg"}],"author":"Campus Tijuana","twitter_card":"summary_large_image","twitter_creator":"@cetysuni","twitter_site":"@cetysuni","twitter_misc":{"Escrito por":"Campus Tijuana","Tiempo de lectura":"2 minutos"},"schema":{"@context":"https:\/\/schema.org","@graph":[{"@type":"Article","@id":"https:\/\/www.cetys.mx\/noticias\/cumplimiento-de-la-declaracion-anual-en-tiempo-es-clave-para-una-contabilidad-sana-destaca-academica-de-cetys\/#article","isPartOf":{"@id":"https:\/\/www.cetys.mx\/noticias\/cumplimiento-de-la-declaracion-anual-en-tiempo-es-clave-para-una-contabilidad-sana-destaca-academica-de-cetys\/"},"author":{"name":"Campus Tijuana","@id":"https:\/\/www.cetys.mx\/noticias\/#\/schema\/person\/e790051ce60e18ae47cfa87011c8653f"},"headline":"Cumplimiento de la declaraci\u00f3n anual en tiempo es clave para una contabilidad sana, destaca acad\u00e9mica de CETYS","datePublished":"2019-04-29T20:20:23+00:00","dateModified":"2019-05-02T14:40:56+00:00","mainEntityOfPage":{"@id":"https:\/\/www.cetys.mx\/noticias\/cumplimiento-de-la-declaracion-anual-en-tiempo-es-clave-para-una-contabilidad-sana-destaca-academica-de-cetys\/"},"wordCount":351,"commentCount":0,"image":{"@id":"https:\/\/www.cetys.mx\/noticias\/cumplimiento-de-la-declaracion-anual-en-tiempo-es-clave-para-una-contabilidad-sana-destaca-academica-de-cetys\/#primaryimage"},"thumbnailUrl":"https:\/\/www.cetys.mx\/noticias\/wp-content\/uploads\/2019\/04\/dra-Rosa-Sumaya-para-nota.jpg","keywords":["Academia","Campus Tijuana","CETYS Universidad","Educaci\u00f3n","profesional","VOCETYS-2019-05-02"],"articleSection":["Academia","Campus Tijuana","Educaci\u00f3n Continua","Profesional","VoCETYS"],"inLanguage":"es","potentialAction":[{"@type":"CommentAction","name":"Comment","target":["https:\/\/www.cetys.mx\/noticias\/cumplimiento-de-la-declaracion-anual-en-tiempo-es-clave-para-una-contabilidad-sana-destaca-academica-de-cetys\/#respond"]}]},{"@type":"WebPage","@id":"https:\/\/www.cetys.mx\/noticias\/cumplimiento-de-la-declaracion-anual-en-tiempo-es-clave-para-una-contabilidad-sana-destaca-academica-de-cetys\/","url":"https:\/\/www.cetys.mx\/noticias\/cumplimiento-de-la-declaracion-anual-en-tiempo-es-clave-para-una-contabilidad-sana-destaca-academica-de-cetys\/","name":"Cumplimiento de la declaraci\u00f3n anual en tiempo es clave para una contabilidad sana, destaca acad\u00e9mica de CETYS - CETYS","isPartOf":{"@id":"https:\/\/www.cetys.mx\/noticias\/#website"},"primaryImageOfPage":{"@id":"https:\/\/www.cetys.mx\/noticias\/cumplimiento-de-la-declaracion-anual-en-tiempo-es-clave-para-una-contabilidad-sana-destaca-academica-de-cetys\/#primaryimage"},"image":{"@id":"https:\/\/www.cetys.mx\/noticias\/cumplimiento-de-la-declaracion-anual-en-tiempo-es-clave-para-una-contabilidad-sana-destaca-academica-de-cetys\/#primaryimage"},"thumbnailUrl":"https:\/\/www.cetys.mx\/noticias\/wp-content\/uploads\/2019\/04\/dra-Rosa-Sumaya-para-nota.jpg","datePublished":"2019-04-29T20:20:23+00:00","dateModified":"2019-05-02T14:40:56+00:00","author":{"@id":"https:\/\/www.cetys.mx\/noticias\/#\/schema\/person\/e790051ce60e18ae47cfa87011c8653f"},"description":"Acad\u00e9mica de CETYS Universidad sugiere acudir con expertos para resolver inconvenientes","breadcrumb":{"@id":"https:\/\/www.cetys.mx\/noticias\/cumplimiento-de-la-declaracion-anual-en-tiempo-es-clave-para-una-contabilidad-sana-destaca-academica-de-cetys\/#breadcrumb"},"inLanguage":"es","potentialAction":[{"@type":"ReadAction","target":["https:\/\/www.cetys.mx\/noticias\/cumplimiento-de-la-declaracion-anual-en-tiempo-es-clave-para-una-contabilidad-sana-destaca-academica-de-cetys\/"]}]},{"@type":"ImageObject","inLanguage":"es","@id":"https:\/\/www.cetys.mx\/noticias\/cumplimiento-de-la-declaracion-anual-en-tiempo-es-clave-para-una-contabilidad-sana-destaca-academica-de-cetys\/#primaryimage","url":"https:\/\/www.cetys.mx\/noticias\/wp-content\/uploads\/2019\/04\/dra-Rosa-Sumaya-para-nota.jpg","contentUrl":"https:\/\/www.cetys.mx\/noticias\/wp-content\/uploads\/2019\/04\/dra-Rosa-Sumaya-para-nota.jpg","width":958,"height":637,"caption":"Mtra. Rosa Sumaya Tostado, Coordinadora de la Licenciatura en Contador P\u00fablico Internacional (CPI) en CETYS Universidad,"},{"@type":"BreadcrumbList","@id":"https:\/\/www.cetys.mx\/noticias\/cumplimiento-de-la-declaracion-anual-en-tiempo-es-clave-para-una-contabilidad-sana-destaca-academica-de-cetys\/#breadcrumb","itemListElement":[{"@type":"ListItem","position":1,"name":"Inicio","item":"https:\/\/www.cetys.mx\/noticias\/"},{"@type":"ListItem","position":2,"name":"Cumplimiento de la declaraci\u00f3n anual en tiempo es clave para una contabilidad sana, destaca acad\u00e9mica de CETYS"}]},{"@type":"WebSite","@id":"https:\/\/www.cetys.mx\/noticias\/#website","url":"https:\/\/www.cetys.mx\/noticias\/","name":"CETYS","description":"","potentialAction":[{"@type":"SearchAction","target":{"@type":"EntryPoint","urlTemplate":"https:\/\/www.cetys.mx\/noticias\/?s={search_term_string}"},"query-input":{"@type":"PropertyValueSpecification","valueRequired":true,"valueName":"search_term_string"}}],"inLanguage":"es"},{"@type":"Person","@id":"https:\/\/www.cetys.mx\/noticias\/#\/schema\/person\/e790051ce60e18ae47cfa87011c8653f","name":"Campus Tijuana","url":"https:\/\/www.cetys.mx\/noticias\/author\/campustijuana\/"}]}},"_links":{"self":[{"href":"https:\/\/www.cetys.mx\/noticias\/wp-json\/wp\/v2\/posts\/128547","targetHints":{"allow":["GET"]}}],"collection":[{"href":"https:\/\/www.cetys.mx\/noticias\/wp-json\/wp\/v2\/posts"}],"about":[{"href":"https:\/\/www.cetys.mx\/noticias\/wp-json\/wp\/v2\/types\/post"}],"author":[{"embeddable":true,"href":"https:\/\/www.cetys.mx\/noticias\/wp-json\/wp\/v2\/users\/24"}],"replies":[{"embeddable":true,"href":"https:\/\/www.cetys.mx\/noticias\/wp-json\/wp\/v2\/comments?post=128547"}],"version-history":[{"count":0,"href":"https:\/\/www.cetys.mx\/noticias\/wp-json\/wp\/v2\/posts\/128547\/revisions"}],"wp:featuredmedia":[{"embeddable":true,"href":"https:\/\/www.cetys.mx\/noticias\/wp-json\/wp\/v2\/media\/128549"}],"wp:attachment":[{"href":"https:\/\/www.cetys.mx\/noticias\/wp-json\/wp\/v2\/media?parent=128547"}],"wp:term":[{"taxonomy":"category","embeddable":true,"href":"https:\/\/www.cetys.mx\/noticias\/wp-json\/wp\/v2\/categories?post=128547"},{"taxonomy":"post_tag","embeddable":true,"href":"https:\/\/www.cetys.mx\/noticias\/wp-json\/wp\/v2\/tags?post=128547"}],"curies":[{"name":"wp","href":"https:\/\/api.w.org\/{rel}","templated":true}]}}