{"id":128539,"date":"2019-04-29T16:05:31","date_gmt":"2019-04-29T23:05:31","guid":{"rendered":"https:\/\/www.cetys.mx\/noticias\/?p=128539"},"modified":"2019-05-07T15:10:14","modified_gmt":"2019-05-07T22:10:14","slug":"son-energias-renovables-puertas-al-emprendimiento","status":"publish","type":"post","link":"https:\/\/www.cetys.mx\/noticias\/son-energias-renovables-puertas-al-emprendimiento\/","title":{"rendered":"Son energ\u00edas renovables puertas al emprendimiento"},"content":{"rendered":"<p style=\"text-align: justify;\">El avance de las energ\u00edas renovables en M\u00e9xico ha representado un cambio desde el sector empresarial y acad\u00e9mico, con la creaci\u00f3n de carreras profesionales y vinculaci\u00f3n de proyectos para el desarrollo de un nuevo esquema energ\u00e9tico en el pa\u00eds.<\/p>\n<p style=\"text-align: justify;\">En respuesta a las necesidades que se plantean en el \u00e1mbito energ\u00e9tico de M\u00e9xico y el mundo, <a href=\"https:\/\/www.cetys.mx\/\">CETYS Universidad<\/a> present\u00f3 el <strong>7mo. Foro de Energ\u00edas Renovables y Sustentabilidad<\/strong> en el <a href=\"https:\/\/www.facebook.com\/cetysuniversidadmxl\/\">Campus Mexicali<\/a>, organizado por estudiantes de la Ingenier\u00eda en Energ\u00edas Renovables.<\/p>\n<p style=\"text-align: justify;\">El <strong>Mtro. Salvador Baltazar Murrieta<\/strong>, <strong>coordinador de la<\/strong> <a href=\"https:\/\/www.cetys.mx\/oferta-educativa\/profesional\/ingenieria-en-energias-renovables\/\">Ingenier\u00eda en Energ\u00edas Renovables<\/a> en <strong>CETYS Campus Mexicali<\/strong>, coment\u00f3 que este foro abre las puertas a la comunidad y la industria para dar a conocer la labor de los futuros profesionales en el \u00e1mbito, con egresados que se convertir\u00e1n en los gestores de energ\u00eda en las empresas de la regi\u00f3n.<\/p>\n<p style=\"text-align: justify;\">En este foro, se dieron cita diversos expertos del \u00e1mbito de las energ\u00edas renovables en la industria y la investigaci\u00f3n aplicada, para impartir conferencias en temas como la biomasa, instalaciones fotovoltaicas, as\u00ed como casos de \u00e9xito desde el emprendimiento en las energ\u00edas renovables.<\/p>\n<p style=\"text-align: justify;\">La alumna de Ingenier\u00eda en Energ\u00edas Renovables y coordinadora general del foro, <strong>Giselle V\u00e1zquez D\u00edaz,<\/strong> coment\u00f3 que el acercamiento de los j\u00f3venes universitarios a estos espacios, permiten crear una mayor concientizaci\u00f3n en el gasto de recursos naturales.<\/p>\n<blockquote>\n<p style=\"text-align: justify;\">\u201cConsidero que es sumamente importante promover en estos foros la nueva revoluci\u00f3n en las energ\u00edas renovables, y recuperar poco a poco estos recursos que hemos gastado. Nos permite adem\u00e1s abrir los horizontes y conocer personas fuera en el \u00e1mbito profesional que est\u00e1n creando los cambios desde las energ\u00edas renovables\u201d.<\/p>\n<p><img loading=\"lazy\" decoding=\"async\" class=\" wp-image-128540 aligncenter\" src=\"https:\/\/www.cetys.mx\/noticias\/wp-content\/uploads\/2019\/04\/ER2.jpg\" alt=\"\" width=\"549\" height=\"365\" srcset=\"https:\/\/www.cetys.mx\/noticias\/wp-content\/uploads\/2019\/04\/ER2.jpg 958w, https:\/\/www.cetys.mx\/noticias\/wp-content\/uploads\/2019\/04\/ER2-768x511.jpg 768w\" sizes=\"auto, (max-width: 549px) 100vw, 549px\" \/><\/p><\/blockquote>\n<p style=\"text-align: justify;\">Giselle destac\u00f3 que las conferencias fueron impartidas por emprendedores y expertos del \u00e1mbito en la regi\u00f3n, as\u00ed como investigadores destacados de centros especializados en el estudio de las energ\u00edas renovables a nivel nacional.<\/p>\n","protected":false},"excerpt":{"rendered":"<p>El avance de las energ\u00edas renovables en M\u00e9xico ha representado un cambio desde el sector empresarial y acad\u00e9mico, con la creaci\u00f3n de&#8230;<\/p>\n","protected":false},"author":20,"featured_media":128541,"comment_status":"open","ping_status":"closed","sticky":false,"template":"","format":"standard","meta":{"footnotes":""},"categories":[133,111,1850,125,313],"tags":[3529,294,3528,3530,3561],"class_list":["post-128539","post","type-post","status-publish","format-standard","has-post-thumbnail","hentry","category-campus-mexicali","category-emprendimiento","category-ingenieria","category-portada","category-vocetys-2","tag-cetys-energias-renovables","tag-energias-renovables","tag-ingenieria-cetys","tag-vocetys-2019-04-30","tag-vocetys-2019-05-04"],"yoast_head":"<!-- This site is optimized with the Yoast SEO plugin v27.4 - https:\/\/yoast.com\/product\/yoast-seo-wordpress\/ -->\n<title>Son energ\u00edas renovables puertas al emprendimiento - CETYS<\/title>\n<meta name=\"description\" content=\"Articulo sobre Son energ\u00edas renovables puertas al emprendimiento\" \/>\n<meta name=\"robots\" content=\"index, follow, max-snippet:-1, max-image-preview:large, max-video-preview:-1\" \/>\n<link rel=\"canonical\" href=\"https:\/\/www.cetys.mx\/noticias\/son-energias-renovables-puertas-al-emprendimiento\/\" \/>\n<meta property=\"og:locale\" content=\"es_MX\" \/>\n<meta property=\"og:type\" content=\"article\" \/>\n<meta property=\"og:title\" content=\"Son energ\u00edas renovables puertas al emprendimiento - CETYS\" \/>\n<meta property=\"og:description\" content=\"Articulo sobre Son energ\u00edas renovables puertas al emprendimiento\" \/>\n<meta property=\"og:url\" content=\"https:\/\/www.cetys.mx\/noticias\/son-energias-renovables-puertas-al-emprendimiento\/\" \/>\n<meta property=\"og:site_name\" content=\"CETYS\" \/>\n<meta property=\"article:publisher\" content=\"https:\/\/www.facebook.com\/cetysuniversidadmxl\/\" \/>\n<meta property=\"article:published_time\" content=\"2019-04-29T23:05:31+00:00\" \/>\n<meta property=\"article:modified_time\" content=\"2019-05-07T22:10:14+00:00\" \/>\n<meta property=\"og:image\" content=\"https:\/\/www.cetys.mx\/noticias\/wp-content\/uploads\/2019\/04\/ER1.jpg\" \/>\n\t<meta property=\"og:image:width\" content=\"958\" \/>\n\t<meta property=\"og:image:height\" content=\"637\" \/>\n\t<meta property=\"og:image:type\" content=\"image\/jpeg\" \/>\n<meta name=\"author\" content=\"Campus Mexicali\" \/>\n<meta name=\"twitter:card\" content=\"summary_large_image\" \/>\n<meta name=\"twitter:creator\" content=\"@cetysuni\" \/>\n<meta name=\"twitter:site\" content=\"@cetysuni\" \/>\n<meta name=\"twitter:label1\" content=\"Escrito por\" \/>\n\t<meta name=\"twitter:data1\" content=\"Campus Mexicali\" \/>\n\t<meta name=\"twitter:label2\" content=\"Tiempo de lectura\" \/>\n\t<meta name=\"twitter:data2\" content=\"2 minutos\" \/>\n<script type=\"application\/ld+json\" class=\"yoast-schema-graph\">{\"@context\":\"https:\\\/\\\/schema.org\",\"@graph\":[{\"@type\":\"Article\",\"@id\":\"https:\\\/\\\/www.cetys.mx\\\/noticias\\\/son-energias-renovables-puertas-al-emprendimiento\\\/#article\",\"isPartOf\":{\"@id\":\"https:\\\/\\\/www.cetys.mx\\\/noticias\\\/son-energias-renovables-puertas-al-emprendimiento\\\/\"},\"author\":{\"name\":\"Campus Mexicali\",\"@id\":\"https:\\\/\\\/www.cetys.mx\\\/noticias\\\/#\\\/schema\\\/person\\\/79a95c4ac185f3705cf1b9c9340a5f70\"},\"headline\":\"Son energ\u00edas renovables puertas al emprendimiento\",\"datePublished\":\"2019-04-29T23:05:31+00:00\",\"dateModified\":\"2019-05-07T22:10:14+00:00\",\"mainEntityOfPage\":{\"@id\":\"https:\\\/\\\/www.cetys.mx\\\/noticias\\\/son-energias-renovables-puertas-al-emprendimiento\\\/\"},\"wordCount\":340,\"commentCount\":0,\"image\":{\"@id\":\"https:\\\/\\\/www.cetys.mx\\\/noticias\\\/son-energias-renovables-puertas-al-emprendimiento\\\/#primaryimage\"},\"thumbnailUrl\":\"https:\\\/\\\/www.cetys.mx\\\/noticias\\\/wp-content\\\/uploads\\\/2019\\\/04\\\/ER1.jpg\",\"keywords\":[\"CETYS energ\u00edas renovables\",\"Energ\u00edas Renovables\",\"Ingenier\u00eda CETYS\",\"vocetys-2019-04-30\",\"vocetys-2019-05-04\"],\"articleSection\":[\"Campus Mexicali\",\"Emprendimiento\",\"Ingenier\u00eda\",\"Portada\",\"VoCETYS\"],\"inLanguage\":\"es\",\"potentialAction\":[{\"@type\":\"CommentAction\",\"name\":\"Comment\",\"target\":[\"https:\\\/\\\/www.cetys.mx\\\/noticias\\\/son-energias-renovables-puertas-al-emprendimiento\\\/#respond\"]}]},{\"@type\":\"WebPage\",\"@id\":\"https:\\\/\\\/www.cetys.mx\\\/noticias\\\/son-energias-renovables-puertas-al-emprendimiento\\\/\",\"url\":\"https:\\\/\\\/www.cetys.mx\\\/noticias\\\/son-energias-renovables-puertas-al-emprendimiento\\\/\",\"name\":\"Son energ\u00edas renovables puertas al emprendimiento - CETYS\",\"isPartOf\":{\"@id\":\"https:\\\/\\\/www.cetys.mx\\\/noticias\\\/#website\"},\"primaryImageOfPage\":{\"@id\":\"https:\\\/\\\/www.cetys.mx\\\/noticias\\\/son-energias-renovables-puertas-al-emprendimiento\\\/#primaryimage\"},\"image\":{\"@id\":\"https:\\\/\\\/www.cetys.mx\\\/noticias\\\/son-energias-renovables-puertas-al-emprendimiento\\\/#primaryimage\"},\"thumbnailUrl\":\"https:\\\/\\\/www.cetys.mx\\\/noticias\\\/wp-content\\\/uploads\\\/2019\\\/04\\\/ER1.jpg\",\"datePublished\":\"2019-04-29T23:05:31+00:00\",\"dateModified\":\"2019-05-07T22:10:14+00:00\",\"author\":{\"@id\":\"https:\\\/\\\/www.cetys.mx\\\/noticias\\\/#\\\/schema\\\/person\\\/79a95c4ac185f3705cf1b9c9340a5f70\"},\"description\":\"Articulo sobre Son energ\u00edas renovables puertas al emprendimiento\",\"breadcrumb\":{\"@id\":\"https:\\\/\\\/www.cetys.mx\\\/noticias\\\/son-energias-renovables-puertas-al-emprendimiento\\\/#breadcrumb\"},\"inLanguage\":\"es\",\"potentialAction\":[{\"@type\":\"ReadAction\",\"target\":[\"https:\\\/\\\/www.cetys.mx\\\/noticias\\\/son-energias-renovables-puertas-al-emprendimiento\\\/\"]}]},{\"@type\":\"ImageObject\",\"inLanguage\":\"es\",\"@id\":\"https:\\\/\\\/www.cetys.mx\\\/noticias\\\/son-energias-renovables-puertas-al-emprendimiento\\\/#primaryimage\",\"url\":\"https:\\\/\\\/www.cetys.mx\\\/noticias\\\/wp-content\\\/uploads\\\/2019\\\/04\\\/ER1.jpg\",\"contentUrl\":\"https:\\\/\\\/www.cetys.mx\\\/noticias\\\/wp-content\\\/uploads\\\/2019\\\/04\\\/ER1.jpg\",\"width\":958,\"height\":637},{\"@type\":\"BreadcrumbList\",\"@id\":\"https:\\\/\\\/www.cetys.mx\\\/noticias\\\/son-energias-renovables-puertas-al-emprendimiento\\\/#breadcrumb\",\"itemListElement\":[{\"@type\":\"ListItem\",\"position\":1,\"name\":\"Inicio\",\"item\":\"https:\\\/\\\/www.cetys.mx\\\/noticias\\\/\"},{\"@type\":\"ListItem\",\"position\":2,\"name\":\"Son energ\u00edas renovables puertas al emprendimiento\"}]},{\"@type\":\"WebSite\",\"@id\":\"https:\\\/\\\/www.cetys.mx\\\/noticias\\\/#website\",\"url\":\"https:\\\/\\\/www.cetys.mx\\\/noticias\\\/\",\"name\":\"CETYS\",\"description\":\"\",\"potentialAction\":[{\"@type\":\"SearchAction\",\"target\":{\"@type\":\"EntryPoint\",\"urlTemplate\":\"https:\\\/\\\/www.cetys.mx\\\/noticias\\\/?s={search_term_string}\"},\"query-input\":{\"@type\":\"PropertyValueSpecification\",\"valueRequired\":true,\"valueName\":\"search_term_string\"}}],\"inLanguage\":\"es\"},{\"@type\":\"Person\",\"@id\":\"https:\\\/\\\/www.cetys.mx\\\/noticias\\\/#\\\/schema\\\/person\\\/79a95c4ac185f3705cf1b9c9340a5f70\",\"name\":\"Campus Mexicali\",\"url\":\"https:\\\/\\\/www.cetys.mx\\\/noticias\\\/author\\\/campusmexicali\\\/\"}]}<\/script>\n<!-- \/ Yoast SEO plugin. -->","yoast_head_json":{"title":"Son energ\u00edas renovables puertas al emprendimiento - CETYS","description":"Articulo sobre Son energ\u00edas renovables puertas al emprendimiento","robots":{"index":"index","follow":"follow","max-snippet":"max-snippet:-1","max-image-preview":"max-image-preview:large","max-video-preview":"max-video-preview:-1"},"canonical":"https:\/\/www.cetys.mx\/noticias\/son-energias-renovables-puertas-al-emprendimiento\/","og_locale":"es_MX","og_type":"article","og_title":"Son energ\u00edas renovables puertas al emprendimiento - CETYS","og_description":"Articulo sobre Son energ\u00edas renovables puertas al emprendimiento","og_url":"https:\/\/www.cetys.mx\/noticias\/son-energias-renovables-puertas-al-emprendimiento\/","og_site_name":"CETYS","article_publisher":"https:\/\/www.facebook.com\/cetysuniversidadmxl\/","article_published_time":"2019-04-29T23:05:31+00:00","article_modified_time":"2019-05-07T22:10:14+00:00","og_image":[{"width":958,"height":637,"url":"https:\/\/www.cetys.mx\/noticias\/wp-content\/uploads\/2019\/04\/ER1.jpg","type":"image\/jpeg"}],"author":"Campus Mexicali","twitter_card":"summary_large_image","twitter_creator":"@cetysuni","twitter_site":"@cetysuni","twitter_misc":{"Escrito por":"Campus Mexicali","Tiempo de lectura":"2 minutos"},"schema":{"@context":"https:\/\/schema.org","@graph":[{"@type":"Article","@id":"https:\/\/www.cetys.mx\/noticias\/son-energias-renovables-puertas-al-emprendimiento\/#article","isPartOf":{"@id":"https:\/\/www.cetys.mx\/noticias\/son-energias-renovables-puertas-al-emprendimiento\/"},"author":{"name":"Campus Mexicali","@id":"https:\/\/www.cetys.mx\/noticias\/#\/schema\/person\/79a95c4ac185f3705cf1b9c9340a5f70"},"headline":"Son energ\u00edas renovables puertas al emprendimiento","datePublished":"2019-04-29T23:05:31+00:00","dateModified":"2019-05-07T22:10:14+00:00","mainEntityOfPage":{"@id":"https:\/\/www.cetys.mx\/noticias\/son-energias-renovables-puertas-al-emprendimiento\/"},"wordCount":340,"commentCount":0,"image":{"@id":"https:\/\/www.cetys.mx\/noticias\/son-energias-renovables-puertas-al-emprendimiento\/#primaryimage"},"thumbnailUrl":"https:\/\/www.cetys.mx\/noticias\/wp-content\/uploads\/2019\/04\/ER1.jpg","keywords":["CETYS energ\u00edas renovables","Energ\u00edas Renovables","Ingenier\u00eda CETYS","vocetys-2019-04-30","vocetys-2019-05-04"],"articleSection":["Campus Mexicali","Emprendimiento","Ingenier\u00eda","Portada","VoCETYS"],"inLanguage":"es","potentialAction":[{"@type":"CommentAction","name":"Comment","target":["https:\/\/www.cetys.mx\/noticias\/son-energias-renovables-puertas-al-emprendimiento\/#respond"]}]},{"@type":"WebPage","@id":"https:\/\/www.cetys.mx\/noticias\/son-energias-renovables-puertas-al-emprendimiento\/","url":"https:\/\/www.cetys.mx\/noticias\/son-energias-renovables-puertas-al-emprendimiento\/","name":"Son energ\u00edas renovables puertas al emprendimiento - CETYS","isPartOf":{"@id":"https:\/\/www.cetys.mx\/noticias\/#website"},"primaryImageOfPage":{"@id":"https:\/\/www.cetys.mx\/noticias\/son-energias-renovables-puertas-al-emprendimiento\/#primaryimage"},"image":{"@id":"https:\/\/www.cetys.mx\/noticias\/son-energias-renovables-puertas-al-emprendimiento\/#primaryimage"},"thumbnailUrl":"https:\/\/www.cetys.mx\/noticias\/wp-content\/uploads\/2019\/04\/ER1.jpg","datePublished":"2019-04-29T23:05:31+00:00","dateModified":"2019-05-07T22:10:14+00:00","author":{"@id":"https:\/\/www.cetys.mx\/noticias\/#\/schema\/person\/79a95c4ac185f3705cf1b9c9340a5f70"},"description":"Articulo sobre Son energ\u00edas renovables puertas al emprendimiento","breadcrumb":{"@id":"https:\/\/www.cetys.mx\/noticias\/son-energias-renovables-puertas-al-emprendimiento\/#breadcrumb"},"inLanguage":"es","potentialAction":[{"@type":"ReadAction","target":["https:\/\/www.cetys.mx\/noticias\/son-energias-renovables-puertas-al-emprendimiento\/"]}]},{"@type":"ImageObject","inLanguage":"es","@id":"https:\/\/www.cetys.mx\/noticias\/son-energias-renovables-puertas-al-emprendimiento\/#primaryimage","url":"https:\/\/www.cetys.mx\/noticias\/wp-content\/uploads\/2019\/04\/ER1.jpg","contentUrl":"https:\/\/www.cetys.mx\/noticias\/wp-content\/uploads\/2019\/04\/ER1.jpg","width":958,"height":637},{"@type":"BreadcrumbList","@id":"https:\/\/www.cetys.mx\/noticias\/son-energias-renovables-puertas-al-emprendimiento\/#breadcrumb","itemListElement":[{"@type":"ListItem","position":1,"name":"Inicio","item":"https:\/\/www.cetys.mx\/noticias\/"},{"@type":"ListItem","position":2,"name":"Son energ\u00edas renovables puertas al emprendimiento"}]},{"@type":"WebSite","@id":"https:\/\/www.cetys.mx\/noticias\/#website","url":"https:\/\/www.cetys.mx\/noticias\/","name":"CETYS","description":"","potentialAction":[{"@type":"SearchAction","target":{"@type":"EntryPoint","urlTemplate":"https:\/\/www.cetys.mx\/noticias\/?s={search_term_string}"},"query-input":{"@type":"PropertyValueSpecification","valueRequired":true,"valueName":"search_term_string"}}],"inLanguage":"es"},{"@type":"Person","@id":"https:\/\/www.cetys.mx\/noticias\/#\/schema\/person\/79a95c4ac185f3705cf1b9c9340a5f70","name":"Campus Mexicali","url":"https:\/\/www.cetys.mx\/noticias\/author\/campusmexicali\/"}]}},"_links":{"self":[{"href":"https:\/\/www.cetys.mx\/noticias\/wp-json\/wp\/v2\/posts\/128539","targetHints":{"allow":["GET"]}}],"collection":[{"href":"https:\/\/www.cetys.mx\/noticias\/wp-json\/wp\/v2\/posts"}],"about":[{"href":"https:\/\/www.cetys.mx\/noticias\/wp-json\/wp\/v2\/types\/post"}],"author":[{"embeddable":true,"href":"https:\/\/www.cetys.mx\/noticias\/wp-json\/wp\/v2\/users\/20"}],"replies":[{"embeddable":true,"href":"https:\/\/www.cetys.mx\/noticias\/wp-json\/wp\/v2\/comments?post=128539"}],"version-history":[{"count":0,"href":"https:\/\/www.cetys.mx\/noticias\/wp-json\/wp\/v2\/posts\/128539\/revisions"}],"wp:featuredmedia":[{"embeddable":true,"href":"https:\/\/www.cetys.mx\/noticias\/wp-json\/wp\/v2\/media\/128541"}],"wp:attachment":[{"href":"https:\/\/www.cetys.mx\/noticias\/wp-json\/wp\/v2\/media?parent=128539"}],"wp:term":[{"taxonomy":"category","embeddable":true,"href":"https:\/\/www.cetys.mx\/noticias\/wp-json\/wp\/v2\/categories?post=128539"},{"taxonomy":"post_tag","embeddable":true,"href":"https:\/\/www.cetys.mx\/noticias\/wp-json\/wp\/v2\/tags?post=128539"}],"curies":[{"name":"wp","href":"https:\/\/api.w.org\/{rel}","templated":true}]}}