{"id":128535,"date":"2019-04-26T10:42:19","date_gmt":"2019-04-26T17:42:19","guid":{"rendered":"https:\/\/www.cetys.mx\/noticias\/?p=128535"},"modified":"2019-04-29T11:32:07","modified_gmt":"2019-04-29T18:32:07","slug":"se-integra-al-consejo-ciudadano-de-deuda-publica-y-nomina-gubernamental","status":"publish","type":"post","link":"https:\/\/www.cetys.mx\/noticias\/se-integra-al-consejo-ciudadano-de-deuda-publica-y-nomina-gubernamental\/","title":{"rendered":"Se integra al Consejo Ciudadano de Deuda P\u00fablica y N\u00f3mina Gubernamental"},"content":{"rendered":"<p style=\"text-align: justify;\">Vivir en un pa\u00eds democr\u00e1tico trae consigo el compromiso de ser parte de las decisiones que se toman en \u00e9l, ser participe no solo del proceso electoral, sino ir m\u00e1s all\u00e1 en la b\u00fasqueda de un bien com\u00fan en la sociedad.<\/p>\n<p style=\"text-align: justify;\">Por ello, instancias como las universidad dentro de sus planes curriculares, fomentan la formaci\u00f3n de buenas personas que se convertir\u00e1n en buenos profesionistas y por ende en buenos ciudadanos.<\/p>\n<p style=\"text-align: justify;\">Con lo anterior en mente, es as\u00ed\u00a0como el Dr. Carlos Castellanos, director de la <a href=\"https:\/\/www.cetys.mx\/noticias\/tag\/escuela-de-administracion-y-negocios\/\">Escuela de Administraci\u00f3n y Negocios<\/a> de <a href=\"https:\/\/www.cetys.mx\/campus-mexicali\/\">CETYS Unviersidad, Campus Mexicali<\/a> acept\u00f3 la invitaci\u00f3n a ser parte del Consejo Ciudadano\u00a0de Deuda P\u00fablica y N\u00f3mina Gubernamental de la Capital de Baja California.<\/p>\n<p>De acuerdo con el acad\u00e9mico el Consejo tendr\u00e1\u00a0acceso directo a la cuenta del municipio, partida de inversi\u00f3n, de gastos, saldos, lo que transparentar\u00e1 el ejercicio de gasto publico y a partir de esta informaci\u00f3n hacer recomendaciones que garanticen el patrimonio de Mexicali.<\/p>\n<p>&#8220;Considero que las universidades como CETYS tienen el compromiso de educar bajo la perspectiva de una formaci\u00f3n integral, que tambi\u00e9n sea formaci\u00f3n ciudadana pues es un elemento fundamental en todo proceso educativo&#8221; explic\u00f3 Castellanos.<\/p>\n<p><strong>Para saber m\u00e1s:<\/strong><\/p>\n<p>El\u00a0<span class=\"il\">consejo<\/span>\u00a0estar\u00e1 integrado por el Tesorero Municipal, S\u00edndico, Oficial Mayor y Coordinador de Directores, en donde\u00a0 los 4 representantes de gobierno y 6 ciudadanos se reunir\u00e1n en sesiones ordinarias y extraordinarias para generar opini\u00f3n revisi\u00f3n, retroalimentaci\u00f3n y una fluida comunicacion con el Gobierno Municipal de c\u00f3mo est\u00e1 la deuda las decisiones financieras trascendentales para la comuna y generara un reporte que se entregara de manera anual.<\/p>\n","protected":false},"excerpt":{"rendered":"<p>Vivir en un pa\u00eds democr\u00e1tico trae consigo el compromiso de ser parte de las decisiones que se toman en \u00e9l, ser participe&#8230;<\/p>\n","protected":false},"author":20,"featured_media":128537,"comment_status":"open","ping_status":"closed","sticky":false,"template":"","format":"standard","meta":{"footnotes":""},"categories":[133,2830,125],"tags":[],"class_list":["post-128535","post","type-post","status-publish","format-standard","has-post-thumbnail","hentry","category-campus-mexicali","category-excelencia-academica","category-portada"],"yoast_head":"<!-- This site is optimized with the Yoast SEO plugin v27.4 - https:\/\/yoast.com\/product\/yoast-seo-wordpress\/ -->\n<title>Se integra al Consejo Ciudadano de Deuda P\u00fablica y N\u00f3mina Gubernamental - CETYS<\/title>\n<meta name=\"description\" content=\"Articulo sobre Se integra al Consejo Ciudadano de Deuda P\u00fablica y N\u00f3mina Gubernamental\" \/>\n<meta name=\"robots\" content=\"index, follow, max-snippet:-1, max-image-preview:large, max-video-preview:-1\" \/>\n<link rel=\"canonical\" href=\"https:\/\/www.cetys.mx\/noticias\/se-integra-al-consejo-ciudadano-de-deuda-publica-y-nomina-gubernamental\/\" \/>\n<meta property=\"og:locale\" content=\"es_MX\" \/>\n<meta property=\"og:type\" content=\"article\" \/>\n<meta property=\"og:title\" content=\"Se integra al Consejo Ciudadano de Deuda P\u00fablica y N\u00f3mina Gubernamental - CETYS\" \/>\n<meta property=\"og:description\" content=\"Articulo sobre Se integra al Consejo Ciudadano de Deuda P\u00fablica y N\u00f3mina Gubernamental\" \/>\n<meta property=\"og:url\" content=\"https:\/\/www.cetys.mx\/noticias\/se-integra-al-consejo-ciudadano-de-deuda-publica-y-nomina-gubernamental\/\" \/>\n<meta property=\"og:site_name\" content=\"CETYS\" \/>\n<meta property=\"article:publisher\" content=\"https:\/\/www.facebook.com\/cetysuniversidadmxl\/\" \/>\n<meta property=\"article:published_time\" content=\"2019-04-26T17:42:19+00:00\" \/>\n<meta property=\"article:modified_time\" content=\"2019-04-29T18:32:07+00:00\" \/>\n<meta property=\"og:image\" content=\"https:\/\/www.cetys.mx\/noticias\/wp-content\/uploads\/2019\/04\/castellanos1.jpg\" \/>\n\t<meta property=\"og:image:width\" content=\"958\" \/>\n\t<meta property=\"og:image:height\" content=\"637\" \/>\n\t<meta property=\"og:image:type\" content=\"image\/jpeg\" \/>\n<meta name=\"author\" content=\"Campus Mexicali\" \/>\n<meta name=\"twitter:card\" content=\"summary_large_image\" \/>\n<meta name=\"twitter:creator\" content=\"@cetysuni\" \/>\n<meta name=\"twitter:site\" content=\"@cetysuni\" \/>\n<meta name=\"twitter:label1\" content=\"Escrito por\" \/>\n\t<meta name=\"twitter:data1\" content=\"Campus Mexicali\" \/>\n\t<meta name=\"twitter:label2\" content=\"Tiempo de lectura\" \/>\n\t<meta name=\"twitter:data2\" content=\"1 minuto\" \/>\n<script type=\"application\/ld+json\" class=\"yoast-schema-graph\">{\"@context\":\"https:\\\/\\\/schema.org\",\"@graph\":[{\"@type\":\"Article\",\"@id\":\"https:\\\/\\\/www.cetys.mx\\\/noticias\\\/se-integra-al-consejo-ciudadano-de-deuda-publica-y-nomina-gubernamental\\\/#article\",\"isPartOf\":{\"@id\":\"https:\\\/\\\/www.cetys.mx\\\/noticias\\\/se-integra-al-consejo-ciudadano-de-deuda-publica-y-nomina-gubernamental\\\/\"},\"author\":{\"name\":\"Campus Mexicali\",\"@id\":\"https:\\\/\\\/www.cetys.mx\\\/noticias\\\/#\\\/schema\\\/person\\\/79a95c4ac185f3705cf1b9c9340a5f70\"},\"headline\":\"Se integra al Consejo Ciudadano de Deuda P\u00fablica y N\u00f3mina Gubernamental\",\"datePublished\":\"2019-04-26T17:42:19+00:00\",\"dateModified\":\"2019-04-29T18:32:07+00:00\",\"mainEntityOfPage\":{\"@id\":\"https:\\\/\\\/www.cetys.mx\\\/noticias\\\/se-integra-al-consejo-ciudadano-de-deuda-publica-y-nomina-gubernamental\\\/\"},\"wordCount\":298,\"commentCount\":0,\"image\":{\"@id\":\"https:\\\/\\\/www.cetys.mx\\\/noticias\\\/se-integra-al-consejo-ciudadano-de-deuda-publica-y-nomina-gubernamental\\\/#primaryimage\"},\"thumbnailUrl\":\"https:\\\/\\\/www.cetys.mx\\\/noticias\\\/wp-content\\\/uploads\\\/2019\\\/04\\\/castellanos1.jpg\",\"articleSection\":[\"Campus Mexicali\",\"Excelencia Acad\u00e9mica\",\"Portada\"],\"inLanguage\":\"es\",\"potentialAction\":[{\"@type\":\"CommentAction\",\"name\":\"Comment\",\"target\":[\"https:\\\/\\\/www.cetys.mx\\\/noticias\\\/se-integra-al-consejo-ciudadano-de-deuda-publica-y-nomina-gubernamental\\\/#respond\"]}]},{\"@type\":\"WebPage\",\"@id\":\"https:\\\/\\\/www.cetys.mx\\\/noticias\\\/se-integra-al-consejo-ciudadano-de-deuda-publica-y-nomina-gubernamental\\\/\",\"url\":\"https:\\\/\\\/www.cetys.mx\\\/noticias\\\/se-integra-al-consejo-ciudadano-de-deuda-publica-y-nomina-gubernamental\\\/\",\"name\":\"Se integra al Consejo Ciudadano de Deuda P\u00fablica y N\u00f3mina Gubernamental - CETYS\",\"isPartOf\":{\"@id\":\"https:\\\/\\\/www.cetys.mx\\\/noticias\\\/#website\"},\"primaryImageOfPage\":{\"@id\":\"https:\\\/\\\/www.cetys.mx\\\/noticias\\\/se-integra-al-consejo-ciudadano-de-deuda-publica-y-nomina-gubernamental\\\/#primaryimage\"},\"image\":{\"@id\":\"https:\\\/\\\/www.cetys.mx\\\/noticias\\\/se-integra-al-consejo-ciudadano-de-deuda-publica-y-nomina-gubernamental\\\/#primaryimage\"},\"thumbnailUrl\":\"https:\\\/\\\/www.cetys.mx\\\/noticias\\\/wp-content\\\/uploads\\\/2019\\\/04\\\/castellanos1.jpg\",\"datePublished\":\"2019-04-26T17:42:19+00:00\",\"dateModified\":\"2019-04-29T18:32:07+00:00\",\"author\":{\"@id\":\"https:\\\/\\\/www.cetys.mx\\\/noticias\\\/#\\\/schema\\\/person\\\/79a95c4ac185f3705cf1b9c9340a5f70\"},\"description\":\"Articulo sobre Se integra al Consejo Ciudadano de Deuda P\u00fablica y N\u00f3mina Gubernamental\",\"breadcrumb\":{\"@id\":\"https:\\\/\\\/www.cetys.mx\\\/noticias\\\/se-integra-al-consejo-ciudadano-de-deuda-publica-y-nomina-gubernamental\\\/#breadcrumb\"},\"inLanguage\":\"es\",\"potentialAction\":[{\"@type\":\"ReadAction\",\"target\":[\"https:\\\/\\\/www.cetys.mx\\\/noticias\\\/se-integra-al-consejo-ciudadano-de-deuda-publica-y-nomina-gubernamental\\\/\"]}]},{\"@type\":\"ImageObject\",\"inLanguage\":\"es\",\"@id\":\"https:\\\/\\\/www.cetys.mx\\\/noticias\\\/se-integra-al-consejo-ciudadano-de-deuda-publica-y-nomina-gubernamental\\\/#primaryimage\",\"url\":\"https:\\\/\\\/www.cetys.mx\\\/noticias\\\/wp-content\\\/uploads\\\/2019\\\/04\\\/castellanos1.jpg\",\"contentUrl\":\"https:\\\/\\\/www.cetys.mx\\\/noticias\\\/wp-content\\\/uploads\\\/2019\\\/04\\\/castellanos1.jpg\",\"width\":958,\"height\":637},{\"@type\":\"BreadcrumbList\",\"@id\":\"https:\\\/\\\/www.cetys.mx\\\/noticias\\\/se-integra-al-consejo-ciudadano-de-deuda-publica-y-nomina-gubernamental\\\/#breadcrumb\",\"itemListElement\":[{\"@type\":\"ListItem\",\"position\":1,\"name\":\"Inicio\",\"item\":\"https:\\\/\\\/www.cetys.mx\\\/noticias\\\/\"},{\"@type\":\"ListItem\",\"position\":2,\"name\":\"Se integra al Consejo Ciudadano de Deuda P\u00fablica y N\u00f3mina Gubernamental\"}]},{\"@type\":\"WebSite\",\"@id\":\"https:\\\/\\\/www.cetys.mx\\\/noticias\\\/#website\",\"url\":\"https:\\\/\\\/www.cetys.mx\\\/noticias\\\/\",\"name\":\"CETYS\",\"description\":\"\",\"potentialAction\":[{\"@type\":\"SearchAction\",\"target\":{\"@type\":\"EntryPoint\",\"urlTemplate\":\"https:\\\/\\\/www.cetys.mx\\\/noticias\\\/?s={search_term_string}\"},\"query-input\":{\"@type\":\"PropertyValueSpecification\",\"valueRequired\":true,\"valueName\":\"search_term_string\"}}],\"inLanguage\":\"es\"},{\"@type\":\"Person\",\"@id\":\"https:\\\/\\\/www.cetys.mx\\\/noticias\\\/#\\\/schema\\\/person\\\/79a95c4ac185f3705cf1b9c9340a5f70\",\"name\":\"Campus Mexicali\",\"url\":\"https:\\\/\\\/www.cetys.mx\\\/noticias\\\/author\\\/campusmexicali\\\/\"}]}<\/script>\n<!-- \/ Yoast SEO plugin. -->","yoast_head_json":{"title":"Se integra al Consejo Ciudadano de Deuda P\u00fablica y N\u00f3mina Gubernamental - CETYS","description":"Articulo sobre Se integra al Consejo Ciudadano de Deuda P\u00fablica y N\u00f3mina Gubernamental","robots":{"index":"index","follow":"follow","max-snippet":"max-snippet:-1","max-image-preview":"max-image-preview:large","max-video-preview":"max-video-preview:-1"},"canonical":"https:\/\/www.cetys.mx\/noticias\/se-integra-al-consejo-ciudadano-de-deuda-publica-y-nomina-gubernamental\/","og_locale":"es_MX","og_type":"article","og_title":"Se integra al Consejo Ciudadano de Deuda P\u00fablica y N\u00f3mina Gubernamental - CETYS","og_description":"Articulo sobre Se integra al Consejo Ciudadano de Deuda P\u00fablica y N\u00f3mina Gubernamental","og_url":"https:\/\/www.cetys.mx\/noticias\/se-integra-al-consejo-ciudadano-de-deuda-publica-y-nomina-gubernamental\/","og_site_name":"CETYS","article_publisher":"https:\/\/www.facebook.com\/cetysuniversidadmxl\/","article_published_time":"2019-04-26T17:42:19+00:00","article_modified_time":"2019-04-29T18:32:07+00:00","og_image":[{"width":958,"height":637,"url":"https:\/\/www.cetys.mx\/noticias\/wp-content\/uploads\/2019\/04\/castellanos1.jpg","type":"image\/jpeg"}],"author":"Campus Mexicali","twitter_card":"summary_large_image","twitter_creator":"@cetysuni","twitter_site":"@cetysuni","twitter_misc":{"Escrito por":"Campus Mexicali","Tiempo de lectura":"1 minuto"},"schema":{"@context":"https:\/\/schema.org","@graph":[{"@type":"Article","@id":"https:\/\/www.cetys.mx\/noticias\/se-integra-al-consejo-ciudadano-de-deuda-publica-y-nomina-gubernamental\/#article","isPartOf":{"@id":"https:\/\/www.cetys.mx\/noticias\/se-integra-al-consejo-ciudadano-de-deuda-publica-y-nomina-gubernamental\/"},"author":{"name":"Campus Mexicali","@id":"https:\/\/www.cetys.mx\/noticias\/#\/schema\/person\/79a95c4ac185f3705cf1b9c9340a5f70"},"headline":"Se integra al Consejo Ciudadano de Deuda P\u00fablica y N\u00f3mina Gubernamental","datePublished":"2019-04-26T17:42:19+00:00","dateModified":"2019-04-29T18:32:07+00:00","mainEntityOfPage":{"@id":"https:\/\/www.cetys.mx\/noticias\/se-integra-al-consejo-ciudadano-de-deuda-publica-y-nomina-gubernamental\/"},"wordCount":298,"commentCount":0,"image":{"@id":"https:\/\/www.cetys.mx\/noticias\/se-integra-al-consejo-ciudadano-de-deuda-publica-y-nomina-gubernamental\/#primaryimage"},"thumbnailUrl":"https:\/\/www.cetys.mx\/noticias\/wp-content\/uploads\/2019\/04\/castellanos1.jpg","articleSection":["Campus Mexicali","Excelencia Acad\u00e9mica","Portada"],"inLanguage":"es","potentialAction":[{"@type":"CommentAction","name":"Comment","target":["https:\/\/www.cetys.mx\/noticias\/se-integra-al-consejo-ciudadano-de-deuda-publica-y-nomina-gubernamental\/#respond"]}]},{"@type":"WebPage","@id":"https:\/\/www.cetys.mx\/noticias\/se-integra-al-consejo-ciudadano-de-deuda-publica-y-nomina-gubernamental\/","url":"https:\/\/www.cetys.mx\/noticias\/se-integra-al-consejo-ciudadano-de-deuda-publica-y-nomina-gubernamental\/","name":"Se integra al Consejo Ciudadano de Deuda P\u00fablica y N\u00f3mina Gubernamental - CETYS","isPartOf":{"@id":"https:\/\/www.cetys.mx\/noticias\/#website"},"primaryImageOfPage":{"@id":"https:\/\/www.cetys.mx\/noticias\/se-integra-al-consejo-ciudadano-de-deuda-publica-y-nomina-gubernamental\/#primaryimage"},"image":{"@id":"https:\/\/www.cetys.mx\/noticias\/se-integra-al-consejo-ciudadano-de-deuda-publica-y-nomina-gubernamental\/#primaryimage"},"thumbnailUrl":"https:\/\/www.cetys.mx\/noticias\/wp-content\/uploads\/2019\/04\/castellanos1.jpg","datePublished":"2019-04-26T17:42:19+00:00","dateModified":"2019-04-29T18:32:07+00:00","author":{"@id":"https:\/\/www.cetys.mx\/noticias\/#\/schema\/person\/79a95c4ac185f3705cf1b9c9340a5f70"},"description":"Articulo sobre Se integra al Consejo Ciudadano de Deuda P\u00fablica y N\u00f3mina Gubernamental","breadcrumb":{"@id":"https:\/\/www.cetys.mx\/noticias\/se-integra-al-consejo-ciudadano-de-deuda-publica-y-nomina-gubernamental\/#breadcrumb"},"inLanguage":"es","potentialAction":[{"@type":"ReadAction","target":["https:\/\/www.cetys.mx\/noticias\/se-integra-al-consejo-ciudadano-de-deuda-publica-y-nomina-gubernamental\/"]}]},{"@type":"ImageObject","inLanguage":"es","@id":"https:\/\/www.cetys.mx\/noticias\/se-integra-al-consejo-ciudadano-de-deuda-publica-y-nomina-gubernamental\/#primaryimage","url":"https:\/\/www.cetys.mx\/noticias\/wp-content\/uploads\/2019\/04\/castellanos1.jpg","contentUrl":"https:\/\/www.cetys.mx\/noticias\/wp-content\/uploads\/2019\/04\/castellanos1.jpg","width":958,"height":637},{"@type":"BreadcrumbList","@id":"https:\/\/www.cetys.mx\/noticias\/se-integra-al-consejo-ciudadano-de-deuda-publica-y-nomina-gubernamental\/#breadcrumb","itemListElement":[{"@type":"ListItem","position":1,"name":"Inicio","item":"https:\/\/www.cetys.mx\/noticias\/"},{"@type":"ListItem","position":2,"name":"Se integra al Consejo Ciudadano de Deuda P\u00fablica y N\u00f3mina Gubernamental"}]},{"@type":"WebSite","@id":"https:\/\/www.cetys.mx\/noticias\/#website","url":"https:\/\/www.cetys.mx\/noticias\/","name":"CETYS","description":"","potentialAction":[{"@type":"SearchAction","target":{"@type":"EntryPoint","urlTemplate":"https:\/\/www.cetys.mx\/noticias\/?s={search_term_string}"},"query-input":{"@type":"PropertyValueSpecification","valueRequired":true,"valueName":"search_term_string"}}],"inLanguage":"es"},{"@type":"Person","@id":"https:\/\/www.cetys.mx\/noticias\/#\/schema\/person\/79a95c4ac185f3705cf1b9c9340a5f70","name":"Campus Mexicali","url":"https:\/\/www.cetys.mx\/noticias\/author\/campusmexicali\/"}]}},"_links":{"self":[{"href":"https:\/\/www.cetys.mx\/noticias\/wp-json\/wp\/v2\/posts\/128535","targetHints":{"allow":["GET"]}}],"collection":[{"href":"https:\/\/www.cetys.mx\/noticias\/wp-json\/wp\/v2\/posts"}],"about":[{"href":"https:\/\/www.cetys.mx\/noticias\/wp-json\/wp\/v2\/types\/post"}],"author":[{"embeddable":true,"href":"https:\/\/www.cetys.mx\/noticias\/wp-json\/wp\/v2\/users\/20"}],"replies":[{"embeddable":true,"href":"https:\/\/www.cetys.mx\/noticias\/wp-json\/wp\/v2\/comments?post=128535"}],"version-history":[{"count":0,"href":"https:\/\/www.cetys.mx\/noticias\/wp-json\/wp\/v2\/posts\/128535\/revisions"}],"wp:featuredmedia":[{"embeddable":true,"href":"https:\/\/www.cetys.mx\/noticias\/wp-json\/wp\/v2\/media\/128537"}],"wp:attachment":[{"href":"https:\/\/www.cetys.mx\/noticias\/wp-json\/wp\/v2\/media?parent=128535"}],"wp:term":[{"taxonomy":"category","embeddable":true,"href":"https:\/\/www.cetys.mx\/noticias\/wp-json\/wp\/v2\/categories?post=128535"},{"taxonomy":"post_tag","embeddable":true,"href":"https:\/\/www.cetys.mx\/noticias\/wp-json\/wp\/v2\/tags?post=128535"}],"curies":[{"name":"wp","href":"https:\/\/api.w.org\/{rel}","templated":true}]}}